{"id":5257,"date":"2025-05-23T15:13:47","date_gmt":"2025-05-23T18:13:47","guid":{"rendered":"https:\/\/salmosbiblicos.com.br\/?p=5257"},"modified":"2025-05-23T15:13:47","modified_gmt":"2025-05-23T18:13:47","slug":"caminhando-na-luz-da-fe-inspiracoes-diarias-para-fortalecer-a-alma","status":"publish","type":"post","link":"http:\/\/salmosbiblicos.com.br\/index.php\/2025\/05\/23\/caminhando-na-luz-da-fe-inspiracoes-diarias-para-fortalecer-a-alma\/","title":{"rendered":"Caminhando na luz da f\u00e9: inspira\u00e7\u00f5es di\u00e1rias para fortalecer a alma"},"content":{"rendered":"<p>Nos caminhos da vida, a f\u00e9 nos guia<br \/>\nA luz divina ilumina cada dia<br \/>\nEm meio \u00e0s prova\u00e7\u00f5es, h\u00e1 esperan\u00e7a<br \/>\nE a presen\u00e7a de Deus nos alcan\u00e7a<\/p>\n<p>Em ora\u00e7\u00f5es silenciosas, encontramos paz<br \/>\nE a for\u00e7a para seguir em frente, capaz<br \/>\nA f\u00e9 nos fortalece, nos faz crer<br \/>\nQue o amor de Deus est\u00e1 sempre a nos proteger<\/p>\n<p>Na simplicidade da alma, a verdade se revela<br \/>\nE a presen\u00e7a divina, em n\u00f3s, se instala<br \/>\nQue a f\u00e9 nos guie, seja nossa b\u00fassola<br \/>\nE a esperan\u00e7a nos mantenha em harmonia, em conson\u00e2ncia<\/p>\n<p>Na jornada da vida, o amor nos ampara<br \/>\nE a presen\u00e7a divina, em cada passo, se aclara<br \/>\nQue a luz de Deus nos ilumine, nos inspire<br \/>\nE que a f\u00e9 nos conduza, em paz, a prosseguir.<\/p>\n","protected":false},"excerpt":{"rendered":"<p>Nos caminhos da vida, a f\u00e9 nos guia A luz divina ilumina cada dia Em meio \u00e0s prova\u00e7\u00f5es, h\u00e1 esperan\u00e7a E a presen\u00e7a de Deus nos alcan\u00e7a Em ora\u00e7\u00f5es silenciosas, encontramos paz E a for\u00e7a para seguir em frente, capaz A f\u00e9 nos fortalece, nos faz crer Que o amor de Deus est\u00e1 sempre a [&hellip;]<\/p>\n","protected":false},"author":2,"featured_media":0,"comment_status":"closed","ping_status":"open","sticky":false,"template":"","format":"standard","meta":{"footnotes":""},"categories":[7],"tags":[],"class_list":["post-5257","post","type-post","status-publish","format-standard","hentry","category-estudo-religioso"],"yoast_head":"<!-- This site is optimized with the Yoast SEO plugin v27.2 - https:\/\/yoast.com\/product\/yoast-seo-wordpress\/ -->\n<title>Caminhando na luz da f\u00e9: inspira\u00e7\u00f5es di\u00e1rias para fortalecer a alma - Salmos B\u00edblicos<\/title>\n<meta name=\"robots\" content=\"index, follow, max-snippet:-1, max-image-preview:large, max-video-preview:-1\" \/>\n<link rel=\"canonical\" href=\"http:\/\/salmosbiblicos.com.br\/index.php\/2025\/05\/23\/caminhando-na-luz-da-fe-inspiracoes-diarias-para-fortalecer-a-alma\/\" \/>\n<meta property=\"og:locale\" content=\"pt_BR\" \/>\n<meta property=\"og:type\" content=\"article\" \/>\n<meta property=\"og:title\" content=\"Caminhando na luz da f\u00e9: inspira\u00e7\u00f5es di\u00e1rias para fortalecer a alma - Salmos B\u00edblicos\" \/>\n<meta property=\"og:description\" content=\"Nos caminhos da vida, a f\u00e9 nos guia A luz divina ilumina cada dia Em meio \u00e0s prova\u00e7\u00f5es, h\u00e1 esperan\u00e7a E a presen\u00e7a de Deus nos alcan\u00e7a Em ora\u00e7\u00f5es silenciosas, encontramos paz E a for\u00e7a para seguir em frente, capaz A f\u00e9 nos fortalece, nos faz crer Que o amor de Deus est\u00e1 sempre a [&hellip;]\" \/>\n<meta property=\"og:url\" content=\"http:\/\/salmosbiblicos.com.br\/index.php\/2025\/05\/23\/caminhando-na-luz-da-fe-inspiracoes-diarias-para-fortalecer-a-alma\/\" \/>\n<meta property=\"og:site_name\" content=\"Salmos B\u00edblicos\" \/>\n<meta property=\"article:published_time\" content=\"2025-05-23T18:13:47+00:00\" \/>\n<meta name=\"author\" content=\"Irmao\" \/>\n<meta name=\"twitter:card\" content=\"summary_large_image\" \/>\n<meta name=\"twitter:label1\" content=\"Escrito por\" \/>\n\t<meta name=\"twitter:data1\" content=\"Irmao\" \/>\n\t<meta name=\"twitter:label2\" content=\"Est. tempo de leitura\" \/>\n\t<meta name=\"twitter:data2\" content=\"1 minuto\" \/>\n<script type=\"application\/ld+json\" class=\"yoast-schema-graph\">{\"@context\":\"https:\/\/schema.org\",\"@graph\":[{\"@type\":\"Article\",\"@id\":\"http:\/\/salmosbiblicos.com.br\/index.php\/2025\/05\/23\/caminhando-na-luz-da-fe-inspiracoes-diarias-para-fortalecer-a-alma\/#article\",\"isPartOf\":{\"@id\":\"http:\/\/salmosbiblicos.com.br\/index.php\/2025\/05\/23\/caminhando-na-luz-da-fe-inspiracoes-diarias-para-fortalecer-a-alma\/\"},\"author\":{\"name\":\"Irmao\",\"@id\":\"https:\/\/salmosbiblicos.com.br\/#\/schema\/person\/760735259ba35f1e44e89c71c72d79da\"},\"headline\":\"Caminhando na luz da f\u00e9: inspira\u00e7\u00f5es di\u00e1rias para fortalecer a alma\",\"datePublished\":\"2025-05-23T18:13:47+00:00\",\"mainEntityOfPage\":{\"@id\":\"http:\/\/salmosbiblicos.com.br\/index.php\/2025\/05\/23\/caminhando-na-luz-da-fe-inspiracoes-diarias-para-fortalecer-a-alma\/\"},\"wordCount\":151,\"articleSection\":[\"Poesias Religiosas\"],\"inLanguage\":\"pt-BR\"},{\"@type\":\"WebPage\",\"@id\":\"http:\/\/salmosbiblicos.com.br\/index.php\/2025\/05\/23\/caminhando-na-luz-da-fe-inspiracoes-diarias-para-fortalecer-a-alma\/\",\"url\":\"http:\/\/salmosbiblicos.com.br\/index.php\/2025\/05\/23\/caminhando-na-luz-da-fe-inspiracoes-diarias-para-fortalecer-a-alma\/\",\"name\":\"Caminhando na luz da f\u00e9: inspira\u00e7\u00f5es di\u00e1rias para fortalecer a alma - Salmos B\u00edblicos\",\"isPartOf\":{\"@id\":\"https:\/\/salmosbiblicos.com.br\/#website\"},\"datePublished\":\"2025-05-23T18:13:47+00:00\",\"author\":{\"@id\":\"https:\/\/salmosbiblicos.com.br\/#\/schema\/person\/760735259ba35f1e44e89c71c72d79da\"},\"breadcrumb\":{\"@id\":\"http:\/\/salmosbiblicos.com.br\/index.php\/2025\/05\/23\/caminhando-na-luz-da-fe-inspiracoes-diarias-para-fortalecer-a-alma\/#breadcrumb\"},\"inLanguage\":\"pt-BR\",\"potentialAction\":[{\"@type\":\"ReadAction\",\"target\":[\"http:\/\/salmosbiblicos.com.br\/index.php\/2025\/05\/23\/caminhando-na-luz-da-fe-inspiracoes-diarias-para-fortalecer-a-alma\/\"]}]},{\"@type\":\"BreadcrumbList\",\"@id\":\"http:\/\/salmosbiblicos.com.br\/index.php\/2025\/05\/23\/caminhando-na-luz-da-fe-inspiracoes-diarias-para-fortalecer-a-alma\/#breadcrumb\",\"itemListElement\":[{\"@type\":\"ListItem\",\"position\":1,\"name\":\"Home\",\"item\":\"https:\/\/salmosbiblicos.com.br\/\"},{\"@type\":\"ListItem\",\"position\":2,\"name\":\"Caminhando na luz da f\u00e9: inspira\u00e7\u00f5es di\u00e1rias para fortalecer a alma\"}]},{\"@type\":\"WebSite\",\"@id\":\"https:\/\/salmosbiblicos.com.br\/#website\",\"url\":\"https:\/\/salmosbiblicos.com.br\/\",\"name\":\"Salmos B\u00edblicos\",\"description\":\"Uma e-Livraria com e-Books novos para voc\u00ea refletir.\",\"potentialAction\":[{\"@type\":\"SearchAction\",\"target\":{\"@type\":\"EntryPoint\",\"urlTemplate\":\"https:\/\/salmosbiblicos.com.br\/?s={search_term_string}\"},\"query-input\":{\"@type\":\"PropertyValueSpecification\",\"valueRequired\":true,\"valueName\":\"search_term_string\"}}],\"inLanguage\":\"pt-BR\"},{\"@type\":\"Person\",\"@id\":\"https:\/\/salmosbiblicos.com.br\/#\/schema\/person\/760735259ba35f1e44e89c71c72d79da\",\"name\":\"Irmao\",\"image\":{\"@type\":\"ImageObject\",\"inLanguage\":\"pt-BR\",\"@id\":\"https:\/\/secure.gravatar.com\/avatar\/?s=96&d=mm&r=g\",\"url\":\"https:\/\/secure.gravatar.com\/avatar\/?s=96&d=mm&r=g\",\"contentUrl\":\"https:\/\/secure.gravatar.com\/avatar\/?s=96&d=mm&r=g\",\"caption\":\"Irmao\"},\"url\":\"http:\/\/salmosbiblicos.com.br\/index.php\/author\/irmao\/\"}]}<\/script>\n<!-- \/ Yoast SEO plugin. -->","yoast_head_json":{"title":"Caminhando na luz da f\u00e9: inspira\u00e7\u00f5es di\u00e1rias para fortalecer a alma - Salmos B\u00edblicos","robots":{"index":"index","follow":"follow","max-snippet":"max-snippet:-1","max-image-preview":"max-image-preview:large","max-video-preview":"max-video-preview:-1"},"canonical":"http:\/\/salmosbiblicos.com.br\/index.php\/2025\/05\/23\/caminhando-na-luz-da-fe-inspiracoes-diarias-para-fortalecer-a-alma\/","og_locale":"pt_BR","og_type":"article","og_title":"Caminhando na luz da f\u00e9: inspira\u00e7\u00f5es di\u00e1rias para fortalecer a alma - Salmos B\u00edblicos","og_description":"Nos caminhos da vida, a f\u00e9 nos guia A luz divina ilumina cada dia Em meio \u00e0s prova\u00e7\u00f5es, h\u00e1 esperan\u00e7a E a presen\u00e7a de Deus nos alcan\u00e7a Em ora\u00e7\u00f5es silenciosas, encontramos paz E a for\u00e7a para seguir em frente, capaz A f\u00e9 nos fortalece, nos faz crer Que o amor de Deus est\u00e1 sempre a [&hellip;]","og_url":"http:\/\/salmosbiblicos.com.br\/index.php\/2025\/05\/23\/caminhando-na-luz-da-fe-inspiracoes-diarias-para-fortalecer-a-alma\/","og_site_name":"Salmos B\u00edblicos","article_published_time":"2025-05-23T18:13:47+00:00","author":"Irmao","twitter_card":"summary_large_image","twitter_misc":{"Escrito por":"Irmao","Est. tempo de leitura":"1 minuto"},"schema":{"@context":"https:\/\/schema.org","@graph":[{"@type":"Article","@id":"http:\/\/salmosbiblicos.com.br\/index.php\/2025\/05\/23\/caminhando-na-luz-da-fe-inspiracoes-diarias-para-fortalecer-a-alma\/#article","isPartOf":{"@id":"http:\/\/salmosbiblicos.com.br\/index.php\/2025\/05\/23\/caminhando-na-luz-da-fe-inspiracoes-diarias-para-fortalecer-a-alma\/"},"author":{"name":"Irmao","@id":"https:\/\/salmosbiblicos.com.br\/#\/schema\/person\/760735259ba35f1e44e89c71c72d79da"},"headline":"Caminhando na luz da f\u00e9: inspira\u00e7\u00f5es di\u00e1rias para fortalecer a alma","datePublished":"2025-05-23T18:13:47+00:00","mainEntityOfPage":{"@id":"http:\/\/salmosbiblicos.com.br\/index.php\/2025\/05\/23\/caminhando-na-luz-da-fe-inspiracoes-diarias-para-fortalecer-a-alma\/"},"wordCount":151,"articleSection":["Poesias Religiosas"],"inLanguage":"pt-BR"},{"@type":"WebPage","@id":"http:\/\/salmosbiblicos.com.br\/index.php\/2025\/05\/23\/caminhando-na-luz-da-fe-inspiracoes-diarias-para-fortalecer-a-alma\/","url":"http:\/\/salmosbiblicos.com.br\/index.php\/2025\/05\/23\/caminhando-na-luz-da-fe-inspiracoes-diarias-para-fortalecer-a-alma\/","name":"Caminhando na luz da f\u00e9: inspira\u00e7\u00f5es di\u00e1rias para fortalecer a alma - Salmos B\u00edblicos","isPartOf":{"@id":"https:\/\/salmosbiblicos.com.br\/#website"},"datePublished":"2025-05-23T18:13:47+00:00","author":{"@id":"https:\/\/salmosbiblicos.com.br\/#\/schema\/person\/760735259ba35f1e44e89c71c72d79da"},"breadcrumb":{"@id":"http:\/\/salmosbiblicos.com.br\/index.php\/2025\/05\/23\/caminhando-na-luz-da-fe-inspiracoes-diarias-para-fortalecer-a-alma\/#breadcrumb"},"inLanguage":"pt-BR","potentialAction":[{"@type":"ReadAction","target":["http:\/\/salmosbiblicos.com.br\/index.php\/2025\/05\/23\/caminhando-na-luz-da-fe-inspiracoes-diarias-para-fortalecer-a-alma\/"]}]},{"@type":"BreadcrumbList","@id":"http:\/\/salmosbiblicos.com.br\/index.php\/2025\/05\/23\/caminhando-na-luz-da-fe-inspiracoes-diarias-para-fortalecer-a-alma\/#breadcrumb","itemListElement":[{"@type":"ListItem","position":1,"name":"Home","item":"https:\/\/salmosbiblicos.com.br\/"},{"@type":"ListItem","position":2,"name":"Caminhando na luz da f\u00e9: inspira\u00e7\u00f5es di\u00e1rias para fortalecer a alma"}]},{"@type":"WebSite","@id":"https:\/\/salmosbiblicos.com.br\/#website","url":"https:\/\/salmosbiblicos.com.br\/","name":"Salmos B\u00edblicos","description":"Uma e-Livraria com e-Books novos para voc\u00ea refletir.","potentialAction":[{"@type":"SearchAction","target":{"@type":"EntryPoint","urlTemplate":"https:\/\/salmosbiblicos.com.br\/?s={search_term_string}"},"query-input":{"@type":"PropertyValueSpecification","valueRequired":true,"valueName":"search_term_string"}}],"inLanguage":"pt-BR"},{"@type":"Person","@id":"https:\/\/salmosbiblicos.com.br\/#\/schema\/person\/760735259ba35f1e44e89c71c72d79da","name":"Irmao","image":{"@type":"ImageObject","inLanguage":"pt-BR","@id":"https:\/\/secure.gravatar.com\/avatar\/?s=96&d=mm&r=g","url":"https:\/\/secure.gravatar.com\/avatar\/?s=96&d=mm&r=g","contentUrl":"https:\/\/secure.gravatar.com\/avatar\/?s=96&d=mm&r=g","caption":"Irmao"},"url":"http:\/\/salmosbiblicos.com.br\/index.php\/author\/irmao\/"}]}},"_links":{"self":[{"href":"http:\/\/salmosbiblicos.com.br\/index.php\/wp-json\/wp\/v2\/posts\/5257","targetHints":{"allow":["GET"]}}],"collection":[{"href":"http:\/\/salmosbiblicos.com.br\/index.php\/wp-json\/wp\/v2\/posts"}],"about":[{"href":"http:\/\/salmosbiblicos.com.br\/index.php\/wp-json\/wp\/v2\/types\/post"}],"author":[{"embeddable":true,"href":"http:\/\/salmosbiblicos.com.br\/index.php\/wp-json\/wp\/v2\/users\/2"}],"replies":[{"embeddable":true,"href":"http:\/\/salmosbiblicos.com.br\/index.php\/wp-json\/wp\/v2\/comments?post=5257"}],"version-history":[{"count":0,"href":"http:\/\/salmosbiblicos.com.br\/index.php\/wp-json\/wp\/v2\/posts\/5257\/revisions"}],"wp:attachment":[{"href":"http:\/\/salmosbiblicos.com.br\/index.php\/wp-json\/wp\/v2\/media?parent=5257"}],"wp:term":[{"taxonomy":"category","embeddable":true,"href":"http:\/\/salmosbiblicos.com.br\/index.php\/wp-json\/wp\/v2\/categories?post=5257"},{"taxonomy":"post_tag","embeddable":true,"href":"http:\/\/salmosbiblicos.com.br\/index.php\/wp-json\/wp\/v2\/tags?post=5257"}],"curies":[{"name":"wp","href":"https:\/\/api.w.org\/{rel}","templated":true}]}}