{"id":5309,"date":"2025-05-27T08:05:35","date_gmt":"2025-05-27T11:05:35","guid":{"rendered":"https:\/\/salmosbiblicos.com.br\/?p=5309"},"modified":"2025-05-27T08:05:35","modified_gmt":"2025-05-27T11:05:35","slug":"o-poder-transformador-da-gratidao-cultivando-uma-vida-plena-e-abundante","status":"publish","type":"post","link":"http:\/\/salmosbiblicos.com.br\/index.php\/2025\/05\/27\/o-poder-transformador-da-gratidao-cultivando-uma-vida-plena-e-abundante\/","title":{"rendered":"O Poder Transformador da Gratid\u00e3o: Cultivando uma Vida Plena e Abundante"},"content":{"rendered":"<p>Hoje, gostaria de compartilhar uma reflex\u00e3o sobre a import\u00e2ncia de cultivar a gratid\u00e3o em nossas vidas. Em meio \u00e0s dificuldades e desafios que enfrentamos diariamente, muitas vezes \u00e9 f\u00e1cil nos deixarmos levar pela negatividade e pela insatisfa\u00e7\u00e3o. No entanto, quando paramos para refletir nas b\u00ean\u00e7\u00e3os que temos, percebemos que h\u00e1 sempre motivos para agradecer.<\/p>\n<p>A gratid\u00e3o \u00e9 uma atitude que transforma a nossa maneira de enxergar o mundo. Ao inv\u00e9s de focarmos no que nos falta, passamos a valorizar o que j\u00e1 possu\u00edmos. Ao expressarmos gratid\u00e3o, abrimos espa\u00e7o para mais abund\u00e2ncia em nossas vidas, pois estamos reconhecendo e apreciando as d\u00e1divas que recebemos, sejam elas grandes ou pequenas.<\/p>\n<p>Quando nos sentimos desanimados ou sobrecarregados, \u00e9 importante lembrar que a gratid\u00e3o pode ser um b\u00e1lsamo para a alma. Ao agradecermos por cada nova manh\u00e3 que nos \u00e9 dada, por cada pessoa que nos ama e nos apoia, por cada experi\u00eancia que nos faz crescer, estamos fortalecendo nossa conex\u00e3o com o divino e nutrindo nossa f\u00e9.<\/p>\n<p>Mesmo nos momentos mais dif\u00edceis, h\u00e1 sempre algo pelo qual podemos ser gratos. Talvez seja a presen\u00e7a de um amigo que nos ouve com carinho, a beleza de um p\u00f4r do sol que nos traz paz, ou a supera\u00e7\u00e3o de um obst\u00e1culo que nos torna mais fortes. A gratid\u00e3o nos ajuda a encontrar luz mesmo nas sombras, a encontrar esperan\u00e7a mesmo na desola\u00e7\u00e3o.<\/p>\n<p>Portanto, que possamos cultivar a gratid\u00e3o em nossos cora\u00e7\u00f5es, como um jardim que precisa ser regado e cuidado constantemente. Que possamos lembrar que cada respira\u00e7\u00e3o que tomamos, cada passo que damos, \u00e9 um presente que nos \u00e9 dado. Que possamos abrir nossos olhos para as b\u00ean\u00e7\u00e3os que nos cercam e para as oportunidades de crescimento que se apresentam a n\u00f3s.<\/p>\n<p>Que a gratid\u00e3o seja a nossa companheira de jornada, nos lembrando que, mesmo nos momentos mais \u00e1ridos, h\u00e1 sempre motivos para sorrir e agradecer. Que ela nos inspire a sermos mais generosos, mais compassivos e mais amorosos, tanto conosco mesmos quanto com o pr\u00f3ximo.<\/p>\n<p>Que a gratid\u00e3o nos conduza ao encontro da paz interior, da serenidade e da plenitude. Que ela seja a nossa for\u00e7a nos momentos de fraqueza, a nossa luz nos momentos de escurid\u00e3o. Que possamos viver cada dia com um cora\u00e7\u00e3o grato, transbordando de amor e esperan\u00e7a.<\/p>\n<p>Lembre-se: a gratid\u00e3o transforma o que temos em suficiente. Que possamos sempre escolher agradecer, mesmo nos dias mais dif\u00edceis. A gratid\u00e3o \u00e9 a chave para uma vida plena e abundante. Que possamos abra\u00e7\u00e1-la com amor e gratid\u00e3o.<\/p>\n","protected":false},"excerpt":{"rendered":"<p>Hoje, gostaria de compartilhar uma reflex\u00e3o sobre a import\u00e2ncia de cultivar a gratid\u00e3o em nossas vidas. Em meio \u00e0s dificuldades e desafios que enfrentamos diariamente, muitas vezes \u00e9 f\u00e1cil nos deixarmos levar pela negatividade e pela insatisfa\u00e7\u00e3o. No entanto, quando paramos para refletir nas b\u00ean\u00e7\u00e3os que temos, percebemos que h\u00e1 sempre motivos para agradecer. A [&hellip;]<\/p>\n","protected":false},"author":2,"featured_media":0,"comment_status":"closed","ping_status":"open","sticky":false,"template":"","format":"standard","meta":{"footnotes":""},"categories":[6],"tags":[],"class_list":["post-5309","post","type-post","status-publish","format-standard","hentry","category-reflexao-do-dia"],"yoast_head":"<!-- This site is optimized with the Yoast SEO plugin v27.2 - https:\/\/yoast.com\/product\/yoast-seo-wordpress\/ -->\n<title>O Poder Transformador da Gratid\u00e3o: Cultivando uma Vida Plena e Abundante - Salmos B\u00edblicos<\/title>\n<meta name=\"robots\" content=\"index, follow, max-snippet:-1, max-image-preview:large, max-video-preview:-1\" \/>\n<link rel=\"canonical\" href=\"https:\/\/salmosbiblicos.com.br\/index.php\/2025\/05\/27\/o-poder-transformador-da-gratidao-cultivando-uma-vida-plena-e-abundante\/\" \/>\n<meta property=\"og:locale\" content=\"pt_BR\" \/>\n<meta property=\"og:type\" content=\"article\" \/>\n<meta property=\"og:title\" content=\"O Poder Transformador da Gratid\u00e3o: Cultivando uma Vida Plena e Abundante - Salmos B\u00edblicos\" \/>\n<meta property=\"og:description\" content=\"Hoje, gostaria de compartilhar uma reflex\u00e3o sobre a import\u00e2ncia de cultivar a gratid\u00e3o em nossas vidas. Em meio \u00e0s dificuldades e desafios que enfrentamos diariamente, muitas vezes \u00e9 f\u00e1cil nos deixarmos levar pela negatividade e pela insatisfa\u00e7\u00e3o. No entanto, quando paramos para refletir nas b\u00ean\u00e7\u00e3os que temos, percebemos que h\u00e1 sempre motivos para agradecer. A [&hellip;]\" \/>\n<meta property=\"og:url\" content=\"https:\/\/salmosbiblicos.com.br\/index.php\/2025\/05\/27\/o-poder-transformador-da-gratidao-cultivando-uma-vida-plena-e-abundante\/\" \/>\n<meta property=\"og:site_name\" content=\"Salmos B\u00edblicos\" \/>\n<meta property=\"article:published_time\" content=\"2025-05-27T11:05:35+00:00\" \/>\n<meta name=\"author\" content=\"Irmao\" \/>\n<meta name=\"twitter:card\" content=\"summary_large_image\" \/>\n<meta name=\"twitter:label1\" content=\"Escrito por\" \/>\n\t<meta name=\"twitter:data1\" content=\"Irmao\" \/>\n\t<meta name=\"twitter:label2\" content=\"Est. tempo de leitura\" \/>\n\t<meta name=\"twitter:data2\" content=\"2 minutos\" \/>\n<script type=\"application\/ld+json\" class=\"yoast-schema-graph\">{\"@context\":\"https:\/\/schema.org\",\"@graph\":[{\"@type\":\"Article\",\"@id\":\"https:\/\/salmosbiblicos.com.br\/index.php\/2025\/05\/27\/o-poder-transformador-da-gratidao-cultivando-uma-vida-plena-e-abundante\/#article\",\"isPartOf\":{\"@id\":\"https:\/\/salmosbiblicos.com.br\/index.php\/2025\/05\/27\/o-poder-transformador-da-gratidao-cultivando-uma-vida-plena-e-abundante\/\"},\"author\":{\"name\":\"Irmao\",\"@id\":\"https:\/\/salmosbiblicos.com.br\/#\/schema\/person\/760735259ba35f1e44e89c71c72d79da\"},\"headline\":\"O Poder Transformador da Gratid\u00e3o: Cultivando uma Vida Plena e Abundante\",\"datePublished\":\"2025-05-27T11:05:35+00:00\",\"mainEntityOfPage\":{\"@id\":\"https:\/\/salmosbiblicos.com.br\/index.php\/2025\/05\/27\/o-poder-transformador-da-gratidao-cultivando-uma-vida-plena-e-abundante\/\"},\"wordCount\":463,\"articleSection\":[\"Reflex\u00e3o do Dia\"],\"inLanguage\":\"pt-BR\"},{\"@type\":\"WebPage\",\"@id\":\"https:\/\/salmosbiblicos.com.br\/index.php\/2025\/05\/27\/o-poder-transformador-da-gratidao-cultivando-uma-vida-plena-e-abundante\/\",\"url\":\"https:\/\/salmosbiblicos.com.br\/index.php\/2025\/05\/27\/o-poder-transformador-da-gratidao-cultivando-uma-vida-plena-e-abundante\/\",\"name\":\"O Poder Transformador da Gratid\u00e3o: Cultivando uma Vida Plena e Abundante - Salmos B\u00edblicos\",\"isPartOf\":{\"@id\":\"https:\/\/salmosbiblicos.com.br\/#website\"},\"datePublished\":\"2025-05-27T11:05:35+00:00\",\"author\":{\"@id\":\"https:\/\/salmosbiblicos.com.br\/#\/schema\/person\/760735259ba35f1e44e89c71c72d79da\"},\"breadcrumb\":{\"@id\":\"https:\/\/salmosbiblicos.com.br\/index.php\/2025\/05\/27\/o-poder-transformador-da-gratidao-cultivando-uma-vida-plena-e-abundante\/#breadcrumb\"},\"inLanguage\":\"pt-BR\",\"potentialAction\":[{\"@type\":\"ReadAction\",\"target\":[\"https:\/\/salmosbiblicos.com.br\/index.php\/2025\/05\/27\/o-poder-transformador-da-gratidao-cultivando-uma-vida-plena-e-abundante\/\"]}]},{\"@type\":\"BreadcrumbList\",\"@id\":\"https:\/\/salmosbiblicos.com.br\/index.php\/2025\/05\/27\/o-poder-transformador-da-gratidao-cultivando-uma-vida-plena-e-abundante\/#breadcrumb\",\"itemListElement\":[{\"@type\":\"ListItem\",\"position\":1,\"name\":\"Home\",\"item\":\"https:\/\/salmosbiblicos.com.br\/\"},{\"@type\":\"ListItem\",\"position\":2,\"name\":\"O Poder Transformador da Gratid\u00e3o: Cultivando uma Vida Plena e Abundante\"}]},{\"@type\":\"WebSite\",\"@id\":\"https:\/\/salmosbiblicos.com.br\/#website\",\"url\":\"https:\/\/salmosbiblicos.com.br\/\",\"name\":\"Salmos B\u00edblicos\",\"description\":\"Uma e-Livraria com e-Books novos para voc\u00ea refletir.\",\"potentialAction\":[{\"@type\":\"SearchAction\",\"target\":{\"@type\":\"EntryPoint\",\"urlTemplate\":\"https:\/\/salmosbiblicos.com.br\/?s={search_term_string}\"},\"query-input\":{\"@type\":\"PropertyValueSpecification\",\"valueRequired\":true,\"valueName\":\"search_term_string\"}}],\"inLanguage\":\"pt-BR\"},{\"@type\":\"Person\",\"@id\":\"https:\/\/salmosbiblicos.com.br\/#\/schema\/person\/760735259ba35f1e44e89c71c72d79da\",\"name\":\"Irmao\",\"image\":{\"@type\":\"ImageObject\",\"inLanguage\":\"pt-BR\",\"@id\":\"https:\/\/secure.gravatar.com\/avatar\/?s=96&d=mm&r=g\",\"url\":\"https:\/\/secure.gravatar.com\/avatar\/?s=96&d=mm&r=g\",\"contentUrl\":\"https:\/\/secure.gravatar.com\/avatar\/?s=96&d=mm&r=g\",\"caption\":\"Irmao\"},\"url\":\"http:\/\/salmosbiblicos.com.br\/index.php\/author\/irmao\/\"}]}<\/script>\n<!-- \/ Yoast SEO plugin. -->","yoast_head_json":{"title":"O Poder Transformador da Gratid\u00e3o: Cultivando uma Vida Plena e Abundante - Salmos B\u00edblicos","robots":{"index":"index","follow":"follow","max-snippet":"max-snippet:-1","max-image-preview":"max-image-preview:large","max-video-preview":"max-video-preview:-1"},"canonical":"https:\/\/salmosbiblicos.com.br\/index.php\/2025\/05\/27\/o-poder-transformador-da-gratidao-cultivando-uma-vida-plena-e-abundante\/","og_locale":"pt_BR","og_type":"article","og_title":"O Poder Transformador da Gratid\u00e3o: Cultivando uma Vida Plena e Abundante - Salmos B\u00edblicos","og_description":"Hoje, gostaria de compartilhar uma reflex\u00e3o sobre a import\u00e2ncia de cultivar a gratid\u00e3o em nossas vidas. Em meio \u00e0s dificuldades e desafios que enfrentamos diariamente, muitas vezes \u00e9 f\u00e1cil nos deixarmos levar pela negatividade e pela insatisfa\u00e7\u00e3o. No entanto, quando paramos para refletir nas b\u00ean\u00e7\u00e3os que temos, percebemos que h\u00e1 sempre motivos para agradecer. A [&hellip;]","og_url":"https:\/\/salmosbiblicos.com.br\/index.php\/2025\/05\/27\/o-poder-transformador-da-gratidao-cultivando-uma-vida-plena-e-abundante\/","og_site_name":"Salmos B\u00edblicos","article_published_time":"2025-05-27T11:05:35+00:00","author":"Irmao","twitter_card":"summary_large_image","twitter_misc":{"Escrito por":"Irmao","Est. tempo de leitura":"2 minutos"},"schema":{"@context":"https:\/\/schema.org","@graph":[{"@type":"Article","@id":"https:\/\/salmosbiblicos.com.br\/index.php\/2025\/05\/27\/o-poder-transformador-da-gratidao-cultivando-uma-vida-plena-e-abundante\/#article","isPartOf":{"@id":"https:\/\/salmosbiblicos.com.br\/index.php\/2025\/05\/27\/o-poder-transformador-da-gratidao-cultivando-uma-vida-plena-e-abundante\/"},"author":{"name":"Irmao","@id":"https:\/\/salmosbiblicos.com.br\/#\/schema\/person\/760735259ba35f1e44e89c71c72d79da"},"headline":"O Poder Transformador da Gratid\u00e3o: Cultivando uma Vida Plena e Abundante","datePublished":"2025-05-27T11:05:35+00:00","mainEntityOfPage":{"@id":"https:\/\/salmosbiblicos.com.br\/index.php\/2025\/05\/27\/o-poder-transformador-da-gratidao-cultivando-uma-vida-plena-e-abundante\/"},"wordCount":463,"articleSection":["Reflex\u00e3o do Dia"],"inLanguage":"pt-BR"},{"@type":"WebPage","@id":"https:\/\/salmosbiblicos.com.br\/index.php\/2025\/05\/27\/o-poder-transformador-da-gratidao-cultivando-uma-vida-plena-e-abundante\/","url":"https:\/\/salmosbiblicos.com.br\/index.php\/2025\/05\/27\/o-poder-transformador-da-gratidao-cultivando-uma-vida-plena-e-abundante\/","name":"O Poder Transformador da Gratid\u00e3o: Cultivando uma Vida Plena e Abundante - Salmos B\u00edblicos","isPartOf":{"@id":"https:\/\/salmosbiblicos.com.br\/#website"},"datePublished":"2025-05-27T11:05:35+00:00","author":{"@id":"https:\/\/salmosbiblicos.com.br\/#\/schema\/person\/760735259ba35f1e44e89c71c72d79da"},"breadcrumb":{"@id":"https:\/\/salmosbiblicos.com.br\/index.php\/2025\/05\/27\/o-poder-transformador-da-gratidao-cultivando-uma-vida-plena-e-abundante\/#breadcrumb"},"inLanguage":"pt-BR","potentialAction":[{"@type":"ReadAction","target":["https:\/\/salmosbiblicos.com.br\/index.php\/2025\/05\/27\/o-poder-transformador-da-gratidao-cultivando-uma-vida-plena-e-abundante\/"]}]},{"@type":"BreadcrumbList","@id":"https:\/\/salmosbiblicos.com.br\/index.php\/2025\/05\/27\/o-poder-transformador-da-gratidao-cultivando-uma-vida-plena-e-abundante\/#breadcrumb","itemListElement":[{"@type":"ListItem","position":1,"name":"Home","item":"https:\/\/salmosbiblicos.com.br\/"},{"@type":"ListItem","position":2,"name":"O Poder Transformador da Gratid\u00e3o: Cultivando uma Vida Plena e Abundante"}]},{"@type":"WebSite","@id":"https:\/\/salmosbiblicos.com.br\/#website","url":"https:\/\/salmosbiblicos.com.br\/","name":"Salmos B\u00edblicos","description":"Uma e-Livraria com e-Books novos para voc\u00ea refletir.","potentialAction":[{"@type":"SearchAction","target":{"@type":"EntryPoint","urlTemplate":"https:\/\/salmosbiblicos.com.br\/?s={search_term_string}"},"query-input":{"@type":"PropertyValueSpecification","valueRequired":true,"valueName":"search_term_string"}}],"inLanguage":"pt-BR"},{"@type":"Person","@id":"https:\/\/salmosbiblicos.com.br\/#\/schema\/person\/760735259ba35f1e44e89c71c72d79da","name":"Irmao","image":{"@type":"ImageObject","inLanguage":"pt-BR","@id":"https:\/\/secure.gravatar.com\/avatar\/?s=96&d=mm&r=g","url":"https:\/\/secure.gravatar.com\/avatar\/?s=96&d=mm&r=g","contentUrl":"https:\/\/secure.gravatar.com\/avatar\/?s=96&d=mm&r=g","caption":"Irmao"},"url":"http:\/\/salmosbiblicos.com.br\/index.php\/author\/irmao\/"}]}},"_links":{"self":[{"href":"http:\/\/salmosbiblicos.com.br\/index.php\/wp-json\/wp\/v2\/posts\/5309","targetHints":{"allow":["GET"]}}],"collection":[{"href":"http:\/\/salmosbiblicos.com.br\/index.php\/wp-json\/wp\/v2\/posts"}],"about":[{"href":"http:\/\/salmosbiblicos.com.br\/index.php\/wp-json\/wp\/v2\/types\/post"}],"author":[{"embeddable":true,"href":"http:\/\/salmosbiblicos.com.br\/index.php\/wp-json\/wp\/v2\/users\/2"}],"replies":[{"embeddable":true,"href":"http:\/\/salmosbiblicos.com.br\/index.php\/wp-json\/wp\/v2\/comments?post=5309"}],"version-history":[{"count":0,"href":"http:\/\/salmosbiblicos.com.br\/index.php\/wp-json\/wp\/v2\/posts\/5309\/revisions"}],"wp:attachment":[{"href":"http:\/\/salmosbiblicos.com.br\/index.php\/wp-json\/wp\/v2\/media?parent=5309"}],"wp:term":[{"taxonomy":"category","embeddable":true,"href":"http:\/\/salmosbiblicos.com.br\/index.php\/wp-json\/wp\/v2\/categories?post=5309"},{"taxonomy":"post_tag","embeddable":true,"href":"http:\/\/salmosbiblicos.com.br\/index.php\/wp-json\/wp\/v2\/tags?post=5309"}],"curies":[{"name":"wp","href":"https:\/\/api.w.org\/{rel}","templated":true}]}}