{"id":5311,"date":"2025-05-27T08:05:45","date_gmt":"2025-05-27T11:05:45","guid":{"rendered":"https:\/\/salmosbiblicos.com.br\/?p=5311"},"modified":"2025-05-27T08:05:45","modified_gmt":"2025-05-27T11:05:45","slug":"a-importancia-da-gratidao-transformando-vidas-e-fortalecendo-a-fe","status":"publish","type":"post","link":"http:\/\/salmosbiblicos.com.br\/index.php\/2025\/05\/27\/a-importancia-da-gratidao-transformando-vidas-e-fortalecendo-a-fe\/","title":{"rendered":"A Import\u00e2ncia da Gratid\u00e3o: Transformando Vidas e Fortalecendo a F\u00e9"},"content":{"rendered":"<p>Hoje, meu amigo, quero compartilhar com voc\u00ea uma reflex\u00e3o sobre a import\u00e2ncia da gratid\u00e3o em nossas vidas. Muitas vezes, nos encontramos t\u00e3o imersos em nossas preocupa\u00e7\u00f5es e desafios do dia a dia que acabamos esquecendo de ser gratos por todas as b\u00ean\u00e7\u00e3os que recebemos.<\/p>\n<p>A gratid\u00e3o \u00e9 uma atitude poderosa que pode transformar nossa mentalidade e nossa maneira de encarar a vida. Quando nos concentramos no que temos em vez do que nos falta, somos capazes de enxergar a beleza e a generosidade que nos rodeiam. Agradecer pelas pequenas coisas nos faz perceber que a vida \u00e9 repleta de motivos para celebrar.<\/p>\n<p>Ao expressarmos gratid\u00e3o, abrimos nosso cora\u00e7\u00e3o para receber ainda mais b\u00ean\u00e7\u00e3os. \u00c9 como se estiv\u00e9ssemos criando um ciclo de positividade e abund\u00e2ncia, onde a energia do agradecimento atrai mais motivos para agradecer. Quando somos gratos, estamos reconhecendo a a\u00e7\u00e3o de Deus em nossas vidas e fortalecendo nossa f\u00e9 na Sua bondade e miseric\u00f3rdia.<\/p>\n<p>Mesmo nos momentos dif\u00edceis, \u00e9 poss\u00edvel encontrar motivos para agradecer. A gratid\u00e3o n\u00e3o depende das circunst\u00e2ncias externas, mas da nossa capacidade de enxergar al\u00e9m das apar\u00eancias e reconhecer a m\u00e3o amorosa de Deus agindo em cada detalhe. Mesmo nos momentos de dor e sofrimento, podemos agradecer pela oportunidade de crescimento e aprendizado que essas experi\u00eancias nos proporcionam.<\/p>\n<p>Que possamos cultivar o h\u00e1bito da gratid\u00e3o em nossas vidas, reconhecendo e valorizando cada pequeno gesto de amor e generosidade que recebemos. Que possamos ser como o salmista, que exaltava o Senhor e bendizia o Seu nome em todos os momentos, mesmo nos dias de ang\u00fastia e tribula\u00e7\u00e3o.<\/p>\n<p>Que a gratid\u00e3o seja a nossa resposta diante da vida, um sinal de nossa confian\u00e7a na provid\u00eancia divina e na beleza da jornada que estamos percorrendo. Que possamos abrir nosso cora\u00e7\u00e3o para agradecer por tudo que somos, por tudo que temos e por tudo que ainda est\u00e1 por vir.<\/p>\n<p>Lembre-se: a gratid\u00e3o transforma o que temos em suficiente e nos conecta com a fonte inesgot\u00e1vel de amor e bondade que \u00e9 o nosso Pai Celestial. Que a gratid\u00e3o seja a nossa luz nos dias de escurid\u00e3o e a nossa for\u00e7a nos momentos de fraqueza.<\/p>\n<p>Que a paz que vem da gratid\u00e3o preencha o seu cora\u00e7\u00e3o e ilumine o seu caminho. Agrade\u00e7a, confie e siga em frente, sabendo que Deus est\u00e1 sempre ao seu lado. A gratid\u00e3o \u00e9 a chave para uma vida plena e feliz. Ame, agrade\u00e7a e viva em paz.<\/p>\n<p>Que a paz de Deus, que excede todo entendimento, guarde o seu cora\u00e7\u00e3o e a sua mente em Cristo Jesus. Am\u00e9m.<\/p>\n","protected":false},"excerpt":{"rendered":"<p>Hoje, meu amigo, quero compartilhar com voc\u00ea uma reflex\u00e3o sobre a import\u00e2ncia da gratid\u00e3o em nossas vidas. Muitas vezes, nos encontramos t\u00e3o imersos em nossas preocupa\u00e7\u00f5es e desafios do dia a dia que acabamos esquecendo de ser gratos por todas as b\u00ean\u00e7\u00e3os que recebemos. A gratid\u00e3o \u00e9 uma atitude poderosa que pode transformar nossa mentalidade [&hellip;]<\/p>\n","protected":false},"author":2,"featured_media":0,"comment_status":"closed","ping_status":"open","sticky":false,"template":"","format":"standard","meta":{"footnotes":""},"categories":[6],"tags":[],"class_list":["post-5311","post","type-post","status-publish","format-standard","hentry","category-reflexao-do-dia"],"yoast_head":"<!-- This site is optimized with the Yoast SEO plugin v27.2 - https:\/\/yoast.com\/product\/yoast-seo-wordpress\/ -->\n<title>A Import\u00e2ncia da Gratid\u00e3o: Transformando Vidas e Fortalecendo a F\u00e9 - Salmos B\u00edblicos<\/title>\n<meta name=\"robots\" content=\"index, follow, max-snippet:-1, max-image-preview:large, max-video-preview:-1\" \/>\n<link rel=\"canonical\" href=\"http:\/\/salmosbiblicos.com.br\/index.php\/2025\/05\/27\/a-importancia-da-gratidao-transformando-vidas-e-fortalecendo-a-fe\/\" \/>\n<meta property=\"og:locale\" content=\"pt_BR\" \/>\n<meta property=\"og:type\" content=\"article\" \/>\n<meta property=\"og:title\" content=\"A Import\u00e2ncia da Gratid\u00e3o: Transformando Vidas e Fortalecendo a F\u00e9 - Salmos B\u00edblicos\" \/>\n<meta property=\"og:description\" content=\"Hoje, meu amigo, quero compartilhar com voc\u00ea uma reflex\u00e3o sobre a import\u00e2ncia da gratid\u00e3o em nossas vidas. Muitas vezes, nos encontramos t\u00e3o imersos em nossas preocupa\u00e7\u00f5es e desafios do dia a dia que acabamos esquecendo de ser gratos por todas as b\u00ean\u00e7\u00e3os que recebemos. A gratid\u00e3o \u00e9 uma atitude poderosa que pode transformar nossa mentalidade [&hellip;]\" \/>\n<meta property=\"og:url\" content=\"http:\/\/salmosbiblicos.com.br\/index.php\/2025\/05\/27\/a-importancia-da-gratidao-transformando-vidas-e-fortalecendo-a-fe\/\" \/>\n<meta property=\"og:site_name\" content=\"Salmos B\u00edblicos\" \/>\n<meta property=\"article:published_time\" content=\"2025-05-27T11:05:45+00:00\" \/>\n<meta name=\"author\" content=\"Irmao\" \/>\n<meta name=\"twitter:card\" content=\"summary_large_image\" \/>\n<meta name=\"twitter:label1\" content=\"Escrito por\" \/>\n\t<meta name=\"twitter:data1\" content=\"Irmao\" \/>\n\t<meta name=\"twitter:label2\" content=\"Est. tempo de leitura\" \/>\n\t<meta name=\"twitter:data2\" content=\"2 minutos\" \/>\n<script type=\"application\/ld+json\" class=\"yoast-schema-graph\">{\"@context\":\"https:\/\/schema.org\",\"@graph\":[{\"@type\":\"Article\",\"@id\":\"http:\/\/salmosbiblicos.com.br\/index.php\/2025\/05\/27\/a-importancia-da-gratidao-transformando-vidas-e-fortalecendo-a-fe\/#article\",\"isPartOf\":{\"@id\":\"http:\/\/salmosbiblicos.com.br\/index.php\/2025\/05\/27\/a-importancia-da-gratidao-transformando-vidas-e-fortalecendo-a-fe\/\"},\"author\":{\"name\":\"Irmao\",\"@id\":\"https:\/\/salmosbiblicos.com.br\/#\/schema\/person\/760735259ba35f1e44e89c71c72d79da\"},\"headline\":\"A Import\u00e2ncia da Gratid\u00e3o: Transformando Vidas e Fortalecendo a F\u00e9\",\"datePublished\":\"2025-05-27T11:05:45+00:00\",\"mainEntityOfPage\":{\"@id\":\"http:\/\/salmosbiblicos.com.br\/index.php\/2025\/05\/27\/a-importancia-da-gratidao-transformando-vidas-e-fortalecendo-a-fe\/\"},\"wordCount\":473,\"articleSection\":[\"Reflex\u00e3o do Dia\"],\"inLanguage\":\"pt-BR\"},{\"@type\":\"WebPage\",\"@id\":\"http:\/\/salmosbiblicos.com.br\/index.php\/2025\/05\/27\/a-importancia-da-gratidao-transformando-vidas-e-fortalecendo-a-fe\/\",\"url\":\"http:\/\/salmosbiblicos.com.br\/index.php\/2025\/05\/27\/a-importancia-da-gratidao-transformando-vidas-e-fortalecendo-a-fe\/\",\"name\":\"A Import\u00e2ncia da Gratid\u00e3o: Transformando Vidas e Fortalecendo a F\u00e9 - Salmos B\u00edblicos\",\"isPartOf\":{\"@id\":\"https:\/\/salmosbiblicos.com.br\/#website\"},\"datePublished\":\"2025-05-27T11:05:45+00:00\",\"author\":{\"@id\":\"https:\/\/salmosbiblicos.com.br\/#\/schema\/person\/760735259ba35f1e44e89c71c72d79da\"},\"breadcrumb\":{\"@id\":\"http:\/\/salmosbiblicos.com.br\/index.php\/2025\/05\/27\/a-importancia-da-gratidao-transformando-vidas-e-fortalecendo-a-fe\/#breadcrumb\"},\"inLanguage\":\"pt-BR\",\"potentialAction\":[{\"@type\":\"ReadAction\",\"target\":[\"http:\/\/salmosbiblicos.com.br\/index.php\/2025\/05\/27\/a-importancia-da-gratidao-transformando-vidas-e-fortalecendo-a-fe\/\"]}]},{\"@type\":\"BreadcrumbList\",\"@id\":\"http:\/\/salmosbiblicos.com.br\/index.php\/2025\/05\/27\/a-importancia-da-gratidao-transformando-vidas-e-fortalecendo-a-fe\/#breadcrumb\",\"itemListElement\":[{\"@type\":\"ListItem\",\"position\":1,\"name\":\"Home\",\"item\":\"https:\/\/salmosbiblicos.com.br\/\"},{\"@type\":\"ListItem\",\"position\":2,\"name\":\"A Import\u00e2ncia da Gratid\u00e3o: Transformando Vidas e Fortalecendo a F\u00e9\"}]},{\"@type\":\"WebSite\",\"@id\":\"https:\/\/salmosbiblicos.com.br\/#website\",\"url\":\"https:\/\/salmosbiblicos.com.br\/\",\"name\":\"Salmos B\u00edblicos\",\"description\":\"Uma e-Livraria com e-Books novos para voc\u00ea refletir.\",\"potentialAction\":[{\"@type\":\"SearchAction\",\"target\":{\"@type\":\"EntryPoint\",\"urlTemplate\":\"https:\/\/salmosbiblicos.com.br\/?s={search_term_string}\"},\"query-input\":{\"@type\":\"PropertyValueSpecification\",\"valueRequired\":true,\"valueName\":\"search_term_string\"}}],\"inLanguage\":\"pt-BR\"},{\"@type\":\"Person\",\"@id\":\"https:\/\/salmosbiblicos.com.br\/#\/schema\/person\/760735259ba35f1e44e89c71c72d79da\",\"name\":\"Irmao\",\"image\":{\"@type\":\"ImageObject\",\"inLanguage\":\"pt-BR\",\"@id\":\"https:\/\/secure.gravatar.com\/avatar\/?s=96&d=mm&r=g\",\"url\":\"https:\/\/secure.gravatar.com\/avatar\/?s=96&d=mm&r=g\",\"contentUrl\":\"https:\/\/secure.gravatar.com\/avatar\/?s=96&d=mm&r=g\",\"caption\":\"Irmao\"},\"url\":\"http:\/\/salmosbiblicos.com.br\/index.php\/author\/irmao\/\"}]}<\/script>\n<!-- \/ Yoast SEO plugin. -->","yoast_head_json":{"title":"A Import\u00e2ncia da Gratid\u00e3o: Transformando Vidas e Fortalecendo a F\u00e9 - Salmos B\u00edblicos","robots":{"index":"index","follow":"follow","max-snippet":"max-snippet:-1","max-image-preview":"max-image-preview:large","max-video-preview":"max-video-preview:-1"},"canonical":"http:\/\/salmosbiblicos.com.br\/index.php\/2025\/05\/27\/a-importancia-da-gratidao-transformando-vidas-e-fortalecendo-a-fe\/","og_locale":"pt_BR","og_type":"article","og_title":"A Import\u00e2ncia da Gratid\u00e3o: Transformando Vidas e Fortalecendo a F\u00e9 - Salmos B\u00edblicos","og_description":"Hoje, meu amigo, quero compartilhar com voc\u00ea uma reflex\u00e3o sobre a import\u00e2ncia da gratid\u00e3o em nossas vidas. Muitas vezes, nos encontramos t\u00e3o imersos em nossas preocupa\u00e7\u00f5es e desafios do dia a dia que acabamos esquecendo de ser gratos por todas as b\u00ean\u00e7\u00e3os que recebemos. A gratid\u00e3o \u00e9 uma atitude poderosa que pode transformar nossa mentalidade [&hellip;]","og_url":"http:\/\/salmosbiblicos.com.br\/index.php\/2025\/05\/27\/a-importancia-da-gratidao-transformando-vidas-e-fortalecendo-a-fe\/","og_site_name":"Salmos B\u00edblicos","article_published_time":"2025-05-27T11:05:45+00:00","author":"Irmao","twitter_card":"summary_large_image","twitter_misc":{"Escrito por":"Irmao","Est. tempo de leitura":"2 minutos"},"schema":{"@context":"https:\/\/schema.org","@graph":[{"@type":"Article","@id":"http:\/\/salmosbiblicos.com.br\/index.php\/2025\/05\/27\/a-importancia-da-gratidao-transformando-vidas-e-fortalecendo-a-fe\/#article","isPartOf":{"@id":"http:\/\/salmosbiblicos.com.br\/index.php\/2025\/05\/27\/a-importancia-da-gratidao-transformando-vidas-e-fortalecendo-a-fe\/"},"author":{"name":"Irmao","@id":"https:\/\/salmosbiblicos.com.br\/#\/schema\/person\/760735259ba35f1e44e89c71c72d79da"},"headline":"A Import\u00e2ncia da Gratid\u00e3o: Transformando Vidas e Fortalecendo a F\u00e9","datePublished":"2025-05-27T11:05:45+00:00","mainEntityOfPage":{"@id":"http:\/\/salmosbiblicos.com.br\/index.php\/2025\/05\/27\/a-importancia-da-gratidao-transformando-vidas-e-fortalecendo-a-fe\/"},"wordCount":473,"articleSection":["Reflex\u00e3o do Dia"],"inLanguage":"pt-BR"},{"@type":"WebPage","@id":"http:\/\/salmosbiblicos.com.br\/index.php\/2025\/05\/27\/a-importancia-da-gratidao-transformando-vidas-e-fortalecendo-a-fe\/","url":"http:\/\/salmosbiblicos.com.br\/index.php\/2025\/05\/27\/a-importancia-da-gratidao-transformando-vidas-e-fortalecendo-a-fe\/","name":"A Import\u00e2ncia da Gratid\u00e3o: Transformando Vidas e Fortalecendo a F\u00e9 - Salmos B\u00edblicos","isPartOf":{"@id":"https:\/\/salmosbiblicos.com.br\/#website"},"datePublished":"2025-05-27T11:05:45+00:00","author":{"@id":"https:\/\/salmosbiblicos.com.br\/#\/schema\/person\/760735259ba35f1e44e89c71c72d79da"},"breadcrumb":{"@id":"http:\/\/salmosbiblicos.com.br\/index.php\/2025\/05\/27\/a-importancia-da-gratidao-transformando-vidas-e-fortalecendo-a-fe\/#breadcrumb"},"inLanguage":"pt-BR","potentialAction":[{"@type":"ReadAction","target":["http:\/\/salmosbiblicos.com.br\/index.php\/2025\/05\/27\/a-importancia-da-gratidao-transformando-vidas-e-fortalecendo-a-fe\/"]}]},{"@type":"BreadcrumbList","@id":"http:\/\/salmosbiblicos.com.br\/index.php\/2025\/05\/27\/a-importancia-da-gratidao-transformando-vidas-e-fortalecendo-a-fe\/#breadcrumb","itemListElement":[{"@type":"ListItem","position":1,"name":"Home","item":"https:\/\/salmosbiblicos.com.br\/"},{"@type":"ListItem","position":2,"name":"A Import\u00e2ncia da Gratid\u00e3o: Transformando Vidas e Fortalecendo a F\u00e9"}]},{"@type":"WebSite","@id":"https:\/\/salmosbiblicos.com.br\/#website","url":"https:\/\/salmosbiblicos.com.br\/","name":"Salmos B\u00edblicos","description":"Uma e-Livraria com e-Books novos para voc\u00ea refletir.","potentialAction":[{"@type":"SearchAction","target":{"@type":"EntryPoint","urlTemplate":"https:\/\/salmosbiblicos.com.br\/?s={search_term_string}"},"query-input":{"@type":"PropertyValueSpecification","valueRequired":true,"valueName":"search_term_string"}}],"inLanguage":"pt-BR"},{"@type":"Person","@id":"https:\/\/salmosbiblicos.com.br\/#\/schema\/person\/760735259ba35f1e44e89c71c72d79da","name":"Irmao","image":{"@type":"ImageObject","inLanguage":"pt-BR","@id":"https:\/\/secure.gravatar.com\/avatar\/?s=96&d=mm&r=g","url":"https:\/\/secure.gravatar.com\/avatar\/?s=96&d=mm&r=g","contentUrl":"https:\/\/secure.gravatar.com\/avatar\/?s=96&d=mm&r=g","caption":"Irmao"},"url":"http:\/\/salmosbiblicos.com.br\/index.php\/author\/irmao\/"}]}},"_links":{"self":[{"href":"http:\/\/salmosbiblicos.com.br\/index.php\/wp-json\/wp\/v2\/posts\/5311","targetHints":{"allow":["GET"]}}],"collection":[{"href":"http:\/\/salmosbiblicos.com.br\/index.php\/wp-json\/wp\/v2\/posts"}],"about":[{"href":"http:\/\/salmosbiblicos.com.br\/index.php\/wp-json\/wp\/v2\/types\/post"}],"author":[{"embeddable":true,"href":"http:\/\/salmosbiblicos.com.br\/index.php\/wp-json\/wp\/v2\/users\/2"}],"replies":[{"embeddable":true,"href":"http:\/\/salmosbiblicos.com.br\/index.php\/wp-json\/wp\/v2\/comments?post=5311"}],"version-history":[{"count":0,"href":"http:\/\/salmosbiblicos.com.br\/index.php\/wp-json\/wp\/v2\/posts\/5311\/revisions"}],"wp:attachment":[{"href":"http:\/\/salmosbiblicos.com.br\/index.php\/wp-json\/wp\/v2\/media?parent=5311"}],"wp:term":[{"taxonomy":"category","embeddable":true,"href":"http:\/\/salmosbiblicos.com.br\/index.php\/wp-json\/wp\/v2\/categories?post=5311"},{"taxonomy":"post_tag","embeddable":true,"href":"http:\/\/salmosbiblicos.com.br\/index.php\/wp-json\/wp\/v2\/tags?post=5311"}],"curies":[{"name":"wp","href":"https:\/\/api.w.org\/{rel}","templated":true}]}}