{"id":5313,"date":"2025-05-27T08:05:59","date_gmt":"2025-05-27T11:05:59","guid":{"rendered":"https:\/\/salmosbiblicos.com.br\/?p=5313"},"modified":"2025-05-27T08:05:59","modified_gmt":"2025-05-27T11:05:59","slug":"transformando-vidas-com-a-poderosa-atitude-da-gratidao","status":"publish","type":"post","link":"http:\/\/salmosbiblicos.com.br\/index.php\/2025\/05\/27\/transformando-vidas-com-a-poderosa-atitude-da-gratidao\/","title":{"rendered":"Transformando vidas com a poderosa atitude da gratid\u00e3o"},"content":{"rendered":"<p>Hoje, quero compartilhar com voc\u00ea uma reflex\u00e3o sobre a import\u00e2ncia da gratid\u00e3o em nossas vidas. Em meio a tantas preocupa\u00e7\u00f5es e desafios que enfrentamos diariamente, \u00e9 f\u00e1cil nos deixarmos levar pelo peso das dificuldades e esquecermos de agradecer pelas b\u00ean\u00e7\u00e3os que recebemos.<\/p>\n<p>A gratid\u00e3o \u00e9 uma atitude poderosa que tem o poder de transformar a nossa vida. Quando aprendemos a reconhecer e valorizar as coisas boas que temos, mesmo que pare\u00e7am pequenas, abrimos espa\u00e7o para que mais coisas positivas aconte\u00e7am em nossa jornada.<\/p>\n<p>Ao agradecer, estamos manifestando nossa humildade e reconhecimento de que n\u00e3o somos donos de tudo o que temos, mas sim benefici\u00e1rios da generosidade divina. \u00c9 como se estiv\u00e9ssemos abrindo as portas do nosso cora\u00e7\u00e3o para receber ainda mais gra\u00e7as e b\u00ean\u00e7\u00e3os.<\/p>\n<p>A gratid\u00e3o nos conecta com o Divino, nos fazendo perceber que somos parte de algo maior e que n\u00e3o estamos sozinhos em nossa caminhada. Ao reconhecermos a presen\u00e7a de Deus em nossa vida e em tudo o que nos cerca, cultivamos um sentimento de confian\u00e7a e seguran\u00e7a, sabendo que Ele est\u00e1 sempre ao nosso lado, cuidando de n\u00f3s e nos guiando nos momentos de dificuldade.<\/p>\n<p>Mesmo nos momentos mais desafiadores, \u00e9 importante lembrar que sempre h\u00e1 algo pelo qual podemos ser gratos. Seja a presen\u00e7a de um amigo que nos apoia, um sorriso que recebemos em meio ao caos, ou at\u00e9 mesmo a oportunidade de aprender e crescer com as adversidades, h\u00e1 sempre motivos para agradecer.<\/p>\n<p>Que possamos cultivar em nossos cora\u00e7\u00f5es a gratid\u00e3o como um h\u00e1bito di\u00e1rio, um exerc\u00edcio constante de reconhecimento e aprecia\u00e7\u00e3o pelas d\u00e1divas que recebemos. Que possamos olhar para cada novo dia como uma oportunidade de agradecer e celebrar a vida, mesmo nos momentos mais dif\u00edceis.<\/p>\n<p>Que a gratid\u00e3o seja a nossa luz nos dias sombrios, a nossa for\u00e7a nos momentos de fraqueza, e a nossa esperan\u00e7a nos momentos de desespero. Que possamos aprender a ver a beleza e a bondade que nos rodeiam, mesmo nos momentos de dor, e agradecer por cada instante de amor e paz que nos \u00e9 concedido.<\/p>\n<p>Lembre-se: a gratid\u00e3o transforma o que temos em o suficiente, e abre caminho para que mais b\u00ean\u00e7\u00e3os cheguem at\u00e9 n\u00f3s. Cultive a gratid\u00e3o em seu cora\u00e7\u00e3o e deixe-a guiar o seu caminho, trazendo paz, alegria e amor a cada passo que voc\u00ea der.<\/p>\n<p>Que a gratid\u00e3o seja a sua b\u00fassola, apontando sempre para o caminho da felicidade e da plenitude. Agrade\u00e7a, celebre e viva cada momento com o cora\u00e7\u00e3o cheio de gratid\u00e3o. Que assim seja. Am\u00e9m!<\/p>\n","protected":false},"excerpt":{"rendered":"<p>Hoje, quero compartilhar com voc\u00ea uma reflex\u00e3o sobre a import\u00e2ncia da gratid\u00e3o em nossas vidas. Em meio a tantas preocupa\u00e7\u00f5es e desafios que enfrentamos diariamente, \u00e9 f\u00e1cil nos deixarmos levar pelo peso das dificuldades e esquecermos de agradecer pelas b\u00ean\u00e7\u00e3os que recebemos. A gratid\u00e3o \u00e9 uma atitude poderosa que tem o poder de transformar a [&hellip;]<\/p>\n","protected":false},"author":2,"featured_media":0,"comment_status":"closed","ping_status":"open","sticky":false,"template":"","format":"standard","meta":{"footnotes":""},"categories":[6],"tags":[],"class_list":["post-5313","post","type-post","status-publish","format-standard","hentry","category-reflexao-do-dia"],"yoast_head":"<!-- This site is optimized with the Yoast SEO plugin v27.2 - https:\/\/yoast.com\/product\/yoast-seo-wordpress\/ -->\n<title>Transformando vidas com a poderosa atitude da gratid\u00e3o - Salmos B\u00edblicos<\/title>\n<meta name=\"robots\" content=\"index, follow, max-snippet:-1, max-image-preview:large, max-video-preview:-1\" \/>\n<link rel=\"canonical\" href=\"http:\/\/salmosbiblicos.com.br\/index.php\/2025\/05\/27\/transformando-vidas-com-a-poderosa-atitude-da-gratidao\/\" \/>\n<meta property=\"og:locale\" content=\"pt_BR\" \/>\n<meta property=\"og:type\" content=\"article\" \/>\n<meta property=\"og:title\" content=\"Transformando vidas com a poderosa atitude da gratid\u00e3o - Salmos B\u00edblicos\" \/>\n<meta property=\"og:description\" content=\"Hoje, quero compartilhar com voc\u00ea uma reflex\u00e3o sobre a import\u00e2ncia da gratid\u00e3o em nossas vidas. Em meio a tantas preocupa\u00e7\u00f5es e desafios que enfrentamos diariamente, \u00e9 f\u00e1cil nos deixarmos levar pelo peso das dificuldades e esquecermos de agradecer pelas b\u00ean\u00e7\u00e3os que recebemos. A gratid\u00e3o \u00e9 uma atitude poderosa que tem o poder de transformar a [&hellip;]\" \/>\n<meta property=\"og:url\" content=\"http:\/\/salmosbiblicos.com.br\/index.php\/2025\/05\/27\/transformando-vidas-com-a-poderosa-atitude-da-gratidao\/\" \/>\n<meta property=\"og:site_name\" content=\"Salmos B\u00edblicos\" \/>\n<meta property=\"article:published_time\" content=\"2025-05-27T11:05:59+00:00\" \/>\n<meta name=\"author\" content=\"Irmao\" \/>\n<meta name=\"twitter:card\" content=\"summary_large_image\" \/>\n<meta name=\"twitter:label1\" content=\"Escrito por\" \/>\n\t<meta name=\"twitter:data1\" content=\"Irmao\" \/>\n\t<meta name=\"twitter:label2\" content=\"Est. tempo de leitura\" \/>\n\t<meta name=\"twitter:data2\" content=\"2 minutos\" \/>\n<script type=\"application\/ld+json\" class=\"yoast-schema-graph\">{\"@context\":\"https:\/\/schema.org\",\"@graph\":[{\"@type\":\"Article\",\"@id\":\"http:\/\/salmosbiblicos.com.br\/index.php\/2025\/05\/27\/transformando-vidas-com-a-poderosa-atitude-da-gratidao\/#article\",\"isPartOf\":{\"@id\":\"http:\/\/salmosbiblicos.com.br\/index.php\/2025\/05\/27\/transformando-vidas-com-a-poderosa-atitude-da-gratidao\/\"},\"author\":{\"name\":\"Irmao\",\"@id\":\"https:\/\/salmosbiblicos.com.br\/#\/schema\/person\/760735259ba35f1e44e89c71c72d79da\"},\"headline\":\"Transformando vidas com a poderosa atitude da gratid\u00e3o\",\"datePublished\":\"2025-05-27T11:05:59+00:00\",\"mainEntityOfPage\":{\"@id\":\"http:\/\/salmosbiblicos.com.br\/index.php\/2025\/05\/27\/transformando-vidas-com-a-poderosa-atitude-da-gratidao\/\"},\"wordCount\":468,\"articleSection\":[\"Reflex\u00e3o do Dia\"],\"inLanguage\":\"pt-BR\"},{\"@type\":\"WebPage\",\"@id\":\"http:\/\/salmosbiblicos.com.br\/index.php\/2025\/05\/27\/transformando-vidas-com-a-poderosa-atitude-da-gratidao\/\",\"url\":\"http:\/\/salmosbiblicos.com.br\/index.php\/2025\/05\/27\/transformando-vidas-com-a-poderosa-atitude-da-gratidao\/\",\"name\":\"Transformando vidas com a poderosa atitude da gratid\u00e3o - Salmos B\u00edblicos\",\"isPartOf\":{\"@id\":\"https:\/\/salmosbiblicos.com.br\/#website\"},\"datePublished\":\"2025-05-27T11:05:59+00:00\",\"author\":{\"@id\":\"https:\/\/salmosbiblicos.com.br\/#\/schema\/person\/760735259ba35f1e44e89c71c72d79da\"},\"breadcrumb\":{\"@id\":\"http:\/\/salmosbiblicos.com.br\/index.php\/2025\/05\/27\/transformando-vidas-com-a-poderosa-atitude-da-gratidao\/#breadcrumb\"},\"inLanguage\":\"pt-BR\",\"potentialAction\":[{\"@type\":\"ReadAction\",\"target\":[\"http:\/\/salmosbiblicos.com.br\/index.php\/2025\/05\/27\/transformando-vidas-com-a-poderosa-atitude-da-gratidao\/\"]}]},{\"@type\":\"BreadcrumbList\",\"@id\":\"http:\/\/salmosbiblicos.com.br\/index.php\/2025\/05\/27\/transformando-vidas-com-a-poderosa-atitude-da-gratidao\/#breadcrumb\",\"itemListElement\":[{\"@type\":\"ListItem\",\"position\":1,\"name\":\"Home\",\"item\":\"https:\/\/salmosbiblicos.com.br\/\"},{\"@type\":\"ListItem\",\"position\":2,\"name\":\"Transformando vidas com a poderosa atitude da gratid\u00e3o\"}]},{\"@type\":\"WebSite\",\"@id\":\"https:\/\/salmosbiblicos.com.br\/#website\",\"url\":\"https:\/\/salmosbiblicos.com.br\/\",\"name\":\"Salmos B\u00edblicos\",\"description\":\"Uma e-Livraria com e-Books novos para voc\u00ea refletir.\",\"potentialAction\":[{\"@type\":\"SearchAction\",\"target\":{\"@type\":\"EntryPoint\",\"urlTemplate\":\"https:\/\/salmosbiblicos.com.br\/?s={search_term_string}\"},\"query-input\":{\"@type\":\"PropertyValueSpecification\",\"valueRequired\":true,\"valueName\":\"search_term_string\"}}],\"inLanguage\":\"pt-BR\"},{\"@type\":\"Person\",\"@id\":\"https:\/\/salmosbiblicos.com.br\/#\/schema\/person\/760735259ba35f1e44e89c71c72d79da\",\"name\":\"Irmao\",\"image\":{\"@type\":\"ImageObject\",\"inLanguage\":\"pt-BR\",\"@id\":\"https:\/\/secure.gravatar.com\/avatar\/?s=96&d=mm&r=g\",\"url\":\"https:\/\/secure.gravatar.com\/avatar\/?s=96&d=mm&r=g\",\"contentUrl\":\"https:\/\/secure.gravatar.com\/avatar\/?s=96&d=mm&r=g\",\"caption\":\"Irmao\"},\"url\":\"http:\/\/salmosbiblicos.com.br\/index.php\/author\/irmao\/\"}]}<\/script>\n<!-- \/ Yoast SEO plugin. -->","yoast_head_json":{"title":"Transformando vidas com a poderosa atitude da gratid\u00e3o - Salmos B\u00edblicos","robots":{"index":"index","follow":"follow","max-snippet":"max-snippet:-1","max-image-preview":"max-image-preview:large","max-video-preview":"max-video-preview:-1"},"canonical":"http:\/\/salmosbiblicos.com.br\/index.php\/2025\/05\/27\/transformando-vidas-com-a-poderosa-atitude-da-gratidao\/","og_locale":"pt_BR","og_type":"article","og_title":"Transformando vidas com a poderosa atitude da gratid\u00e3o - Salmos B\u00edblicos","og_description":"Hoje, quero compartilhar com voc\u00ea uma reflex\u00e3o sobre a import\u00e2ncia da gratid\u00e3o em nossas vidas. Em meio a tantas preocupa\u00e7\u00f5es e desafios que enfrentamos diariamente, \u00e9 f\u00e1cil nos deixarmos levar pelo peso das dificuldades e esquecermos de agradecer pelas b\u00ean\u00e7\u00e3os que recebemos. A gratid\u00e3o \u00e9 uma atitude poderosa que tem o poder de transformar a [&hellip;]","og_url":"http:\/\/salmosbiblicos.com.br\/index.php\/2025\/05\/27\/transformando-vidas-com-a-poderosa-atitude-da-gratidao\/","og_site_name":"Salmos B\u00edblicos","article_published_time":"2025-05-27T11:05:59+00:00","author":"Irmao","twitter_card":"summary_large_image","twitter_misc":{"Escrito por":"Irmao","Est. tempo de leitura":"2 minutos"},"schema":{"@context":"https:\/\/schema.org","@graph":[{"@type":"Article","@id":"http:\/\/salmosbiblicos.com.br\/index.php\/2025\/05\/27\/transformando-vidas-com-a-poderosa-atitude-da-gratidao\/#article","isPartOf":{"@id":"http:\/\/salmosbiblicos.com.br\/index.php\/2025\/05\/27\/transformando-vidas-com-a-poderosa-atitude-da-gratidao\/"},"author":{"name":"Irmao","@id":"https:\/\/salmosbiblicos.com.br\/#\/schema\/person\/760735259ba35f1e44e89c71c72d79da"},"headline":"Transformando vidas com a poderosa atitude da gratid\u00e3o","datePublished":"2025-05-27T11:05:59+00:00","mainEntityOfPage":{"@id":"http:\/\/salmosbiblicos.com.br\/index.php\/2025\/05\/27\/transformando-vidas-com-a-poderosa-atitude-da-gratidao\/"},"wordCount":468,"articleSection":["Reflex\u00e3o do Dia"],"inLanguage":"pt-BR"},{"@type":"WebPage","@id":"http:\/\/salmosbiblicos.com.br\/index.php\/2025\/05\/27\/transformando-vidas-com-a-poderosa-atitude-da-gratidao\/","url":"http:\/\/salmosbiblicos.com.br\/index.php\/2025\/05\/27\/transformando-vidas-com-a-poderosa-atitude-da-gratidao\/","name":"Transformando vidas com a poderosa atitude da gratid\u00e3o - Salmos B\u00edblicos","isPartOf":{"@id":"https:\/\/salmosbiblicos.com.br\/#website"},"datePublished":"2025-05-27T11:05:59+00:00","author":{"@id":"https:\/\/salmosbiblicos.com.br\/#\/schema\/person\/760735259ba35f1e44e89c71c72d79da"},"breadcrumb":{"@id":"http:\/\/salmosbiblicos.com.br\/index.php\/2025\/05\/27\/transformando-vidas-com-a-poderosa-atitude-da-gratidao\/#breadcrumb"},"inLanguage":"pt-BR","potentialAction":[{"@type":"ReadAction","target":["http:\/\/salmosbiblicos.com.br\/index.php\/2025\/05\/27\/transformando-vidas-com-a-poderosa-atitude-da-gratidao\/"]}]},{"@type":"BreadcrumbList","@id":"http:\/\/salmosbiblicos.com.br\/index.php\/2025\/05\/27\/transformando-vidas-com-a-poderosa-atitude-da-gratidao\/#breadcrumb","itemListElement":[{"@type":"ListItem","position":1,"name":"Home","item":"https:\/\/salmosbiblicos.com.br\/"},{"@type":"ListItem","position":2,"name":"Transformando vidas com a poderosa atitude da gratid\u00e3o"}]},{"@type":"WebSite","@id":"https:\/\/salmosbiblicos.com.br\/#website","url":"https:\/\/salmosbiblicos.com.br\/","name":"Salmos B\u00edblicos","description":"Uma e-Livraria com e-Books novos para voc\u00ea refletir.","potentialAction":[{"@type":"SearchAction","target":{"@type":"EntryPoint","urlTemplate":"https:\/\/salmosbiblicos.com.br\/?s={search_term_string}"},"query-input":{"@type":"PropertyValueSpecification","valueRequired":true,"valueName":"search_term_string"}}],"inLanguage":"pt-BR"},{"@type":"Person","@id":"https:\/\/salmosbiblicos.com.br\/#\/schema\/person\/760735259ba35f1e44e89c71c72d79da","name":"Irmao","image":{"@type":"ImageObject","inLanguage":"pt-BR","@id":"https:\/\/secure.gravatar.com\/avatar\/?s=96&d=mm&r=g","url":"https:\/\/secure.gravatar.com\/avatar\/?s=96&d=mm&r=g","contentUrl":"https:\/\/secure.gravatar.com\/avatar\/?s=96&d=mm&r=g","caption":"Irmao"},"url":"http:\/\/salmosbiblicos.com.br\/index.php\/author\/irmao\/"}]}},"_links":{"self":[{"href":"http:\/\/salmosbiblicos.com.br\/index.php\/wp-json\/wp\/v2\/posts\/5313","targetHints":{"allow":["GET"]}}],"collection":[{"href":"http:\/\/salmosbiblicos.com.br\/index.php\/wp-json\/wp\/v2\/posts"}],"about":[{"href":"http:\/\/salmosbiblicos.com.br\/index.php\/wp-json\/wp\/v2\/types\/post"}],"author":[{"embeddable":true,"href":"http:\/\/salmosbiblicos.com.br\/index.php\/wp-json\/wp\/v2\/users\/2"}],"replies":[{"embeddable":true,"href":"http:\/\/salmosbiblicos.com.br\/index.php\/wp-json\/wp\/v2\/comments?post=5313"}],"version-history":[{"count":0,"href":"http:\/\/salmosbiblicos.com.br\/index.php\/wp-json\/wp\/v2\/posts\/5313\/revisions"}],"wp:attachment":[{"href":"http:\/\/salmosbiblicos.com.br\/index.php\/wp-json\/wp\/v2\/media?parent=5313"}],"wp:term":[{"taxonomy":"category","embeddable":true,"href":"http:\/\/salmosbiblicos.com.br\/index.php\/wp-json\/wp\/v2\/categories?post=5313"},{"taxonomy":"post_tag","embeddable":true,"href":"http:\/\/salmosbiblicos.com.br\/index.php\/wp-json\/wp\/v2\/tags?post=5313"}],"curies":[{"name":"wp","href":"https:\/\/api.w.org\/{rel}","templated":true}]}}