{"id":5331,"date":"2025-05-27T08:07:01","date_gmt":"2025-05-27T11:07:01","guid":{"rendered":"https:\/\/salmosbiblicos.com.br\/?p=5331"},"modified":"2025-05-27T08:07:01","modified_gmt":"2025-05-27T11:07:01","slug":"fortalecendo-a-fe-uma-oracao-de-gratidao-e-confianca-em-deus-6","status":"publish","type":"post","link":"http:\/\/salmosbiblicos.com.br\/index.php\/2025\/05\/27\/fortalecendo-a-fe-uma-oracao-de-gratidao-e-confianca-em-deus-6\/","title":{"rendered":"Fortalecendo a F\u00e9: Uma Ora\u00e7\u00e3o de Gratid\u00e3o e Confian\u00e7a em Deus"},"content":{"rendered":"<p>Querido Deus,<\/p>\n<p>Hoje eu quero me dirigir a Ti com um cora\u00e7\u00e3o cheio de gratid\u00e3o e amor. Agrade\u00e7o por mais um dia de vida que me foi concedido, por cada respira\u00e7\u00e3o, por cada batida do meu cora\u00e7\u00e3o. Obrigado por estar sempre ao meu lado, mesmo nos momentos em que eu me sinto sozinho.<\/p>\n<p>Senhor, neste momento eu pe\u00e7o que fortale\u00e7as a minha f\u00e9. Que eu possa confiar em Ti, mesmo nos momentos de dificuldade e incerteza. Ajuda-me a lembrar que Tu tens um plano para mim, e que tudo o que acontece em minha vida faz parte desse plano.<\/p>\n<p>Que a Tua luz ilumine o meu caminho, e que a Tua paz acalme o meu cora\u00e7\u00e3o inquieto. Que eu possa sentir a Tua presen\u00e7a em cada passo que eu der, e que eu possa encontrar consolo em Ti nos momentos de dor e tristeza.<\/p>\n<p>Senhor, pe\u00e7o tamb\u00e9m por aqueles que est\u00e3o sofrendo neste momento. Que a Tua miseric\u00f3rdia os alcance, e que eles sintam o Teu amor em meio \u00e0 dor. Que a esperan\u00e7a renas\u00e7a em seus cora\u00e7\u00f5es, e que eles encontrem for\u00e7as para seguir em frente, sabendo que Tu est\u00e1s ao lado deles.<\/p>\n<p>Que a minha f\u00e9 seja como uma rocha inabal\u00e1vel, sustentada pela Tua gra\u00e7a e amor infinitos. Que eu possa entregar a Ti todas as minhas preocupa\u00e7\u00f5es e medos, confiando que Tu est\u00e1s no controle de todas as coisas.<\/p>\n<p>Que a Tua paz, que excede todo entendimento, encha o meu cora\u00e7\u00e3o e me fa\u00e7a sentir seguro em Ti. A Ti entrego a minha vida, a minha f\u00e9 e a minha esperan\u00e7a.<\/p>\n<p>Am\u00e9m.<\/p>\n<p>Que a luz de Deus guie o nosso caminho e a Sua paz encha os nossos cora\u00e7\u00f5es.<\/p>\n","protected":false},"excerpt":{"rendered":"<p>Querido Deus, Hoje eu quero me dirigir a Ti com um cora\u00e7\u00e3o cheio de gratid\u00e3o e amor. Agrade\u00e7o por mais um dia de vida que me foi concedido, por cada respira\u00e7\u00e3o, por cada batida do meu cora\u00e7\u00e3o. Obrigado por estar sempre ao meu lado, mesmo nos momentos em que eu me sinto sozinho. Senhor, neste [&hellip;]<\/p>\n","protected":false},"author":2,"featured_media":0,"comment_status":"closed","ping_status":"open","sticky":false,"template":"","format":"standard","meta":{"footnotes":""},"categories":[8],"tags":[],"class_list":["post-5331","post","type-post","status-publish","format-standard","hentry","category-oracao-do-dia"],"yoast_head":"<!-- This site is optimized with the Yoast SEO plugin v27.2 - https:\/\/yoast.com\/product\/yoast-seo-wordpress\/ -->\n<title>Fortalecendo a F\u00e9: Uma Ora\u00e7\u00e3o de Gratid\u00e3o e Confian\u00e7a em Deus - Salmos B\u00edblicos<\/title>\n<meta name=\"robots\" content=\"index, follow, max-snippet:-1, max-image-preview:large, max-video-preview:-1\" \/>\n<link rel=\"canonical\" href=\"http:\/\/salmosbiblicos.com.br\/index.php\/2025\/05\/27\/fortalecendo-a-fe-uma-oracao-de-gratidao-e-confianca-em-deus-6\/\" \/>\n<meta property=\"og:locale\" content=\"pt_BR\" \/>\n<meta property=\"og:type\" content=\"article\" \/>\n<meta property=\"og:title\" content=\"Fortalecendo a F\u00e9: Uma Ora\u00e7\u00e3o de Gratid\u00e3o e Confian\u00e7a em Deus - Salmos B\u00edblicos\" \/>\n<meta property=\"og:description\" content=\"Querido Deus, Hoje eu quero me dirigir a Ti com um cora\u00e7\u00e3o cheio de gratid\u00e3o e amor. Agrade\u00e7o por mais um dia de vida que me foi concedido, por cada respira\u00e7\u00e3o, por cada batida do meu cora\u00e7\u00e3o. Obrigado por estar sempre ao meu lado, mesmo nos momentos em que eu me sinto sozinho. Senhor, neste [&hellip;]\" \/>\n<meta property=\"og:url\" content=\"http:\/\/salmosbiblicos.com.br\/index.php\/2025\/05\/27\/fortalecendo-a-fe-uma-oracao-de-gratidao-e-confianca-em-deus-6\/\" \/>\n<meta property=\"og:site_name\" content=\"Salmos B\u00edblicos\" \/>\n<meta property=\"article:published_time\" content=\"2025-05-27T11:07:01+00:00\" \/>\n<meta name=\"author\" content=\"Irmao\" \/>\n<meta name=\"twitter:card\" content=\"summary_large_image\" \/>\n<meta name=\"twitter:label1\" content=\"Escrito por\" \/>\n\t<meta name=\"twitter:data1\" content=\"Irmao\" \/>\n\t<meta name=\"twitter:label2\" content=\"Est. tempo de leitura\" \/>\n\t<meta name=\"twitter:data2\" content=\"2 minutos\" \/>\n<script type=\"application\/ld+json\" class=\"yoast-schema-graph\">{\"@context\":\"https:\/\/schema.org\",\"@graph\":[{\"@type\":\"Article\",\"@id\":\"http:\/\/salmosbiblicos.com.br\/index.php\/2025\/05\/27\/fortalecendo-a-fe-uma-oracao-de-gratidao-e-confianca-em-deus-6\/#article\",\"isPartOf\":{\"@id\":\"http:\/\/salmosbiblicos.com.br\/index.php\/2025\/05\/27\/fortalecendo-a-fe-uma-oracao-de-gratidao-e-confianca-em-deus-6\/\"},\"author\":{\"name\":\"Irmao\",\"@id\":\"https:\/\/salmosbiblicos.com.br\/#\/schema\/person\/760735259ba35f1e44e89c71c72d79da\"},\"headline\":\"Fortalecendo a F\u00e9: Uma Ora\u00e7\u00e3o de Gratid\u00e3o e Confian\u00e7a em Deus\",\"datePublished\":\"2025-05-27T11:07:01+00:00\",\"mainEntityOfPage\":{\"@id\":\"http:\/\/salmosbiblicos.com.br\/index.php\/2025\/05\/27\/fortalecendo-a-fe-uma-oracao-de-gratidao-e-confianca-em-deus-6\/\"},\"wordCount\":322,\"articleSection\":[\"Ora\u00e7\u00e3o do Dia\"],\"inLanguage\":\"pt-BR\"},{\"@type\":\"WebPage\",\"@id\":\"http:\/\/salmosbiblicos.com.br\/index.php\/2025\/05\/27\/fortalecendo-a-fe-uma-oracao-de-gratidao-e-confianca-em-deus-6\/\",\"url\":\"http:\/\/salmosbiblicos.com.br\/index.php\/2025\/05\/27\/fortalecendo-a-fe-uma-oracao-de-gratidao-e-confianca-em-deus-6\/\",\"name\":\"Fortalecendo a F\u00e9: Uma Ora\u00e7\u00e3o de Gratid\u00e3o e Confian\u00e7a em Deus - Salmos B\u00edblicos\",\"isPartOf\":{\"@id\":\"https:\/\/salmosbiblicos.com.br\/#website\"},\"datePublished\":\"2025-05-27T11:07:01+00:00\",\"author\":{\"@id\":\"https:\/\/salmosbiblicos.com.br\/#\/schema\/person\/760735259ba35f1e44e89c71c72d79da\"},\"breadcrumb\":{\"@id\":\"http:\/\/salmosbiblicos.com.br\/index.php\/2025\/05\/27\/fortalecendo-a-fe-uma-oracao-de-gratidao-e-confianca-em-deus-6\/#breadcrumb\"},\"inLanguage\":\"pt-BR\",\"potentialAction\":[{\"@type\":\"ReadAction\",\"target\":[\"http:\/\/salmosbiblicos.com.br\/index.php\/2025\/05\/27\/fortalecendo-a-fe-uma-oracao-de-gratidao-e-confianca-em-deus-6\/\"]}]},{\"@type\":\"BreadcrumbList\",\"@id\":\"http:\/\/salmosbiblicos.com.br\/index.php\/2025\/05\/27\/fortalecendo-a-fe-uma-oracao-de-gratidao-e-confianca-em-deus-6\/#breadcrumb\",\"itemListElement\":[{\"@type\":\"ListItem\",\"position\":1,\"name\":\"Home\",\"item\":\"https:\/\/salmosbiblicos.com.br\/\"},{\"@type\":\"ListItem\",\"position\":2,\"name\":\"Fortalecendo a F\u00e9: Uma Ora\u00e7\u00e3o de Gratid\u00e3o e Confian\u00e7a em Deus\"}]},{\"@type\":\"WebSite\",\"@id\":\"https:\/\/salmosbiblicos.com.br\/#website\",\"url\":\"https:\/\/salmosbiblicos.com.br\/\",\"name\":\"Salmos B\u00edblicos\",\"description\":\"Uma e-Livraria com e-Books novos para voc\u00ea refletir.\",\"potentialAction\":[{\"@type\":\"SearchAction\",\"target\":{\"@type\":\"EntryPoint\",\"urlTemplate\":\"https:\/\/salmosbiblicos.com.br\/?s={search_term_string}\"},\"query-input\":{\"@type\":\"PropertyValueSpecification\",\"valueRequired\":true,\"valueName\":\"search_term_string\"}}],\"inLanguage\":\"pt-BR\"},{\"@type\":\"Person\",\"@id\":\"https:\/\/salmosbiblicos.com.br\/#\/schema\/person\/760735259ba35f1e44e89c71c72d79da\",\"name\":\"Irmao\",\"image\":{\"@type\":\"ImageObject\",\"inLanguage\":\"pt-BR\",\"@id\":\"https:\/\/secure.gravatar.com\/avatar\/?s=96&d=mm&r=g\",\"url\":\"https:\/\/secure.gravatar.com\/avatar\/?s=96&d=mm&r=g\",\"contentUrl\":\"https:\/\/secure.gravatar.com\/avatar\/?s=96&d=mm&r=g\",\"caption\":\"Irmao\"},\"url\":\"http:\/\/salmosbiblicos.com.br\/index.php\/author\/irmao\/\"}]}<\/script>\n<!-- \/ Yoast SEO plugin. -->","yoast_head_json":{"title":"Fortalecendo a F\u00e9: Uma Ora\u00e7\u00e3o de Gratid\u00e3o e Confian\u00e7a em Deus - Salmos B\u00edblicos","robots":{"index":"index","follow":"follow","max-snippet":"max-snippet:-1","max-image-preview":"max-image-preview:large","max-video-preview":"max-video-preview:-1"},"canonical":"http:\/\/salmosbiblicos.com.br\/index.php\/2025\/05\/27\/fortalecendo-a-fe-uma-oracao-de-gratidao-e-confianca-em-deus-6\/","og_locale":"pt_BR","og_type":"article","og_title":"Fortalecendo a F\u00e9: Uma Ora\u00e7\u00e3o de Gratid\u00e3o e Confian\u00e7a em Deus - Salmos B\u00edblicos","og_description":"Querido Deus, Hoje eu quero me dirigir a Ti com um cora\u00e7\u00e3o cheio de gratid\u00e3o e amor. Agrade\u00e7o por mais um dia de vida que me foi concedido, por cada respira\u00e7\u00e3o, por cada batida do meu cora\u00e7\u00e3o. Obrigado por estar sempre ao meu lado, mesmo nos momentos em que eu me sinto sozinho. Senhor, neste [&hellip;]","og_url":"http:\/\/salmosbiblicos.com.br\/index.php\/2025\/05\/27\/fortalecendo-a-fe-uma-oracao-de-gratidao-e-confianca-em-deus-6\/","og_site_name":"Salmos B\u00edblicos","article_published_time":"2025-05-27T11:07:01+00:00","author":"Irmao","twitter_card":"summary_large_image","twitter_misc":{"Escrito por":"Irmao","Est. tempo de leitura":"2 minutos"},"schema":{"@context":"https:\/\/schema.org","@graph":[{"@type":"Article","@id":"http:\/\/salmosbiblicos.com.br\/index.php\/2025\/05\/27\/fortalecendo-a-fe-uma-oracao-de-gratidao-e-confianca-em-deus-6\/#article","isPartOf":{"@id":"http:\/\/salmosbiblicos.com.br\/index.php\/2025\/05\/27\/fortalecendo-a-fe-uma-oracao-de-gratidao-e-confianca-em-deus-6\/"},"author":{"name":"Irmao","@id":"https:\/\/salmosbiblicos.com.br\/#\/schema\/person\/760735259ba35f1e44e89c71c72d79da"},"headline":"Fortalecendo a F\u00e9: Uma Ora\u00e7\u00e3o de Gratid\u00e3o e Confian\u00e7a em Deus","datePublished":"2025-05-27T11:07:01+00:00","mainEntityOfPage":{"@id":"http:\/\/salmosbiblicos.com.br\/index.php\/2025\/05\/27\/fortalecendo-a-fe-uma-oracao-de-gratidao-e-confianca-em-deus-6\/"},"wordCount":322,"articleSection":["Ora\u00e7\u00e3o do Dia"],"inLanguage":"pt-BR"},{"@type":"WebPage","@id":"http:\/\/salmosbiblicos.com.br\/index.php\/2025\/05\/27\/fortalecendo-a-fe-uma-oracao-de-gratidao-e-confianca-em-deus-6\/","url":"http:\/\/salmosbiblicos.com.br\/index.php\/2025\/05\/27\/fortalecendo-a-fe-uma-oracao-de-gratidao-e-confianca-em-deus-6\/","name":"Fortalecendo a F\u00e9: Uma Ora\u00e7\u00e3o de Gratid\u00e3o e Confian\u00e7a em Deus - Salmos B\u00edblicos","isPartOf":{"@id":"https:\/\/salmosbiblicos.com.br\/#website"},"datePublished":"2025-05-27T11:07:01+00:00","author":{"@id":"https:\/\/salmosbiblicos.com.br\/#\/schema\/person\/760735259ba35f1e44e89c71c72d79da"},"breadcrumb":{"@id":"http:\/\/salmosbiblicos.com.br\/index.php\/2025\/05\/27\/fortalecendo-a-fe-uma-oracao-de-gratidao-e-confianca-em-deus-6\/#breadcrumb"},"inLanguage":"pt-BR","potentialAction":[{"@type":"ReadAction","target":["http:\/\/salmosbiblicos.com.br\/index.php\/2025\/05\/27\/fortalecendo-a-fe-uma-oracao-de-gratidao-e-confianca-em-deus-6\/"]}]},{"@type":"BreadcrumbList","@id":"http:\/\/salmosbiblicos.com.br\/index.php\/2025\/05\/27\/fortalecendo-a-fe-uma-oracao-de-gratidao-e-confianca-em-deus-6\/#breadcrumb","itemListElement":[{"@type":"ListItem","position":1,"name":"Home","item":"https:\/\/salmosbiblicos.com.br\/"},{"@type":"ListItem","position":2,"name":"Fortalecendo a F\u00e9: Uma Ora\u00e7\u00e3o de Gratid\u00e3o e Confian\u00e7a em Deus"}]},{"@type":"WebSite","@id":"https:\/\/salmosbiblicos.com.br\/#website","url":"https:\/\/salmosbiblicos.com.br\/","name":"Salmos B\u00edblicos","description":"Uma e-Livraria com e-Books novos para voc\u00ea refletir.","potentialAction":[{"@type":"SearchAction","target":{"@type":"EntryPoint","urlTemplate":"https:\/\/salmosbiblicos.com.br\/?s={search_term_string}"},"query-input":{"@type":"PropertyValueSpecification","valueRequired":true,"valueName":"search_term_string"}}],"inLanguage":"pt-BR"},{"@type":"Person","@id":"https:\/\/salmosbiblicos.com.br\/#\/schema\/person\/760735259ba35f1e44e89c71c72d79da","name":"Irmao","image":{"@type":"ImageObject","inLanguage":"pt-BR","@id":"https:\/\/secure.gravatar.com\/avatar\/?s=96&d=mm&r=g","url":"https:\/\/secure.gravatar.com\/avatar\/?s=96&d=mm&r=g","contentUrl":"https:\/\/secure.gravatar.com\/avatar\/?s=96&d=mm&r=g","caption":"Irmao"},"url":"http:\/\/salmosbiblicos.com.br\/index.php\/author\/irmao\/"}]}},"_links":{"self":[{"href":"http:\/\/salmosbiblicos.com.br\/index.php\/wp-json\/wp\/v2\/posts\/5331","targetHints":{"allow":["GET"]}}],"collection":[{"href":"http:\/\/salmosbiblicos.com.br\/index.php\/wp-json\/wp\/v2\/posts"}],"about":[{"href":"http:\/\/salmosbiblicos.com.br\/index.php\/wp-json\/wp\/v2\/types\/post"}],"author":[{"embeddable":true,"href":"http:\/\/salmosbiblicos.com.br\/index.php\/wp-json\/wp\/v2\/users\/2"}],"replies":[{"embeddable":true,"href":"http:\/\/salmosbiblicos.com.br\/index.php\/wp-json\/wp\/v2\/comments?post=5331"}],"version-history":[{"count":0,"href":"http:\/\/salmosbiblicos.com.br\/index.php\/wp-json\/wp\/v2\/posts\/5331\/revisions"}],"wp:attachment":[{"href":"http:\/\/salmosbiblicos.com.br\/index.php\/wp-json\/wp\/v2\/media?parent=5331"}],"wp:term":[{"taxonomy":"category","embeddable":true,"href":"http:\/\/salmosbiblicos.com.br\/index.php\/wp-json\/wp\/v2\/categories?post=5331"},{"taxonomy":"post_tag","embeddable":true,"href":"http:\/\/salmosbiblicos.com.br\/index.php\/wp-json\/wp\/v2\/tags?post=5331"}],"curies":[{"name":"wp","href":"https:\/\/api.w.org\/{rel}","templated":true}]}}