{"id":5335,"date":"2025-05-27T08:07:16","date_gmt":"2025-05-27T11:07:16","guid":{"rendered":"https:\/\/salmosbiblicos.com.br\/?p=5335"},"modified":"2025-05-27T08:07:16","modified_gmt":"2025-05-27T11:07:16","slug":"reflexoes-e-oracoes-no-dia-de-finados-lembrando-e-honrando-os-que-partiram","status":"publish","type":"post","link":"http:\/\/salmosbiblicos.com.br\/index.php\/2025\/05\/27\/reflexoes-e-oracoes-no-dia-de-finados-lembrando-e-honrando-os-que-partiram\/","title":{"rendered":"Reflex\u00f5es e Ora\u00e7\u00f5es no Dia de Finados: Lembrando e Honrando os que Partiram"},"content":{"rendered":"<p>Uma das datas mais significativas do calend\u00e1rio religioso Cat\u00f3lico \u00e9 o Dia de Finados, celebrado em 2 de novembro. Esta data tem origem na tradi\u00e7\u00e3o crist\u00e3 de lembrar e rezar pelas almas daqueles que j\u00e1 faleceram, especialmente aqueles que est\u00e3o no Purgat\u00f3rio, aguardando a purifica\u00e7\u00e3o de suas almas para alcan\u00e7ar a vida eterna ao lado de Deus.<\/p>\n<p>O Dia de Finados \u00e9 um momento de reflex\u00e3o sobre a vida e a morte, sobre a passagem do tempo e a transitoriedade da exist\u00eancia terrena. \u00c9 um momento para lembrarmos daqueles que j\u00e1 partiram, para rezarmos por eles e para refletirmos sobre o nosso pr\u00f3prio destino ap\u00f3s a morte.<\/p>\n<p>O simbolismo desta data nos convida a olhar para al\u00e9m das coisas materiais e ef\u00eameras, para nos conectarmos com o que \u00e9 eterno e verdadeiro. \u00c9 um convite \u00e0 reflex\u00e3o sobre a import\u00e2ncia de cultivar valores espirituais e morais, de vivermos de acordo com a vontade de Deus e de nos prepararmos para o encontro com Ele no momento da nossa morte.<\/p>\n<p>Neste Dia de Finados, sugiro que dediquemos um momento de sil\u00eancio e ora\u00e7\u00e3o para lembrar daqueles que j\u00e1 partiram, para agradecer por suas vidas e para pedir a Deus que os acolha em sua miseric\u00f3rdia. Que possamos tamb\u00e9m refletir sobre a nossa pr\u00f3pria vida, sobre o que temos feito para crescer espiritualmente e para viver de acordo com os ensinamentos de Cristo.<\/p>\n<p>Que possamos aproveitar este momento para nos reconciliarmos com aqueles com quem temos m\u00e1goas ou desaven\u00e7as, para perdoarmos e sermos perdoados, para vivermos em paz e em harmonia com o pr\u00f3ximo. Que possamos tamb\u00e9m lembrar da brevidade da vida terrena e da import\u00e2ncia de vivermos de forma significativa, deixando um legado de amor, bondade e justi\u00e7a.<\/p>\n<p>Que o Dia de Finados seja para n\u00f3s um momento de renova\u00e7\u00e3o espiritual, de fortalecimento da f\u00e9 e de consci\u00eancia da nossa pr\u00f3pria finitude. Que possamos viver cada dia como se fosse o \u00faltimo, buscando crescer em virtude e em santidade, para que, quando chegar a nossa hora, possamos partir deste mundo em paz, confiantes na miseric\u00f3rdia de Deus e na promessa da vida eterna. Am\u00e9m.<\/p>\n","protected":false},"excerpt":{"rendered":"<p>Uma das datas mais significativas do calend\u00e1rio religioso Cat\u00f3lico \u00e9 o Dia de Finados, celebrado em 2 de novembro. Esta data tem origem na tradi\u00e7\u00e3o crist\u00e3 de lembrar e rezar pelas almas daqueles que j\u00e1 faleceram, especialmente aqueles que est\u00e3o no Purgat\u00f3rio, aguardando a purifica\u00e7\u00e3o de suas almas para alcan\u00e7ar a vida eterna ao lado [&hellip;]<\/p>\n","protected":false},"author":2,"featured_media":0,"comment_status":"closed","ping_status":"open","sticky":false,"template":"","format":"standard","meta":{"footnotes":""},"categories":[9],"tags":[],"class_list":["post-5335","post","type-post","status-publish","format-standard","hentry","category-data-religiosa"],"yoast_head":"<!-- This site is optimized with the Yoast SEO plugin v27.2 - https:\/\/yoast.com\/product\/yoast-seo-wordpress\/ -->\n<title>Reflex\u00f5es e Ora\u00e7\u00f5es no Dia de Finados: Lembrando e Honrando os que Partiram - Salmos B\u00edblicos<\/title>\n<meta name=\"robots\" content=\"index, follow, max-snippet:-1, max-image-preview:large, max-video-preview:-1\" \/>\n<link rel=\"canonical\" href=\"http:\/\/salmosbiblicos.com.br\/index.php\/2025\/05\/27\/reflexoes-e-oracoes-no-dia-de-finados-lembrando-e-honrando-os-que-partiram\/\" \/>\n<meta property=\"og:locale\" content=\"pt_BR\" \/>\n<meta property=\"og:type\" content=\"article\" \/>\n<meta property=\"og:title\" content=\"Reflex\u00f5es e Ora\u00e7\u00f5es no Dia de Finados: Lembrando e Honrando os que Partiram - Salmos B\u00edblicos\" \/>\n<meta property=\"og:description\" content=\"Uma das datas mais significativas do calend\u00e1rio religioso Cat\u00f3lico \u00e9 o Dia de Finados, celebrado em 2 de novembro. Esta data tem origem na tradi\u00e7\u00e3o crist\u00e3 de lembrar e rezar pelas almas daqueles que j\u00e1 faleceram, especialmente aqueles que est\u00e3o no Purgat\u00f3rio, aguardando a purifica\u00e7\u00e3o de suas almas para alcan\u00e7ar a vida eterna ao lado [&hellip;]\" \/>\n<meta property=\"og:url\" content=\"http:\/\/salmosbiblicos.com.br\/index.php\/2025\/05\/27\/reflexoes-e-oracoes-no-dia-de-finados-lembrando-e-honrando-os-que-partiram\/\" \/>\n<meta property=\"og:site_name\" content=\"Salmos B\u00edblicos\" \/>\n<meta property=\"article:published_time\" content=\"2025-05-27T11:07:16+00:00\" \/>\n<meta name=\"author\" content=\"Irmao\" \/>\n<meta name=\"twitter:card\" content=\"summary_large_image\" \/>\n<meta name=\"twitter:label1\" content=\"Escrito por\" \/>\n\t<meta name=\"twitter:data1\" content=\"Irmao\" \/>\n\t<meta name=\"twitter:label2\" content=\"Est. tempo de leitura\" \/>\n\t<meta name=\"twitter:data2\" content=\"2 minutos\" \/>\n<script type=\"application\/ld+json\" class=\"yoast-schema-graph\">{\"@context\":\"https:\/\/schema.org\",\"@graph\":[{\"@type\":\"Article\",\"@id\":\"http:\/\/salmosbiblicos.com.br\/index.php\/2025\/05\/27\/reflexoes-e-oracoes-no-dia-de-finados-lembrando-e-honrando-os-que-partiram\/#article\",\"isPartOf\":{\"@id\":\"http:\/\/salmosbiblicos.com.br\/index.php\/2025\/05\/27\/reflexoes-e-oracoes-no-dia-de-finados-lembrando-e-honrando-os-que-partiram\/\"},\"author\":{\"name\":\"Irmao\",\"@id\":\"https:\/\/salmosbiblicos.com.br\/#\/schema\/person\/760735259ba35f1e44e89c71c72d79da\"},\"headline\":\"Reflex\u00f5es e Ora\u00e7\u00f5es no Dia de Finados: Lembrando e Honrando os que Partiram\",\"datePublished\":\"2025-05-27T11:07:16+00:00\",\"mainEntityOfPage\":{\"@id\":\"http:\/\/salmosbiblicos.com.br\/index.php\/2025\/05\/27\/reflexoes-e-oracoes-no-dia-de-finados-lembrando-e-honrando-os-que-partiram\/\"},\"wordCount\":393,\"articleSection\":[\"Data Religiosa\"],\"inLanguage\":\"pt-BR\"},{\"@type\":\"WebPage\",\"@id\":\"http:\/\/salmosbiblicos.com.br\/index.php\/2025\/05\/27\/reflexoes-e-oracoes-no-dia-de-finados-lembrando-e-honrando-os-que-partiram\/\",\"url\":\"http:\/\/salmosbiblicos.com.br\/index.php\/2025\/05\/27\/reflexoes-e-oracoes-no-dia-de-finados-lembrando-e-honrando-os-que-partiram\/\",\"name\":\"Reflex\u00f5es e Ora\u00e7\u00f5es no Dia de Finados: Lembrando e Honrando os que Partiram - Salmos B\u00edblicos\",\"isPartOf\":{\"@id\":\"https:\/\/salmosbiblicos.com.br\/#website\"},\"datePublished\":\"2025-05-27T11:07:16+00:00\",\"author\":{\"@id\":\"https:\/\/salmosbiblicos.com.br\/#\/schema\/person\/760735259ba35f1e44e89c71c72d79da\"},\"breadcrumb\":{\"@id\":\"http:\/\/salmosbiblicos.com.br\/index.php\/2025\/05\/27\/reflexoes-e-oracoes-no-dia-de-finados-lembrando-e-honrando-os-que-partiram\/#breadcrumb\"},\"inLanguage\":\"pt-BR\",\"potentialAction\":[{\"@type\":\"ReadAction\",\"target\":[\"http:\/\/salmosbiblicos.com.br\/index.php\/2025\/05\/27\/reflexoes-e-oracoes-no-dia-de-finados-lembrando-e-honrando-os-que-partiram\/\"]}]},{\"@type\":\"BreadcrumbList\",\"@id\":\"http:\/\/salmosbiblicos.com.br\/index.php\/2025\/05\/27\/reflexoes-e-oracoes-no-dia-de-finados-lembrando-e-honrando-os-que-partiram\/#breadcrumb\",\"itemListElement\":[{\"@type\":\"ListItem\",\"position\":1,\"name\":\"Home\",\"item\":\"https:\/\/salmosbiblicos.com.br\/\"},{\"@type\":\"ListItem\",\"position\":2,\"name\":\"Reflex\u00f5es e Ora\u00e7\u00f5es no Dia de Finados: Lembrando e Honrando os que Partiram\"}]},{\"@type\":\"WebSite\",\"@id\":\"https:\/\/salmosbiblicos.com.br\/#website\",\"url\":\"https:\/\/salmosbiblicos.com.br\/\",\"name\":\"Salmos B\u00edblicos\",\"description\":\"Uma e-Livraria com e-Books novos para voc\u00ea refletir.\",\"potentialAction\":[{\"@type\":\"SearchAction\",\"target\":{\"@type\":\"EntryPoint\",\"urlTemplate\":\"https:\/\/salmosbiblicos.com.br\/?s={search_term_string}\"},\"query-input\":{\"@type\":\"PropertyValueSpecification\",\"valueRequired\":true,\"valueName\":\"search_term_string\"}}],\"inLanguage\":\"pt-BR\"},{\"@type\":\"Person\",\"@id\":\"https:\/\/salmosbiblicos.com.br\/#\/schema\/person\/760735259ba35f1e44e89c71c72d79da\",\"name\":\"Irmao\",\"image\":{\"@type\":\"ImageObject\",\"inLanguage\":\"pt-BR\",\"@id\":\"https:\/\/secure.gravatar.com\/avatar\/?s=96&d=mm&r=g\",\"url\":\"https:\/\/secure.gravatar.com\/avatar\/?s=96&d=mm&r=g\",\"contentUrl\":\"https:\/\/secure.gravatar.com\/avatar\/?s=96&d=mm&r=g\",\"caption\":\"Irmao\"},\"url\":\"http:\/\/salmosbiblicos.com.br\/index.php\/author\/irmao\/\"}]}<\/script>\n<!-- \/ Yoast SEO plugin. -->","yoast_head_json":{"title":"Reflex\u00f5es e Ora\u00e7\u00f5es no Dia de Finados: Lembrando e Honrando os que Partiram - Salmos B\u00edblicos","robots":{"index":"index","follow":"follow","max-snippet":"max-snippet:-1","max-image-preview":"max-image-preview:large","max-video-preview":"max-video-preview:-1"},"canonical":"http:\/\/salmosbiblicos.com.br\/index.php\/2025\/05\/27\/reflexoes-e-oracoes-no-dia-de-finados-lembrando-e-honrando-os-que-partiram\/","og_locale":"pt_BR","og_type":"article","og_title":"Reflex\u00f5es e Ora\u00e7\u00f5es no Dia de Finados: Lembrando e Honrando os que Partiram - Salmos B\u00edblicos","og_description":"Uma das datas mais significativas do calend\u00e1rio religioso Cat\u00f3lico \u00e9 o Dia de Finados, celebrado em 2 de novembro. Esta data tem origem na tradi\u00e7\u00e3o crist\u00e3 de lembrar e rezar pelas almas daqueles que j\u00e1 faleceram, especialmente aqueles que est\u00e3o no Purgat\u00f3rio, aguardando a purifica\u00e7\u00e3o de suas almas para alcan\u00e7ar a vida eterna ao lado [&hellip;]","og_url":"http:\/\/salmosbiblicos.com.br\/index.php\/2025\/05\/27\/reflexoes-e-oracoes-no-dia-de-finados-lembrando-e-honrando-os-que-partiram\/","og_site_name":"Salmos B\u00edblicos","article_published_time":"2025-05-27T11:07:16+00:00","author":"Irmao","twitter_card":"summary_large_image","twitter_misc":{"Escrito por":"Irmao","Est. tempo de leitura":"2 minutos"},"schema":{"@context":"https:\/\/schema.org","@graph":[{"@type":"Article","@id":"http:\/\/salmosbiblicos.com.br\/index.php\/2025\/05\/27\/reflexoes-e-oracoes-no-dia-de-finados-lembrando-e-honrando-os-que-partiram\/#article","isPartOf":{"@id":"http:\/\/salmosbiblicos.com.br\/index.php\/2025\/05\/27\/reflexoes-e-oracoes-no-dia-de-finados-lembrando-e-honrando-os-que-partiram\/"},"author":{"name":"Irmao","@id":"https:\/\/salmosbiblicos.com.br\/#\/schema\/person\/760735259ba35f1e44e89c71c72d79da"},"headline":"Reflex\u00f5es e Ora\u00e7\u00f5es no Dia de Finados: Lembrando e Honrando os que Partiram","datePublished":"2025-05-27T11:07:16+00:00","mainEntityOfPage":{"@id":"http:\/\/salmosbiblicos.com.br\/index.php\/2025\/05\/27\/reflexoes-e-oracoes-no-dia-de-finados-lembrando-e-honrando-os-que-partiram\/"},"wordCount":393,"articleSection":["Data Religiosa"],"inLanguage":"pt-BR"},{"@type":"WebPage","@id":"http:\/\/salmosbiblicos.com.br\/index.php\/2025\/05\/27\/reflexoes-e-oracoes-no-dia-de-finados-lembrando-e-honrando-os-que-partiram\/","url":"http:\/\/salmosbiblicos.com.br\/index.php\/2025\/05\/27\/reflexoes-e-oracoes-no-dia-de-finados-lembrando-e-honrando-os-que-partiram\/","name":"Reflex\u00f5es e Ora\u00e7\u00f5es no Dia de Finados: Lembrando e Honrando os que Partiram - Salmos B\u00edblicos","isPartOf":{"@id":"https:\/\/salmosbiblicos.com.br\/#website"},"datePublished":"2025-05-27T11:07:16+00:00","author":{"@id":"https:\/\/salmosbiblicos.com.br\/#\/schema\/person\/760735259ba35f1e44e89c71c72d79da"},"breadcrumb":{"@id":"http:\/\/salmosbiblicos.com.br\/index.php\/2025\/05\/27\/reflexoes-e-oracoes-no-dia-de-finados-lembrando-e-honrando-os-que-partiram\/#breadcrumb"},"inLanguage":"pt-BR","potentialAction":[{"@type":"ReadAction","target":["http:\/\/salmosbiblicos.com.br\/index.php\/2025\/05\/27\/reflexoes-e-oracoes-no-dia-de-finados-lembrando-e-honrando-os-que-partiram\/"]}]},{"@type":"BreadcrumbList","@id":"http:\/\/salmosbiblicos.com.br\/index.php\/2025\/05\/27\/reflexoes-e-oracoes-no-dia-de-finados-lembrando-e-honrando-os-que-partiram\/#breadcrumb","itemListElement":[{"@type":"ListItem","position":1,"name":"Home","item":"https:\/\/salmosbiblicos.com.br\/"},{"@type":"ListItem","position":2,"name":"Reflex\u00f5es e Ora\u00e7\u00f5es no Dia de Finados: Lembrando e Honrando os que Partiram"}]},{"@type":"WebSite","@id":"https:\/\/salmosbiblicos.com.br\/#website","url":"https:\/\/salmosbiblicos.com.br\/","name":"Salmos B\u00edblicos","description":"Uma e-Livraria com e-Books novos para voc\u00ea refletir.","potentialAction":[{"@type":"SearchAction","target":{"@type":"EntryPoint","urlTemplate":"https:\/\/salmosbiblicos.com.br\/?s={search_term_string}"},"query-input":{"@type":"PropertyValueSpecification","valueRequired":true,"valueName":"search_term_string"}}],"inLanguage":"pt-BR"},{"@type":"Person","@id":"https:\/\/salmosbiblicos.com.br\/#\/schema\/person\/760735259ba35f1e44e89c71c72d79da","name":"Irmao","image":{"@type":"ImageObject","inLanguage":"pt-BR","@id":"https:\/\/secure.gravatar.com\/avatar\/?s=96&d=mm&r=g","url":"https:\/\/secure.gravatar.com\/avatar\/?s=96&d=mm&r=g","contentUrl":"https:\/\/secure.gravatar.com\/avatar\/?s=96&d=mm&r=g","caption":"Irmao"},"url":"http:\/\/salmosbiblicos.com.br\/index.php\/author\/irmao\/"}]}},"_links":{"self":[{"href":"http:\/\/salmosbiblicos.com.br\/index.php\/wp-json\/wp\/v2\/posts\/5335","targetHints":{"allow":["GET"]}}],"collection":[{"href":"http:\/\/salmosbiblicos.com.br\/index.php\/wp-json\/wp\/v2\/posts"}],"about":[{"href":"http:\/\/salmosbiblicos.com.br\/index.php\/wp-json\/wp\/v2\/types\/post"}],"author":[{"embeddable":true,"href":"http:\/\/salmosbiblicos.com.br\/index.php\/wp-json\/wp\/v2\/users\/2"}],"replies":[{"embeddable":true,"href":"http:\/\/salmosbiblicos.com.br\/index.php\/wp-json\/wp\/v2\/comments?post=5335"}],"version-history":[{"count":0,"href":"http:\/\/salmosbiblicos.com.br\/index.php\/wp-json\/wp\/v2\/posts\/5335\/revisions"}],"wp:attachment":[{"href":"http:\/\/salmosbiblicos.com.br\/index.php\/wp-json\/wp\/v2\/media?parent=5335"}],"wp:term":[{"taxonomy":"category","embeddable":true,"href":"http:\/\/salmosbiblicos.com.br\/index.php\/wp-json\/wp\/v2\/categories?post=5335"},{"taxonomy":"post_tag","embeddable":true,"href":"http:\/\/salmosbiblicos.com.br\/index.php\/wp-json\/wp\/v2\/tags?post=5335"}],"curies":[{"name":"wp","href":"https:\/\/api.w.org\/{rel}","templated":true}]}}