{"id":5337,"date":"2025-05-27T08:07:24","date_gmt":"2025-05-27T11:07:24","guid":{"rendered":"https:\/\/salmosbiblicos.com.br\/?p=5337"},"modified":"2025-05-27T08:07:24","modified_gmt":"2025-05-27T11:07:24","slug":"reflexoes-sobre-a-cruz-de-cristo-renovacao-e-esperanca-na-sexta-feira-santa","status":"publish","type":"post","link":"http:\/\/salmosbiblicos.com.br\/index.php\/2025\/05\/27\/reflexoes-sobre-a-cruz-de-cristo-renovacao-e-esperanca-na-sexta-feira-santa\/","title":{"rendered":"Reflex\u00f5es sobre a Cruz de Cristo: Renova\u00e7\u00e3o e Esperan\u00e7a na Sexta-feira Santa"},"content":{"rendered":"<p>Uma das datas mais significativas do calend\u00e1rio religioso cat\u00f3lico \u00e9 a Sexta-feira Santa, que marca a crucifica\u00e7\u00e3o e morte de Jesus Cristo, o Filho de Deus. Neste dia, os fi\u00e9is s\u00e3o convidados a refletir sobre o sacrif\u00edcio de Jesus em nome da humanidade e a renovar sua f\u00e9 e compromisso com os ensinamentos do Evangelho.<\/p>\n<p>A origem da Sexta-feira Santa remonta ao s\u00e9culo IV, quando a Igreja Cat\u00f3lica instituiu a celebra\u00e7\u00e3o da Paix\u00e3o e Morte de Cristo como parte das comemora\u00e7\u00f5es da Semana Santa. \u00c9 um dia de luto e reflex\u00e3o, no qual os fi\u00e9is s\u00e3o convidados a participar de servi\u00e7os religiosos especiais, como a Via Sacra e a Liturgia da Paix\u00e3o.<\/p>\n<p>O simbolismo da Sexta-feira Santa est\u00e1 intimamente ligado ao sacrif\u00edcio de Jesus na cruz. A crucifica\u00e7\u00e3o representa o \u00e1pice do amor de Deus pela humanidade, que enviou seu Filho para morrer pelos pecados do mundo. \u00c9 um momento de profunda medita\u00e7\u00e3o sobre a reden\u00e7\u00e3o e a salva\u00e7\u00e3o que Cristo oferece a todos os que nele creem.<\/p>\n<p>Neste dia, somos convidados a olhar para a cruz de Cristo n\u00e3o apenas como um s\u00edmbolo de sofrimento, mas como um sinal de esperan\u00e7a e vida eterna. \u00c9 um lembrete do amor incondicional de Deus por cada um de n\u00f3s e da necessidade de nos arrependermos de nossos pecados e nos reconciliarmos com Ele.<\/p>\n<p>Como reflex\u00e3o para este dia t\u00e3o especial, sugiro que cada um de n\u00f3s reserve um momento de sil\u00eancio para meditar sobre o significado da cruz de Cristo em nossas vidas. Que possamos reconhecer a imensid\u00e3o do amor de Deus por n\u00f3s e renovar nossa f\u00e9 e compromisso com o Evangelho. Que a Sexta-feira Santa seja um convite para nos aproximarmos de Deus, para nos arrependermos de nossos pecados e para nos reconciliarmos com Ele e com o pr\u00f3ximo.<\/p>\n<p>Que a cruz de Cristo seja para n\u00f3s um sinal de esperan\u00e7a e de vida, um lembrete do sacrif\u00edcio que Ele fez por n\u00f3s e da promessa de salva\u00e7\u00e3o que Ele nos oferece. Que possamos viver cada dia \u00e0 luz da cruz, seguindo os passos de Jesus e testemunhando o Seu amor ao mundo.<\/p>\n<p>Que a Sexta-feira Santa seja para todos n\u00f3s um dia de renova\u00e7\u00e3o espiritual e de encontro com o Cristo crucificado, que nos convida a segui-Lo no caminho da cruz e da ressurrei\u00e7\u00e3o. Am\u00e9m.<\/p>\n","protected":false},"excerpt":{"rendered":"<p>Uma das datas mais significativas do calend\u00e1rio religioso cat\u00f3lico \u00e9 a Sexta-feira Santa, que marca a crucifica\u00e7\u00e3o e morte de Jesus Cristo, o Filho de Deus. Neste dia, os fi\u00e9is s\u00e3o convidados a refletir sobre o sacrif\u00edcio de Jesus em nome da humanidade e a renovar sua f\u00e9 e compromisso com os ensinamentos do Evangelho. [&hellip;]<\/p>\n","protected":false},"author":2,"featured_media":0,"comment_status":"closed","ping_status":"open","sticky":false,"template":"","format":"standard","meta":{"footnotes":""},"categories":[9],"tags":[],"class_list":["post-5337","post","type-post","status-publish","format-standard","hentry","category-data-religiosa"],"yoast_head":"<!-- This site is optimized with the Yoast SEO plugin v27.2 - https:\/\/yoast.com\/product\/yoast-seo-wordpress\/ -->\n<title>Reflex\u00f5es sobre a Cruz de Cristo: Renova\u00e7\u00e3o e Esperan\u00e7a na Sexta-feira Santa - Salmos B\u00edblicos<\/title>\n<meta name=\"robots\" content=\"index, follow, max-snippet:-1, max-image-preview:large, max-video-preview:-1\" \/>\n<link rel=\"canonical\" href=\"http:\/\/salmosbiblicos.com.br\/index.php\/2025\/05\/27\/reflexoes-sobre-a-cruz-de-cristo-renovacao-e-esperanca-na-sexta-feira-santa\/\" \/>\n<meta property=\"og:locale\" content=\"pt_BR\" \/>\n<meta property=\"og:type\" content=\"article\" \/>\n<meta property=\"og:title\" content=\"Reflex\u00f5es sobre a Cruz de Cristo: Renova\u00e7\u00e3o e Esperan\u00e7a na Sexta-feira Santa - Salmos B\u00edblicos\" \/>\n<meta property=\"og:description\" content=\"Uma das datas mais significativas do calend\u00e1rio religioso cat\u00f3lico \u00e9 a Sexta-feira Santa, que marca a crucifica\u00e7\u00e3o e morte de Jesus Cristo, o Filho de Deus. Neste dia, os fi\u00e9is s\u00e3o convidados a refletir sobre o sacrif\u00edcio de Jesus em nome da humanidade e a renovar sua f\u00e9 e compromisso com os ensinamentos do Evangelho. [&hellip;]\" \/>\n<meta property=\"og:url\" content=\"http:\/\/salmosbiblicos.com.br\/index.php\/2025\/05\/27\/reflexoes-sobre-a-cruz-de-cristo-renovacao-e-esperanca-na-sexta-feira-santa\/\" \/>\n<meta property=\"og:site_name\" content=\"Salmos B\u00edblicos\" \/>\n<meta property=\"article:published_time\" content=\"2025-05-27T11:07:24+00:00\" \/>\n<meta name=\"author\" content=\"Irmao\" \/>\n<meta name=\"twitter:card\" content=\"summary_large_image\" \/>\n<meta name=\"twitter:label1\" content=\"Escrito por\" \/>\n\t<meta name=\"twitter:data1\" content=\"Irmao\" \/>\n\t<meta name=\"twitter:label2\" content=\"Est. tempo de leitura\" \/>\n\t<meta name=\"twitter:data2\" content=\"2 minutos\" \/>\n<script type=\"application\/ld+json\" class=\"yoast-schema-graph\">{\"@context\":\"https:\/\/schema.org\",\"@graph\":[{\"@type\":\"Article\",\"@id\":\"http:\/\/salmosbiblicos.com.br\/index.php\/2025\/05\/27\/reflexoes-sobre-a-cruz-de-cristo-renovacao-e-esperanca-na-sexta-feira-santa\/#article\",\"isPartOf\":{\"@id\":\"http:\/\/salmosbiblicos.com.br\/index.php\/2025\/05\/27\/reflexoes-sobre-a-cruz-de-cristo-renovacao-e-esperanca-na-sexta-feira-santa\/\"},\"author\":{\"name\":\"Irmao\",\"@id\":\"https:\/\/salmosbiblicos.com.br\/#\/schema\/person\/760735259ba35f1e44e89c71c72d79da\"},\"headline\":\"Reflex\u00f5es sobre a Cruz de Cristo: Renova\u00e7\u00e3o e Esperan\u00e7a na Sexta-feira Santa\",\"datePublished\":\"2025-05-27T11:07:24+00:00\",\"mainEntityOfPage\":{\"@id\":\"http:\/\/salmosbiblicos.com.br\/index.php\/2025\/05\/27\/reflexoes-sobre-a-cruz-de-cristo-renovacao-e-esperanca-na-sexta-feira-santa\/\"},\"wordCount\":438,\"articleSection\":[\"Data Religiosa\"],\"inLanguage\":\"pt-BR\"},{\"@type\":\"WebPage\",\"@id\":\"http:\/\/salmosbiblicos.com.br\/index.php\/2025\/05\/27\/reflexoes-sobre-a-cruz-de-cristo-renovacao-e-esperanca-na-sexta-feira-santa\/\",\"url\":\"http:\/\/salmosbiblicos.com.br\/index.php\/2025\/05\/27\/reflexoes-sobre-a-cruz-de-cristo-renovacao-e-esperanca-na-sexta-feira-santa\/\",\"name\":\"Reflex\u00f5es sobre a Cruz de Cristo: Renova\u00e7\u00e3o e Esperan\u00e7a na Sexta-feira Santa - Salmos B\u00edblicos\",\"isPartOf\":{\"@id\":\"https:\/\/salmosbiblicos.com.br\/#website\"},\"datePublished\":\"2025-05-27T11:07:24+00:00\",\"author\":{\"@id\":\"https:\/\/salmosbiblicos.com.br\/#\/schema\/person\/760735259ba35f1e44e89c71c72d79da\"},\"breadcrumb\":{\"@id\":\"http:\/\/salmosbiblicos.com.br\/index.php\/2025\/05\/27\/reflexoes-sobre-a-cruz-de-cristo-renovacao-e-esperanca-na-sexta-feira-santa\/#breadcrumb\"},\"inLanguage\":\"pt-BR\",\"potentialAction\":[{\"@type\":\"ReadAction\",\"target\":[\"http:\/\/salmosbiblicos.com.br\/index.php\/2025\/05\/27\/reflexoes-sobre-a-cruz-de-cristo-renovacao-e-esperanca-na-sexta-feira-santa\/\"]}]},{\"@type\":\"BreadcrumbList\",\"@id\":\"http:\/\/salmosbiblicos.com.br\/index.php\/2025\/05\/27\/reflexoes-sobre-a-cruz-de-cristo-renovacao-e-esperanca-na-sexta-feira-santa\/#breadcrumb\",\"itemListElement\":[{\"@type\":\"ListItem\",\"position\":1,\"name\":\"Home\",\"item\":\"https:\/\/salmosbiblicos.com.br\/\"},{\"@type\":\"ListItem\",\"position\":2,\"name\":\"Reflex\u00f5es sobre a Cruz de Cristo: Renova\u00e7\u00e3o e Esperan\u00e7a na Sexta-feira Santa\"}]},{\"@type\":\"WebSite\",\"@id\":\"https:\/\/salmosbiblicos.com.br\/#website\",\"url\":\"https:\/\/salmosbiblicos.com.br\/\",\"name\":\"Salmos B\u00edblicos\",\"description\":\"Uma e-Livraria com e-Books novos para voc\u00ea refletir.\",\"potentialAction\":[{\"@type\":\"SearchAction\",\"target\":{\"@type\":\"EntryPoint\",\"urlTemplate\":\"https:\/\/salmosbiblicos.com.br\/?s={search_term_string}\"},\"query-input\":{\"@type\":\"PropertyValueSpecification\",\"valueRequired\":true,\"valueName\":\"search_term_string\"}}],\"inLanguage\":\"pt-BR\"},{\"@type\":\"Person\",\"@id\":\"https:\/\/salmosbiblicos.com.br\/#\/schema\/person\/760735259ba35f1e44e89c71c72d79da\",\"name\":\"Irmao\",\"image\":{\"@type\":\"ImageObject\",\"inLanguage\":\"pt-BR\",\"@id\":\"https:\/\/secure.gravatar.com\/avatar\/?s=96&d=mm&r=g\",\"url\":\"https:\/\/secure.gravatar.com\/avatar\/?s=96&d=mm&r=g\",\"contentUrl\":\"https:\/\/secure.gravatar.com\/avatar\/?s=96&d=mm&r=g\",\"caption\":\"Irmao\"},\"url\":\"http:\/\/salmosbiblicos.com.br\/index.php\/author\/irmao\/\"}]}<\/script>\n<!-- \/ Yoast SEO plugin. -->","yoast_head_json":{"title":"Reflex\u00f5es sobre a Cruz de Cristo: Renova\u00e7\u00e3o e Esperan\u00e7a na Sexta-feira Santa - Salmos B\u00edblicos","robots":{"index":"index","follow":"follow","max-snippet":"max-snippet:-1","max-image-preview":"max-image-preview:large","max-video-preview":"max-video-preview:-1"},"canonical":"http:\/\/salmosbiblicos.com.br\/index.php\/2025\/05\/27\/reflexoes-sobre-a-cruz-de-cristo-renovacao-e-esperanca-na-sexta-feira-santa\/","og_locale":"pt_BR","og_type":"article","og_title":"Reflex\u00f5es sobre a Cruz de Cristo: Renova\u00e7\u00e3o e Esperan\u00e7a na Sexta-feira Santa - Salmos B\u00edblicos","og_description":"Uma das datas mais significativas do calend\u00e1rio religioso cat\u00f3lico \u00e9 a Sexta-feira Santa, que marca a crucifica\u00e7\u00e3o e morte de Jesus Cristo, o Filho de Deus. Neste dia, os fi\u00e9is s\u00e3o convidados a refletir sobre o sacrif\u00edcio de Jesus em nome da humanidade e a renovar sua f\u00e9 e compromisso com os ensinamentos do Evangelho. [&hellip;]","og_url":"http:\/\/salmosbiblicos.com.br\/index.php\/2025\/05\/27\/reflexoes-sobre-a-cruz-de-cristo-renovacao-e-esperanca-na-sexta-feira-santa\/","og_site_name":"Salmos B\u00edblicos","article_published_time":"2025-05-27T11:07:24+00:00","author":"Irmao","twitter_card":"summary_large_image","twitter_misc":{"Escrito por":"Irmao","Est. tempo de leitura":"2 minutos"},"schema":{"@context":"https:\/\/schema.org","@graph":[{"@type":"Article","@id":"http:\/\/salmosbiblicos.com.br\/index.php\/2025\/05\/27\/reflexoes-sobre-a-cruz-de-cristo-renovacao-e-esperanca-na-sexta-feira-santa\/#article","isPartOf":{"@id":"http:\/\/salmosbiblicos.com.br\/index.php\/2025\/05\/27\/reflexoes-sobre-a-cruz-de-cristo-renovacao-e-esperanca-na-sexta-feira-santa\/"},"author":{"name":"Irmao","@id":"https:\/\/salmosbiblicos.com.br\/#\/schema\/person\/760735259ba35f1e44e89c71c72d79da"},"headline":"Reflex\u00f5es sobre a Cruz de Cristo: Renova\u00e7\u00e3o e Esperan\u00e7a na Sexta-feira Santa","datePublished":"2025-05-27T11:07:24+00:00","mainEntityOfPage":{"@id":"http:\/\/salmosbiblicos.com.br\/index.php\/2025\/05\/27\/reflexoes-sobre-a-cruz-de-cristo-renovacao-e-esperanca-na-sexta-feira-santa\/"},"wordCount":438,"articleSection":["Data Religiosa"],"inLanguage":"pt-BR"},{"@type":"WebPage","@id":"http:\/\/salmosbiblicos.com.br\/index.php\/2025\/05\/27\/reflexoes-sobre-a-cruz-de-cristo-renovacao-e-esperanca-na-sexta-feira-santa\/","url":"http:\/\/salmosbiblicos.com.br\/index.php\/2025\/05\/27\/reflexoes-sobre-a-cruz-de-cristo-renovacao-e-esperanca-na-sexta-feira-santa\/","name":"Reflex\u00f5es sobre a Cruz de Cristo: Renova\u00e7\u00e3o e Esperan\u00e7a na Sexta-feira Santa - Salmos B\u00edblicos","isPartOf":{"@id":"https:\/\/salmosbiblicos.com.br\/#website"},"datePublished":"2025-05-27T11:07:24+00:00","author":{"@id":"https:\/\/salmosbiblicos.com.br\/#\/schema\/person\/760735259ba35f1e44e89c71c72d79da"},"breadcrumb":{"@id":"http:\/\/salmosbiblicos.com.br\/index.php\/2025\/05\/27\/reflexoes-sobre-a-cruz-de-cristo-renovacao-e-esperanca-na-sexta-feira-santa\/#breadcrumb"},"inLanguage":"pt-BR","potentialAction":[{"@type":"ReadAction","target":["http:\/\/salmosbiblicos.com.br\/index.php\/2025\/05\/27\/reflexoes-sobre-a-cruz-de-cristo-renovacao-e-esperanca-na-sexta-feira-santa\/"]}]},{"@type":"BreadcrumbList","@id":"http:\/\/salmosbiblicos.com.br\/index.php\/2025\/05\/27\/reflexoes-sobre-a-cruz-de-cristo-renovacao-e-esperanca-na-sexta-feira-santa\/#breadcrumb","itemListElement":[{"@type":"ListItem","position":1,"name":"Home","item":"https:\/\/salmosbiblicos.com.br\/"},{"@type":"ListItem","position":2,"name":"Reflex\u00f5es sobre a Cruz de Cristo: Renova\u00e7\u00e3o e Esperan\u00e7a na Sexta-feira Santa"}]},{"@type":"WebSite","@id":"https:\/\/salmosbiblicos.com.br\/#website","url":"https:\/\/salmosbiblicos.com.br\/","name":"Salmos B\u00edblicos","description":"Uma e-Livraria com e-Books novos para voc\u00ea refletir.","potentialAction":[{"@type":"SearchAction","target":{"@type":"EntryPoint","urlTemplate":"https:\/\/salmosbiblicos.com.br\/?s={search_term_string}"},"query-input":{"@type":"PropertyValueSpecification","valueRequired":true,"valueName":"search_term_string"}}],"inLanguage":"pt-BR"},{"@type":"Person","@id":"https:\/\/salmosbiblicos.com.br\/#\/schema\/person\/760735259ba35f1e44e89c71c72d79da","name":"Irmao","image":{"@type":"ImageObject","inLanguage":"pt-BR","@id":"https:\/\/secure.gravatar.com\/avatar\/?s=96&d=mm&r=g","url":"https:\/\/secure.gravatar.com\/avatar\/?s=96&d=mm&r=g","contentUrl":"https:\/\/secure.gravatar.com\/avatar\/?s=96&d=mm&r=g","caption":"Irmao"},"url":"http:\/\/salmosbiblicos.com.br\/index.php\/author\/irmao\/"}]}},"_links":{"self":[{"href":"http:\/\/salmosbiblicos.com.br\/index.php\/wp-json\/wp\/v2\/posts\/5337","targetHints":{"allow":["GET"]}}],"collection":[{"href":"http:\/\/salmosbiblicos.com.br\/index.php\/wp-json\/wp\/v2\/posts"}],"about":[{"href":"http:\/\/salmosbiblicos.com.br\/index.php\/wp-json\/wp\/v2\/types\/post"}],"author":[{"embeddable":true,"href":"http:\/\/salmosbiblicos.com.br\/index.php\/wp-json\/wp\/v2\/users\/2"}],"replies":[{"embeddable":true,"href":"http:\/\/salmosbiblicos.com.br\/index.php\/wp-json\/wp\/v2\/comments?post=5337"}],"version-history":[{"count":0,"href":"http:\/\/salmosbiblicos.com.br\/index.php\/wp-json\/wp\/v2\/posts\/5337\/revisions"}],"wp:attachment":[{"href":"http:\/\/salmosbiblicos.com.br\/index.php\/wp-json\/wp\/v2\/media?parent=5337"}],"wp:term":[{"taxonomy":"category","embeddable":true,"href":"http:\/\/salmosbiblicos.com.br\/index.php\/wp-json\/wp\/v2\/categories?post=5337"},{"taxonomy":"post_tag","embeddable":true,"href":"http:\/\/salmosbiblicos.com.br\/index.php\/wp-json\/wp\/v2\/tags?post=5337"}],"curies":[{"name":"wp","href":"https:\/\/api.w.org\/{rel}","templated":true}]}}