{"id":5339,"date":"2025-05-27T08:07:35","date_gmt":"2025-05-27T11:07:35","guid":{"rendered":"https:\/\/salmosbiblicos.com.br\/?p=5339"},"modified":"2025-05-27T08:07:35","modified_gmt":"2025-05-27T11:07:35","slug":"reflexoes-na-sexta-feira-santa-o-amor-incondicional-de-jesus-pela-humanidade","status":"publish","type":"post","link":"http:\/\/salmosbiblicos.com.br\/index.php\/2025\/05\/27\/reflexoes-na-sexta-feira-santa-o-amor-incondicional-de-jesus-pela-humanidade\/","title":{"rendered":"Reflex\u00f5es na Sexta-feira Santa: O amor incondicional de Jesus pela humanidade."},"content":{"rendered":"<p>A data escolhida para refletirmos neste momento \u00e9 a Sexta-feira Santa, um dos dias mais importantes do calend\u00e1rio religioso cat\u00f3lico. Neste dia, os crist\u00e3os relembram a crucifica\u00e7\u00e3o de Jesus Cristo e seu sacrif\u00edcio pela humanidade.<\/p>\n<p>A origem da Sexta-feira Santa remonta aos relatos b\u00edblicos do Novo Testamento, que descrevem a pris\u00e3o, julgamento, condena\u00e7\u00e3o e crucifica\u00e7\u00e3o de Jesus Cristo. De acordo com a tradi\u00e7\u00e3o crist\u00e3, Jesus foi crucificado em uma sexta-feira, sendo este o motivo pelo qual o dia recebeu esse nome. <\/p>\n<p>O simbolismo da Sexta-feira Santa est\u00e1 na representa\u00e7\u00e3o do amor incondicional de Jesus pela humanidade. Ao se entregar voluntariamente \u00e0 morte na cruz, Jesus demonstrou o \u00e1pice de seu amor e compaix\u00e3o pelos pecadores, oferecendo o perd\u00e3o e a salva\u00e7\u00e3o a todos que nele creem.<\/p>\n<p>Neste dia, os crist\u00e3os s\u00e3o convidados a refletir sobre o sacrif\u00edcio de Jesus e a renovar sua f\u00e9 no Cristo crucificado. \u00c9 um momento de introspec\u00e7\u00e3o, penit\u00eancia e gratid\u00e3o, no qual se reconhece a imensa miseric\u00f3rdia de Deus manifestada atrav\u00e9s da paix\u00e3o e morte de seu Filho.<\/p>\n<p>Diante desse contexto, uma sugest\u00e3o de reflex\u00e3o para o leitor \u00e9 meditar sobre o significado do sacrif\u00edcio de Jesus na cruz e como esse gesto de amor incondicional pode transformar nossas vidas. Que possamos nos inspirar na entrega de Jesus e praticar o perd\u00e3o, a compaix\u00e3o e a solidariedade em nossas rela\u00e7\u00f5es di\u00e1rias, seguindo o exemplo do Mestre.<\/p>\n<p>Que a Sexta-feira Santa seja um momento de renova\u00e7\u00e3o espiritual e de fortalecimento da f\u00e9, lembrando-nos do imenso amor de Deus manifestado em Jesus Cristo. Que possamos viver de acordo com os ensinamentos de Cristo, buscando a paz, a justi\u00e7a e a fraternidade em nosso caminho de f\u00e9.<\/p>\n<p>Que a luz da ressurrei\u00e7\u00e3o de Jesus, que ser\u00e1 celebrada no Domingo de P\u00e1scoa, ilumine nossos cora\u00e7\u00f5es e nos guie no caminho da vida eterna. Que a Sexta-feira Santa seja um convite a vivermos de forma mais plena e consciente, seguindo os passos de Cristo e testemunhando seu amor ao mundo.<\/p>\n<p>Que a paz e a gra\u00e7a de Deus estejam conosco neste dia sagrado, fortalecendo nossa f\u00e9 e renovando nossa esperan\u00e7a na vit\u00f3ria da vida sobre a morte. Am\u00e9m.<\/p>\n","protected":false},"excerpt":{"rendered":"<p>A data escolhida para refletirmos neste momento \u00e9 a Sexta-feira Santa, um dos dias mais importantes do calend\u00e1rio religioso cat\u00f3lico. Neste dia, os crist\u00e3os relembram a crucifica\u00e7\u00e3o de Jesus Cristo e seu sacrif\u00edcio pela humanidade. A origem da Sexta-feira Santa remonta aos relatos b\u00edblicos do Novo Testamento, que descrevem a pris\u00e3o, julgamento, condena\u00e7\u00e3o e crucifica\u00e7\u00e3o [&hellip;]<\/p>\n","protected":false},"author":2,"featured_media":0,"comment_status":"closed","ping_status":"open","sticky":false,"template":"","format":"standard","meta":{"footnotes":""},"categories":[9],"tags":[],"class_list":["post-5339","post","type-post","status-publish","format-standard","hentry","category-data-religiosa"],"yoast_head":"<!-- This site is optimized with the Yoast SEO plugin v27.2 - https:\/\/yoast.com\/product\/yoast-seo-wordpress\/ -->\n<title>Reflex\u00f5es na Sexta-feira Santa: O amor incondicional de Jesus pela humanidade. - Salmos B\u00edblicos<\/title>\n<meta name=\"robots\" content=\"index, follow, max-snippet:-1, max-image-preview:large, max-video-preview:-1\" \/>\n<link rel=\"canonical\" href=\"http:\/\/salmosbiblicos.com.br\/index.php\/2025\/05\/27\/reflexoes-na-sexta-feira-santa-o-amor-incondicional-de-jesus-pela-humanidade\/\" \/>\n<meta property=\"og:locale\" content=\"pt_BR\" \/>\n<meta property=\"og:type\" content=\"article\" \/>\n<meta property=\"og:title\" content=\"Reflex\u00f5es na Sexta-feira Santa: O amor incondicional de Jesus pela humanidade. - Salmos B\u00edblicos\" \/>\n<meta property=\"og:description\" content=\"A data escolhida para refletirmos neste momento \u00e9 a Sexta-feira Santa, um dos dias mais importantes do calend\u00e1rio religioso cat\u00f3lico. Neste dia, os crist\u00e3os relembram a crucifica\u00e7\u00e3o de Jesus Cristo e seu sacrif\u00edcio pela humanidade. A origem da Sexta-feira Santa remonta aos relatos b\u00edblicos do Novo Testamento, que descrevem a pris\u00e3o, julgamento, condena\u00e7\u00e3o e crucifica\u00e7\u00e3o [&hellip;]\" \/>\n<meta property=\"og:url\" content=\"http:\/\/salmosbiblicos.com.br\/index.php\/2025\/05\/27\/reflexoes-na-sexta-feira-santa-o-amor-incondicional-de-jesus-pela-humanidade\/\" \/>\n<meta property=\"og:site_name\" content=\"Salmos B\u00edblicos\" \/>\n<meta property=\"article:published_time\" content=\"2025-05-27T11:07:35+00:00\" \/>\n<meta name=\"author\" content=\"Irmao\" \/>\n<meta name=\"twitter:card\" content=\"summary_large_image\" \/>\n<meta name=\"twitter:label1\" content=\"Escrito por\" \/>\n\t<meta name=\"twitter:data1\" content=\"Irmao\" \/>\n\t<meta name=\"twitter:label2\" content=\"Est. tempo de leitura\" \/>\n\t<meta name=\"twitter:data2\" content=\"2 minutos\" \/>\n<script type=\"application\/ld+json\" class=\"yoast-schema-graph\">{\"@context\":\"https:\/\/schema.org\",\"@graph\":[{\"@type\":\"Article\",\"@id\":\"http:\/\/salmosbiblicos.com.br\/index.php\/2025\/05\/27\/reflexoes-na-sexta-feira-santa-o-amor-incondicional-de-jesus-pela-humanidade\/#article\",\"isPartOf\":{\"@id\":\"http:\/\/salmosbiblicos.com.br\/index.php\/2025\/05\/27\/reflexoes-na-sexta-feira-santa-o-amor-incondicional-de-jesus-pela-humanidade\/\"},\"author\":{\"name\":\"Irmao\",\"@id\":\"https:\/\/salmosbiblicos.com.br\/#\/schema\/person\/760735259ba35f1e44e89c71c72d79da\"},\"headline\":\"Reflex\u00f5es na Sexta-feira Santa: O amor incondicional de Jesus pela humanidade.\",\"datePublished\":\"2025-05-27T11:07:35+00:00\",\"mainEntityOfPage\":{\"@id\":\"http:\/\/salmosbiblicos.com.br\/index.php\/2025\/05\/27\/reflexoes-na-sexta-feira-santa-o-amor-incondicional-de-jesus-pela-humanidade\/\"},\"wordCount\":405,\"articleSection\":[\"Data Religiosa\"],\"inLanguage\":\"pt-BR\"},{\"@type\":\"WebPage\",\"@id\":\"http:\/\/salmosbiblicos.com.br\/index.php\/2025\/05\/27\/reflexoes-na-sexta-feira-santa-o-amor-incondicional-de-jesus-pela-humanidade\/\",\"url\":\"http:\/\/salmosbiblicos.com.br\/index.php\/2025\/05\/27\/reflexoes-na-sexta-feira-santa-o-amor-incondicional-de-jesus-pela-humanidade\/\",\"name\":\"Reflex\u00f5es na Sexta-feira Santa: O amor incondicional de Jesus pela humanidade. - Salmos B\u00edblicos\",\"isPartOf\":{\"@id\":\"https:\/\/salmosbiblicos.com.br\/#website\"},\"datePublished\":\"2025-05-27T11:07:35+00:00\",\"author\":{\"@id\":\"https:\/\/salmosbiblicos.com.br\/#\/schema\/person\/760735259ba35f1e44e89c71c72d79da\"},\"breadcrumb\":{\"@id\":\"http:\/\/salmosbiblicos.com.br\/index.php\/2025\/05\/27\/reflexoes-na-sexta-feira-santa-o-amor-incondicional-de-jesus-pela-humanidade\/#breadcrumb\"},\"inLanguage\":\"pt-BR\",\"potentialAction\":[{\"@type\":\"ReadAction\",\"target\":[\"http:\/\/salmosbiblicos.com.br\/index.php\/2025\/05\/27\/reflexoes-na-sexta-feira-santa-o-amor-incondicional-de-jesus-pela-humanidade\/\"]}]},{\"@type\":\"BreadcrumbList\",\"@id\":\"http:\/\/salmosbiblicos.com.br\/index.php\/2025\/05\/27\/reflexoes-na-sexta-feira-santa-o-amor-incondicional-de-jesus-pela-humanidade\/#breadcrumb\",\"itemListElement\":[{\"@type\":\"ListItem\",\"position\":1,\"name\":\"Home\",\"item\":\"https:\/\/salmosbiblicos.com.br\/\"},{\"@type\":\"ListItem\",\"position\":2,\"name\":\"Reflex\u00f5es na Sexta-feira Santa: O amor incondicional de Jesus pela humanidade.\"}]},{\"@type\":\"WebSite\",\"@id\":\"https:\/\/salmosbiblicos.com.br\/#website\",\"url\":\"https:\/\/salmosbiblicos.com.br\/\",\"name\":\"Salmos B\u00edblicos\",\"description\":\"Uma e-Livraria com e-Books novos para voc\u00ea refletir.\",\"potentialAction\":[{\"@type\":\"SearchAction\",\"target\":{\"@type\":\"EntryPoint\",\"urlTemplate\":\"https:\/\/salmosbiblicos.com.br\/?s={search_term_string}\"},\"query-input\":{\"@type\":\"PropertyValueSpecification\",\"valueRequired\":true,\"valueName\":\"search_term_string\"}}],\"inLanguage\":\"pt-BR\"},{\"@type\":\"Person\",\"@id\":\"https:\/\/salmosbiblicos.com.br\/#\/schema\/person\/760735259ba35f1e44e89c71c72d79da\",\"name\":\"Irmao\",\"image\":{\"@type\":\"ImageObject\",\"inLanguage\":\"pt-BR\",\"@id\":\"https:\/\/secure.gravatar.com\/avatar\/?s=96&d=mm&r=g\",\"url\":\"https:\/\/secure.gravatar.com\/avatar\/?s=96&d=mm&r=g\",\"contentUrl\":\"https:\/\/secure.gravatar.com\/avatar\/?s=96&d=mm&r=g\",\"caption\":\"Irmao\"},\"url\":\"http:\/\/salmosbiblicos.com.br\/index.php\/author\/irmao\/\"}]}<\/script>\n<!-- \/ Yoast SEO plugin. -->","yoast_head_json":{"title":"Reflex\u00f5es na Sexta-feira Santa: O amor incondicional de Jesus pela humanidade. - Salmos B\u00edblicos","robots":{"index":"index","follow":"follow","max-snippet":"max-snippet:-1","max-image-preview":"max-image-preview:large","max-video-preview":"max-video-preview:-1"},"canonical":"http:\/\/salmosbiblicos.com.br\/index.php\/2025\/05\/27\/reflexoes-na-sexta-feira-santa-o-amor-incondicional-de-jesus-pela-humanidade\/","og_locale":"pt_BR","og_type":"article","og_title":"Reflex\u00f5es na Sexta-feira Santa: O amor incondicional de Jesus pela humanidade. - Salmos B\u00edblicos","og_description":"A data escolhida para refletirmos neste momento \u00e9 a Sexta-feira Santa, um dos dias mais importantes do calend\u00e1rio religioso cat\u00f3lico. Neste dia, os crist\u00e3os relembram a crucifica\u00e7\u00e3o de Jesus Cristo e seu sacrif\u00edcio pela humanidade. A origem da Sexta-feira Santa remonta aos relatos b\u00edblicos do Novo Testamento, que descrevem a pris\u00e3o, julgamento, condena\u00e7\u00e3o e crucifica\u00e7\u00e3o [&hellip;]","og_url":"http:\/\/salmosbiblicos.com.br\/index.php\/2025\/05\/27\/reflexoes-na-sexta-feira-santa-o-amor-incondicional-de-jesus-pela-humanidade\/","og_site_name":"Salmos B\u00edblicos","article_published_time":"2025-05-27T11:07:35+00:00","author":"Irmao","twitter_card":"summary_large_image","twitter_misc":{"Escrito por":"Irmao","Est. tempo de leitura":"2 minutos"},"schema":{"@context":"https:\/\/schema.org","@graph":[{"@type":"Article","@id":"http:\/\/salmosbiblicos.com.br\/index.php\/2025\/05\/27\/reflexoes-na-sexta-feira-santa-o-amor-incondicional-de-jesus-pela-humanidade\/#article","isPartOf":{"@id":"http:\/\/salmosbiblicos.com.br\/index.php\/2025\/05\/27\/reflexoes-na-sexta-feira-santa-o-amor-incondicional-de-jesus-pela-humanidade\/"},"author":{"name":"Irmao","@id":"https:\/\/salmosbiblicos.com.br\/#\/schema\/person\/760735259ba35f1e44e89c71c72d79da"},"headline":"Reflex\u00f5es na Sexta-feira Santa: O amor incondicional de Jesus pela humanidade.","datePublished":"2025-05-27T11:07:35+00:00","mainEntityOfPage":{"@id":"http:\/\/salmosbiblicos.com.br\/index.php\/2025\/05\/27\/reflexoes-na-sexta-feira-santa-o-amor-incondicional-de-jesus-pela-humanidade\/"},"wordCount":405,"articleSection":["Data Religiosa"],"inLanguage":"pt-BR"},{"@type":"WebPage","@id":"http:\/\/salmosbiblicos.com.br\/index.php\/2025\/05\/27\/reflexoes-na-sexta-feira-santa-o-amor-incondicional-de-jesus-pela-humanidade\/","url":"http:\/\/salmosbiblicos.com.br\/index.php\/2025\/05\/27\/reflexoes-na-sexta-feira-santa-o-amor-incondicional-de-jesus-pela-humanidade\/","name":"Reflex\u00f5es na Sexta-feira Santa: O amor incondicional de Jesus pela humanidade. - Salmos B\u00edblicos","isPartOf":{"@id":"https:\/\/salmosbiblicos.com.br\/#website"},"datePublished":"2025-05-27T11:07:35+00:00","author":{"@id":"https:\/\/salmosbiblicos.com.br\/#\/schema\/person\/760735259ba35f1e44e89c71c72d79da"},"breadcrumb":{"@id":"http:\/\/salmosbiblicos.com.br\/index.php\/2025\/05\/27\/reflexoes-na-sexta-feira-santa-o-amor-incondicional-de-jesus-pela-humanidade\/#breadcrumb"},"inLanguage":"pt-BR","potentialAction":[{"@type":"ReadAction","target":["http:\/\/salmosbiblicos.com.br\/index.php\/2025\/05\/27\/reflexoes-na-sexta-feira-santa-o-amor-incondicional-de-jesus-pela-humanidade\/"]}]},{"@type":"BreadcrumbList","@id":"http:\/\/salmosbiblicos.com.br\/index.php\/2025\/05\/27\/reflexoes-na-sexta-feira-santa-o-amor-incondicional-de-jesus-pela-humanidade\/#breadcrumb","itemListElement":[{"@type":"ListItem","position":1,"name":"Home","item":"https:\/\/salmosbiblicos.com.br\/"},{"@type":"ListItem","position":2,"name":"Reflex\u00f5es na Sexta-feira Santa: O amor incondicional de Jesus pela humanidade."}]},{"@type":"WebSite","@id":"https:\/\/salmosbiblicos.com.br\/#website","url":"https:\/\/salmosbiblicos.com.br\/","name":"Salmos B\u00edblicos","description":"Uma e-Livraria com e-Books novos para voc\u00ea refletir.","potentialAction":[{"@type":"SearchAction","target":{"@type":"EntryPoint","urlTemplate":"https:\/\/salmosbiblicos.com.br\/?s={search_term_string}"},"query-input":{"@type":"PropertyValueSpecification","valueRequired":true,"valueName":"search_term_string"}}],"inLanguage":"pt-BR"},{"@type":"Person","@id":"https:\/\/salmosbiblicos.com.br\/#\/schema\/person\/760735259ba35f1e44e89c71c72d79da","name":"Irmao","image":{"@type":"ImageObject","inLanguage":"pt-BR","@id":"https:\/\/secure.gravatar.com\/avatar\/?s=96&d=mm&r=g","url":"https:\/\/secure.gravatar.com\/avatar\/?s=96&d=mm&r=g","contentUrl":"https:\/\/secure.gravatar.com\/avatar\/?s=96&d=mm&r=g","caption":"Irmao"},"url":"http:\/\/salmosbiblicos.com.br\/index.php\/author\/irmao\/"}]}},"_links":{"self":[{"href":"http:\/\/salmosbiblicos.com.br\/index.php\/wp-json\/wp\/v2\/posts\/5339","targetHints":{"allow":["GET"]}}],"collection":[{"href":"http:\/\/salmosbiblicos.com.br\/index.php\/wp-json\/wp\/v2\/posts"}],"about":[{"href":"http:\/\/salmosbiblicos.com.br\/index.php\/wp-json\/wp\/v2\/types\/post"}],"author":[{"embeddable":true,"href":"http:\/\/salmosbiblicos.com.br\/index.php\/wp-json\/wp\/v2\/users\/2"}],"replies":[{"embeddable":true,"href":"http:\/\/salmosbiblicos.com.br\/index.php\/wp-json\/wp\/v2\/comments?post=5339"}],"version-history":[{"count":0,"href":"http:\/\/salmosbiblicos.com.br\/index.php\/wp-json\/wp\/v2\/posts\/5339\/revisions"}],"wp:attachment":[{"href":"http:\/\/salmosbiblicos.com.br\/index.php\/wp-json\/wp\/v2\/media?parent=5339"}],"wp:term":[{"taxonomy":"category","embeddable":true,"href":"http:\/\/salmosbiblicos.com.br\/index.php\/wp-json\/wp\/v2\/categories?post=5339"},{"taxonomy":"post_tag","embeddable":true,"href":"http:\/\/salmosbiblicos.com.br\/index.php\/wp-json\/wp\/v2\/tags?post=5339"}],"curies":[{"name":"wp","href":"https:\/\/api.w.org\/{rel}","templated":true}]}}