{"id":5341,"date":"2025-05-27T08:07:43","date_gmt":"2025-05-27T11:07:43","guid":{"rendered":"https:\/\/salmosbiblicos.com.br\/?p=5341"},"modified":"2025-05-27T08:07:43","modified_gmt":"2025-05-27T11:07:43","slug":"refletindo-sobre-o-dia-de-todos-os-santos-exemplos-de-fe-e-santidade-para-inspirar-a-vida-crista","status":"publish","type":"post","link":"http:\/\/salmosbiblicos.com.br\/index.php\/2025\/05\/27\/refletindo-sobre-o-dia-de-todos-os-santos-exemplos-de-fe-e-santidade-para-inspirar-a-vida-crista\/","title":{"rendered":"Refletindo sobre o Dia de Todos os Santos: Exemplos de F\u00e9 e Santidade para Inspirar a Vida Crist\u00e3."},"content":{"rendered":"<p>No pr\u00f3ximo m\u00eas de novembro, os cat\u00f3licos celebrar\u00e3o uma das datas mais significativas do calend\u00e1rio religioso: o Dia de Todos os Santos, celebrado em 1\u00ba de novembro. Esta data \u00e9 uma oportunidade para lembrarmos e honrarmos todos os santos e m\u00e1rtires que testemunharam sua f\u00e9 em Deus de maneira exemplar ao longo da hist\u00f3ria.<\/p>\n<p>A origem do Dia de Todos os Santos remonta aos primeiros s\u00e9culos do Cristianismo, quando os m\u00e1rtires eram celebrados anualmente em seus anivers\u00e1rios de morte. Com o passar do tempo, a celebra\u00e7\u00e3o foi expandida para incluir todos os santos reconhecidos pela Igreja. A escolha da data de 1\u00ba de novembro foi feita no s\u00e9culo VIII pelo Papa Greg\u00f3rio III, em homenagem \u00e0 dedica\u00e7\u00e3o de uma igreja em Roma a todos os santos.<\/p>\n<p>O simbolismo por tr\u00e1s do Dia de Todos os Santos \u00e9 profundo e inspirador. Os santos s\u00e3o modelos de virtude e santidade para os fi\u00e9is, mostrando-nos que \u00e9 poss\u00edvel viver uma vida de amor, f\u00e9 e servi\u00e7o a Deus em meio \u00e0s adversidades e desafios do mundo. Eles nos lembram que o Reino de Deus est\u00e1 ao nosso alcance, e que podemos alcan\u00e7\u00e1-lo seguindo seus exemplos de humildade, caridade e perd\u00e3o.<\/p>\n<p>Neste Dia de Todos os Santos, convido voc\u00ea a refletir sobre a vida e o testemunho dos santos que nos precederam. Eles eram pessoas como n\u00f3s, sujeitas \u00e0s mesmas tenta\u00e7\u00f5es e fraquezas, mas que escolheram seguir a vontade de Deus em todas as circunst\u00e2ncias. Suas vidas nos inspiram a buscar a santidade em nosso pr\u00f3prio caminho de f\u00e9, acreditando que somos chamados a ser santos no mundo de hoje.<\/p>\n<p>Que possamos nos comprometer a viver de acordo com os valores do Evangelho, imitando a generosidade de S\u00e3o Francisco de Assis, a coragem de Santa Teresa de \u00c1vila, a pureza de Santa Maria Goretti e a compaix\u00e3o de S\u00e3o Vicente de Paulo. Que o exemplo desses santos nos fortale\u00e7a na nossa jornada espiritual e nos ajude a crescer em amor e servi\u00e7o aos nossos irm\u00e3os e irm\u00e3s.<\/p>\n<p>Neste Dia de Todos os Santos, dediquemos um momento de ora\u00e7\u00e3o para agradecer a Deus pelos santos que nos acompanham e intercedem por n\u00f3s. Que possamos seguir seus passos com f\u00e9 e confian\u00e7a, sabendo que eles est\u00e3o ao nosso lado, nos guiando e protegendo em todos os momentos.<\/p>\n<p>Que a celebra\u00e7\u00e3o do Dia de Todos os Santos nos inspire a buscar a santidade em nossa pr\u00f3pria vida, confiando na gra\u00e7a de Deus que nos capacita a ser luz e sal no mundo. Que possamos ser testemunhas vivas do amor de Cristo, compartilhando sua mensagem de esperan\u00e7a e miseric\u00f3rdia com todos aqueles que encontrarmos no nosso caminho. Am\u00e9m.<\/p>\n","protected":false},"excerpt":{"rendered":"<p>No pr\u00f3ximo m\u00eas de novembro, os cat\u00f3licos celebrar\u00e3o uma das datas mais significativas do calend\u00e1rio religioso: o Dia de Todos os Santos, celebrado em 1\u00ba de novembro. Esta data \u00e9 uma oportunidade para lembrarmos e honrarmos todos os santos e m\u00e1rtires que testemunharam sua f\u00e9 em Deus de maneira exemplar ao longo da hist\u00f3ria. A [&hellip;]<\/p>\n","protected":false},"author":2,"featured_media":0,"comment_status":"closed","ping_status":"open","sticky":false,"template":"","format":"standard","meta":{"footnotes":""},"categories":[9],"tags":[],"class_list":["post-5341","post","type-post","status-publish","format-standard","hentry","category-data-religiosa"],"yoast_head":"<!-- This site is optimized with the Yoast SEO plugin v27.2 - https:\/\/yoast.com\/product\/yoast-seo-wordpress\/ -->\n<title>Refletindo sobre o Dia de Todos os Santos: Exemplos de F\u00e9 e Santidade para Inspirar a Vida Crist\u00e3. - Salmos B\u00edblicos<\/title>\n<meta name=\"robots\" content=\"index, follow, max-snippet:-1, max-image-preview:large, max-video-preview:-1\" \/>\n<link rel=\"canonical\" href=\"https:\/\/salmosbiblicos.com.br\/index.php\/2025\/05\/27\/refletindo-sobre-o-dia-de-todos-os-santos-exemplos-de-fe-e-santidade-para-inspirar-a-vida-crista\/\" \/>\n<meta property=\"og:locale\" content=\"pt_BR\" \/>\n<meta property=\"og:type\" content=\"article\" \/>\n<meta property=\"og:title\" content=\"Refletindo sobre o Dia de Todos os Santos: Exemplos de F\u00e9 e Santidade para Inspirar a Vida Crist\u00e3. - Salmos B\u00edblicos\" \/>\n<meta property=\"og:description\" content=\"No pr\u00f3ximo m\u00eas de novembro, os cat\u00f3licos celebrar\u00e3o uma das datas mais significativas do calend\u00e1rio religioso: o Dia de Todos os Santos, celebrado em 1\u00ba de novembro. Esta data \u00e9 uma oportunidade para lembrarmos e honrarmos todos os santos e m\u00e1rtires que testemunharam sua f\u00e9 em Deus de maneira exemplar ao longo da hist\u00f3ria. A [&hellip;]\" \/>\n<meta property=\"og:url\" content=\"https:\/\/salmosbiblicos.com.br\/index.php\/2025\/05\/27\/refletindo-sobre-o-dia-de-todos-os-santos-exemplos-de-fe-e-santidade-para-inspirar-a-vida-crista\/\" \/>\n<meta property=\"og:site_name\" content=\"Salmos B\u00edblicos\" \/>\n<meta property=\"article:published_time\" content=\"2025-05-27T11:07:43+00:00\" \/>\n<meta name=\"author\" content=\"Irmao\" \/>\n<meta name=\"twitter:card\" content=\"summary_large_image\" \/>\n<meta name=\"twitter:label1\" content=\"Escrito por\" \/>\n\t<meta name=\"twitter:data1\" content=\"Irmao\" \/>\n\t<meta name=\"twitter:label2\" content=\"Est. tempo de leitura\" \/>\n\t<meta name=\"twitter:data2\" content=\"2 minutos\" \/>\n<script type=\"application\/ld+json\" class=\"yoast-schema-graph\">{\"@context\":\"https:\/\/schema.org\",\"@graph\":[{\"@type\":\"Article\",\"@id\":\"https:\/\/salmosbiblicos.com.br\/index.php\/2025\/05\/27\/refletindo-sobre-o-dia-de-todos-os-santos-exemplos-de-fe-e-santidade-para-inspirar-a-vida-crista\/#article\",\"isPartOf\":{\"@id\":\"https:\/\/salmosbiblicos.com.br\/index.php\/2025\/05\/27\/refletindo-sobre-o-dia-de-todos-os-santos-exemplos-de-fe-e-santidade-para-inspirar-a-vida-crista\/\"},\"author\":{\"name\":\"Irmao\",\"@id\":\"https:\/\/salmosbiblicos.com.br\/#\/schema\/person\/760735259ba35f1e44e89c71c72d79da\"},\"headline\":\"Refletindo sobre o Dia de Todos os Santos: Exemplos de F\u00e9 e Santidade para Inspirar a Vida Crist\u00e3.\",\"datePublished\":\"2025-05-27T11:07:43+00:00\",\"mainEntityOfPage\":{\"@id\":\"https:\/\/salmosbiblicos.com.br\/index.php\/2025\/05\/27\/refletindo-sobre-o-dia-de-todos-os-santos-exemplos-de-fe-e-santidade-para-inspirar-a-vida-crista\/\"},\"wordCount\":494,\"articleSection\":[\"Data Religiosa\"],\"inLanguage\":\"pt-BR\"},{\"@type\":\"WebPage\",\"@id\":\"https:\/\/salmosbiblicos.com.br\/index.php\/2025\/05\/27\/refletindo-sobre-o-dia-de-todos-os-santos-exemplos-de-fe-e-santidade-para-inspirar-a-vida-crista\/\",\"url\":\"https:\/\/salmosbiblicos.com.br\/index.php\/2025\/05\/27\/refletindo-sobre-o-dia-de-todos-os-santos-exemplos-de-fe-e-santidade-para-inspirar-a-vida-crista\/\",\"name\":\"Refletindo sobre o Dia de Todos os Santos: Exemplos de F\u00e9 e Santidade para Inspirar a Vida Crist\u00e3. - Salmos B\u00edblicos\",\"isPartOf\":{\"@id\":\"https:\/\/salmosbiblicos.com.br\/#website\"},\"datePublished\":\"2025-05-27T11:07:43+00:00\",\"author\":{\"@id\":\"https:\/\/salmosbiblicos.com.br\/#\/schema\/person\/760735259ba35f1e44e89c71c72d79da\"},\"breadcrumb\":{\"@id\":\"https:\/\/salmosbiblicos.com.br\/index.php\/2025\/05\/27\/refletindo-sobre-o-dia-de-todos-os-santos-exemplos-de-fe-e-santidade-para-inspirar-a-vida-crista\/#breadcrumb\"},\"inLanguage\":\"pt-BR\",\"potentialAction\":[{\"@type\":\"ReadAction\",\"target\":[\"https:\/\/salmosbiblicos.com.br\/index.php\/2025\/05\/27\/refletindo-sobre-o-dia-de-todos-os-santos-exemplos-de-fe-e-santidade-para-inspirar-a-vida-crista\/\"]}]},{\"@type\":\"BreadcrumbList\",\"@id\":\"https:\/\/salmosbiblicos.com.br\/index.php\/2025\/05\/27\/refletindo-sobre-o-dia-de-todos-os-santos-exemplos-de-fe-e-santidade-para-inspirar-a-vida-crista\/#breadcrumb\",\"itemListElement\":[{\"@type\":\"ListItem\",\"position\":1,\"name\":\"Home\",\"item\":\"https:\/\/salmosbiblicos.com.br\/\"},{\"@type\":\"ListItem\",\"position\":2,\"name\":\"Refletindo sobre o Dia de Todos os Santos: Exemplos de F\u00e9 e Santidade para Inspirar a Vida Crist\u00e3.\"}]},{\"@type\":\"WebSite\",\"@id\":\"https:\/\/salmosbiblicos.com.br\/#website\",\"url\":\"https:\/\/salmosbiblicos.com.br\/\",\"name\":\"Salmos B\u00edblicos\",\"description\":\"Uma e-Livraria com e-Books novos para voc\u00ea refletir.\",\"potentialAction\":[{\"@type\":\"SearchAction\",\"target\":{\"@type\":\"EntryPoint\",\"urlTemplate\":\"https:\/\/salmosbiblicos.com.br\/?s={search_term_string}\"},\"query-input\":{\"@type\":\"PropertyValueSpecification\",\"valueRequired\":true,\"valueName\":\"search_term_string\"}}],\"inLanguage\":\"pt-BR\"},{\"@type\":\"Person\",\"@id\":\"https:\/\/salmosbiblicos.com.br\/#\/schema\/person\/760735259ba35f1e44e89c71c72d79da\",\"name\":\"Irmao\",\"image\":{\"@type\":\"ImageObject\",\"inLanguage\":\"pt-BR\",\"@id\":\"https:\/\/secure.gravatar.com\/avatar\/?s=96&d=mm&r=g\",\"url\":\"https:\/\/secure.gravatar.com\/avatar\/?s=96&d=mm&r=g\",\"contentUrl\":\"https:\/\/secure.gravatar.com\/avatar\/?s=96&d=mm&r=g\",\"caption\":\"Irmao\"},\"url\":\"http:\/\/salmosbiblicos.com.br\/index.php\/author\/irmao\/\"}]}<\/script>\n<!-- \/ Yoast SEO plugin. -->","yoast_head_json":{"title":"Refletindo sobre o Dia de Todos os Santos: Exemplos de F\u00e9 e Santidade para Inspirar a Vida Crist\u00e3. - Salmos B\u00edblicos","robots":{"index":"index","follow":"follow","max-snippet":"max-snippet:-1","max-image-preview":"max-image-preview:large","max-video-preview":"max-video-preview:-1"},"canonical":"https:\/\/salmosbiblicos.com.br\/index.php\/2025\/05\/27\/refletindo-sobre-o-dia-de-todos-os-santos-exemplos-de-fe-e-santidade-para-inspirar-a-vida-crista\/","og_locale":"pt_BR","og_type":"article","og_title":"Refletindo sobre o Dia de Todos os Santos: Exemplos de F\u00e9 e Santidade para Inspirar a Vida Crist\u00e3. - Salmos B\u00edblicos","og_description":"No pr\u00f3ximo m\u00eas de novembro, os cat\u00f3licos celebrar\u00e3o uma das datas mais significativas do calend\u00e1rio religioso: o Dia de Todos os Santos, celebrado em 1\u00ba de novembro. Esta data \u00e9 uma oportunidade para lembrarmos e honrarmos todos os santos e m\u00e1rtires que testemunharam sua f\u00e9 em Deus de maneira exemplar ao longo da hist\u00f3ria. A [&hellip;]","og_url":"https:\/\/salmosbiblicos.com.br\/index.php\/2025\/05\/27\/refletindo-sobre-o-dia-de-todos-os-santos-exemplos-de-fe-e-santidade-para-inspirar-a-vida-crista\/","og_site_name":"Salmos B\u00edblicos","article_published_time":"2025-05-27T11:07:43+00:00","author":"Irmao","twitter_card":"summary_large_image","twitter_misc":{"Escrito por":"Irmao","Est. tempo de leitura":"2 minutos"},"schema":{"@context":"https:\/\/schema.org","@graph":[{"@type":"Article","@id":"https:\/\/salmosbiblicos.com.br\/index.php\/2025\/05\/27\/refletindo-sobre-o-dia-de-todos-os-santos-exemplos-de-fe-e-santidade-para-inspirar-a-vida-crista\/#article","isPartOf":{"@id":"https:\/\/salmosbiblicos.com.br\/index.php\/2025\/05\/27\/refletindo-sobre-o-dia-de-todos-os-santos-exemplos-de-fe-e-santidade-para-inspirar-a-vida-crista\/"},"author":{"name":"Irmao","@id":"https:\/\/salmosbiblicos.com.br\/#\/schema\/person\/760735259ba35f1e44e89c71c72d79da"},"headline":"Refletindo sobre o Dia de Todos os Santos: Exemplos de F\u00e9 e Santidade para Inspirar a Vida Crist\u00e3.","datePublished":"2025-05-27T11:07:43+00:00","mainEntityOfPage":{"@id":"https:\/\/salmosbiblicos.com.br\/index.php\/2025\/05\/27\/refletindo-sobre-o-dia-de-todos-os-santos-exemplos-de-fe-e-santidade-para-inspirar-a-vida-crista\/"},"wordCount":494,"articleSection":["Data Religiosa"],"inLanguage":"pt-BR"},{"@type":"WebPage","@id":"https:\/\/salmosbiblicos.com.br\/index.php\/2025\/05\/27\/refletindo-sobre-o-dia-de-todos-os-santos-exemplos-de-fe-e-santidade-para-inspirar-a-vida-crista\/","url":"https:\/\/salmosbiblicos.com.br\/index.php\/2025\/05\/27\/refletindo-sobre-o-dia-de-todos-os-santos-exemplos-de-fe-e-santidade-para-inspirar-a-vida-crista\/","name":"Refletindo sobre o Dia de Todos os Santos: Exemplos de F\u00e9 e Santidade para Inspirar a Vida Crist\u00e3. - Salmos B\u00edblicos","isPartOf":{"@id":"https:\/\/salmosbiblicos.com.br\/#website"},"datePublished":"2025-05-27T11:07:43+00:00","author":{"@id":"https:\/\/salmosbiblicos.com.br\/#\/schema\/person\/760735259ba35f1e44e89c71c72d79da"},"breadcrumb":{"@id":"https:\/\/salmosbiblicos.com.br\/index.php\/2025\/05\/27\/refletindo-sobre-o-dia-de-todos-os-santos-exemplos-de-fe-e-santidade-para-inspirar-a-vida-crista\/#breadcrumb"},"inLanguage":"pt-BR","potentialAction":[{"@type":"ReadAction","target":["https:\/\/salmosbiblicos.com.br\/index.php\/2025\/05\/27\/refletindo-sobre-o-dia-de-todos-os-santos-exemplos-de-fe-e-santidade-para-inspirar-a-vida-crista\/"]}]},{"@type":"BreadcrumbList","@id":"https:\/\/salmosbiblicos.com.br\/index.php\/2025\/05\/27\/refletindo-sobre-o-dia-de-todos-os-santos-exemplos-de-fe-e-santidade-para-inspirar-a-vida-crista\/#breadcrumb","itemListElement":[{"@type":"ListItem","position":1,"name":"Home","item":"https:\/\/salmosbiblicos.com.br\/"},{"@type":"ListItem","position":2,"name":"Refletindo sobre o Dia de Todos os Santos: Exemplos de F\u00e9 e Santidade para Inspirar a Vida Crist\u00e3."}]},{"@type":"WebSite","@id":"https:\/\/salmosbiblicos.com.br\/#website","url":"https:\/\/salmosbiblicos.com.br\/","name":"Salmos B\u00edblicos","description":"Uma e-Livraria com e-Books novos para voc\u00ea refletir.","potentialAction":[{"@type":"SearchAction","target":{"@type":"EntryPoint","urlTemplate":"https:\/\/salmosbiblicos.com.br\/?s={search_term_string}"},"query-input":{"@type":"PropertyValueSpecification","valueRequired":true,"valueName":"search_term_string"}}],"inLanguage":"pt-BR"},{"@type":"Person","@id":"https:\/\/salmosbiblicos.com.br\/#\/schema\/person\/760735259ba35f1e44e89c71c72d79da","name":"Irmao","image":{"@type":"ImageObject","inLanguage":"pt-BR","@id":"https:\/\/secure.gravatar.com\/avatar\/?s=96&d=mm&r=g","url":"https:\/\/secure.gravatar.com\/avatar\/?s=96&d=mm&r=g","contentUrl":"https:\/\/secure.gravatar.com\/avatar\/?s=96&d=mm&r=g","caption":"Irmao"},"url":"http:\/\/salmosbiblicos.com.br\/index.php\/author\/irmao\/"}]}},"_links":{"self":[{"href":"http:\/\/salmosbiblicos.com.br\/index.php\/wp-json\/wp\/v2\/posts\/5341","targetHints":{"allow":["GET"]}}],"collection":[{"href":"http:\/\/salmosbiblicos.com.br\/index.php\/wp-json\/wp\/v2\/posts"}],"about":[{"href":"http:\/\/salmosbiblicos.com.br\/index.php\/wp-json\/wp\/v2\/types\/post"}],"author":[{"embeddable":true,"href":"http:\/\/salmosbiblicos.com.br\/index.php\/wp-json\/wp\/v2\/users\/2"}],"replies":[{"embeddable":true,"href":"http:\/\/salmosbiblicos.com.br\/index.php\/wp-json\/wp\/v2\/comments?post=5341"}],"version-history":[{"count":0,"href":"http:\/\/salmosbiblicos.com.br\/index.php\/wp-json\/wp\/v2\/posts\/5341\/revisions"}],"wp:attachment":[{"href":"http:\/\/salmosbiblicos.com.br\/index.php\/wp-json\/wp\/v2\/media?parent=5341"}],"wp:term":[{"taxonomy":"category","embeddable":true,"href":"http:\/\/salmosbiblicos.com.br\/index.php\/wp-json\/wp\/v2\/categories?post=5341"},{"taxonomy":"post_tag","embeddable":true,"href":"http:\/\/salmosbiblicos.com.br\/index.php\/wp-json\/wp\/v2\/tags?post=5341"}],"curies":[{"name":"wp","href":"https:\/\/api.w.org\/{rel}","templated":true}]}}