{"id":5343,"date":"2025-05-27T08:07:53","date_gmt":"2025-05-27T11:07:53","guid":{"rendered":"https:\/\/salmosbiblicos.com.br\/?p=5343"},"modified":"2025-05-27T08:07:53","modified_gmt":"2025-05-27T11:07:53","slug":"quarta-feira-de-cinzas-tempo-de-reflexao-conversao-e-renovacao-espiritual","status":"publish","type":"post","link":"http:\/\/salmosbiblicos.com.br\/index.php\/2025\/05\/27\/quarta-feira-de-cinzas-tempo-de-reflexao-conversao-e-renovacao-espiritual\/","title":{"rendered":"Quarta-feira de Cinzas: Tempo de Reflex\u00e3o, Convers\u00e3o e Renova\u00e7\u00e3o Espiritual"},"content":{"rendered":"<p>A Quarta-feira de Cinzas \u00e9 uma data muito significativa para os cat\u00f3licos, pois marca o in\u00edcio da Quaresma, um per\u00edodo de 40 dias de penit\u00eancia, ora\u00e7\u00e3o e reflex\u00e3o em prepara\u00e7\u00e3o para a P\u00e1scoa. Origin\u00e1ria do s\u00e9culo XI, a Quarta-feira de Cinzas simboliza a nossa fragilidade e mortalidade, lembrando-nos de que viemos do p\u00f3 e ao p\u00f3 retornaremos.<\/p>\n<p>Durante a missa das Cinzas, somos convidados a receber uma cruz de cinzas na testa, enquanto o sacerdote nos admoesta a &#8220;convertei-vos e crede no Evangelho&#8221;. Este gesto nos recorda a nossa condi\u00e7\u00e3o de pecadores e a necessidade de nos arrependermos de nossos pecados, buscando a convers\u00e3o e a reconcilia\u00e7\u00e3o com Deus.<\/p>\n<p>A Quaresma nos convida a um tempo de renova\u00e7\u00e3o espiritual, de revis\u00e3o de nossas atitudes e de crescimento na f\u00e9. \u00c9 um per\u00edodo de jejum, abstin\u00eancia e caridade, onde somos chamados a nos privar de certos prazeres mundanos em busca de uma maior intimidade com Deus. \u00c9 tamb\u00e9m um tempo de ora\u00e7\u00e3o mais intensa, de leitura da Palavra de Deus e de participa\u00e7\u00e3o nas pr\u00e1ticas religiosas da Igreja.<\/p>\n<p>Neste per\u00edodo de pandemia que estamos vivendo, a Quarta-feira de Cinzas ganha ainda mais relev\u00e2ncia, pois nos lembra da nossa vulnerabilidade e da import\u00e2ncia de nos voltarmos para Deus em meio \u00e0s dificuldades e incertezas que enfrentamos. \u00c9 um convite a buscarmos a esperan\u00e7a e a for\u00e7a em Deus, confiando em Sua provid\u00eancia e miseric\u00f3rdia.<\/p>\n<p>Para refletirmos neste tempo de Quaresma, podemos nos questionar: o que podemos fazer para nos aproximarmos mais de Deus? Em que \u00e1reas de nossa vida precisamos nos converter e nos arrepender? Como podemos ser instrumentos de paz e amor no mundo, levando a mensagem de Cristo aos que mais necessitam?<\/p>\n<p>Que nesta Quarta-feira de Cinzas possamos abrir o nosso cora\u00e7\u00e3o para a a\u00e7\u00e3o transformadora do Esp\u00edrito Santo, permitindo que Ele nos guie e nos fortale\u00e7a neste tempo de prepara\u00e7\u00e3o para a P\u00e1scoa. Que possamos viver a Quaresma com sinceridade de cora\u00e7\u00e3o, buscando a santidade e a comunh\u00e3o com Deus em nossas vidas.<\/p>\n<p>Que a Quarta-feira de Cinzas seja para n\u00f3s um tempo de renova\u00e7\u00e3o espiritual e de crescimento na f\u00e9, onde possamos nos aproximar mais de Deus e nos tornarmos verdadeiras testemunhas do Seu amor no mundo. Am\u00e9m.<\/p>\n","protected":false},"excerpt":{"rendered":"<p>A Quarta-feira de Cinzas \u00e9 uma data muito significativa para os cat\u00f3licos, pois marca o in\u00edcio da Quaresma, um per\u00edodo de 40 dias de penit\u00eancia, ora\u00e7\u00e3o e reflex\u00e3o em prepara\u00e7\u00e3o para a P\u00e1scoa. Origin\u00e1ria do s\u00e9culo XI, a Quarta-feira de Cinzas simboliza a nossa fragilidade e mortalidade, lembrando-nos de que viemos do p\u00f3 e ao [&hellip;]<\/p>\n","protected":false},"author":2,"featured_media":0,"comment_status":"closed","ping_status":"open","sticky":false,"template":"","format":"standard","meta":{"footnotes":""},"categories":[9],"tags":[],"class_list":["post-5343","post","type-post","status-publish","format-standard","hentry","category-data-religiosa"],"yoast_head":"<!-- This site is optimized with the Yoast SEO plugin v27.2 - https:\/\/yoast.com\/product\/yoast-seo-wordpress\/ -->\n<title>Quarta-feira de Cinzas: Tempo de Reflex\u00e3o, Convers\u00e3o e Renova\u00e7\u00e3o Espiritual - Salmos B\u00edblicos<\/title>\n<meta name=\"robots\" content=\"index, follow, max-snippet:-1, max-image-preview:large, max-video-preview:-1\" \/>\n<link rel=\"canonical\" href=\"http:\/\/salmosbiblicos.com.br\/index.php\/2025\/05\/27\/quarta-feira-de-cinzas-tempo-de-reflexao-conversao-e-renovacao-espiritual\/\" \/>\n<meta property=\"og:locale\" content=\"pt_BR\" \/>\n<meta property=\"og:type\" content=\"article\" \/>\n<meta property=\"og:title\" content=\"Quarta-feira de Cinzas: Tempo de Reflex\u00e3o, Convers\u00e3o e Renova\u00e7\u00e3o Espiritual - Salmos B\u00edblicos\" \/>\n<meta property=\"og:description\" content=\"A Quarta-feira de Cinzas \u00e9 uma data muito significativa para os cat\u00f3licos, pois marca o in\u00edcio da Quaresma, um per\u00edodo de 40 dias de penit\u00eancia, ora\u00e7\u00e3o e reflex\u00e3o em prepara\u00e7\u00e3o para a P\u00e1scoa. Origin\u00e1ria do s\u00e9culo XI, a Quarta-feira de Cinzas simboliza a nossa fragilidade e mortalidade, lembrando-nos de que viemos do p\u00f3 e ao [&hellip;]\" \/>\n<meta property=\"og:url\" content=\"http:\/\/salmosbiblicos.com.br\/index.php\/2025\/05\/27\/quarta-feira-de-cinzas-tempo-de-reflexao-conversao-e-renovacao-espiritual\/\" \/>\n<meta property=\"og:site_name\" content=\"Salmos B\u00edblicos\" \/>\n<meta property=\"article:published_time\" content=\"2025-05-27T11:07:53+00:00\" \/>\n<meta name=\"author\" content=\"Irmao\" \/>\n<meta name=\"twitter:card\" content=\"summary_large_image\" \/>\n<meta name=\"twitter:label1\" content=\"Escrito por\" \/>\n\t<meta name=\"twitter:data1\" content=\"Irmao\" \/>\n\t<meta name=\"twitter:label2\" content=\"Est. tempo de leitura\" \/>\n\t<meta name=\"twitter:data2\" content=\"2 minutos\" \/>\n<script type=\"application\/ld+json\" class=\"yoast-schema-graph\">{\"@context\":\"https:\/\/schema.org\",\"@graph\":[{\"@type\":\"Article\",\"@id\":\"http:\/\/salmosbiblicos.com.br\/index.php\/2025\/05\/27\/quarta-feira-de-cinzas-tempo-de-reflexao-conversao-e-renovacao-espiritual\/#article\",\"isPartOf\":{\"@id\":\"http:\/\/salmosbiblicos.com.br\/index.php\/2025\/05\/27\/quarta-feira-de-cinzas-tempo-de-reflexao-conversao-e-renovacao-espiritual\/\"},\"author\":{\"name\":\"Irmao\",\"@id\":\"https:\/\/salmosbiblicos.com.br\/#\/schema\/person\/760735259ba35f1e44e89c71c72d79da\"},\"headline\":\"Quarta-feira de Cinzas: Tempo de Reflex\u00e3o, Convers\u00e3o e Renova\u00e7\u00e3o Espiritual\",\"datePublished\":\"2025-05-27T11:07:53+00:00\",\"mainEntityOfPage\":{\"@id\":\"http:\/\/salmosbiblicos.com.br\/index.php\/2025\/05\/27\/quarta-feira-de-cinzas-tempo-de-reflexao-conversao-e-renovacao-espiritual\/\"},\"wordCount\":417,\"articleSection\":[\"Data Religiosa\"],\"inLanguage\":\"pt-BR\"},{\"@type\":\"WebPage\",\"@id\":\"http:\/\/salmosbiblicos.com.br\/index.php\/2025\/05\/27\/quarta-feira-de-cinzas-tempo-de-reflexao-conversao-e-renovacao-espiritual\/\",\"url\":\"http:\/\/salmosbiblicos.com.br\/index.php\/2025\/05\/27\/quarta-feira-de-cinzas-tempo-de-reflexao-conversao-e-renovacao-espiritual\/\",\"name\":\"Quarta-feira de Cinzas: Tempo de Reflex\u00e3o, Convers\u00e3o e Renova\u00e7\u00e3o Espiritual - Salmos B\u00edblicos\",\"isPartOf\":{\"@id\":\"https:\/\/salmosbiblicos.com.br\/#website\"},\"datePublished\":\"2025-05-27T11:07:53+00:00\",\"author\":{\"@id\":\"https:\/\/salmosbiblicos.com.br\/#\/schema\/person\/760735259ba35f1e44e89c71c72d79da\"},\"breadcrumb\":{\"@id\":\"http:\/\/salmosbiblicos.com.br\/index.php\/2025\/05\/27\/quarta-feira-de-cinzas-tempo-de-reflexao-conversao-e-renovacao-espiritual\/#breadcrumb\"},\"inLanguage\":\"pt-BR\",\"potentialAction\":[{\"@type\":\"ReadAction\",\"target\":[\"http:\/\/salmosbiblicos.com.br\/index.php\/2025\/05\/27\/quarta-feira-de-cinzas-tempo-de-reflexao-conversao-e-renovacao-espiritual\/\"]}]},{\"@type\":\"BreadcrumbList\",\"@id\":\"http:\/\/salmosbiblicos.com.br\/index.php\/2025\/05\/27\/quarta-feira-de-cinzas-tempo-de-reflexao-conversao-e-renovacao-espiritual\/#breadcrumb\",\"itemListElement\":[{\"@type\":\"ListItem\",\"position\":1,\"name\":\"Home\",\"item\":\"https:\/\/salmosbiblicos.com.br\/\"},{\"@type\":\"ListItem\",\"position\":2,\"name\":\"Quarta-feira de Cinzas: Tempo de Reflex\u00e3o, Convers\u00e3o e Renova\u00e7\u00e3o Espiritual\"}]},{\"@type\":\"WebSite\",\"@id\":\"https:\/\/salmosbiblicos.com.br\/#website\",\"url\":\"https:\/\/salmosbiblicos.com.br\/\",\"name\":\"Salmos B\u00edblicos\",\"description\":\"Uma e-Livraria com e-Books novos para voc\u00ea refletir.\",\"potentialAction\":[{\"@type\":\"SearchAction\",\"target\":{\"@type\":\"EntryPoint\",\"urlTemplate\":\"https:\/\/salmosbiblicos.com.br\/?s={search_term_string}\"},\"query-input\":{\"@type\":\"PropertyValueSpecification\",\"valueRequired\":true,\"valueName\":\"search_term_string\"}}],\"inLanguage\":\"pt-BR\"},{\"@type\":\"Person\",\"@id\":\"https:\/\/salmosbiblicos.com.br\/#\/schema\/person\/760735259ba35f1e44e89c71c72d79da\",\"name\":\"Irmao\",\"image\":{\"@type\":\"ImageObject\",\"inLanguage\":\"pt-BR\",\"@id\":\"https:\/\/secure.gravatar.com\/avatar\/?s=96&d=mm&r=g\",\"url\":\"https:\/\/secure.gravatar.com\/avatar\/?s=96&d=mm&r=g\",\"contentUrl\":\"https:\/\/secure.gravatar.com\/avatar\/?s=96&d=mm&r=g\",\"caption\":\"Irmao\"},\"url\":\"http:\/\/salmosbiblicos.com.br\/index.php\/author\/irmao\/\"}]}<\/script>\n<!-- \/ Yoast SEO plugin. -->","yoast_head_json":{"title":"Quarta-feira de Cinzas: Tempo de Reflex\u00e3o, Convers\u00e3o e Renova\u00e7\u00e3o Espiritual - Salmos B\u00edblicos","robots":{"index":"index","follow":"follow","max-snippet":"max-snippet:-1","max-image-preview":"max-image-preview:large","max-video-preview":"max-video-preview:-1"},"canonical":"http:\/\/salmosbiblicos.com.br\/index.php\/2025\/05\/27\/quarta-feira-de-cinzas-tempo-de-reflexao-conversao-e-renovacao-espiritual\/","og_locale":"pt_BR","og_type":"article","og_title":"Quarta-feira de Cinzas: Tempo de Reflex\u00e3o, Convers\u00e3o e Renova\u00e7\u00e3o Espiritual - Salmos B\u00edblicos","og_description":"A Quarta-feira de Cinzas \u00e9 uma data muito significativa para os cat\u00f3licos, pois marca o in\u00edcio da Quaresma, um per\u00edodo de 40 dias de penit\u00eancia, ora\u00e7\u00e3o e reflex\u00e3o em prepara\u00e7\u00e3o para a P\u00e1scoa. Origin\u00e1ria do s\u00e9culo XI, a Quarta-feira de Cinzas simboliza a nossa fragilidade e mortalidade, lembrando-nos de que viemos do p\u00f3 e ao [&hellip;]","og_url":"http:\/\/salmosbiblicos.com.br\/index.php\/2025\/05\/27\/quarta-feira-de-cinzas-tempo-de-reflexao-conversao-e-renovacao-espiritual\/","og_site_name":"Salmos B\u00edblicos","article_published_time":"2025-05-27T11:07:53+00:00","author":"Irmao","twitter_card":"summary_large_image","twitter_misc":{"Escrito por":"Irmao","Est. tempo de leitura":"2 minutos"},"schema":{"@context":"https:\/\/schema.org","@graph":[{"@type":"Article","@id":"http:\/\/salmosbiblicos.com.br\/index.php\/2025\/05\/27\/quarta-feira-de-cinzas-tempo-de-reflexao-conversao-e-renovacao-espiritual\/#article","isPartOf":{"@id":"http:\/\/salmosbiblicos.com.br\/index.php\/2025\/05\/27\/quarta-feira-de-cinzas-tempo-de-reflexao-conversao-e-renovacao-espiritual\/"},"author":{"name":"Irmao","@id":"https:\/\/salmosbiblicos.com.br\/#\/schema\/person\/760735259ba35f1e44e89c71c72d79da"},"headline":"Quarta-feira de Cinzas: Tempo de Reflex\u00e3o, Convers\u00e3o e Renova\u00e7\u00e3o Espiritual","datePublished":"2025-05-27T11:07:53+00:00","mainEntityOfPage":{"@id":"http:\/\/salmosbiblicos.com.br\/index.php\/2025\/05\/27\/quarta-feira-de-cinzas-tempo-de-reflexao-conversao-e-renovacao-espiritual\/"},"wordCount":417,"articleSection":["Data Religiosa"],"inLanguage":"pt-BR"},{"@type":"WebPage","@id":"http:\/\/salmosbiblicos.com.br\/index.php\/2025\/05\/27\/quarta-feira-de-cinzas-tempo-de-reflexao-conversao-e-renovacao-espiritual\/","url":"http:\/\/salmosbiblicos.com.br\/index.php\/2025\/05\/27\/quarta-feira-de-cinzas-tempo-de-reflexao-conversao-e-renovacao-espiritual\/","name":"Quarta-feira de Cinzas: Tempo de Reflex\u00e3o, Convers\u00e3o e Renova\u00e7\u00e3o Espiritual - Salmos B\u00edblicos","isPartOf":{"@id":"https:\/\/salmosbiblicos.com.br\/#website"},"datePublished":"2025-05-27T11:07:53+00:00","author":{"@id":"https:\/\/salmosbiblicos.com.br\/#\/schema\/person\/760735259ba35f1e44e89c71c72d79da"},"breadcrumb":{"@id":"http:\/\/salmosbiblicos.com.br\/index.php\/2025\/05\/27\/quarta-feira-de-cinzas-tempo-de-reflexao-conversao-e-renovacao-espiritual\/#breadcrumb"},"inLanguage":"pt-BR","potentialAction":[{"@type":"ReadAction","target":["http:\/\/salmosbiblicos.com.br\/index.php\/2025\/05\/27\/quarta-feira-de-cinzas-tempo-de-reflexao-conversao-e-renovacao-espiritual\/"]}]},{"@type":"BreadcrumbList","@id":"http:\/\/salmosbiblicos.com.br\/index.php\/2025\/05\/27\/quarta-feira-de-cinzas-tempo-de-reflexao-conversao-e-renovacao-espiritual\/#breadcrumb","itemListElement":[{"@type":"ListItem","position":1,"name":"Home","item":"https:\/\/salmosbiblicos.com.br\/"},{"@type":"ListItem","position":2,"name":"Quarta-feira de Cinzas: Tempo de Reflex\u00e3o, Convers\u00e3o e Renova\u00e7\u00e3o Espiritual"}]},{"@type":"WebSite","@id":"https:\/\/salmosbiblicos.com.br\/#website","url":"https:\/\/salmosbiblicos.com.br\/","name":"Salmos B\u00edblicos","description":"Uma e-Livraria com e-Books novos para voc\u00ea refletir.","potentialAction":[{"@type":"SearchAction","target":{"@type":"EntryPoint","urlTemplate":"https:\/\/salmosbiblicos.com.br\/?s={search_term_string}"},"query-input":{"@type":"PropertyValueSpecification","valueRequired":true,"valueName":"search_term_string"}}],"inLanguage":"pt-BR"},{"@type":"Person","@id":"https:\/\/salmosbiblicos.com.br\/#\/schema\/person\/760735259ba35f1e44e89c71c72d79da","name":"Irmao","image":{"@type":"ImageObject","inLanguage":"pt-BR","@id":"https:\/\/secure.gravatar.com\/avatar\/?s=96&d=mm&r=g","url":"https:\/\/secure.gravatar.com\/avatar\/?s=96&d=mm&r=g","contentUrl":"https:\/\/secure.gravatar.com\/avatar\/?s=96&d=mm&r=g","caption":"Irmao"},"url":"http:\/\/salmosbiblicos.com.br\/index.php\/author\/irmao\/"}]}},"_links":{"self":[{"href":"http:\/\/salmosbiblicos.com.br\/index.php\/wp-json\/wp\/v2\/posts\/5343","targetHints":{"allow":["GET"]}}],"collection":[{"href":"http:\/\/salmosbiblicos.com.br\/index.php\/wp-json\/wp\/v2\/posts"}],"about":[{"href":"http:\/\/salmosbiblicos.com.br\/index.php\/wp-json\/wp\/v2\/types\/post"}],"author":[{"embeddable":true,"href":"http:\/\/salmosbiblicos.com.br\/index.php\/wp-json\/wp\/v2\/users\/2"}],"replies":[{"embeddable":true,"href":"http:\/\/salmosbiblicos.com.br\/index.php\/wp-json\/wp\/v2\/comments?post=5343"}],"version-history":[{"count":0,"href":"http:\/\/salmosbiblicos.com.br\/index.php\/wp-json\/wp\/v2\/posts\/5343\/revisions"}],"wp:attachment":[{"href":"http:\/\/salmosbiblicos.com.br\/index.php\/wp-json\/wp\/v2\/media?parent=5343"}],"wp:term":[{"taxonomy":"category","embeddable":true,"href":"http:\/\/salmosbiblicos.com.br\/index.php\/wp-json\/wp\/v2\/categories?post=5343"},{"taxonomy":"post_tag","embeddable":true,"href":"http:\/\/salmosbiblicos.com.br\/index.php\/wp-json\/wp\/v2\/tags?post=5343"}],"curies":[{"name":"wp","href":"https:\/\/api.w.org\/{rel}","templated":true}]}}