{"id":5355,"date":"2025-05-27T08:08:41","date_gmt":"2025-05-27T11:08:41","guid":{"rendered":"https:\/\/salmosbiblicos.com.br\/?p=5355"},"modified":"2025-05-27T08:08:41","modified_gmt":"2025-05-27T11:08:41","slug":"unidos-na-oracao-a-forca-da-comunhao-espiritual","status":"publish","type":"post","link":"http:\/\/salmosbiblicos.com.br\/index.php\/2025\/05\/27\/unidos-na-oracao-a-forca-da-comunhao-espiritual\/","title":{"rendered":"Unidos na Ora\u00e7\u00e3o: A For\u00e7a da Comunh\u00e3o Espiritual"},"content":{"rendered":"<p>Em meio \u00e0s adversidades da vida, encontrar um grupo de ora\u00e7\u00e3o pode ser um verdadeiro ref\u00fagio espiritual. Os grupos de ora\u00e7\u00e3o s\u00e3o espa\u00e7os onde os fi\u00e9is se re\u00fanem para louvar a Deus, compartilhar suas inten\u00e7\u00f5es e fortalecer a f\u00e9 uns dos outros. <\/p>\n<p>A import\u00e2ncia dos grupos de ora\u00e7\u00e3o vai muito al\u00e9m de simples encontros semanais. Neles, encontramos apoio, consolo e encorajamento para continuar nossa caminhada de f\u00e9. O Salmo (inserir n\u00famero aleat\u00f3rio) nos lembra que onde dois ou mais estiverem reunidos em nome de Deus, Ele estar\u00e1 presente no meio deles.<\/p>\n<p>Em um mundo cada vez mais individualista, pertencer a um grupo de ora\u00e7\u00e3o nos faz sentir parte de uma comunidade maior, onde podemos partilhar nossas alegrias e dores, nossas d\u00favidas e certezas. \u00c9 um espa\u00e7o de acolhimento, onde somos aceitos como somos, sem julgamentos, apenas com amor e compaix\u00e3o.<\/p>\n<p>Ao nos unirmos em ora\u00e7\u00e3o, fortalecemos nossa f\u00e9 e nos conectamos com o divino. As b\u00ean\u00e7\u00e3os que recebemos ao participar de um grupo de ora\u00e7\u00e3o s\u00e3o incont\u00e1veis, pois ali encontramos a for\u00e7a necess\u00e1ria para enfrentar os desafios da vida e para agradecer pelas gra\u00e7as recebidas.<\/p>\n<p>Que possamos nos unir em grupos de ora\u00e7\u00e3o, fortalecendo uns aos outros, compartilhando nossas experi\u00eancias e crescendo juntos na f\u00e9. Que possamos nos lembrar de que, onde h\u00e1 uni\u00e3o e amor, Deus est\u00e1 presente, guiando-nos e aben\u00e7oando-nos em nossa jornada espiritual.<\/p>\n<p>Que a nossa f\u00e9 seja fortalecida a cada encontro de ora\u00e7\u00e3o, e que possamos seguir confiantes no amor e na miseric\u00f3rdia de Deus, sabendo que Ele est\u00e1 sempre ao nosso lado, ouvindo nossas preces e guiando nossos passos.<\/p>\n","protected":false},"excerpt":{"rendered":"<p>Em meio \u00e0s adversidades da vida, encontrar um grupo de ora\u00e7\u00e3o pode ser um verdadeiro ref\u00fagio espiritual. Os grupos de ora\u00e7\u00e3o s\u00e3o espa\u00e7os onde os fi\u00e9is se re\u00fanem para louvar a Deus, compartilhar suas inten\u00e7\u00f5es e fortalecer a f\u00e9 uns dos outros. A import\u00e2ncia dos grupos de ora\u00e7\u00e3o vai muito al\u00e9m de simples encontros semanais. [&hellip;]<\/p>\n","protected":false},"author":2,"featured_media":0,"comment_status":"closed","ping_status":"open","sticky":false,"template":"","format":"standard","meta":{"footnotes":""},"categories":[11],"tags":[],"class_list":["post-5355","post","type-post","status-publish","format-standard","hentry","category-salmos"],"yoast_head":"<!-- This site is optimized with the Yoast SEO plugin v27.2 - https:\/\/yoast.com\/product\/yoast-seo-wordpress\/ -->\n<title>Unidos na Ora\u00e7\u00e3o: A For\u00e7a da Comunh\u00e3o Espiritual - Salmos B\u00edblicos<\/title>\n<meta name=\"robots\" content=\"index, follow, max-snippet:-1, max-image-preview:large, max-video-preview:-1\" \/>\n<link rel=\"canonical\" href=\"http:\/\/salmosbiblicos.com.br\/index.php\/2025\/05\/27\/unidos-na-oracao-a-forca-da-comunhao-espiritual\/\" \/>\n<meta property=\"og:locale\" content=\"pt_BR\" \/>\n<meta property=\"og:type\" content=\"article\" \/>\n<meta property=\"og:title\" content=\"Unidos na Ora\u00e7\u00e3o: A For\u00e7a da Comunh\u00e3o Espiritual - Salmos B\u00edblicos\" \/>\n<meta property=\"og:description\" content=\"Em meio \u00e0s adversidades da vida, encontrar um grupo de ora\u00e7\u00e3o pode ser um verdadeiro ref\u00fagio espiritual. Os grupos de ora\u00e7\u00e3o s\u00e3o espa\u00e7os onde os fi\u00e9is se re\u00fanem para louvar a Deus, compartilhar suas inten\u00e7\u00f5es e fortalecer a f\u00e9 uns dos outros. A import\u00e2ncia dos grupos de ora\u00e7\u00e3o vai muito al\u00e9m de simples encontros semanais. [&hellip;]\" \/>\n<meta property=\"og:url\" content=\"http:\/\/salmosbiblicos.com.br\/index.php\/2025\/05\/27\/unidos-na-oracao-a-forca-da-comunhao-espiritual\/\" \/>\n<meta property=\"og:site_name\" content=\"Salmos B\u00edblicos\" \/>\n<meta property=\"article:published_time\" content=\"2025-05-27T11:08:41+00:00\" \/>\n<meta name=\"author\" content=\"Irmao\" \/>\n<meta name=\"twitter:card\" content=\"summary_large_image\" \/>\n<meta name=\"twitter:label1\" content=\"Escrito por\" \/>\n\t<meta name=\"twitter:data1\" content=\"Irmao\" \/>\n\t<meta name=\"twitter:label2\" content=\"Est. tempo de leitura\" \/>\n\t<meta name=\"twitter:data2\" content=\"1 minuto\" \/>\n<script type=\"application\/ld+json\" class=\"yoast-schema-graph\">{\"@context\":\"https:\/\/schema.org\",\"@graph\":[{\"@type\":\"Article\",\"@id\":\"http:\/\/salmosbiblicos.com.br\/index.php\/2025\/05\/27\/unidos-na-oracao-a-forca-da-comunhao-espiritual\/#article\",\"isPartOf\":{\"@id\":\"http:\/\/salmosbiblicos.com.br\/index.php\/2025\/05\/27\/unidos-na-oracao-a-forca-da-comunhao-espiritual\/\"},\"author\":{\"name\":\"Irmao\",\"@id\":\"https:\/\/salmosbiblicos.com.br\/#\/schema\/person\/760735259ba35f1e44e89c71c72d79da\"},\"headline\":\"Unidos na Ora\u00e7\u00e3o: A For\u00e7a da Comunh\u00e3o Espiritual\",\"datePublished\":\"2025-05-27T11:08:41+00:00\",\"mainEntityOfPage\":{\"@id\":\"http:\/\/salmosbiblicos.com.br\/index.php\/2025\/05\/27\/unidos-na-oracao-a-forca-da-comunhao-espiritual\/\"},\"wordCount\":306,\"articleSection\":[\"Salmos\"],\"inLanguage\":\"pt-BR\"},{\"@type\":\"WebPage\",\"@id\":\"http:\/\/salmosbiblicos.com.br\/index.php\/2025\/05\/27\/unidos-na-oracao-a-forca-da-comunhao-espiritual\/\",\"url\":\"http:\/\/salmosbiblicos.com.br\/index.php\/2025\/05\/27\/unidos-na-oracao-a-forca-da-comunhao-espiritual\/\",\"name\":\"Unidos na Ora\u00e7\u00e3o: A For\u00e7a da Comunh\u00e3o Espiritual - Salmos B\u00edblicos\",\"isPartOf\":{\"@id\":\"https:\/\/salmosbiblicos.com.br\/#website\"},\"datePublished\":\"2025-05-27T11:08:41+00:00\",\"author\":{\"@id\":\"https:\/\/salmosbiblicos.com.br\/#\/schema\/person\/760735259ba35f1e44e89c71c72d79da\"},\"breadcrumb\":{\"@id\":\"http:\/\/salmosbiblicos.com.br\/index.php\/2025\/05\/27\/unidos-na-oracao-a-forca-da-comunhao-espiritual\/#breadcrumb\"},\"inLanguage\":\"pt-BR\",\"potentialAction\":[{\"@type\":\"ReadAction\",\"target\":[\"http:\/\/salmosbiblicos.com.br\/index.php\/2025\/05\/27\/unidos-na-oracao-a-forca-da-comunhao-espiritual\/\"]}]},{\"@type\":\"BreadcrumbList\",\"@id\":\"http:\/\/salmosbiblicos.com.br\/index.php\/2025\/05\/27\/unidos-na-oracao-a-forca-da-comunhao-espiritual\/#breadcrumb\",\"itemListElement\":[{\"@type\":\"ListItem\",\"position\":1,\"name\":\"Home\",\"item\":\"https:\/\/salmosbiblicos.com.br\/\"},{\"@type\":\"ListItem\",\"position\":2,\"name\":\"Unidos na Ora\u00e7\u00e3o: A For\u00e7a da Comunh\u00e3o Espiritual\"}]},{\"@type\":\"WebSite\",\"@id\":\"https:\/\/salmosbiblicos.com.br\/#website\",\"url\":\"https:\/\/salmosbiblicos.com.br\/\",\"name\":\"Salmos B\u00edblicos\",\"description\":\"Uma e-Livraria com e-Books novos para voc\u00ea refletir.\",\"potentialAction\":[{\"@type\":\"SearchAction\",\"target\":{\"@type\":\"EntryPoint\",\"urlTemplate\":\"https:\/\/salmosbiblicos.com.br\/?s={search_term_string}\"},\"query-input\":{\"@type\":\"PropertyValueSpecification\",\"valueRequired\":true,\"valueName\":\"search_term_string\"}}],\"inLanguage\":\"pt-BR\"},{\"@type\":\"Person\",\"@id\":\"https:\/\/salmosbiblicos.com.br\/#\/schema\/person\/760735259ba35f1e44e89c71c72d79da\",\"name\":\"Irmao\",\"image\":{\"@type\":\"ImageObject\",\"inLanguage\":\"pt-BR\",\"@id\":\"https:\/\/secure.gravatar.com\/avatar\/?s=96&d=mm&r=g\",\"url\":\"https:\/\/secure.gravatar.com\/avatar\/?s=96&d=mm&r=g\",\"contentUrl\":\"https:\/\/secure.gravatar.com\/avatar\/?s=96&d=mm&r=g\",\"caption\":\"Irmao\"},\"url\":\"http:\/\/salmosbiblicos.com.br\/index.php\/author\/irmao\/\"}]}<\/script>\n<!-- \/ Yoast SEO plugin. -->","yoast_head_json":{"title":"Unidos na Ora\u00e7\u00e3o: A For\u00e7a da Comunh\u00e3o Espiritual - Salmos B\u00edblicos","robots":{"index":"index","follow":"follow","max-snippet":"max-snippet:-1","max-image-preview":"max-image-preview:large","max-video-preview":"max-video-preview:-1"},"canonical":"http:\/\/salmosbiblicos.com.br\/index.php\/2025\/05\/27\/unidos-na-oracao-a-forca-da-comunhao-espiritual\/","og_locale":"pt_BR","og_type":"article","og_title":"Unidos na Ora\u00e7\u00e3o: A For\u00e7a da Comunh\u00e3o Espiritual - Salmos B\u00edblicos","og_description":"Em meio \u00e0s adversidades da vida, encontrar um grupo de ora\u00e7\u00e3o pode ser um verdadeiro ref\u00fagio espiritual. Os grupos de ora\u00e7\u00e3o s\u00e3o espa\u00e7os onde os fi\u00e9is se re\u00fanem para louvar a Deus, compartilhar suas inten\u00e7\u00f5es e fortalecer a f\u00e9 uns dos outros. A import\u00e2ncia dos grupos de ora\u00e7\u00e3o vai muito al\u00e9m de simples encontros semanais. [&hellip;]","og_url":"http:\/\/salmosbiblicos.com.br\/index.php\/2025\/05\/27\/unidos-na-oracao-a-forca-da-comunhao-espiritual\/","og_site_name":"Salmos B\u00edblicos","article_published_time":"2025-05-27T11:08:41+00:00","author":"Irmao","twitter_card":"summary_large_image","twitter_misc":{"Escrito por":"Irmao","Est. tempo de leitura":"1 minuto"},"schema":{"@context":"https:\/\/schema.org","@graph":[{"@type":"Article","@id":"http:\/\/salmosbiblicos.com.br\/index.php\/2025\/05\/27\/unidos-na-oracao-a-forca-da-comunhao-espiritual\/#article","isPartOf":{"@id":"http:\/\/salmosbiblicos.com.br\/index.php\/2025\/05\/27\/unidos-na-oracao-a-forca-da-comunhao-espiritual\/"},"author":{"name":"Irmao","@id":"https:\/\/salmosbiblicos.com.br\/#\/schema\/person\/760735259ba35f1e44e89c71c72d79da"},"headline":"Unidos na Ora\u00e7\u00e3o: A For\u00e7a da Comunh\u00e3o Espiritual","datePublished":"2025-05-27T11:08:41+00:00","mainEntityOfPage":{"@id":"http:\/\/salmosbiblicos.com.br\/index.php\/2025\/05\/27\/unidos-na-oracao-a-forca-da-comunhao-espiritual\/"},"wordCount":306,"articleSection":["Salmos"],"inLanguage":"pt-BR"},{"@type":"WebPage","@id":"http:\/\/salmosbiblicos.com.br\/index.php\/2025\/05\/27\/unidos-na-oracao-a-forca-da-comunhao-espiritual\/","url":"http:\/\/salmosbiblicos.com.br\/index.php\/2025\/05\/27\/unidos-na-oracao-a-forca-da-comunhao-espiritual\/","name":"Unidos na Ora\u00e7\u00e3o: A For\u00e7a da Comunh\u00e3o Espiritual - Salmos B\u00edblicos","isPartOf":{"@id":"https:\/\/salmosbiblicos.com.br\/#website"},"datePublished":"2025-05-27T11:08:41+00:00","author":{"@id":"https:\/\/salmosbiblicos.com.br\/#\/schema\/person\/760735259ba35f1e44e89c71c72d79da"},"breadcrumb":{"@id":"http:\/\/salmosbiblicos.com.br\/index.php\/2025\/05\/27\/unidos-na-oracao-a-forca-da-comunhao-espiritual\/#breadcrumb"},"inLanguage":"pt-BR","potentialAction":[{"@type":"ReadAction","target":["http:\/\/salmosbiblicos.com.br\/index.php\/2025\/05\/27\/unidos-na-oracao-a-forca-da-comunhao-espiritual\/"]}]},{"@type":"BreadcrumbList","@id":"http:\/\/salmosbiblicos.com.br\/index.php\/2025\/05\/27\/unidos-na-oracao-a-forca-da-comunhao-espiritual\/#breadcrumb","itemListElement":[{"@type":"ListItem","position":1,"name":"Home","item":"https:\/\/salmosbiblicos.com.br\/"},{"@type":"ListItem","position":2,"name":"Unidos na Ora\u00e7\u00e3o: A For\u00e7a da Comunh\u00e3o Espiritual"}]},{"@type":"WebSite","@id":"https:\/\/salmosbiblicos.com.br\/#website","url":"https:\/\/salmosbiblicos.com.br\/","name":"Salmos B\u00edblicos","description":"Uma e-Livraria com e-Books novos para voc\u00ea refletir.","potentialAction":[{"@type":"SearchAction","target":{"@type":"EntryPoint","urlTemplate":"https:\/\/salmosbiblicos.com.br\/?s={search_term_string}"},"query-input":{"@type":"PropertyValueSpecification","valueRequired":true,"valueName":"search_term_string"}}],"inLanguage":"pt-BR"},{"@type":"Person","@id":"https:\/\/salmosbiblicos.com.br\/#\/schema\/person\/760735259ba35f1e44e89c71c72d79da","name":"Irmao","image":{"@type":"ImageObject","inLanguage":"pt-BR","@id":"https:\/\/secure.gravatar.com\/avatar\/?s=96&d=mm&r=g","url":"https:\/\/secure.gravatar.com\/avatar\/?s=96&d=mm&r=g","contentUrl":"https:\/\/secure.gravatar.com\/avatar\/?s=96&d=mm&r=g","caption":"Irmao"},"url":"http:\/\/salmosbiblicos.com.br\/index.php\/author\/irmao\/"}]}},"_links":{"self":[{"href":"http:\/\/salmosbiblicos.com.br\/index.php\/wp-json\/wp\/v2\/posts\/5355","targetHints":{"allow":["GET"]}}],"collection":[{"href":"http:\/\/salmosbiblicos.com.br\/index.php\/wp-json\/wp\/v2\/posts"}],"about":[{"href":"http:\/\/salmosbiblicos.com.br\/index.php\/wp-json\/wp\/v2\/types\/post"}],"author":[{"embeddable":true,"href":"http:\/\/salmosbiblicos.com.br\/index.php\/wp-json\/wp\/v2\/users\/2"}],"replies":[{"embeddable":true,"href":"http:\/\/salmosbiblicos.com.br\/index.php\/wp-json\/wp\/v2\/comments?post=5355"}],"version-history":[{"count":0,"href":"http:\/\/salmosbiblicos.com.br\/index.php\/wp-json\/wp\/v2\/posts\/5355\/revisions"}],"wp:attachment":[{"href":"http:\/\/salmosbiblicos.com.br\/index.php\/wp-json\/wp\/v2\/media?parent=5355"}],"wp:term":[{"taxonomy":"category","embeddable":true,"href":"http:\/\/salmosbiblicos.com.br\/index.php\/wp-json\/wp\/v2\/categories?post=5355"},{"taxonomy":"post_tag","embeddable":true,"href":"http:\/\/salmosbiblicos.com.br\/index.php\/wp-json\/wp\/v2\/tags?post=5355"}],"curies":[{"name":"wp","href":"https:\/\/api.w.org\/{rel}","templated":true}]}}