{"id":5365,"date":"2025-05-28T18:40:09","date_gmt":"2025-05-28T21:40:09","guid":{"rendered":"https:\/\/salmosbiblicos.com.br\/?p=5365"},"modified":"2025-05-28T18:40:09","modified_gmt":"2025-05-28T21:40:09","slug":"a-paz-interior-encontrando-serenidade-em-meio-ao-caos-do-mundo","status":"publish","type":"post","link":"http:\/\/salmosbiblicos.com.br\/index.php\/2025\/05\/28\/a-paz-interior-encontrando-serenidade-em-meio-ao-caos-do-mundo\/","title":{"rendered":"A Paz Interior: Encontrando Serenidade em Meio ao Caos do Mundo"},"content":{"rendered":"<p>Hoje, querido amigo, quero compartilhar com voc\u00ea uma reflex\u00e3o sobre a import\u00e2ncia de cultivar a paz interior em meio ao caos do mundo. Vivemos em um tempo onde as not\u00edcias tristes e os desafios do dia a dia podem facilmente nos tirar a tranquilidade e a serenidade que tanto buscamos.<\/p>\n<p>Em momentos como esses, \u00e9 fundamental lembrarmos que a paz verdadeira n\u00e3o vem do exterior, mas sim de dentro de n\u00f3s mesmos. \u00c9 quando nos conectamos com nossa ess\u00eancia espiritual, com nossa f\u00e9 e com a presen\u00e7a do divino em nossas vidas que podemos encontrar a paz que tanto almejamos.<\/p>\n<p>Seja atrav\u00e9s da ora\u00e7\u00e3o, da medita\u00e7\u00e3o, da leitura de textos sagrados ou simplesmente do sil\u00eancio e da contempla\u00e7\u00e3o, \u00e9 importante reservarmos um tempo para nutrir nossa alma e fortalecer nossa conex\u00e3o com o sagrado. \u00c9 nesses momentos de recolhimento que podemos ouvir a voz de Deus, do universo, do nosso eu mais profundo, nos guiando e nos acalmando em meio \u00e0s tempestades da vida.<\/p>\n<p>N\u00e3o se deixe levar pelo frenesi do mundo, pelas preocupa\u00e7\u00f5es do dia a dia, pelos problemas que parecem insol\u00faveis. Lembre-se sempre de que, mesmo diante das adversidades, voc\u00ea tem dentro de si a luz da esperan\u00e7a, a for\u00e7a da f\u00e9 e a paz que excede todo entendimento.<\/p>\n<p>Que cada desafio seja visto como uma oportunidade de crescimento espiritual, de fortalecimento da sua f\u00e9 e de aproxima\u00e7\u00e3o do divino. Que cada obst\u00e1culo seja encarado com coragem e confian\u00e7a, sabendo que voc\u00ea n\u00e3o est\u00e1 sozinho e que sempre h\u00e1 uma m\u00e3o divina pronta para te amparar.<\/p>\n<p>Que a paz que excede todo entendimento encha o seu cora\u00e7\u00e3o e a sua mente, trazendo conforto, seguran\u00e7a e serenidade. Que a presen\u00e7a do sagrado esteja sempre contigo, guiando seus passos, acalmando suas afli\u00e7\u00f5es e iluminando seu caminho.<\/p>\n<p>Lembre-se sempre: a paz n\u00e3o est\u00e1 l\u00e1 fora, mas sim dentro de voc\u00ea. Cultive-a, nutra-a, compartilhe-a com o mundo ao seu redor. E que a paz de Deus, que transcende todo entendimento, guarde o seu cora\u00e7\u00e3o e a sua mente em Cristo Jesus.<\/p>\n<p>Que a paz esteja sempre contigo.<\/p>\n","protected":false},"excerpt":{"rendered":"<p>Hoje, querido amigo, quero compartilhar com voc\u00ea uma reflex\u00e3o sobre a import\u00e2ncia de cultivar a paz interior em meio ao caos do mundo. Vivemos em um tempo onde as not\u00edcias tristes e os desafios do dia a dia podem facilmente nos tirar a tranquilidade e a serenidade que tanto buscamos. Em momentos como esses, \u00e9 [&hellip;]<\/p>\n","protected":false},"author":2,"featured_media":0,"comment_status":"closed","ping_status":"open","sticky":false,"template":"","format":"standard","meta":{"footnotes":""},"categories":[6],"tags":[],"class_list":["post-5365","post","type-post","status-publish","format-standard","hentry","category-reflexao-do-dia"],"yoast_head":"<!-- This site is optimized with the Yoast SEO plugin v27.2 - https:\/\/yoast.com\/product\/yoast-seo-wordpress\/ -->\n<title>A Paz Interior: Encontrando Serenidade em Meio ao Caos do Mundo - Salmos B\u00edblicos<\/title>\n<meta name=\"robots\" content=\"index, follow, max-snippet:-1, max-image-preview:large, max-video-preview:-1\" \/>\n<link rel=\"canonical\" href=\"https:\/\/salmosbiblicos.com.br\/index.php\/2025\/05\/28\/a-paz-interior-encontrando-serenidade-em-meio-ao-caos-do-mundo\/\" \/>\n<meta property=\"og:locale\" content=\"pt_BR\" \/>\n<meta property=\"og:type\" content=\"article\" \/>\n<meta property=\"og:title\" content=\"A Paz Interior: Encontrando Serenidade em Meio ao Caos do Mundo - Salmos B\u00edblicos\" \/>\n<meta property=\"og:description\" content=\"Hoje, querido amigo, quero compartilhar com voc\u00ea uma reflex\u00e3o sobre a import\u00e2ncia de cultivar a paz interior em meio ao caos do mundo. Vivemos em um tempo onde as not\u00edcias tristes e os desafios do dia a dia podem facilmente nos tirar a tranquilidade e a serenidade que tanto buscamos. Em momentos como esses, \u00e9 [&hellip;]\" \/>\n<meta property=\"og:url\" content=\"https:\/\/salmosbiblicos.com.br\/index.php\/2025\/05\/28\/a-paz-interior-encontrando-serenidade-em-meio-ao-caos-do-mundo\/\" \/>\n<meta property=\"og:site_name\" content=\"Salmos B\u00edblicos\" \/>\n<meta property=\"article:published_time\" content=\"2025-05-28T21:40:09+00:00\" \/>\n<meta name=\"author\" content=\"Irmao\" \/>\n<meta name=\"twitter:card\" content=\"summary_large_image\" \/>\n<meta name=\"twitter:label1\" content=\"Escrito por\" \/>\n\t<meta name=\"twitter:data1\" content=\"Irmao\" \/>\n\t<meta name=\"twitter:label2\" content=\"Est. tempo de leitura\" \/>\n\t<meta name=\"twitter:data2\" content=\"2 minutos\" \/>\n<script type=\"application\/ld+json\" class=\"yoast-schema-graph\">{\"@context\":\"https:\/\/schema.org\",\"@graph\":[{\"@type\":\"Article\",\"@id\":\"https:\/\/salmosbiblicos.com.br\/index.php\/2025\/05\/28\/a-paz-interior-encontrando-serenidade-em-meio-ao-caos-do-mundo\/#article\",\"isPartOf\":{\"@id\":\"https:\/\/salmosbiblicos.com.br\/index.php\/2025\/05\/28\/a-paz-interior-encontrando-serenidade-em-meio-ao-caos-do-mundo\/\"},\"author\":{\"name\":\"Irmao\",\"@id\":\"https:\/\/salmosbiblicos.com.br\/#\/schema\/person\/760735259ba35f1e44e89c71c72d79da\"},\"headline\":\"A Paz Interior: Encontrando Serenidade em Meio ao Caos do Mundo\",\"datePublished\":\"2025-05-28T21:40:09+00:00\",\"mainEntityOfPage\":{\"@id\":\"https:\/\/salmosbiblicos.com.br\/index.php\/2025\/05\/28\/a-paz-interior-encontrando-serenidade-em-meio-ao-caos-do-mundo\/\"},\"wordCount\":381,\"articleSection\":[\"Reflex\u00e3o do Dia\"],\"inLanguage\":\"pt-BR\"},{\"@type\":\"WebPage\",\"@id\":\"https:\/\/salmosbiblicos.com.br\/index.php\/2025\/05\/28\/a-paz-interior-encontrando-serenidade-em-meio-ao-caos-do-mundo\/\",\"url\":\"https:\/\/salmosbiblicos.com.br\/index.php\/2025\/05\/28\/a-paz-interior-encontrando-serenidade-em-meio-ao-caos-do-mundo\/\",\"name\":\"A Paz Interior: Encontrando Serenidade em Meio ao Caos do Mundo - Salmos B\u00edblicos\",\"isPartOf\":{\"@id\":\"https:\/\/salmosbiblicos.com.br\/#website\"},\"datePublished\":\"2025-05-28T21:40:09+00:00\",\"author\":{\"@id\":\"https:\/\/salmosbiblicos.com.br\/#\/schema\/person\/760735259ba35f1e44e89c71c72d79da\"},\"breadcrumb\":{\"@id\":\"https:\/\/salmosbiblicos.com.br\/index.php\/2025\/05\/28\/a-paz-interior-encontrando-serenidade-em-meio-ao-caos-do-mundo\/#breadcrumb\"},\"inLanguage\":\"pt-BR\",\"potentialAction\":[{\"@type\":\"ReadAction\",\"target\":[\"https:\/\/salmosbiblicos.com.br\/index.php\/2025\/05\/28\/a-paz-interior-encontrando-serenidade-em-meio-ao-caos-do-mundo\/\"]}]},{\"@type\":\"BreadcrumbList\",\"@id\":\"https:\/\/salmosbiblicos.com.br\/index.php\/2025\/05\/28\/a-paz-interior-encontrando-serenidade-em-meio-ao-caos-do-mundo\/#breadcrumb\",\"itemListElement\":[{\"@type\":\"ListItem\",\"position\":1,\"name\":\"Home\",\"item\":\"https:\/\/salmosbiblicos.com.br\/\"},{\"@type\":\"ListItem\",\"position\":2,\"name\":\"A Paz Interior: Encontrando Serenidade em Meio ao Caos do Mundo\"}]},{\"@type\":\"WebSite\",\"@id\":\"https:\/\/salmosbiblicos.com.br\/#website\",\"url\":\"https:\/\/salmosbiblicos.com.br\/\",\"name\":\"Salmos B\u00edblicos\",\"description\":\"Uma e-Livraria com e-Books novos para voc\u00ea refletir.\",\"potentialAction\":[{\"@type\":\"SearchAction\",\"target\":{\"@type\":\"EntryPoint\",\"urlTemplate\":\"https:\/\/salmosbiblicos.com.br\/?s={search_term_string}\"},\"query-input\":{\"@type\":\"PropertyValueSpecification\",\"valueRequired\":true,\"valueName\":\"search_term_string\"}}],\"inLanguage\":\"pt-BR\"},{\"@type\":\"Person\",\"@id\":\"https:\/\/salmosbiblicos.com.br\/#\/schema\/person\/760735259ba35f1e44e89c71c72d79da\",\"name\":\"Irmao\",\"image\":{\"@type\":\"ImageObject\",\"inLanguage\":\"pt-BR\",\"@id\":\"https:\/\/secure.gravatar.com\/avatar\/?s=96&d=mm&r=g\",\"url\":\"https:\/\/secure.gravatar.com\/avatar\/?s=96&d=mm&r=g\",\"contentUrl\":\"https:\/\/secure.gravatar.com\/avatar\/?s=96&d=mm&r=g\",\"caption\":\"Irmao\"},\"url\":\"http:\/\/salmosbiblicos.com.br\/index.php\/author\/irmao\/\"}]}<\/script>\n<!-- \/ Yoast SEO plugin. -->","yoast_head_json":{"title":"A Paz Interior: Encontrando Serenidade em Meio ao Caos do Mundo - Salmos B\u00edblicos","robots":{"index":"index","follow":"follow","max-snippet":"max-snippet:-1","max-image-preview":"max-image-preview:large","max-video-preview":"max-video-preview:-1"},"canonical":"https:\/\/salmosbiblicos.com.br\/index.php\/2025\/05\/28\/a-paz-interior-encontrando-serenidade-em-meio-ao-caos-do-mundo\/","og_locale":"pt_BR","og_type":"article","og_title":"A Paz Interior: Encontrando Serenidade em Meio ao Caos do Mundo - Salmos B\u00edblicos","og_description":"Hoje, querido amigo, quero compartilhar com voc\u00ea uma reflex\u00e3o sobre a import\u00e2ncia de cultivar a paz interior em meio ao caos do mundo. Vivemos em um tempo onde as not\u00edcias tristes e os desafios do dia a dia podem facilmente nos tirar a tranquilidade e a serenidade que tanto buscamos. Em momentos como esses, \u00e9 [&hellip;]","og_url":"https:\/\/salmosbiblicos.com.br\/index.php\/2025\/05\/28\/a-paz-interior-encontrando-serenidade-em-meio-ao-caos-do-mundo\/","og_site_name":"Salmos B\u00edblicos","article_published_time":"2025-05-28T21:40:09+00:00","author":"Irmao","twitter_card":"summary_large_image","twitter_misc":{"Escrito por":"Irmao","Est. tempo de leitura":"2 minutos"},"schema":{"@context":"https:\/\/schema.org","@graph":[{"@type":"Article","@id":"https:\/\/salmosbiblicos.com.br\/index.php\/2025\/05\/28\/a-paz-interior-encontrando-serenidade-em-meio-ao-caos-do-mundo\/#article","isPartOf":{"@id":"https:\/\/salmosbiblicos.com.br\/index.php\/2025\/05\/28\/a-paz-interior-encontrando-serenidade-em-meio-ao-caos-do-mundo\/"},"author":{"name":"Irmao","@id":"https:\/\/salmosbiblicos.com.br\/#\/schema\/person\/760735259ba35f1e44e89c71c72d79da"},"headline":"A Paz Interior: Encontrando Serenidade em Meio ao Caos do Mundo","datePublished":"2025-05-28T21:40:09+00:00","mainEntityOfPage":{"@id":"https:\/\/salmosbiblicos.com.br\/index.php\/2025\/05\/28\/a-paz-interior-encontrando-serenidade-em-meio-ao-caos-do-mundo\/"},"wordCount":381,"articleSection":["Reflex\u00e3o do Dia"],"inLanguage":"pt-BR"},{"@type":"WebPage","@id":"https:\/\/salmosbiblicos.com.br\/index.php\/2025\/05\/28\/a-paz-interior-encontrando-serenidade-em-meio-ao-caos-do-mundo\/","url":"https:\/\/salmosbiblicos.com.br\/index.php\/2025\/05\/28\/a-paz-interior-encontrando-serenidade-em-meio-ao-caos-do-mundo\/","name":"A Paz Interior: Encontrando Serenidade em Meio ao Caos do Mundo - Salmos B\u00edblicos","isPartOf":{"@id":"https:\/\/salmosbiblicos.com.br\/#website"},"datePublished":"2025-05-28T21:40:09+00:00","author":{"@id":"https:\/\/salmosbiblicos.com.br\/#\/schema\/person\/760735259ba35f1e44e89c71c72d79da"},"breadcrumb":{"@id":"https:\/\/salmosbiblicos.com.br\/index.php\/2025\/05\/28\/a-paz-interior-encontrando-serenidade-em-meio-ao-caos-do-mundo\/#breadcrumb"},"inLanguage":"pt-BR","potentialAction":[{"@type":"ReadAction","target":["https:\/\/salmosbiblicos.com.br\/index.php\/2025\/05\/28\/a-paz-interior-encontrando-serenidade-em-meio-ao-caos-do-mundo\/"]}]},{"@type":"BreadcrumbList","@id":"https:\/\/salmosbiblicos.com.br\/index.php\/2025\/05\/28\/a-paz-interior-encontrando-serenidade-em-meio-ao-caos-do-mundo\/#breadcrumb","itemListElement":[{"@type":"ListItem","position":1,"name":"Home","item":"https:\/\/salmosbiblicos.com.br\/"},{"@type":"ListItem","position":2,"name":"A Paz Interior: Encontrando Serenidade em Meio ao Caos do Mundo"}]},{"@type":"WebSite","@id":"https:\/\/salmosbiblicos.com.br\/#website","url":"https:\/\/salmosbiblicos.com.br\/","name":"Salmos B\u00edblicos","description":"Uma e-Livraria com e-Books novos para voc\u00ea refletir.","potentialAction":[{"@type":"SearchAction","target":{"@type":"EntryPoint","urlTemplate":"https:\/\/salmosbiblicos.com.br\/?s={search_term_string}"},"query-input":{"@type":"PropertyValueSpecification","valueRequired":true,"valueName":"search_term_string"}}],"inLanguage":"pt-BR"},{"@type":"Person","@id":"https:\/\/salmosbiblicos.com.br\/#\/schema\/person\/760735259ba35f1e44e89c71c72d79da","name":"Irmao","image":{"@type":"ImageObject","inLanguage":"pt-BR","@id":"https:\/\/secure.gravatar.com\/avatar\/?s=96&d=mm&r=g","url":"https:\/\/secure.gravatar.com\/avatar\/?s=96&d=mm&r=g","contentUrl":"https:\/\/secure.gravatar.com\/avatar\/?s=96&d=mm&r=g","caption":"Irmao"},"url":"http:\/\/salmosbiblicos.com.br\/index.php\/author\/irmao\/"}]}},"_links":{"self":[{"href":"http:\/\/salmosbiblicos.com.br\/index.php\/wp-json\/wp\/v2\/posts\/5365","targetHints":{"allow":["GET"]}}],"collection":[{"href":"http:\/\/salmosbiblicos.com.br\/index.php\/wp-json\/wp\/v2\/posts"}],"about":[{"href":"http:\/\/salmosbiblicos.com.br\/index.php\/wp-json\/wp\/v2\/types\/post"}],"author":[{"embeddable":true,"href":"http:\/\/salmosbiblicos.com.br\/index.php\/wp-json\/wp\/v2\/users\/2"}],"replies":[{"embeddable":true,"href":"http:\/\/salmosbiblicos.com.br\/index.php\/wp-json\/wp\/v2\/comments?post=5365"}],"version-history":[{"count":0,"href":"http:\/\/salmosbiblicos.com.br\/index.php\/wp-json\/wp\/v2\/posts\/5365\/revisions"}],"wp:attachment":[{"href":"http:\/\/salmosbiblicos.com.br\/index.php\/wp-json\/wp\/v2\/media?parent=5365"}],"wp:term":[{"taxonomy":"category","embeddable":true,"href":"http:\/\/salmosbiblicos.com.br\/index.php\/wp-json\/wp\/v2\/categories?post=5365"},{"taxonomy":"post_tag","embeddable":true,"href":"http:\/\/salmosbiblicos.com.br\/index.php\/wp-json\/wp\/v2\/tags?post=5365"}],"curies":[{"name":"wp","href":"https:\/\/api.w.org\/{rel}","templated":true}]}}