{"id":5369,"date":"2025-05-28T18:40:24","date_gmt":"2025-05-28T21:40:24","guid":{"rendered":"https:\/\/salmosbiblicos.com.br\/?p=5369"},"modified":"2025-05-28T18:40:24","modified_gmt":"2025-05-28T21:40:24","slug":"confie-no-plano-divino-a-importancia-da-fe-em-tempos-de-incertezas","status":"publish","type":"post","link":"http:\/\/salmosbiblicos.com.br\/index.php\/2025\/05\/28\/confie-no-plano-divino-a-importancia-da-fe-em-tempos-de-incertezas\/","title":{"rendered":"Confie no plano divino: a import\u00e2ncia da f\u00e9 em tempos de incertezas."},"content":{"rendered":"<p>Hoje, neste dia de incertezas e turbul\u00eancias, quero te lembrar de algo fundamental: a import\u00e2ncia de confiar no plano divino para a sua vida. <\/p>\n<p>\u00c9 natural que, diante dos desafios e adversidades, sintamos medo e inseguran\u00e7a. Mas \u00e9 exatamente nestes momentos que precisamos nos voltar para a nossa f\u00e9 e lembrar que h\u00e1 um prop\u00f3sito maior por tr\u00e1s de tudo o que vivemos. <\/p>\n<p>Deus, em sua infinita sabedoria, conhece cada detalhe do nosso caminho. Ele nos guia, nos protege e nos fortalece, mesmo quando n\u00e3o conseguimos enxergar a sua m\u00e3o agindo em nossas vidas. <\/p>\n<p>Por isso, n\u00e3o se desespere diante das dificuldades. Confie que tudo o que acontece tem um sentido, mesmo que no momento n\u00e3o compreendamos. Tenha f\u00e9 de que o melhor est\u00e1 por vir e que cada desafio nos fortalece e nos prepara para o que est\u00e1 por vir. <\/p>\n<p>Lembre-se de que somos todos filhos de um Deus amoroso e misericordioso, que est\u00e1 sempre ao nosso lado, mesmo nos momentos mais sombrios. Ele nos ama incondicionalmente e nos d\u00e1 for\u00e7as para seguir em frente, mesmo quando achamos que n\u00e3o somos capazes. <\/p>\n<p>Ent\u00e3o, neste dia, respire fundo, entregue suas preocupa\u00e7\u00f5es nas m\u00e3os de Deus e confie que ele est\u00e1 no controle de tudo. Tenha a certeza de que, no tempo certo, todas as pe\u00e7as se encaixar\u00e3o e voc\u00ea entender\u00e1 o porqu\u00ea de cada desafio enfrentado. <\/p>\n<p>N\u00e3o se esque\u00e7a de que a f\u00e9 \u00e9 a luz que ilumina o nosso caminho, nos dando esperan\u00e7a e coragem para seguir em frente. Confie, acredite e mantenha seu cora\u00e7\u00e3o aberto para receber as b\u00ean\u00e7\u00e3os que est\u00e3o a caminho. <\/p>\n<p>Lembre-se: &#8220;Nada \u00e9 imposs\u00edvel para aquele que cr\u00ea&#8221;. Que estas palavras possam te trazer paz e conforto neste dia. Que a sua f\u00e9 seja a sua fortaleza e a sua esperan\u00e7a o seu guia. Que a luz divina ilumine o seu caminho e te conduza \u00e0 felicidade plena. <\/p>\n<p>Tenha f\u00e9, querido amigo, pois voc\u00ea nunca est\u00e1 sozinho. Deus est\u00e1 sempre ao seu lado, cuidando de voc\u00ea e te amando incondicionalmente. Confie, acredite e siga em frente, com a certeza de que o melhor ainda est\u00e1 por vir. Am\u00e9m.<\/p>\n","protected":false},"excerpt":{"rendered":"<p>Hoje, neste dia de incertezas e turbul\u00eancias, quero te lembrar de algo fundamental: a import\u00e2ncia de confiar no plano divino para a sua vida. \u00c9 natural que, diante dos desafios e adversidades, sintamos medo e inseguran\u00e7a. Mas \u00e9 exatamente nestes momentos que precisamos nos voltar para a nossa f\u00e9 e lembrar que h\u00e1 um prop\u00f3sito [&hellip;]<\/p>\n","protected":false},"author":2,"featured_media":0,"comment_status":"closed","ping_status":"open","sticky":false,"template":"","format":"standard","meta":{"footnotes":""},"categories":[6],"tags":[],"class_list":["post-5369","post","type-post","status-publish","format-standard","hentry","category-reflexao-do-dia"],"yoast_head":"<!-- This site is optimized with the Yoast SEO plugin v27.2 - https:\/\/yoast.com\/product\/yoast-seo-wordpress\/ -->\n<title>Confie no plano divino: a import\u00e2ncia da f\u00e9 em tempos de incertezas. - Salmos B\u00edblicos<\/title>\n<meta name=\"robots\" content=\"index, follow, max-snippet:-1, max-image-preview:large, max-video-preview:-1\" \/>\n<link rel=\"canonical\" href=\"http:\/\/salmosbiblicos.com.br\/index.php\/2025\/05\/28\/confie-no-plano-divino-a-importancia-da-fe-em-tempos-de-incertezas\/\" \/>\n<meta property=\"og:locale\" content=\"pt_BR\" \/>\n<meta property=\"og:type\" content=\"article\" \/>\n<meta property=\"og:title\" content=\"Confie no plano divino: a import\u00e2ncia da f\u00e9 em tempos de incertezas. - Salmos B\u00edblicos\" \/>\n<meta property=\"og:description\" content=\"Hoje, neste dia de incertezas e turbul\u00eancias, quero te lembrar de algo fundamental: a import\u00e2ncia de confiar no plano divino para a sua vida. \u00c9 natural que, diante dos desafios e adversidades, sintamos medo e inseguran\u00e7a. Mas \u00e9 exatamente nestes momentos que precisamos nos voltar para a nossa f\u00e9 e lembrar que h\u00e1 um prop\u00f3sito [&hellip;]\" \/>\n<meta property=\"og:url\" content=\"http:\/\/salmosbiblicos.com.br\/index.php\/2025\/05\/28\/confie-no-plano-divino-a-importancia-da-fe-em-tempos-de-incertezas\/\" \/>\n<meta property=\"og:site_name\" content=\"Salmos B\u00edblicos\" \/>\n<meta property=\"article:published_time\" content=\"2025-05-28T21:40:24+00:00\" \/>\n<meta name=\"author\" content=\"Irmao\" \/>\n<meta name=\"twitter:card\" content=\"summary_large_image\" \/>\n<meta name=\"twitter:label1\" content=\"Escrito por\" \/>\n\t<meta name=\"twitter:data1\" content=\"Irmao\" \/>\n\t<meta name=\"twitter:label2\" content=\"Est. tempo de leitura\" \/>\n\t<meta name=\"twitter:data2\" content=\"2 minutos\" \/>\n<script type=\"application\/ld+json\" class=\"yoast-schema-graph\">{\"@context\":\"https:\/\/schema.org\",\"@graph\":[{\"@type\":\"Article\",\"@id\":\"http:\/\/salmosbiblicos.com.br\/index.php\/2025\/05\/28\/confie-no-plano-divino-a-importancia-da-fe-em-tempos-de-incertezas\/#article\",\"isPartOf\":{\"@id\":\"http:\/\/salmosbiblicos.com.br\/index.php\/2025\/05\/28\/confie-no-plano-divino-a-importancia-da-fe-em-tempos-de-incertezas\/\"},\"author\":{\"name\":\"Irmao\",\"@id\":\"https:\/\/salmosbiblicos.com.br\/#\/schema\/person\/760735259ba35f1e44e89c71c72d79da\"},\"headline\":\"Confie no plano divino: a import\u00e2ncia da f\u00e9 em tempos de incertezas.\",\"datePublished\":\"2025-05-28T21:40:24+00:00\",\"mainEntityOfPage\":{\"@id\":\"http:\/\/salmosbiblicos.com.br\/index.php\/2025\/05\/28\/confie-no-plano-divino-a-importancia-da-fe-em-tempos-de-incertezas\/\"},\"wordCount\":387,\"articleSection\":[\"Reflex\u00e3o do Dia\"],\"inLanguage\":\"pt-BR\"},{\"@type\":\"WebPage\",\"@id\":\"http:\/\/salmosbiblicos.com.br\/index.php\/2025\/05\/28\/confie-no-plano-divino-a-importancia-da-fe-em-tempos-de-incertezas\/\",\"url\":\"http:\/\/salmosbiblicos.com.br\/index.php\/2025\/05\/28\/confie-no-plano-divino-a-importancia-da-fe-em-tempos-de-incertezas\/\",\"name\":\"Confie no plano divino: a import\u00e2ncia da f\u00e9 em tempos de incertezas. - Salmos B\u00edblicos\",\"isPartOf\":{\"@id\":\"https:\/\/salmosbiblicos.com.br\/#website\"},\"datePublished\":\"2025-05-28T21:40:24+00:00\",\"author\":{\"@id\":\"https:\/\/salmosbiblicos.com.br\/#\/schema\/person\/760735259ba35f1e44e89c71c72d79da\"},\"breadcrumb\":{\"@id\":\"http:\/\/salmosbiblicos.com.br\/index.php\/2025\/05\/28\/confie-no-plano-divino-a-importancia-da-fe-em-tempos-de-incertezas\/#breadcrumb\"},\"inLanguage\":\"pt-BR\",\"potentialAction\":[{\"@type\":\"ReadAction\",\"target\":[\"http:\/\/salmosbiblicos.com.br\/index.php\/2025\/05\/28\/confie-no-plano-divino-a-importancia-da-fe-em-tempos-de-incertezas\/\"]}]},{\"@type\":\"BreadcrumbList\",\"@id\":\"http:\/\/salmosbiblicos.com.br\/index.php\/2025\/05\/28\/confie-no-plano-divino-a-importancia-da-fe-em-tempos-de-incertezas\/#breadcrumb\",\"itemListElement\":[{\"@type\":\"ListItem\",\"position\":1,\"name\":\"Home\",\"item\":\"https:\/\/salmosbiblicos.com.br\/\"},{\"@type\":\"ListItem\",\"position\":2,\"name\":\"Confie no plano divino: a import\u00e2ncia da f\u00e9 em tempos de incertezas.\"}]},{\"@type\":\"WebSite\",\"@id\":\"https:\/\/salmosbiblicos.com.br\/#website\",\"url\":\"https:\/\/salmosbiblicos.com.br\/\",\"name\":\"Salmos B\u00edblicos\",\"description\":\"Uma e-Livraria com e-Books novos para voc\u00ea refletir.\",\"potentialAction\":[{\"@type\":\"SearchAction\",\"target\":{\"@type\":\"EntryPoint\",\"urlTemplate\":\"https:\/\/salmosbiblicos.com.br\/?s={search_term_string}\"},\"query-input\":{\"@type\":\"PropertyValueSpecification\",\"valueRequired\":true,\"valueName\":\"search_term_string\"}}],\"inLanguage\":\"pt-BR\"},{\"@type\":\"Person\",\"@id\":\"https:\/\/salmosbiblicos.com.br\/#\/schema\/person\/760735259ba35f1e44e89c71c72d79da\",\"name\":\"Irmao\",\"image\":{\"@type\":\"ImageObject\",\"inLanguage\":\"pt-BR\",\"@id\":\"https:\/\/secure.gravatar.com\/avatar\/?s=96&d=mm&r=g\",\"url\":\"https:\/\/secure.gravatar.com\/avatar\/?s=96&d=mm&r=g\",\"contentUrl\":\"https:\/\/secure.gravatar.com\/avatar\/?s=96&d=mm&r=g\",\"caption\":\"Irmao\"},\"url\":\"http:\/\/salmosbiblicos.com.br\/index.php\/author\/irmao\/\"}]}<\/script>\n<!-- \/ Yoast SEO plugin. -->","yoast_head_json":{"title":"Confie no plano divino: a import\u00e2ncia da f\u00e9 em tempos de incertezas. - Salmos B\u00edblicos","robots":{"index":"index","follow":"follow","max-snippet":"max-snippet:-1","max-image-preview":"max-image-preview:large","max-video-preview":"max-video-preview:-1"},"canonical":"http:\/\/salmosbiblicos.com.br\/index.php\/2025\/05\/28\/confie-no-plano-divino-a-importancia-da-fe-em-tempos-de-incertezas\/","og_locale":"pt_BR","og_type":"article","og_title":"Confie no plano divino: a import\u00e2ncia da f\u00e9 em tempos de incertezas. - Salmos B\u00edblicos","og_description":"Hoje, neste dia de incertezas e turbul\u00eancias, quero te lembrar de algo fundamental: a import\u00e2ncia de confiar no plano divino para a sua vida. \u00c9 natural que, diante dos desafios e adversidades, sintamos medo e inseguran\u00e7a. Mas \u00e9 exatamente nestes momentos que precisamos nos voltar para a nossa f\u00e9 e lembrar que h\u00e1 um prop\u00f3sito [&hellip;]","og_url":"http:\/\/salmosbiblicos.com.br\/index.php\/2025\/05\/28\/confie-no-plano-divino-a-importancia-da-fe-em-tempos-de-incertezas\/","og_site_name":"Salmos B\u00edblicos","article_published_time":"2025-05-28T21:40:24+00:00","author":"Irmao","twitter_card":"summary_large_image","twitter_misc":{"Escrito por":"Irmao","Est. tempo de leitura":"2 minutos"},"schema":{"@context":"https:\/\/schema.org","@graph":[{"@type":"Article","@id":"http:\/\/salmosbiblicos.com.br\/index.php\/2025\/05\/28\/confie-no-plano-divino-a-importancia-da-fe-em-tempos-de-incertezas\/#article","isPartOf":{"@id":"http:\/\/salmosbiblicos.com.br\/index.php\/2025\/05\/28\/confie-no-plano-divino-a-importancia-da-fe-em-tempos-de-incertezas\/"},"author":{"name":"Irmao","@id":"https:\/\/salmosbiblicos.com.br\/#\/schema\/person\/760735259ba35f1e44e89c71c72d79da"},"headline":"Confie no plano divino: a import\u00e2ncia da f\u00e9 em tempos de incertezas.","datePublished":"2025-05-28T21:40:24+00:00","mainEntityOfPage":{"@id":"http:\/\/salmosbiblicos.com.br\/index.php\/2025\/05\/28\/confie-no-plano-divino-a-importancia-da-fe-em-tempos-de-incertezas\/"},"wordCount":387,"articleSection":["Reflex\u00e3o do Dia"],"inLanguage":"pt-BR"},{"@type":"WebPage","@id":"http:\/\/salmosbiblicos.com.br\/index.php\/2025\/05\/28\/confie-no-plano-divino-a-importancia-da-fe-em-tempos-de-incertezas\/","url":"http:\/\/salmosbiblicos.com.br\/index.php\/2025\/05\/28\/confie-no-plano-divino-a-importancia-da-fe-em-tempos-de-incertezas\/","name":"Confie no plano divino: a import\u00e2ncia da f\u00e9 em tempos de incertezas. - Salmos B\u00edblicos","isPartOf":{"@id":"https:\/\/salmosbiblicos.com.br\/#website"},"datePublished":"2025-05-28T21:40:24+00:00","author":{"@id":"https:\/\/salmosbiblicos.com.br\/#\/schema\/person\/760735259ba35f1e44e89c71c72d79da"},"breadcrumb":{"@id":"http:\/\/salmosbiblicos.com.br\/index.php\/2025\/05\/28\/confie-no-plano-divino-a-importancia-da-fe-em-tempos-de-incertezas\/#breadcrumb"},"inLanguage":"pt-BR","potentialAction":[{"@type":"ReadAction","target":["http:\/\/salmosbiblicos.com.br\/index.php\/2025\/05\/28\/confie-no-plano-divino-a-importancia-da-fe-em-tempos-de-incertezas\/"]}]},{"@type":"BreadcrumbList","@id":"http:\/\/salmosbiblicos.com.br\/index.php\/2025\/05\/28\/confie-no-plano-divino-a-importancia-da-fe-em-tempos-de-incertezas\/#breadcrumb","itemListElement":[{"@type":"ListItem","position":1,"name":"Home","item":"https:\/\/salmosbiblicos.com.br\/"},{"@type":"ListItem","position":2,"name":"Confie no plano divino: a import\u00e2ncia da f\u00e9 em tempos de incertezas."}]},{"@type":"WebSite","@id":"https:\/\/salmosbiblicos.com.br\/#website","url":"https:\/\/salmosbiblicos.com.br\/","name":"Salmos B\u00edblicos","description":"Uma e-Livraria com e-Books novos para voc\u00ea refletir.","potentialAction":[{"@type":"SearchAction","target":{"@type":"EntryPoint","urlTemplate":"https:\/\/salmosbiblicos.com.br\/?s={search_term_string}"},"query-input":{"@type":"PropertyValueSpecification","valueRequired":true,"valueName":"search_term_string"}}],"inLanguage":"pt-BR"},{"@type":"Person","@id":"https:\/\/salmosbiblicos.com.br\/#\/schema\/person\/760735259ba35f1e44e89c71c72d79da","name":"Irmao","image":{"@type":"ImageObject","inLanguage":"pt-BR","@id":"https:\/\/secure.gravatar.com\/avatar\/?s=96&d=mm&r=g","url":"https:\/\/secure.gravatar.com\/avatar\/?s=96&d=mm&r=g","contentUrl":"https:\/\/secure.gravatar.com\/avatar\/?s=96&d=mm&r=g","caption":"Irmao"},"url":"http:\/\/salmosbiblicos.com.br\/index.php\/author\/irmao\/"}]}},"_links":{"self":[{"href":"http:\/\/salmosbiblicos.com.br\/index.php\/wp-json\/wp\/v2\/posts\/5369","targetHints":{"allow":["GET"]}}],"collection":[{"href":"http:\/\/salmosbiblicos.com.br\/index.php\/wp-json\/wp\/v2\/posts"}],"about":[{"href":"http:\/\/salmosbiblicos.com.br\/index.php\/wp-json\/wp\/v2\/types\/post"}],"author":[{"embeddable":true,"href":"http:\/\/salmosbiblicos.com.br\/index.php\/wp-json\/wp\/v2\/users\/2"}],"replies":[{"embeddable":true,"href":"http:\/\/salmosbiblicos.com.br\/index.php\/wp-json\/wp\/v2\/comments?post=5369"}],"version-history":[{"count":0,"href":"http:\/\/salmosbiblicos.com.br\/index.php\/wp-json\/wp\/v2\/posts\/5369\/revisions"}],"wp:attachment":[{"href":"http:\/\/salmosbiblicos.com.br\/index.php\/wp-json\/wp\/v2\/media?parent=5369"}],"wp:term":[{"taxonomy":"category","embeddable":true,"href":"http:\/\/salmosbiblicos.com.br\/index.php\/wp-json\/wp\/v2\/categories?post=5369"},{"taxonomy":"post_tag","embeddable":true,"href":"http:\/\/salmosbiblicos.com.br\/index.php\/wp-json\/wp\/v2\/tags?post=5369"}],"curies":[{"name":"wp","href":"https:\/\/api.w.org\/{rel}","templated":true}]}}