{"id":5379,"date":"2025-05-28T18:41:04","date_gmt":"2025-05-28T21:41:04","guid":{"rendered":"https:\/\/salmosbiblicos.com.br\/?p=5379"},"modified":"2025-05-28T18:41:04","modified_gmt":"2025-05-28T21:41:04","slug":"na-jornada-da-fe-versos-de-luz-e-esperanca","status":"publish","type":"post","link":"http:\/\/salmosbiblicos.com.br\/index.php\/2025\/05\/28\/na-jornada-da-fe-versos-de-luz-e-esperanca\/","title":{"rendered":"Na jornada da f\u00e9: versos de luz e esperan\u00e7a"},"content":{"rendered":"<p>No sil\u00eancio da alma, encontro a paz divina<br \/>\nNa luz que irradia do c\u00e9u, a esperan\u00e7a se ilumina<br \/>\nEm cada respira\u00e7\u00e3o, sinto a presen\u00e7a do Criador<br \/>\nQue guia meus passos com amor e esplendor<\/p>\n<p>Na simplicidade da vida, vejo a grandiosidade do universo<br \/>\nE na beleza da natureza, encontro o divino imerso<br \/>\nEm cada sorriso, em cada l\u00e1grima que cai<br \/>\nSinto a m\u00e3o de Deus me acolher, me guiar<\/p>\n<p>Que a f\u00e9 seja meu escudo, a esperan\u00e7a meu alento<br \/>\nQue a caridade seja minha luz, meu sustento<br \/>\nQue a gratid\u00e3o seja minha prece, minha can\u00e7\u00e3o<br \/>\nQue a paz interior seja meu ref\u00fagio, minha salva\u00e7\u00e3o<\/p>\n<p>Que Maria, m\u00e3e de amor e compaix\u00e3o<br \/>\nInterceda por n\u00f3s, em cada ora\u00e7\u00e3o<br \/>\nQue Jesus, o caminho, a verdade e a vida<br \/>\nNos guie sempre, em nossa jornada t\u00e3o querida<\/p>\n<p>Que a espiritualidade nos una, nos eleve<br \/>\nE que em cada verso, a luz divina revele<br \/>\nQue a f\u00e9 nos fortale\u00e7a, nos conduza<br \/>\nE que a presen\u00e7a de Deus em n\u00f3s reluz\u00e7a.<\/p>\n","protected":false},"excerpt":{"rendered":"<p>No sil\u00eancio da alma, encontro a paz divina Na luz que irradia do c\u00e9u, a esperan\u00e7a se ilumina Em cada respira\u00e7\u00e3o, sinto a presen\u00e7a do Criador Que guia meus passos com amor e esplendor Na simplicidade da vida, vejo a grandiosidade do universo E na beleza da natureza, encontro o divino imerso Em cada sorriso, [&hellip;]<\/p>\n","protected":false},"author":2,"featured_media":0,"comment_status":"closed","ping_status":"open","sticky":false,"template":"","format":"standard","meta":{"footnotes":""},"categories":[7],"tags":[],"class_list":["post-5379","post","type-post","status-publish","format-standard","hentry","category-estudo-religioso"],"yoast_head":"<!-- This site is optimized with the Yoast SEO plugin v27.2 - https:\/\/yoast.com\/product\/yoast-seo-wordpress\/ -->\n<title>Na jornada da f\u00e9: versos de luz e esperan\u00e7a - Salmos B\u00edblicos<\/title>\n<meta name=\"robots\" content=\"index, follow, max-snippet:-1, max-image-preview:large, max-video-preview:-1\" \/>\n<link rel=\"canonical\" href=\"http:\/\/salmosbiblicos.com.br\/index.php\/2025\/05\/28\/na-jornada-da-fe-versos-de-luz-e-esperanca\/\" \/>\n<meta property=\"og:locale\" content=\"pt_BR\" \/>\n<meta property=\"og:type\" content=\"article\" \/>\n<meta property=\"og:title\" content=\"Na jornada da f\u00e9: versos de luz e esperan\u00e7a - Salmos B\u00edblicos\" \/>\n<meta property=\"og:description\" content=\"No sil\u00eancio da alma, encontro a paz divina Na luz que irradia do c\u00e9u, a esperan\u00e7a se ilumina Em cada respira\u00e7\u00e3o, sinto a presen\u00e7a do Criador Que guia meus passos com amor e esplendor Na simplicidade da vida, vejo a grandiosidade do universo E na beleza da natureza, encontro o divino imerso Em cada sorriso, [&hellip;]\" \/>\n<meta property=\"og:url\" content=\"http:\/\/salmosbiblicos.com.br\/index.php\/2025\/05\/28\/na-jornada-da-fe-versos-de-luz-e-esperanca\/\" \/>\n<meta property=\"og:site_name\" content=\"Salmos B\u00edblicos\" \/>\n<meta property=\"article:published_time\" content=\"2025-05-28T21:41:04+00:00\" \/>\n<meta name=\"author\" content=\"Irmao\" \/>\n<meta name=\"twitter:card\" content=\"summary_large_image\" \/>\n<meta name=\"twitter:label1\" content=\"Escrito por\" \/>\n\t<meta name=\"twitter:data1\" content=\"Irmao\" \/>\n\t<meta name=\"twitter:label2\" content=\"Est. tempo de leitura\" \/>\n\t<meta name=\"twitter:data2\" content=\"1 minuto\" \/>\n<script type=\"application\/ld+json\" class=\"yoast-schema-graph\">{\"@context\":\"https:\/\/schema.org\",\"@graph\":[{\"@type\":\"Article\",\"@id\":\"http:\/\/salmosbiblicos.com.br\/index.php\/2025\/05\/28\/na-jornada-da-fe-versos-de-luz-e-esperanca\/#article\",\"isPartOf\":{\"@id\":\"http:\/\/salmosbiblicos.com.br\/index.php\/2025\/05\/28\/na-jornada-da-fe-versos-de-luz-e-esperanca\/\"},\"author\":{\"name\":\"Irmao\",\"@id\":\"https:\/\/salmosbiblicos.com.br\/#\/schema\/person\/760735259ba35f1e44e89c71c72d79da\"},\"headline\":\"Na jornada da f\u00e9: versos de luz e esperan\u00e7a\",\"datePublished\":\"2025-05-28T21:41:04+00:00\",\"mainEntityOfPage\":{\"@id\":\"http:\/\/salmosbiblicos.com.br\/index.php\/2025\/05\/28\/na-jornada-da-fe-versos-de-luz-e-esperanca\/\"},\"wordCount\":197,\"articleSection\":[\"Poesias Religiosas\"],\"inLanguage\":\"pt-BR\"},{\"@type\":\"WebPage\",\"@id\":\"http:\/\/salmosbiblicos.com.br\/index.php\/2025\/05\/28\/na-jornada-da-fe-versos-de-luz-e-esperanca\/\",\"url\":\"http:\/\/salmosbiblicos.com.br\/index.php\/2025\/05\/28\/na-jornada-da-fe-versos-de-luz-e-esperanca\/\",\"name\":\"Na jornada da f\u00e9: versos de luz e esperan\u00e7a - Salmos B\u00edblicos\",\"isPartOf\":{\"@id\":\"https:\/\/salmosbiblicos.com.br\/#website\"},\"datePublished\":\"2025-05-28T21:41:04+00:00\",\"author\":{\"@id\":\"https:\/\/salmosbiblicos.com.br\/#\/schema\/person\/760735259ba35f1e44e89c71c72d79da\"},\"breadcrumb\":{\"@id\":\"http:\/\/salmosbiblicos.com.br\/index.php\/2025\/05\/28\/na-jornada-da-fe-versos-de-luz-e-esperanca\/#breadcrumb\"},\"inLanguage\":\"pt-BR\",\"potentialAction\":[{\"@type\":\"ReadAction\",\"target\":[\"http:\/\/salmosbiblicos.com.br\/index.php\/2025\/05\/28\/na-jornada-da-fe-versos-de-luz-e-esperanca\/\"]}]},{\"@type\":\"BreadcrumbList\",\"@id\":\"http:\/\/salmosbiblicos.com.br\/index.php\/2025\/05\/28\/na-jornada-da-fe-versos-de-luz-e-esperanca\/#breadcrumb\",\"itemListElement\":[{\"@type\":\"ListItem\",\"position\":1,\"name\":\"Home\",\"item\":\"https:\/\/salmosbiblicos.com.br\/\"},{\"@type\":\"ListItem\",\"position\":2,\"name\":\"Na jornada da f\u00e9: versos de luz e esperan\u00e7a\"}]},{\"@type\":\"WebSite\",\"@id\":\"https:\/\/salmosbiblicos.com.br\/#website\",\"url\":\"https:\/\/salmosbiblicos.com.br\/\",\"name\":\"Salmos B\u00edblicos\",\"description\":\"Uma e-Livraria com e-Books novos para voc\u00ea refletir.\",\"potentialAction\":[{\"@type\":\"SearchAction\",\"target\":{\"@type\":\"EntryPoint\",\"urlTemplate\":\"https:\/\/salmosbiblicos.com.br\/?s={search_term_string}\"},\"query-input\":{\"@type\":\"PropertyValueSpecification\",\"valueRequired\":true,\"valueName\":\"search_term_string\"}}],\"inLanguage\":\"pt-BR\"},{\"@type\":\"Person\",\"@id\":\"https:\/\/salmosbiblicos.com.br\/#\/schema\/person\/760735259ba35f1e44e89c71c72d79da\",\"name\":\"Irmao\",\"image\":{\"@type\":\"ImageObject\",\"inLanguage\":\"pt-BR\",\"@id\":\"https:\/\/secure.gravatar.com\/avatar\/?s=96&d=mm&r=g\",\"url\":\"https:\/\/secure.gravatar.com\/avatar\/?s=96&d=mm&r=g\",\"contentUrl\":\"https:\/\/secure.gravatar.com\/avatar\/?s=96&d=mm&r=g\",\"caption\":\"Irmao\"},\"url\":\"http:\/\/salmosbiblicos.com.br\/index.php\/author\/irmao\/\"}]}<\/script>\n<!-- \/ Yoast SEO plugin. -->","yoast_head_json":{"title":"Na jornada da f\u00e9: versos de luz e esperan\u00e7a - Salmos B\u00edblicos","robots":{"index":"index","follow":"follow","max-snippet":"max-snippet:-1","max-image-preview":"max-image-preview:large","max-video-preview":"max-video-preview:-1"},"canonical":"http:\/\/salmosbiblicos.com.br\/index.php\/2025\/05\/28\/na-jornada-da-fe-versos-de-luz-e-esperanca\/","og_locale":"pt_BR","og_type":"article","og_title":"Na jornada da f\u00e9: versos de luz e esperan\u00e7a - Salmos B\u00edblicos","og_description":"No sil\u00eancio da alma, encontro a paz divina Na luz que irradia do c\u00e9u, a esperan\u00e7a se ilumina Em cada respira\u00e7\u00e3o, sinto a presen\u00e7a do Criador Que guia meus passos com amor e esplendor Na simplicidade da vida, vejo a grandiosidade do universo E na beleza da natureza, encontro o divino imerso Em cada sorriso, [&hellip;]","og_url":"http:\/\/salmosbiblicos.com.br\/index.php\/2025\/05\/28\/na-jornada-da-fe-versos-de-luz-e-esperanca\/","og_site_name":"Salmos B\u00edblicos","article_published_time":"2025-05-28T21:41:04+00:00","author":"Irmao","twitter_card":"summary_large_image","twitter_misc":{"Escrito por":"Irmao","Est. tempo de leitura":"1 minuto"},"schema":{"@context":"https:\/\/schema.org","@graph":[{"@type":"Article","@id":"http:\/\/salmosbiblicos.com.br\/index.php\/2025\/05\/28\/na-jornada-da-fe-versos-de-luz-e-esperanca\/#article","isPartOf":{"@id":"http:\/\/salmosbiblicos.com.br\/index.php\/2025\/05\/28\/na-jornada-da-fe-versos-de-luz-e-esperanca\/"},"author":{"name":"Irmao","@id":"https:\/\/salmosbiblicos.com.br\/#\/schema\/person\/760735259ba35f1e44e89c71c72d79da"},"headline":"Na jornada da f\u00e9: versos de luz e esperan\u00e7a","datePublished":"2025-05-28T21:41:04+00:00","mainEntityOfPage":{"@id":"http:\/\/salmosbiblicos.com.br\/index.php\/2025\/05\/28\/na-jornada-da-fe-versos-de-luz-e-esperanca\/"},"wordCount":197,"articleSection":["Poesias Religiosas"],"inLanguage":"pt-BR"},{"@type":"WebPage","@id":"http:\/\/salmosbiblicos.com.br\/index.php\/2025\/05\/28\/na-jornada-da-fe-versos-de-luz-e-esperanca\/","url":"http:\/\/salmosbiblicos.com.br\/index.php\/2025\/05\/28\/na-jornada-da-fe-versos-de-luz-e-esperanca\/","name":"Na jornada da f\u00e9: versos de luz e esperan\u00e7a - Salmos B\u00edblicos","isPartOf":{"@id":"https:\/\/salmosbiblicos.com.br\/#website"},"datePublished":"2025-05-28T21:41:04+00:00","author":{"@id":"https:\/\/salmosbiblicos.com.br\/#\/schema\/person\/760735259ba35f1e44e89c71c72d79da"},"breadcrumb":{"@id":"http:\/\/salmosbiblicos.com.br\/index.php\/2025\/05\/28\/na-jornada-da-fe-versos-de-luz-e-esperanca\/#breadcrumb"},"inLanguage":"pt-BR","potentialAction":[{"@type":"ReadAction","target":["http:\/\/salmosbiblicos.com.br\/index.php\/2025\/05\/28\/na-jornada-da-fe-versos-de-luz-e-esperanca\/"]}]},{"@type":"BreadcrumbList","@id":"http:\/\/salmosbiblicos.com.br\/index.php\/2025\/05\/28\/na-jornada-da-fe-versos-de-luz-e-esperanca\/#breadcrumb","itemListElement":[{"@type":"ListItem","position":1,"name":"Home","item":"https:\/\/salmosbiblicos.com.br\/"},{"@type":"ListItem","position":2,"name":"Na jornada da f\u00e9: versos de luz e esperan\u00e7a"}]},{"@type":"WebSite","@id":"https:\/\/salmosbiblicos.com.br\/#website","url":"https:\/\/salmosbiblicos.com.br\/","name":"Salmos B\u00edblicos","description":"Uma e-Livraria com e-Books novos para voc\u00ea refletir.","potentialAction":[{"@type":"SearchAction","target":{"@type":"EntryPoint","urlTemplate":"https:\/\/salmosbiblicos.com.br\/?s={search_term_string}"},"query-input":{"@type":"PropertyValueSpecification","valueRequired":true,"valueName":"search_term_string"}}],"inLanguage":"pt-BR"},{"@type":"Person","@id":"https:\/\/salmosbiblicos.com.br\/#\/schema\/person\/760735259ba35f1e44e89c71c72d79da","name":"Irmao","image":{"@type":"ImageObject","inLanguage":"pt-BR","@id":"https:\/\/secure.gravatar.com\/avatar\/?s=96&d=mm&r=g","url":"https:\/\/secure.gravatar.com\/avatar\/?s=96&d=mm&r=g","contentUrl":"https:\/\/secure.gravatar.com\/avatar\/?s=96&d=mm&r=g","caption":"Irmao"},"url":"http:\/\/salmosbiblicos.com.br\/index.php\/author\/irmao\/"}]}},"_links":{"self":[{"href":"http:\/\/salmosbiblicos.com.br\/index.php\/wp-json\/wp\/v2\/posts\/5379","targetHints":{"allow":["GET"]}}],"collection":[{"href":"http:\/\/salmosbiblicos.com.br\/index.php\/wp-json\/wp\/v2\/posts"}],"about":[{"href":"http:\/\/salmosbiblicos.com.br\/index.php\/wp-json\/wp\/v2\/types\/post"}],"author":[{"embeddable":true,"href":"http:\/\/salmosbiblicos.com.br\/index.php\/wp-json\/wp\/v2\/users\/2"}],"replies":[{"embeddable":true,"href":"http:\/\/salmosbiblicos.com.br\/index.php\/wp-json\/wp\/v2\/comments?post=5379"}],"version-history":[{"count":0,"href":"http:\/\/salmosbiblicos.com.br\/index.php\/wp-json\/wp\/v2\/posts\/5379\/revisions"}],"wp:attachment":[{"href":"http:\/\/salmosbiblicos.com.br\/index.php\/wp-json\/wp\/v2\/media?parent=5379"}],"wp:term":[{"taxonomy":"category","embeddable":true,"href":"http:\/\/salmosbiblicos.com.br\/index.php\/wp-json\/wp\/v2\/categories?post=5379"},{"taxonomy":"post_tag","embeddable":true,"href":"http:\/\/salmosbiblicos.com.br\/index.php\/wp-json\/wp\/v2\/tags?post=5379"}],"curies":[{"name":"wp","href":"https:\/\/api.w.org\/{rel}","templated":true}]}}