{"id":5387,"date":"2025-05-28T18:41:29","date_gmt":"2025-05-28T21:41:29","guid":{"rendered":"https:\/\/salmosbiblicos.com.br\/?p=5387"},"modified":"2025-05-28T18:41:29","modified_gmt":"2025-05-28T21:41:29","slug":"reflexoes-de-fe-confiando-na-vontade-de-deus-para-a-nossa-vida","status":"publish","type":"post","link":"http:\/\/salmosbiblicos.com.br\/index.php\/2025\/05\/28\/reflexoes-de-fe-confiando-na-vontade-de-deus-para-a-nossa-vida\/","title":{"rendered":"Reflex\u00f5es de f\u00e9: confiando na vontade de Deus para a nossa vida"},"content":{"rendered":"<p>Querido Deus,<\/p>\n<p>Hoje venho at\u00e9 Ti com um cora\u00e7\u00e3o cheio de gratid\u00e3o. Agrade\u00e7o por mais um dia de vida, por cada respira\u00e7\u00e3o que me sustenta, por cada oportunidade de aprendizado e crescimento. Obrigado por estar sempre ao meu lado, mesmo nos momentos de dificuldade e desafios.<\/p>\n<p>Senhor, pe\u00e7o que fortale\u00e7as a minha f\u00e9 a cada dia. Que eu possa confiar plenamente em Teus planos para mim, mesmo quando n\u00e3o compreendo o caminho que devo seguir. Que a Tua luz ilumine o meu caminho e me guie para a paz e a felicidade que s\u00f3 Tu podes oferecer.<\/p>\n<p>Em meio \u00e0s preocupa\u00e7\u00f5es e incertezas da vida, pe\u00e7o que acalmes o meu cora\u00e7\u00e3o, \u00f3 Deus. Que a Tua presen\u00e7a seja como um b\u00e1lsamo que cura as feridas da alma e traz serenidade para a minha mente atribulada. Ajuda-me a encontrar a paz interior que s\u00f3 Tu podes proporcionar.<\/p>\n<p>Que a minha vida seja um reflexo do Teu amor e da Tua miseric\u00f3rdia, Senhor. Que eu possa ser instrumento de paz, de compaix\u00e3o e de esperan\u00e7a para aqueles que cruzarem o meu caminho. Que o meu testemunho de f\u00e9 seja uma luz que ilumina os cora\u00e7\u00f5es daqueles que est\u00e3o perdidos na escurid\u00e3o.<\/p>\n<p>Que a Tua vontade se cumpra em mim, \u00f3 Deus, pois sei que Tu tens o melhor para mim. Confio em Ti e entrego a minha vida em Tuas m\u00e3os. Que a Tua gra\u00e7a me sustente em todos os momentos e que a Tua bondade me acompanhe em cada passo que eu der.<\/p>\n<p>Am\u00e9m.<\/p>\n<p>Que a esperan\u00e7a em Deus alimente a minha alma e me guie sempre em dire\u00e7\u00e3o \u00e0 luz.<\/p>\n","protected":false},"excerpt":{"rendered":"<p>Querido Deus, Hoje venho at\u00e9 Ti com um cora\u00e7\u00e3o cheio de gratid\u00e3o. Agrade\u00e7o por mais um dia de vida, por cada respira\u00e7\u00e3o que me sustenta, por cada oportunidade de aprendizado e crescimento. Obrigado por estar sempre ao meu lado, mesmo nos momentos de dificuldade e desafios. Senhor, pe\u00e7o que fortale\u00e7as a minha f\u00e9 a cada [&hellip;]<\/p>\n","protected":false},"author":2,"featured_media":0,"comment_status":"closed","ping_status":"open","sticky":false,"template":"","format":"standard","meta":{"footnotes":""},"categories":[8],"tags":[],"class_list":["post-5387","post","type-post","status-publish","format-standard","hentry","category-oracao-do-dia"],"yoast_head":"<!-- This site is optimized with the Yoast SEO plugin v27.2 - https:\/\/yoast.com\/product\/yoast-seo-wordpress\/ -->\n<title>Reflex\u00f5es de f\u00e9: confiando na vontade de Deus para a nossa vida - Salmos B\u00edblicos<\/title>\n<meta name=\"robots\" content=\"index, follow, max-snippet:-1, max-image-preview:large, max-video-preview:-1\" \/>\n<link rel=\"canonical\" href=\"http:\/\/salmosbiblicos.com.br\/index.php\/2025\/05\/28\/reflexoes-de-fe-confiando-na-vontade-de-deus-para-a-nossa-vida\/\" \/>\n<meta property=\"og:locale\" content=\"pt_BR\" \/>\n<meta property=\"og:type\" content=\"article\" \/>\n<meta property=\"og:title\" content=\"Reflex\u00f5es de f\u00e9: confiando na vontade de Deus para a nossa vida - Salmos B\u00edblicos\" \/>\n<meta property=\"og:description\" content=\"Querido Deus, Hoje venho at\u00e9 Ti com um cora\u00e7\u00e3o cheio de gratid\u00e3o. Agrade\u00e7o por mais um dia de vida, por cada respira\u00e7\u00e3o que me sustenta, por cada oportunidade de aprendizado e crescimento. Obrigado por estar sempre ao meu lado, mesmo nos momentos de dificuldade e desafios. Senhor, pe\u00e7o que fortale\u00e7as a minha f\u00e9 a cada [&hellip;]\" \/>\n<meta property=\"og:url\" content=\"http:\/\/salmosbiblicos.com.br\/index.php\/2025\/05\/28\/reflexoes-de-fe-confiando-na-vontade-de-deus-para-a-nossa-vida\/\" \/>\n<meta property=\"og:site_name\" content=\"Salmos B\u00edblicos\" \/>\n<meta property=\"article:published_time\" content=\"2025-05-28T21:41:29+00:00\" \/>\n<meta name=\"author\" content=\"Irmao\" \/>\n<meta name=\"twitter:card\" content=\"summary_large_image\" \/>\n<meta name=\"twitter:label1\" content=\"Escrito por\" \/>\n\t<meta name=\"twitter:data1\" content=\"Irmao\" \/>\n\t<meta name=\"twitter:label2\" content=\"Est. tempo de leitura\" \/>\n\t<meta name=\"twitter:data2\" content=\"1 minuto\" \/>\n<script type=\"application\/ld+json\" class=\"yoast-schema-graph\">{\"@context\":\"https:\/\/schema.org\",\"@graph\":[{\"@type\":\"Article\",\"@id\":\"http:\/\/salmosbiblicos.com.br\/index.php\/2025\/05\/28\/reflexoes-de-fe-confiando-na-vontade-de-deus-para-a-nossa-vida\/#article\",\"isPartOf\":{\"@id\":\"http:\/\/salmosbiblicos.com.br\/index.php\/2025\/05\/28\/reflexoes-de-fe-confiando-na-vontade-de-deus-para-a-nossa-vida\/\"},\"author\":{\"name\":\"Irmao\",\"@id\":\"https:\/\/salmosbiblicos.com.br\/#\/schema\/person\/760735259ba35f1e44e89c71c72d79da\"},\"headline\":\"Reflex\u00f5es de f\u00e9: confiando na vontade de Deus para a nossa vida\",\"datePublished\":\"2025-05-28T21:41:29+00:00\",\"mainEntityOfPage\":{\"@id\":\"http:\/\/salmosbiblicos.com.br\/index.php\/2025\/05\/28\/reflexoes-de-fe-confiando-na-vontade-de-deus-para-a-nossa-vida\/\"},\"wordCount\":303,\"articleSection\":[\"Ora\u00e7\u00e3o do Dia\"],\"inLanguage\":\"pt-BR\"},{\"@type\":\"WebPage\",\"@id\":\"http:\/\/salmosbiblicos.com.br\/index.php\/2025\/05\/28\/reflexoes-de-fe-confiando-na-vontade-de-deus-para-a-nossa-vida\/\",\"url\":\"http:\/\/salmosbiblicos.com.br\/index.php\/2025\/05\/28\/reflexoes-de-fe-confiando-na-vontade-de-deus-para-a-nossa-vida\/\",\"name\":\"Reflex\u00f5es de f\u00e9: confiando na vontade de Deus para a nossa vida - Salmos B\u00edblicos\",\"isPartOf\":{\"@id\":\"https:\/\/salmosbiblicos.com.br\/#website\"},\"datePublished\":\"2025-05-28T21:41:29+00:00\",\"author\":{\"@id\":\"https:\/\/salmosbiblicos.com.br\/#\/schema\/person\/760735259ba35f1e44e89c71c72d79da\"},\"breadcrumb\":{\"@id\":\"http:\/\/salmosbiblicos.com.br\/index.php\/2025\/05\/28\/reflexoes-de-fe-confiando-na-vontade-de-deus-para-a-nossa-vida\/#breadcrumb\"},\"inLanguage\":\"pt-BR\",\"potentialAction\":[{\"@type\":\"ReadAction\",\"target\":[\"http:\/\/salmosbiblicos.com.br\/index.php\/2025\/05\/28\/reflexoes-de-fe-confiando-na-vontade-de-deus-para-a-nossa-vida\/\"]}]},{\"@type\":\"BreadcrumbList\",\"@id\":\"http:\/\/salmosbiblicos.com.br\/index.php\/2025\/05\/28\/reflexoes-de-fe-confiando-na-vontade-de-deus-para-a-nossa-vida\/#breadcrumb\",\"itemListElement\":[{\"@type\":\"ListItem\",\"position\":1,\"name\":\"Home\",\"item\":\"https:\/\/salmosbiblicos.com.br\/\"},{\"@type\":\"ListItem\",\"position\":2,\"name\":\"Reflex\u00f5es de f\u00e9: confiando na vontade de Deus para a nossa vida\"}]},{\"@type\":\"WebSite\",\"@id\":\"https:\/\/salmosbiblicos.com.br\/#website\",\"url\":\"https:\/\/salmosbiblicos.com.br\/\",\"name\":\"Salmos B\u00edblicos\",\"description\":\"Uma e-Livraria com e-Books novos para voc\u00ea refletir.\",\"potentialAction\":[{\"@type\":\"SearchAction\",\"target\":{\"@type\":\"EntryPoint\",\"urlTemplate\":\"https:\/\/salmosbiblicos.com.br\/?s={search_term_string}\"},\"query-input\":{\"@type\":\"PropertyValueSpecification\",\"valueRequired\":true,\"valueName\":\"search_term_string\"}}],\"inLanguage\":\"pt-BR\"},{\"@type\":\"Person\",\"@id\":\"https:\/\/salmosbiblicos.com.br\/#\/schema\/person\/760735259ba35f1e44e89c71c72d79da\",\"name\":\"Irmao\",\"image\":{\"@type\":\"ImageObject\",\"inLanguage\":\"pt-BR\",\"@id\":\"https:\/\/secure.gravatar.com\/avatar\/?s=96&d=mm&r=g\",\"url\":\"https:\/\/secure.gravatar.com\/avatar\/?s=96&d=mm&r=g\",\"contentUrl\":\"https:\/\/secure.gravatar.com\/avatar\/?s=96&d=mm&r=g\",\"caption\":\"Irmao\"},\"url\":\"http:\/\/salmosbiblicos.com.br\/index.php\/author\/irmao\/\"}]}<\/script>\n<!-- \/ Yoast SEO plugin. -->","yoast_head_json":{"title":"Reflex\u00f5es de f\u00e9: confiando na vontade de Deus para a nossa vida - Salmos B\u00edblicos","robots":{"index":"index","follow":"follow","max-snippet":"max-snippet:-1","max-image-preview":"max-image-preview:large","max-video-preview":"max-video-preview:-1"},"canonical":"http:\/\/salmosbiblicos.com.br\/index.php\/2025\/05\/28\/reflexoes-de-fe-confiando-na-vontade-de-deus-para-a-nossa-vida\/","og_locale":"pt_BR","og_type":"article","og_title":"Reflex\u00f5es de f\u00e9: confiando na vontade de Deus para a nossa vida - Salmos B\u00edblicos","og_description":"Querido Deus, Hoje venho at\u00e9 Ti com um cora\u00e7\u00e3o cheio de gratid\u00e3o. Agrade\u00e7o por mais um dia de vida, por cada respira\u00e7\u00e3o que me sustenta, por cada oportunidade de aprendizado e crescimento. Obrigado por estar sempre ao meu lado, mesmo nos momentos de dificuldade e desafios. Senhor, pe\u00e7o que fortale\u00e7as a minha f\u00e9 a cada [&hellip;]","og_url":"http:\/\/salmosbiblicos.com.br\/index.php\/2025\/05\/28\/reflexoes-de-fe-confiando-na-vontade-de-deus-para-a-nossa-vida\/","og_site_name":"Salmos B\u00edblicos","article_published_time":"2025-05-28T21:41:29+00:00","author":"Irmao","twitter_card":"summary_large_image","twitter_misc":{"Escrito por":"Irmao","Est. tempo de leitura":"1 minuto"},"schema":{"@context":"https:\/\/schema.org","@graph":[{"@type":"Article","@id":"http:\/\/salmosbiblicos.com.br\/index.php\/2025\/05\/28\/reflexoes-de-fe-confiando-na-vontade-de-deus-para-a-nossa-vida\/#article","isPartOf":{"@id":"http:\/\/salmosbiblicos.com.br\/index.php\/2025\/05\/28\/reflexoes-de-fe-confiando-na-vontade-de-deus-para-a-nossa-vida\/"},"author":{"name":"Irmao","@id":"https:\/\/salmosbiblicos.com.br\/#\/schema\/person\/760735259ba35f1e44e89c71c72d79da"},"headline":"Reflex\u00f5es de f\u00e9: confiando na vontade de Deus para a nossa vida","datePublished":"2025-05-28T21:41:29+00:00","mainEntityOfPage":{"@id":"http:\/\/salmosbiblicos.com.br\/index.php\/2025\/05\/28\/reflexoes-de-fe-confiando-na-vontade-de-deus-para-a-nossa-vida\/"},"wordCount":303,"articleSection":["Ora\u00e7\u00e3o do Dia"],"inLanguage":"pt-BR"},{"@type":"WebPage","@id":"http:\/\/salmosbiblicos.com.br\/index.php\/2025\/05\/28\/reflexoes-de-fe-confiando-na-vontade-de-deus-para-a-nossa-vida\/","url":"http:\/\/salmosbiblicos.com.br\/index.php\/2025\/05\/28\/reflexoes-de-fe-confiando-na-vontade-de-deus-para-a-nossa-vida\/","name":"Reflex\u00f5es de f\u00e9: confiando na vontade de Deus para a nossa vida - Salmos B\u00edblicos","isPartOf":{"@id":"https:\/\/salmosbiblicos.com.br\/#website"},"datePublished":"2025-05-28T21:41:29+00:00","author":{"@id":"https:\/\/salmosbiblicos.com.br\/#\/schema\/person\/760735259ba35f1e44e89c71c72d79da"},"breadcrumb":{"@id":"http:\/\/salmosbiblicos.com.br\/index.php\/2025\/05\/28\/reflexoes-de-fe-confiando-na-vontade-de-deus-para-a-nossa-vida\/#breadcrumb"},"inLanguage":"pt-BR","potentialAction":[{"@type":"ReadAction","target":["http:\/\/salmosbiblicos.com.br\/index.php\/2025\/05\/28\/reflexoes-de-fe-confiando-na-vontade-de-deus-para-a-nossa-vida\/"]}]},{"@type":"BreadcrumbList","@id":"http:\/\/salmosbiblicos.com.br\/index.php\/2025\/05\/28\/reflexoes-de-fe-confiando-na-vontade-de-deus-para-a-nossa-vida\/#breadcrumb","itemListElement":[{"@type":"ListItem","position":1,"name":"Home","item":"https:\/\/salmosbiblicos.com.br\/"},{"@type":"ListItem","position":2,"name":"Reflex\u00f5es de f\u00e9: confiando na vontade de Deus para a nossa vida"}]},{"@type":"WebSite","@id":"https:\/\/salmosbiblicos.com.br\/#website","url":"https:\/\/salmosbiblicos.com.br\/","name":"Salmos B\u00edblicos","description":"Uma e-Livraria com e-Books novos para voc\u00ea refletir.","potentialAction":[{"@type":"SearchAction","target":{"@type":"EntryPoint","urlTemplate":"https:\/\/salmosbiblicos.com.br\/?s={search_term_string}"},"query-input":{"@type":"PropertyValueSpecification","valueRequired":true,"valueName":"search_term_string"}}],"inLanguage":"pt-BR"},{"@type":"Person","@id":"https:\/\/salmosbiblicos.com.br\/#\/schema\/person\/760735259ba35f1e44e89c71c72d79da","name":"Irmao","image":{"@type":"ImageObject","inLanguage":"pt-BR","@id":"https:\/\/secure.gravatar.com\/avatar\/?s=96&d=mm&r=g","url":"https:\/\/secure.gravatar.com\/avatar\/?s=96&d=mm&r=g","contentUrl":"https:\/\/secure.gravatar.com\/avatar\/?s=96&d=mm&r=g","caption":"Irmao"},"url":"http:\/\/salmosbiblicos.com.br\/index.php\/author\/irmao\/"}]}},"_links":{"self":[{"href":"http:\/\/salmosbiblicos.com.br\/index.php\/wp-json\/wp\/v2\/posts\/5387","targetHints":{"allow":["GET"]}}],"collection":[{"href":"http:\/\/salmosbiblicos.com.br\/index.php\/wp-json\/wp\/v2\/posts"}],"about":[{"href":"http:\/\/salmosbiblicos.com.br\/index.php\/wp-json\/wp\/v2\/types\/post"}],"author":[{"embeddable":true,"href":"http:\/\/salmosbiblicos.com.br\/index.php\/wp-json\/wp\/v2\/users\/2"}],"replies":[{"embeddable":true,"href":"http:\/\/salmosbiblicos.com.br\/index.php\/wp-json\/wp\/v2\/comments?post=5387"}],"version-history":[{"count":0,"href":"http:\/\/salmosbiblicos.com.br\/index.php\/wp-json\/wp\/v2\/posts\/5387\/revisions"}],"wp:attachment":[{"href":"http:\/\/salmosbiblicos.com.br\/index.php\/wp-json\/wp\/v2\/media?parent=5387"}],"wp:term":[{"taxonomy":"category","embeddable":true,"href":"http:\/\/salmosbiblicos.com.br\/index.php\/wp-json\/wp\/v2\/categories?post=5387"},{"taxonomy":"post_tag","embeddable":true,"href":"http:\/\/salmosbiblicos.com.br\/index.php\/wp-json\/wp\/v2\/tags?post=5387"}],"curies":[{"name":"wp","href":"https:\/\/api.w.org\/{rel}","templated":true}]}}