{"id":5431,"date":"2026-03-23T21:44:03","date_gmt":"2026-03-24T00:44:03","guid":{"rendered":"https:\/\/salmosbiblicos.com.br\/?p=5431"},"modified":"2026-03-23T21:44:03","modified_gmt":"2026-03-24T00:44:03","slug":"promessa-de-levantar-encontre-forca-e-esperanca-em-tempos-dificeis","status":"publish","type":"post","link":"http:\/\/salmosbiblicos.com.br\/index.php\/2026\/03\/23\/promessa-de-levantar-encontre-forca-e-esperanca-em-tempos-dificeis\/","title":{"rendered":"Promessa de Levantar: Encontre For\u00e7a e Esperan\u00e7a em Tempos Dif\u00edceis"},"content":{"rendered":"<p>## A Promessa do Levantamento<\/p>\n<p>H\u00e1 momentos em nossas vidas em que nos sentimos prostrados, exaustos, como se o peso do mundo repousasse sobre nossos ombros. \u00c9 nesses instantes de prova\u00e7\u00e3o que precisamos ouvir, com o cora\u00e7\u00e3o aberto, a voz que nos eleva, a promessa que nos renova. Uma voz que clama: &#8220;Eu te levantarei&#8221;.<\/p>\n<p>### A Reafirma\u00e7\u00e3o do Amor Divino<\/p>\n<p>Essas palavras n\u00e3o s\u00e3o um mero conforto; s\u00e3o uma declara\u00e7\u00e3o poderosa de amor incondicional. Um lembrete de que, mesmo em nossa fraqueza, somos amados, somos desejados, somos **filhos e filhas** do Alt\u00edssimo. A repeti\u00e7\u00e3o incessante de &#8220;Filho amado, Filho querido&#8221; ecoa a profundidade do amor que nos \u00e9 oferecido, um amor que transcende qualquer pecado, qualquer falha, qualquer desespero.<\/p>\n<p>### A Restaura\u00e7\u00e3o da For\u00e7a<\/p>\n<p>A jornada da vida, por vezes, nos esgota. A batalha contra as adversidades nos deixa debilitados. Mas a promessa continua: \u201c**Restituirei as tuas for\u00e7as**.\u201d N\u00e3o \u00e9 uma promessa vaga de um futuro incerto, mas um compromisso de restaura\u00e7\u00e3o imediata, de renova\u00e7\u00e3o da vitalidade, de um vigor que transborda do interior.<\/p>\n<p>### Vestidos de Nova Esperan\u00e7a<\/p>\n<p>E junto com a for\u00e7a restaurada, surge a promessa de &#8220;novas vestes&#8221;. Simbolicamente, essas vestes representam uma nova identidade, uma nova perspectiva, uma nova gra\u00e7a. Um revestimento de **esperan\u00e7a** que nos permite enfrentar os desafios com coragem e f\u00e9. S\u00e3o as vestes da miseric\u00f3rdia, da paz e da alegria que encontramos em Deus.<\/p>\n<p>### Uma Profecia para a Na\u00e7\u00e3o<\/p>\n<p>H\u00e1 uma esperan\u00e7a que se ergue para al\u00e9m de n\u00f3s, para uma na\u00e7\u00e3o que anseia por renova\u00e7\u00e3o. Uma profecia que ressoa com a urg\u00eancia do momento: &#8220;Deus quer levantar este Brasil.&#8221; Em tempos de incertezas e desafios, essa mensagem \u00e9 um farol de luz, um chamado \u00e0 perseveran\u00e7a e \u00e0 f\u00e9.<\/p>\n<p>### O Despertar da F\u00e9<\/p>\n<p>Em um mundo que parece buscar a escurid\u00e3o, que tenta silenciar a voz da f\u00e9, a promessa do levantamento soa como um grito de guerra. **&#8221;O mundo est\u00e1 achando que os crist\u00e3os est\u00e3o mortos&#8221;**, mas a verdade \u00e9 que a f\u00e9, mesmo ferida, jamais estar\u00e1 extinta.  <\/p>\n<p>### O Soldado Ferido<\/p>\n<p>Para aqueles que se sentem feridos na batalha, para aqueles que carregam o fardo da dor e do sofrimento, a mensagem \u00e9 clara: &#8220;Deus vai levantar&#8221;.  A ferida n\u00e3o define o fim da hist\u00f3ria. Ela pode ser o ponto de partida para um novo come\u00e7o, para uma for\u00e7a ainda maior. **Deus vai levantar uma gera\u00e7\u00e3o** que professar\u00e1 o Seu nome em meio a um mundo conturbado.<\/p>\n<p>### Uma Na\u00e7\u00e3o Renovada<\/p>\n<p>A promessa se estende a toda a na\u00e7\u00e3o, um chamado \u00e0 restaura\u00e7\u00e3o em todos os n\u00edveis. Um desejo de ver um povo que **&#8221;adora, que ama, que serve&#8221;**. \u00c9 um chamado \u00e0 unidade, \u00e0 f\u00e9 e \u00e0 esperan\u00e7a, para que possamos testemunhar a grandeza de Deus em nossas vidas e em nossa terra.<\/p>\n<p>### Erguendo a Voz da F\u00e9<\/p>\n<p>Que possamos, ent\u00e3o, cantar com fervor essa profecia, essa declara\u00e7\u00e3o de esperan\u00e7a. Que possamos compartilhar essa mensagem com aqueles que est\u00e3o ao nosso lado, lembrando-os de que &#8220;Deus te levantou&#8221;. Que possamos proclamar, com convic\u00e7\u00e3o, &#8220;Brasil, Deus te levantou!&#8221; **Viva a nossa na\u00e7\u00e3o!**<\/p>\n<p>Que a for\u00e7a do Alt\u00edssimo nos guie, nos fortale\u00e7a e nos eleve, sempre e em todas as circunst\u00e2ncias.<\/p>\n","protected":false},"excerpt":{"rendered":"<p>## A Promessa do Levantamento H\u00e1 momentos em nossas vidas em que nos sentimos prostrados, exaustos, como se o peso do mundo repousasse sobre nossos ombros. \u00c9 nesses instantes de prova\u00e7\u00e3o que precisamos ouvir, com o cora\u00e7\u00e3o aberto, a voz que nos eleva, a promessa que nos renova. Uma voz que clama: &#8220;Eu te levantarei&#8221;. [&hellip;]<\/p>\n","protected":false},"author":1,"featured_media":0,"comment_status":"closed","ping_status":"open","sticky":false,"template":"","format":"standard","meta":{"footnotes":""},"categories":[14],"tags":[],"class_list":["post-5431","post","type-post","status-publish","format-standard","hentry","category-reflexao"],"yoast_head":"<!-- This site is optimized with the Yoast SEO plugin v27.2 - https:\/\/yoast.com\/product\/yoast-seo-wordpress\/ -->\n<title>Promessa de Levantar: Encontre For\u00e7a e Esperan\u00e7a em Tempos Dif\u00edceis - Salmos B\u00edblicos<\/title>\n<meta name=\"robots\" content=\"index, follow, max-snippet:-1, max-image-preview:large, max-video-preview:-1\" \/>\n<link rel=\"canonical\" href=\"https:\/\/salmosbiblicos.com.br\/index.php\/2026\/03\/23\/promessa-de-levantar-encontre-forca-e-esperanca-em-tempos-dificeis\/\" \/>\n<meta property=\"og:locale\" content=\"pt_BR\" \/>\n<meta property=\"og:type\" content=\"article\" \/>\n<meta property=\"og:title\" content=\"Promessa de Levantar: Encontre For\u00e7a e Esperan\u00e7a em Tempos Dif\u00edceis - Salmos B\u00edblicos\" \/>\n<meta property=\"og:description\" content=\"## A Promessa do Levantamento H\u00e1 momentos em nossas vidas em que nos sentimos prostrados, exaustos, como se o peso do mundo repousasse sobre nossos ombros. \u00c9 nesses instantes de prova\u00e7\u00e3o que precisamos ouvir, com o cora\u00e7\u00e3o aberto, a voz que nos eleva, a promessa que nos renova. Uma voz que clama: &#8220;Eu te levantarei&#8221;. [&hellip;]\" \/>\n<meta property=\"og:url\" content=\"https:\/\/salmosbiblicos.com.br\/index.php\/2026\/03\/23\/promessa-de-levantar-encontre-forca-e-esperanca-em-tempos-dificeis\/\" \/>\n<meta property=\"og:site_name\" content=\"Salmos B\u00edblicos\" \/>\n<meta property=\"article:published_time\" content=\"2026-03-24T00:44:03+00:00\" \/>\n<meta name=\"author\" content=\"alextreh@gmail.com\" \/>\n<meta name=\"twitter:card\" content=\"summary_large_image\" \/>\n<meta name=\"twitter:label1\" content=\"Escrito por\" \/>\n\t<meta name=\"twitter:data1\" content=\"alextreh@gmail.com\" \/>\n\t<meta name=\"twitter:label2\" content=\"Est. tempo de leitura\" \/>\n\t<meta name=\"twitter:data2\" content=\"3 minutos\" \/>\n<script type=\"application\/ld+json\" class=\"yoast-schema-graph\">{\"@context\":\"https:\/\/schema.org\",\"@graph\":[{\"@type\":\"Article\",\"@id\":\"https:\/\/salmosbiblicos.com.br\/index.php\/2026\/03\/23\/promessa-de-levantar-encontre-forca-e-esperanca-em-tempos-dificeis\/#article\",\"isPartOf\":{\"@id\":\"https:\/\/salmosbiblicos.com.br\/index.php\/2026\/03\/23\/promessa-de-levantar-encontre-forca-e-esperanca-em-tempos-dificeis\/\"},\"author\":{\"name\":\"alextreh@gmail.com\",\"@id\":\"https:\/\/salmosbiblicos.com.br\/#\/schema\/person\/30586d0fb3f3a46b78a3414fc39cc975\"},\"headline\":\"Promessa de Levantar: Encontre For\u00e7a e Esperan\u00e7a em Tempos Dif\u00edceis\",\"datePublished\":\"2026-03-24T00:44:03+00:00\",\"mainEntityOfPage\":{\"@id\":\"https:\/\/salmosbiblicos.com.br\/index.php\/2026\/03\/23\/promessa-de-levantar-encontre-forca-e-esperanca-em-tempos-dificeis\/\"},\"wordCount\":578,\"articleSection\":[\"Reflex\u00e3o\"],\"inLanguage\":\"pt-BR\"},{\"@type\":\"WebPage\",\"@id\":\"https:\/\/salmosbiblicos.com.br\/index.php\/2026\/03\/23\/promessa-de-levantar-encontre-forca-e-esperanca-em-tempos-dificeis\/\",\"url\":\"https:\/\/salmosbiblicos.com.br\/index.php\/2026\/03\/23\/promessa-de-levantar-encontre-forca-e-esperanca-em-tempos-dificeis\/\",\"name\":\"Promessa de Levantar: Encontre For\u00e7a e Esperan\u00e7a em Tempos Dif\u00edceis - Salmos B\u00edblicos\",\"isPartOf\":{\"@id\":\"https:\/\/salmosbiblicos.com.br\/#website\"},\"datePublished\":\"2026-03-24T00:44:03+00:00\",\"author\":{\"@id\":\"https:\/\/salmosbiblicos.com.br\/#\/schema\/person\/30586d0fb3f3a46b78a3414fc39cc975\"},\"breadcrumb\":{\"@id\":\"https:\/\/salmosbiblicos.com.br\/index.php\/2026\/03\/23\/promessa-de-levantar-encontre-forca-e-esperanca-em-tempos-dificeis\/#breadcrumb\"},\"inLanguage\":\"pt-BR\",\"potentialAction\":[{\"@type\":\"ReadAction\",\"target\":[\"https:\/\/salmosbiblicos.com.br\/index.php\/2026\/03\/23\/promessa-de-levantar-encontre-forca-e-esperanca-em-tempos-dificeis\/\"]}]},{\"@type\":\"BreadcrumbList\",\"@id\":\"https:\/\/salmosbiblicos.com.br\/index.php\/2026\/03\/23\/promessa-de-levantar-encontre-forca-e-esperanca-em-tempos-dificeis\/#breadcrumb\",\"itemListElement\":[{\"@type\":\"ListItem\",\"position\":1,\"name\":\"Home\",\"item\":\"https:\/\/salmosbiblicos.com.br\/\"},{\"@type\":\"ListItem\",\"position\":2,\"name\":\"Promessa de Levantar: Encontre For\u00e7a e Esperan\u00e7a em Tempos Dif\u00edceis\"}]},{\"@type\":\"WebSite\",\"@id\":\"https:\/\/salmosbiblicos.com.br\/#website\",\"url\":\"https:\/\/salmosbiblicos.com.br\/\",\"name\":\"Salmos B\u00edblicos\",\"description\":\"Uma e-Livraria com e-Books novos para voc\u00ea refletir.\",\"potentialAction\":[{\"@type\":\"SearchAction\",\"target\":{\"@type\":\"EntryPoint\",\"urlTemplate\":\"https:\/\/salmosbiblicos.com.br\/?s={search_term_string}\"},\"query-input\":{\"@type\":\"PropertyValueSpecification\",\"valueRequired\":true,\"valueName\":\"search_term_string\"}}],\"inLanguage\":\"pt-BR\"},{\"@type\":\"Person\",\"@id\":\"https:\/\/salmosbiblicos.com.br\/#\/schema\/person\/30586d0fb3f3a46b78a3414fc39cc975\",\"name\":\"alextreh@gmail.com\",\"image\":{\"@type\":\"ImageObject\",\"inLanguage\":\"pt-BR\",\"@id\":\"https:\/\/secure.gravatar.com\/avatar\/7cf84d31f581ec97b887c1039d478a7c293086896c84951a86753fb2c2af7527?s=96&d=mm&r=g\",\"url\":\"https:\/\/secure.gravatar.com\/avatar\/7cf84d31f581ec97b887c1039d478a7c293086896c84951a86753fb2c2af7527?s=96&d=mm&r=g\",\"contentUrl\":\"https:\/\/secure.gravatar.com\/avatar\/7cf84d31f581ec97b887c1039d478a7c293086896c84951a86753fb2c2af7527?s=96&d=mm&r=g\",\"caption\":\"alextreh@gmail.com\"},\"sameAs\":[\"http:\/\/salmosbiblicos.com.br\"],\"url\":\"http:\/\/salmosbiblicos.com.br\/index.php\/author\/alextrehgmail-com\/\"}]}<\/script>\n<!-- \/ Yoast SEO plugin. -->","yoast_head_json":{"title":"Promessa de Levantar: Encontre For\u00e7a e Esperan\u00e7a em Tempos Dif\u00edceis - Salmos B\u00edblicos","robots":{"index":"index","follow":"follow","max-snippet":"max-snippet:-1","max-image-preview":"max-image-preview:large","max-video-preview":"max-video-preview:-1"},"canonical":"https:\/\/salmosbiblicos.com.br\/index.php\/2026\/03\/23\/promessa-de-levantar-encontre-forca-e-esperanca-em-tempos-dificeis\/","og_locale":"pt_BR","og_type":"article","og_title":"Promessa de Levantar: Encontre For\u00e7a e Esperan\u00e7a em Tempos Dif\u00edceis - Salmos B\u00edblicos","og_description":"## A Promessa do Levantamento H\u00e1 momentos em nossas vidas em que nos sentimos prostrados, exaustos, como se o peso do mundo repousasse sobre nossos ombros. \u00c9 nesses instantes de prova\u00e7\u00e3o que precisamos ouvir, com o cora\u00e7\u00e3o aberto, a voz que nos eleva, a promessa que nos renova. Uma voz que clama: &#8220;Eu te levantarei&#8221;. [&hellip;]","og_url":"https:\/\/salmosbiblicos.com.br\/index.php\/2026\/03\/23\/promessa-de-levantar-encontre-forca-e-esperanca-em-tempos-dificeis\/","og_site_name":"Salmos B\u00edblicos","article_published_time":"2026-03-24T00:44:03+00:00","author":"alextreh@gmail.com","twitter_card":"summary_large_image","twitter_misc":{"Escrito por":"alextreh@gmail.com","Est. tempo de leitura":"3 minutos"},"schema":{"@context":"https:\/\/schema.org","@graph":[{"@type":"Article","@id":"https:\/\/salmosbiblicos.com.br\/index.php\/2026\/03\/23\/promessa-de-levantar-encontre-forca-e-esperanca-em-tempos-dificeis\/#article","isPartOf":{"@id":"https:\/\/salmosbiblicos.com.br\/index.php\/2026\/03\/23\/promessa-de-levantar-encontre-forca-e-esperanca-em-tempos-dificeis\/"},"author":{"name":"alextreh@gmail.com","@id":"https:\/\/salmosbiblicos.com.br\/#\/schema\/person\/30586d0fb3f3a46b78a3414fc39cc975"},"headline":"Promessa de Levantar: Encontre For\u00e7a e Esperan\u00e7a em Tempos Dif\u00edceis","datePublished":"2026-03-24T00:44:03+00:00","mainEntityOfPage":{"@id":"https:\/\/salmosbiblicos.com.br\/index.php\/2026\/03\/23\/promessa-de-levantar-encontre-forca-e-esperanca-em-tempos-dificeis\/"},"wordCount":578,"articleSection":["Reflex\u00e3o"],"inLanguage":"pt-BR"},{"@type":"WebPage","@id":"https:\/\/salmosbiblicos.com.br\/index.php\/2026\/03\/23\/promessa-de-levantar-encontre-forca-e-esperanca-em-tempos-dificeis\/","url":"https:\/\/salmosbiblicos.com.br\/index.php\/2026\/03\/23\/promessa-de-levantar-encontre-forca-e-esperanca-em-tempos-dificeis\/","name":"Promessa de Levantar: Encontre For\u00e7a e Esperan\u00e7a em Tempos Dif\u00edceis - Salmos B\u00edblicos","isPartOf":{"@id":"https:\/\/salmosbiblicos.com.br\/#website"},"datePublished":"2026-03-24T00:44:03+00:00","author":{"@id":"https:\/\/salmosbiblicos.com.br\/#\/schema\/person\/30586d0fb3f3a46b78a3414fc39cc975"},"breadcrumb":{"@id":"https:\/\/salmosbiblicos.com.br\/index.php\/2026\/03\/23\/promessa-de-levantar-encontre-forca-e-esperanca-em-tempos-dificeis\/#breadcrumb"},"inLanguage":"pt-BR","potentialAction":[{"@type":"ReadAction","target":["https:\/\/salmosbiblicos.com.br\/index.php\/2026\/03\/23\/promessa-de-levantar-encontre-forca-e-esperanca-em-tempos-dificeis\/"]}]},{"@type":"BreadcrumbList","@id":"https:\/\/salmosbiblicos.com.br\/index.php\/2026\/03\/23\/promessa-de-levantar-encontre-forca-e-esperanca-em-tempos-dificeis\/#breadcrumb","itemListElement":[{"@type":"ListItem","position":1,"name":"Home","item":"https:\/\/salmosbiblicos.com.br\/"},{"@type":"ListItem","position":2,"name":"Promessa de Levantar: Encontre For\u00e7a e Esperan\u00e7a em Tempos Dif\u00edceis"}]},{"@type":"WebSite","@id":"https:\/\/salmosbiblicos.com.br\/#website","url":"https:\/\/salmosbiblicos.com.br\/","name":"Salmos B\u00edblicos","description":"Uma e-Livraria com e-Books novos para voc\u00ea refletir.","potentialAction":[{"@type":"SearchAction","target":{"@type":"EntryPoint","urlTemplate":"https:\/\/salmosbiblicos.com.br\/?s={search_term_string}"},"query-input":{"@type":"PropertyValueSpecification","valueRequired":true,"valueName":"search_term_string"}}],"inLanguage":"pt-BR"},{"@type":"Person","@id":"https:\/\/salmosbiblicos.com.br\/#\/schema\/person\/30586d0fb3f3a46b78a3414fc39cc975","name":"alextreh@gmail.com","image":{"@type":"ImageObject","inLanguage":"pt-BR","@id":"https:\/\/secure.gravatar.com\/avatar\/7cf84d31f581ec97b887c1039d478a7c293086896c84951a86753fb2c2af7527?s=96&d=mm&r=g","url":"https:\/\/secure.gravatar.com\/avatar\/7cf84d31f581ec97b887c1039d478a7c293086896c84951a86753fb2c2af7527?s=96&d=mm&r=g","contentUrl":"https:\/\/secure.gravatar.com\/avatar\/7cf84d31f581ec97b887c1039d478a7c293086896c84951a86753fb2c2af7527?s=96&d=mm&r=g","caption":"alextreh@gmail.com"},"sameAs":["http:\/\/salmosbiblicos.com.br"],"url":"http:\/\/salmosbiblicos.com.br\/index.php\/author\/alextrehgmail-com\/"}]}},"_links":{"self":[{"href":"http:\/\/salmosbiblicos.com.br\/index.php\/wp-json\/wp\/v2\/posts\/5431","targetHints":{"allow":["GET"]}}],"collection":[{"href":"http:\/\/salmosbiblicos.com.br\/index.php\/wp-json\/wp\/v2\/posts"}],"about":[{"href":"http:\/\/salmosbiblicos.com.br\/index.php\/wp-json\/wp\/v2\/types\/post"}],"author":[{"embeddable":true,"href":"http:\/\/salmosbiblicos.com.br\/index.php\/wp-json\/wp\/v2\/users\/1"}],"replies":[{"embeddable":true,"href":"http:\/\/salmosbiblicos.com.br\/index.php\/wp-json\/wp\/v2\/comments?post=5431"}],"version-history":[{"count":1,"href":"http:\/\/salmosbiblicos.com.br\/index.php\/wp-json\/wp\/v2\/posts\/5431\/revisions"}],"predecessor-version":[{"id":5432,"href":"http:\/\/salmosbiblicos.com.br\/index.php\/wp-json\/wp\/v2\/posts\/5431\/revisions\/5432"}],"wp:attachment":[{"href":"http:\/\/salmosbiblicos.com.br\/index.php\/wp-json\/wp\/v2\/media?parent=5431"}],"wp:term":[{"taxonomy":"category","embeddable":true,"href":"http:\/\/salmosbiblicos.com.br\/index.php\/wp-json\/wp\/v2\/categories?post=5431"},{"taxonomy":"post_tag","embeddable":true,"href":"http:\/\/salmosbiblicos.com.br\/index.php\/wp-json\/wp\/v2\/tags?post=5431"}],"curies":[{"name":"wp","href":"https:\/\/api.w.org\/{rel}","templated":true}]}}