{"id":5467,"date":"2026-03-26T16:18:09","date_gmt":"2026-03-26T19:18:09","guid":{"rendered":"https:\/\/salmosbiblicos.com.br\/?p=5467"},"modified":"2026-03-26T16:18:09","modified_gmt":"2026-03-26T19:18:09","slug":"vida-nova-a-esperanca-atraves-da-fe-e-da-redencao","status":"publish","type":"post","link":"http:\/\/salmosbiblicos.com.br\/index.php\/2026\/03\/26\/vida-nova-a-esperanca-atraves-da-fe-e-da-redencao\/","title":{"rendered":"Vida Nova: A Esperan\u00e7a Atrav\u00e9s da F\u00e9 e da Reden\u00e7\u00e3o"},"content":{"rendered":"<p>## A Doce Realidade da Vida Nova<\/p>\n<p>\u00c9 consolador contemplar a beleza da esperan\u00e7a que nos \u00e9 oferecida. Ouvimos com frequ\u00eancia a express\u00e3o: \u201cEst\u00e1vamos mortos, e por causa de Cristo, agora temos vida.\u201d Esta n\u00e3o \u00e9 apenas uma frase, mas uma realidade profunda, uma verdade b\u00edblica que ilumina a nossa exist\u00eancia e nos capacita a agradecer a b\u00ean\u00e7\u00e3o imensa que recebemos.<\/p>\n<p>### O Peso da Mortalidade<\/p>\n<p>Os textos antigos nos revelam a origem dessa condi\u00e7\u00e3o. A entrada do pecado no mundo, como uma brecha sutil, trouxe consigo a morte. E a morte, inevitavelmente, passou a ser a experi\u00eancia de todo o ser humano. \u00c9 com profundo insight que encontramos em Romanos, cap\u00edtulo 5, a declara\u00e7\u00e3o: &#8220;Pois, como por um s\u00f3 homem o pecado entrou no mundo, e por causa do pecado, a morte; assim tamb\u00e9m a morte passou a todos os homens, porque todos pecaram.&#8221; A palavra nos convida \u00e0 reflex\u00e3o, \u00e0 contempla\u00e7\u00e3o da nossa pr\u00f3pria fragilidade.<\/p>\n<p>### O Novo Adam, a Nova Esperan\u00e7a<\/p>\n<p>A Escritura, com sua sabedoria, apresenta-nos o contraste: em Ad\u00e3o, a mortalidade, mas em Cristo, a vida. Jesus \u00e9 chamado de um &#8220;novo Ad\u00e3o&#8221;, aquele que reverte o curso da hist\u00f3ria, que oferece a promessa de um futuro redimido.<\/p>\n<p>### A Justi\u00e7a da F\u00e9<\/p>\n<p>Paulo, em sua sabedoria, ensina que essa promessa n\u00e3o \u00e9 alcan\u00e7ada pela observ\u00e2ncia da lei, mas pela f\u00e9. \u201cN\u00e3o foi por causa da lei que a promessa foi dada a Abra\u00e3o ou \u00e0 sua descend\u00eancia, mas atrav\u00e9s da f\u00e9, para que ela se tornasse uma heran\u00e7a, n\u00e3o apenas para os que creem, mas tamb\u00e9m para os que partilham a f\u00e9 de Abra\u00e3o, o nosso pai.\u201d A f\u00e9 de Abra\u00e3o, que o firmou na esperan\u00e7a contra toda a raz\u00e3o, \u00e9 o alicerce da nossa salva\u00e7\u00e3o.<\/p>\n<p>### A Alma Morta e a Gra\u00e7a Divina<\/p>\n<p>O grande mestre, ao comentar as Escrituras, nos revela uma verdade pungente: \u201cOs mortos aqui s\u00e3o aqueles cujas almas pecaram.\u201d A desobedi\u00eancia, a falta de aten\u00e7\u00e3o \u00e0 Palavra, carregam consequ\u00eancias. O sal\u00e1rio do pecado \u00e9 a morte, e a alma, em sua condi\u00e7\u00e3o de morte espiritual, se torna incapaz de experimentar a presen\u00e7a divina. Os sentidos da alma se fecham, silenciando a voz de Deus, adormecendo a sensibilidade ao amor do Cristo.<\/p>\n<p>### A Ressurrei\u00e7\u00e3o da Alma<\/p>\n<p>Contudo, a alegria da nossa f\u00e9 reside na interven\u00e7\u00e3o Divina. Cristo veio ao encontro da nossa mortalidade, oferecendo a gra\u00e7a da vida nova. Assim como o corpo, ap\u00f3s a morte, perde a capacidade de sentir, a alma, em sua condi\u00e7\u00e3o de morte espiritual, se encontra privada de toda experi\u00eancia de Deus. Mas, em Cristo, essa morte \u00e9 revertida, essa cegueira \u00e9 curada. <\/p>\n<p>### Um Dom Incondicional<\/p>\n<p>Efeios nos recorda com for\u00e7a: &#8220;V\u00f3s est\u00e1veis mortos em vossos pecados, mas Deus, sendo rico em miseric\u00f3rdia, por puro amor, vos deu vida junto com Cristo.&#8221; A heran\u00e7a que recebemos n\u00e3o \u00e9 fruto do nosso m\u00e9rito, mas da infinita miseric\u00f3rdia de Deus. \u00c9 um dom gratuito, uma d\u00e1diva imensur\u00e1vel que nos \u00e9 oferecida.<\/p>\n<p>**Reflex\u00f5es para o nosso caminho:**<\/p>\n<p>*   **Reconhe\u00e7a a sua mortalidade:** A consci\u00eancia da nossa fragilidade nos aproxima da fonte da gra\u00e7a.<br \/>*   **Cultive a f\u00e9:** Acredite no poder transformador do amor de Deus.<br \/>*   **Agrade\u00e7a a vida:** Expresse a sua gratid\u00e3o por essa b\u00ean\u00e7\u00e3o imensa que nos foi concedida.<br \/>*   **Compartilhe a esperan\u00e7a:** Seja um farol de luz para aqueles que anseiam pela vida nova.<\/p>\n<p>Que possamos, em cada dia, renovar a nossa esperan\u00e7a e agradecer a Deus pela vida que nos foi dada, pela gra\u00e7a que nos sustenta e pela promessa da eternidade que nos espera.<\/p>\n","protected":false},"excerpt":{"rendered":"<p>## A Doce Realidade da Vida Nova \u00c9 consolador contemplar a beleza da esperan\u00e7a que nos \u00e9 oferecida. Ouvimos com frequ\u00eancia a express\u00e3o: \u201cEst\u00e1vamos mortos, e por causa de Cristo, agora temos vida.\u201d Esta n\u00e3o \u00e9 apenas uma frase, mas uma realidade profunda, uma verdade b\u00edblica que ilumina a nossa exist\u00eancia e nos capacita a [&hellip;]<\/p>\n","protected":false},"author":1,"featured_media":0,"comment_status":"closed","ping_status":"open","sticky":false,"template":"","format":"standard","meta":{"footnotes":""},"categories":[14],"tags":[],"class_list":["post-5467","post","type-post","status-publish","format-standard","hentry","category-reflexao"],"yoast_head":"<!-- This site is optimized with the Yoast SEO plugin v27.2 - https:\/\/yoast.com\/product\/yoast-seo-wordpress\/ -->\n<title>Vida Nova: A Esperan\u00e7a Atrav\u00e9s da F\u00e9 e da Reden\u00e7\u00e3o - Salmos B\u00edblicos<\/title>\n<meta name=\"robots\" content=\"index, follow, max-snippet:-1, max-image-preview:large, max-video-preview:-1\" \/>\n<link rel=\"canonical\" href=\"http:\/\/salmosbiblicos.com.br\/index.php\/2026\/03\/26\/vida-nova-a-esperanca-atraves-da-fe-e-da-redencao\/\" \/>\n<meta property=\"og:locale\" content=\"pt_BR\" \/>\n<meta property=\"og:type\" content=\"article\" \/>\n<meta property=\"og:title\" content=\"Vida Nova: A Esperan\u00e7a Atrav\u00e9s da F\u00e9 e da Reden\u00e7\u00e3o - Salmos B\u00edblicos\" \/>\n<meta property=\"og:description\" content=\"## A Doce Realidade da Vida Nova \u00c9 consolador contemplar a beleza da esperan\u00e7a que nos \u00e9 oferecida. Ouvimos com frequ\u00eancia a express\u00e3o: \u201cEst\u00e1vamos mortos, e por causa de Cristo, agora temos vida.\u201d Esta n\u00e3o \u00e9 apenas uma frase, mas uma realidade profunda, uma verdade b\u00edblica que ilumina a nossa exist\u00eancia e nos capacita a [&hellip;]\" \/>\n<meta property=\"og:url\" content=\"http:\/\/salmosbiblicos.com.br\/index.php\/2026\/03\/26\/vida-nova-a-esperanca-atraves-da-fe-e-da-redencao\/\" \/>\n<meta property=\"og:site_name\" content=\"Salmos B\u00edblicos\" \/>\n<meta property=\"article:published_time\" content=\"2026-03-26T19:18:09+00:00\" \/>\n<meta name=\"author\" content=\"alextreh@gmail.com\" \/>\n<meta name=\"twitter:card\" content=\"summary_large_image\" \/>\n<meta name=\"twitter:label1\" content=\"Escrito por\" \/>\n\t<meta name=\"twitter:data1\" content=\"alextreh@gmail.com\" \/>\n\t<meta name=\"twitter:label2\" content=\"Est. tempo de leitura\" \/>\n\t<meta name=\"twitter:data2\" content=\"3 minutos\" \/>\n<script type=\"application\/ld+json\" class=\"yoast-schema-graph\">{\"@context\":\"https:\/\/schema.org\",\"@graph\":[{\"@type\":\"Article\",\"@id\":\"http:\/\/salmosbiblicos.com.br\/index.php\/2026\/03\/26\/vida-nova-a-esperanca-atraves-da-fe-e-da-redencao\/#article\",\"isPartOf\":{\"@id\":\"http:\/\/salmosbiblicos.com.br\/index.php\/2026\/03\/26\/vida-nova-a-esperanca-atraves-da-fe-e-da-redencao\/\"},\"author\":{\"name\":\"alextreh@gmail.com\",\"@id\":\"https:\/\/salmosbiblicos.com.br\/#\/schema\/person\/30586d0fb3f3a46b78a3414fc39cc975\"},\"headline\":\"Vida Nova: A Esperan\u00e7a Atrav\u00e9s da F\u00e9 e da Reden\u00e7\u00e3o\",\"datePublished\":\"2026-03-26T19:18:09+00:00\",\"mainEntityOfPage\":{\"@id\":\"http:\/\/salmosbiblicos.com.br\/index.php\/2026\/03\/26\/vida-nova-a-esperanca-atraves-da-fe-e-da-redencao\/\"},\"wordCount\":649,\"articleSection\":[\"Reflex\u00e3o\"],\"inLanguage\":\"pt-BR\"},{\"@type\":\"WebPage\",\"@id\":\"http:\/\/salmosbiblicos.com.br\/index.php\/2026\/03\/26\/vida-nova-a-esperanca-atraves-da-fe-e-da-redencao\/\",\"url\":\"http:\/\/salmosbiblicos.com.br\/index.php\/2026\/03\/26\/vida-nova-a-esperanca-atraves-da-fe-e-da-redencao\/\",\"name\":\"Vida Nova: A Esperan\u00e7a Atrav\u00e9s da F\u00e9 e da Reden\u00e7\u00e3o - Salmos B\u00edblicos\",\"isPartOf\":{\"@id\":\"https:\/\/salmosbiblicos.com.br\/#website\"},\"datePublished\":\"2026-03-26T19:18:09+00:00\",\"author\":{\"@id\":\"https:\/\/salmosbiblicos.com.br\/#\/schema\/person\/30586d0fb3f3a46b78a3414fc39cc975\"},\"breadcrumb\":{\"@id\":\"http:\/\/salmosbiblicos.com.br\/index.php\/2026\/03\/26\/vida-nova-a-esperanca-atraves-da-fe-e-da-redencao\/#breadcrumb\"},\"inLanguage\":\"pt-BR\",\"potentialAction\":[{\"@type\":\"ReadAction\",\"target\":[\"http:\/\/salmosbiblicos.com.br\/index.php\/2026\/03\/26\/vida-nova-a-esperanca-atraves-da-fe-e-da-redencao\/\"]}]},{\"@type\":\"BreadcrumbList\",\"@id\":\"http:\/\/salmosbiblicos.com.br\/index.php\/2026\/03\/26\/vida-nova-a-esperanca-atraves-da-fe-e-da-redencao\/#breadcrumb\",\"itemListElement\":[{\"@type\":\"ListItem\",\"position\":1,\"name\":\"Home\",\"item\":\"https:\/\/salmosbiblicos.com.br\/\"},{\"@type\":\"ListItem\",\"position\":2,\"name\":\"Vida Nova: A Esperan\u00e7a Atrav\u00e9s da F\u00e9 e da Reden\u00e7\u00e3o\"}]},{\"@type\":\"WebSite\",\"@id\":\"https:\/\/salmosbiblicos.com.br\/#website\",\"url\":\"https:\/\/salmosbiblicos.com.br\/\",\"name\":\"Salmos B\u00edblicos\",\"description\":\"Uma e-Livraria com e-Books novos para voc\u00ea refletir.\",\"potentialAction\":[{\"@type\":\"SearchAction\",\"target\":{\"@type\":\"EntryPoint\",\"urlTemplate\":\"https:\/\/salmosbiblicos.com.br\/?s={search_term_string}\"},\"query-input\":{\"@type\":\"PropertyValueSpecification\",\"valueRequired\":true,\"valueName\":\"search_term_string\"}}],\"inLanguage\":\"pt-BR\"},{\"@type\":\"Person\",\"@id\":\"https:\/\/salmosbiblicos.com.br\/#\/schema\/person\/30586d0fb3f3a46b78a3414fc39cc975\",\"name\":\"alextreh@gmail.com\",\"image\":{\"@type\":\"ImageObject\",\"inLanguage\":\"pt-BR\",\"@id\":\"https:\/\/secure.gravatar.com\/avatar\/7cf84d31f581ec97b887c1039d478a7c293086896c84951a86753fb2c2af7527?s=96&d=mm&r=g\",\"url\":\"https:\/\/secure.gravatar.com\/avatar\/7cf84d31f581ec97b887c1039d478a7c293086896c84951a86753fb2c2af7527?s=96&d=mm&r=g\",\"contentUrl\":\"https:\/\/secure.gravatar.com\/avatar\/7cf84d31f581ec97b887c1039d478a7c293086896c84951a86753fb2c2af7527?s=96&d=mm&r=g\",\"caption\":\"alextreh@gmail.com\"},\"sameAs\":[\"http:\/\/salmosbiblicos.com.br\"],\"url\":\"http:\/\/salmosbiblicos.com.br\/index.php\/author\/alextrehgmail-com\/\"}]}<\/script>\n<!-- \/ Yoast SEO plugin. -->","yoast_head_json":{"title":"Vida Nova: A Esperan\u00e7a Atrav\u00e9s da F\u00e9 e da Reden\u00e7\u00e3o - Salmos B\u00edblicos","robots":{"index":"index","follow":"follow","max-snippet":"max-snippet:-1","max-image-preview":"max-image-preview:large","max-video-preview":"max-video-preview:-1"},"canonical":"http:\/\/salmosbiblicos.com.br\/index.php\/2026\/03\/26\/vida-nova-a-esperanca-atraves-da-fe-e-da-redencao\/","og_locale":"pt_BR","og_type":"article","og_title":"Vida Nova: A Esperan\u00e7a Atrav\u00e9s da F\u00e9 e da Reden\u00e7\u00e3o - Salmos B\u00edblicos","og_description":"## A Doce Realidade da Vida Nova \u00c9 consolador contemplar a beleza da esperan\u00e7a que nos \u00e9 oferecida. Ouvimos com frequ\u00eancia a express\u00e3o: \u201cEst\u00e1vamos mortos, e por causa de Cristo, agora temos vida.\u201d Esta n\u00e3o \u00e9 apenas uma frase, mas uma realidade profunda, uma verdade b\u00edblica que ilumina a nossa exist\u00eancia e nos capacita a [&hellip;]","og_url":"http:\/\/salmosbiblicos.com.br\/index.php\/2026\/03\/26\/vida-nova-a-esperanca-atraves-da-fe-e-da-redencao\/","og_site_name":"Salmos B\u00edblicos","article_published_time":"2026-03-26T19:18:09+00:00","author":"alextreh@gmail.com","twitter_card":"summary_large_image","twitter_misc":{"Escrito por":"alextreh@gmail.com","Est. tempo de leitura":"3 minutos"},"schema":{"@context":"https:\/\/schema.org","@graph":[{"@type":"Article","@id":"http:\/\/salmosbiblicos.com.br\/index.php\/2026\/03\/26\/vida-nova-a-esperanca-atraves-da-fe-e-da-redencao\/#article","isPartOf":{"@id":"http:\/\/salmosbiblicos.com.br\/index.php\/2026\/03\/26\/vida-nova-a-esperanca-atraves-da-fe-e-da-redencao\/"},"author":{"name":"alextreh@gmail.com","@id":"https:\/\/salmosbiblicos.com.br\/#\/schema\/person\/30586d0fb3f3a46b78a3414fc39cc975"},"headline":"Vida Nova: A Esperan\u00e7a Atrav\u00e9s da F\u00e9 e da Reden\u00e7\u00e3o","datePublished":"2026-03-26T19:18:09+00:00","mainEntityOfPage":{"@id":"http:\/\/salmosbiblicos.com.br\/index.php\/2026\/03\/26\/vida-nova-a-esperanca-atraves-da-fe-e-da-redencao\/"},"wordCount":649,"articleSection":["Reflex\u00e3o"],"inLanguage":"pt-BR"},{"@type":"WebPage","@id":"http:\/\/salmosbiblicos.com.br\/index.php\/2026\/03\/26\/vida-nova-a-esperanca-atraves-da-fe-e-da-redencao\/","url":"http:\/\/salmosbiblicos.com.br\/index.php\/2026\/03\/26\/vida-nova-a-esperanca-atraves-da-fe-e-da-redencao\/","name":"Vida Nova: A Esperan\u00e7a Atrav\u00e9s da F\u00e9 e da Reden\u00e7\u00e3o - Salmos B\u00edblicos","isPartOf":{"@id":"https:\/\/salmosbiblicos.com.br\/#website"},"datePublished":"2026-03-26T19:18:09+00:00","author":{"@id":"https:\/\/salmosbiblicos.com.br\/#\/schema\/person\/30586d0fb3f3a46b78a3414fc39cc975"},"breadcrumb":{"@id":"http:\/\/salmosbiblicos.com.br\/index.php\/2026\/03\/26\/vida-nova-a-esperanca-atraves-da-fe-e-da-redencao\/#breadcrumb"},"inLanguage":"pt-BR","potentialAction":[{"@type":"ReadAction","target":["http:\/\/salmosbiblicos.com.br\/index.php\/2026\/03\/26\/vida-nova-a-esperanca-atraves-da-fe-e-da-redencao\/"]}]},{"@type":"BreadcrumbList","@id":"http:\/\/salmosbiblicos.com.br\/index.php\/2026\/03\/26\/vida-nova-a-esperanca-atraves-da-fe-e-da-redencao\/#breadcrumb","itemListElement":[{"@type":"ListItem","position":1,"name":"Home","item":"https:\/\/salmosbiblicos.com.br\/"},{"@type":"ListItem","position":2,"name":"Vida Nova: A Esperan\u00e7a Atrav\u00e9s da F\u00e9 e da Reden\u00e7\u00e3o"}]},{"@type":"WebSite","@id":"https:\/\/salmosbiblicos.com.br\/#website","url":"https:\/\/salmosbiblicos.com.br\/","name":"Salmos B\u00edblicos","description":"Uma e-Livraria com e-Books novos para voc\u00ea refletir.","potentialAction":[{"@type":"SearchAction","target":{"@type":"EntryPoint","urlTemplate":"https:\/\/salmosbiblicos.com.br\/?s={search_term_string}"},"query-input":{"@type":"PropertyValueSpecification","valueRequired":true,"valueName":"search_term_string"}}],"inLanguage":"pt-BR"},{"@type":"Person","@id":"https:\/\/salmosbiblicos.com.br\/#\/schema\/person\/30586d0fb3f3a46b78a3414fc39cc975","name":"alextreh@gmail.com","image":{"@type":"ImageObject","inLanguage":"pt-BR","@id":"https:\/\/secure.gravatar.com\/avatar\/7cf84d31f581ec97b887c1039d478a7c293086896c84951a86753fb2c2af7527?s=96&d=mm&r=g","url":"https:\/\/secure.gravatar.com\/avatar\/7cf84d31f581ec97b887c1039d478a7c293086896c84951a86753fb2c2af7527?s=96&d=mm&r=g","contentUrl":"https:\/\/secure.gravatar.com\/avatar\/7cf84d31f581ec97b887c1039d478a7c293086896c84951a86753fb2c2af7527?s=96&d=mm&r=g","caption":"alextreh@gmail.com"},"sameAs":["http:\/\/salmosbiblicos.com.br"],"url":"http:\/\/salmosbiblicos.com.br\/index.php\/author\/alextrehgmail-com\/"}]}},"_links":{"self":[{"href":"http:\/\/salmosbiblicos.com.br\/index.php\/wp-json\/wp\/v2\/posts\/5467","targetHints":{"allow":["GET"]}}],"collection":[{"href":"http:\/\/salmosbiblicos.com.br\/index.php\/wp-json\/wp\/v2\/posts"}],"about":[{"href":"http:\/\/salmosbiblicos.com.br\/index.php\/wp-json\/wp\/v2\/types\/post"}],"author":[{"embeddable":true,"href":"http:\/\/salmosbiblicos.com.br\/index.php\/wp-json\/wp\/v2\/users\/1"}],"replies":[{"embeddable":true,"href":"http:\/\/salmosbiblicos.com.br\/index.php\/wp-json\/wp\/v2\/comments?post=5467"}],"version-history":[{"count":1,"href":"http:\/\/salmosbiblicos.com.br\/index.php\/wp-json\/wp\/v2\/posts\/5467\/revisions"}],"predecessor-version":[{"id":5468,"href":"http:\/\/salmosbiblicos.com.br\/index.php\/wp-json\/wp\/v2\/posts\/5467\/revisions\/5468"}],"wp:attachment":[{"href":"http:\/\/salmosbiblicos.com.br\/index.php\/wp-json\/wp\/v2\/media?parent=5467"}],"wp:term":[{"taxonomy":"category","embeddable":true,"href":"http:\/\/salmosbiblicos.com.br\/index.php\/wp-json\/wp\/v2\/categories?post=5467"},{"taxonomy":"post_tag","embeddable":true,"href":"http:\/\/salmosbiblicos.com.br\/index.php\/wp-json\/wp\/v2\/tags?post=5467"}],"curies":[{"name":"wp","href":"https:\/\/api.w.org\/{rel}","templated":true}]}}