{"id":5492,"date":"2026-03-27T14:07:26","date_gmt":"2026-03-27T17:07:26","guid":{"rendered":"https:\/\/salmosbiblicos.com.br\/?p=5492"},"modified":"2026-03-27T14:07:26","modified_gmt":"2026-03-27T17:07:26","slug":"fe-em-movimento-como-a-espiritualidade-transforma-vidas","status":"publish","type":"post","link":"http:\/\/salmosbiblicos.com.br\/index.php\/2026\/03\/27\/fe-em-movimento-como-a-espiritualidade-transforma-vidas\/","title":{"rendered":"F\u00e9 em Movimento: Como a Espiritualidade Transforma Vidas"},"content":{"rendered":"<p>## A Ess\u00eancia da F\u00e9 que Transforma<\/p>\n<p>A jornada da f\u00e9 \u00e9 um caminho din\u00e2mico, um fluir constante. Ela n\u00e3o \u00e9 um estado est\u00e1tico que se alcan\u00e7a e permanece imut\u00e1vel. Pelo contr\u00e1rio, a f\u00e9 se expande, se fortalece ou, lamentavelmente, pode se enfraquecer. Assim como uma semente precisa de solo f\u00e9rtil, \u00e1gua e sol para florescer, nossa f\u00e9 necessita de nutri\u00e7\u00e3o espiritual para crescer.<\/p>\n<p>Recebemos a f\u00e9 no momento do nosso batismo, um novo nascimento que nos conecta \u00e0 gra\u00e7a divina. Essa virtude essencial, como a pr\u00f3pria Escritura nos lembra, \u00e9 o alicerce para agradar a Deus. **Sem f\u00e9, \u00e9 imposs\u00edvel agradar a Deus.**<\/p>\n<p>### A F\u00e9 do Tamanho de um Gr\u00e3o de Mostarda<\/p>\n<p>Jesus nos revela que mesmo a f\u00e9 mais diminuta, compar\u00e1vel a um gr\u00e3o de mostarda, det\u00e9m um poder surpreendente. **Uma f\u00e9 pequena j\u00e1 agrada a Deus e pode mover montanhas.** Imagine a for\u00e7a que emana de uma f\u00e9 maior, nutrida pela esperan\u00e7a e pela confian\u00e7a!<\/p>\n<p>Muitos personagens b\u00edblicos nos inspiram com a for\u00e7a de sua f\u00e9. A mulher cananeia, por exemplo, impressionou Jesus com sua persist\u00eancia e cren\u00e7a inabal\u00e1vel.  Ela demonstra que a f\u00e9, mesmo em meio \u00e0s dificuldades, pode ser um farol de esperan\u00e7a.<\/p>\n<p>### A Prova da F\u00e9<\/p>\n<p>A f\u00e9 n\u00e3o se manifesta em um ambiente livre de desafios. Ela se fortalece, se aprofunda e amadurece atrav\u00e9s das prova\u00e7\u00f5es. Assim como o ouro \u00e9 purificado pelo fogo, nossa f\u00e9 \u00e9 lapidada pelas experi\u00eancias da vida \u2013 a doen\u00e7a, as dificuldades financeiras, os conflitos familiares.<\/p>\n<p>N\u00e3o devemos temer as provas, pois elas s\u00e3o instrumentos nas m\u00e3os de Deus, **meios pelos quais Ele nos ajuda a aumentar nossa f\u00e9**. Essas situa\u00e7\u00f5es, que por vezes nos afligem, podem ser oportunidades para um crescimento espiritual extraordin\u00e1rio.<\/p>\n<p>### N\u00e3o Permitir o Decl\u00ednio<\/p>\n<p>\u00c9 preciso ter cuidado para n\u00e3o permitir que a f\u00e9 diminua. Muitos, outrora cheios de esperan\u00e7a e convic\u00e7\u00e3o, acabam perdendo o rumo.  N\u00e3o permitamos que isso aconte\u00e7a! Precisamos, a cada dia, nutrir nossa f\u00e9, proteg\u00ea-la e cultiv\u00e1-la.<\/p>\n<p>### Um Homem e a F\u00e9 de seu Filho<\/p>\n<p>Nos encontramos hoje com a hist\u00f3ria de um pai, cuja f\u00e9 se manifestou em um momento de desespero. Diante da doen\u00e7a de seu filho, ele buscou a cura em Jesus, confiando em sua palavra.  A f\u00e9 desse homem cresceu gradualmente, desde o pedido de ajuda at\u00e9 a confirma\u00e7\u00e3o da cura.<\/p>\n<p>A Escritura nos ensina que **a f\u00e9 se desenvolve em etapas: primeiro, o pedido; depois, a cren\u00e7a na palavra; e, por fim, a confirma\u00e7\u00e3o da experi\u00eancia.** Essa jornada nos convida a persistir, a confiar, a acreditar.<\/p>\n<p>### Agrade\u00e7a e Busque<\/p>\n<p>Que a hist\u00f3ria desse homem seja um exemplo para n\u00f3s. Que a inspira\u00e7\u00e3o do seu testemunho fortale\u00e7a a nossa f\u00e9.  Se voc\u00ea se sente distante, se a d\u00favida o assalta, n\u00e3o hesite em buscar a Deus, em pedir que Ele aumente a sua f\u00e9.<\/p>\n<p>**Aumenta, Senhor, a minha f\u00e9.**<\/p>\n<p>Que a nossa jornada, individual e coletiva, seja marcada pela esperan\u00e7a e pela confian\u00e7a no amor e na gra\u00e7a de Deus.<\/p>\n","protected":false},"excerpt":{"rendered":"<p>## A Ess\u00eancia da F\u00e9 que Transforma A jornada da f\u00e9 \u00e9 um caminho din\u00e2mico, um fluir constante. Ela n\u00e3o \u00e9 um estado est\u00e1tico que se alcan\u00e7a e permanece imut\u00e1vel. Pelo contr\u00e1rio, a f\u00e9 se expande, se fortalece ou, lamentavelmente, pode se enfraquecer. Assim como uma semente precisa de solo f\u00e9rtil, \u00e1gua e sol para [&hellip;]<\/p>\n","protected":false},"author":1,"featured_media":0,"comment_status":"closed","ping_status":"open","sticky":false,"template":"","format":"standard","meta":{"footnotes":""},"categories":[14],"tags":[],"class_list":["post-5492","post","type-post","status-publish","format-standard","hentry","category-reflexao"],"yoast_head":"<!-- This site is optimized with the Yoast SEO plugin v27.2 - https:\/\/yoast.com\/product\/yoast-seo-wordpress\/ -->\n<title>F\u00e9 em Movimento: Como a Espiritualidade Transforma Vidas - Salmos B\u00edblicos<\/title>\n<meta name=\"robots\" content=\"index, follow, max-snippet:-1, max-image-preview:large, max-video-preview:-1\" \/>\n<link rel=\"canonical\" href=\"http:\/\/salmosbiblicos.com.br\/index.php\/2026\/03\/27\/fe-em-movimento-como-a-espiritualidade-transforma-vidas\/\" \/>\n<meta property=\"og:locale\" content=\"pt_BR\" \/>\n<meta property=\"og:type\" content=\"article\" \/>\n<meta property=\"og:title\" content=\"F\u00e9 em Movimento: Como a Espiritualidade Transforma Vidas - Salmos B\u00edblicos\" \/>\n<meta property=\"og:description\" content=\"## A Ess\u00eancia da F\u00e9 que Transforma A jornada da f\u00e9 \u00e9 um caminho din\u00e2mico, um fluir constante. Ela n\u00e3o \u00e9 um estado est\u00e1tico que se alcan\u00e7a e permanece imut\u00e1vel. Pelo contr\u00e1rio, a f\u00e9 se expande, se fortalece ou, lamentavelmente, pode se enfraquecer. Assim como uma semente precisa de solo f\u00e9rtil, \u00e1gua e sol para [&hellip;]\" \/>\n<meta property=\"og:url\" content=\"http:\/\/salmosbiblicos.com.br\/index.php\/2026\/03\/27\/fe-em-movimento-como-a-espiritualidade-transforma-vidas\/\" \/>\n<meta property=\"og:site_name\" content=\"Salmos B\u00edblicos\" \/>\n<meta property=\"article:published_time\" content=\"2026-03-27T17:07:26+00:00\" \/>\n<meta name=\"author\" content=\"alextreh@gmail.com\" \/>\n<meta name=\"twitter:card\" content=\"summary_large_image\" \/>\n<meta name=\"twitter:label1\" content=\"Escrito por\" \/>\n\t<meta name=\"twitter:data1\" content=\"alextreh@gmail.com\" \/>\n\t<meta name=\"twitter:label2\" content=\"Est. tempo de leitura\" \/>\n\t<meta name=\"twitter:data2\" content=\"3 minutos\" \/>\n<script type=\"application\/ld+json\" class=\"yoast-schema-graph\">{\"@context\":\"https:\/\/schema.org\",\"@graph\":[{\"@type\":\"Article\",\"@id\":\"http:\/\/salmosbiblicos.com.br\/index.php\/2026\/03\/27\/fe-em-movimento-como-a-espiritualidade-transforma-vidas\/#article\",\"isPartOf\":{\"@id\":\"http:\/\/salmosbiblicos.com.br\/index.php\/2026\/03\/27\/fe-em-movimento-como-a-espiritualidade-transforma-vidas\/\"},\"author\":{\"name\":\"alextreh@gmail.com\",\"@id\":\"https:\/\/salmosbiblicos.com.br\/#\/schema\/person\/30586d0fb3f3a46b78a3414fc39cc975\"},\"headline\":\"F\u00e9 em Movimento: Como a Espiritualidade Transforma Vidas\",\"datePublished\":\"2026-03-27T17:07:26+00:00\",\"mainEntityOfPage\":{\"@id\":\"http:\/\/salmosbiblicos.com.br\/index.php\/2026\/03\/27\/fe-em-movimento-como-a-espiritualidade-transforma-vidas\/\"},\"wordCount\":552,\"articleSection\":[\"Reflex\u00e3o\"],\"inLanguage\":\"pt-BR\"},{\"@type\":\"WebPage\",\"@id\":\"http:\/\/salmosbiblicos.com.br\/index.php\/2026\/03\/27\/fe-em-movimento-como-a-espiritualidade-transforma-vidas\/\",\"url\":\"http:\/\/salmosbiblicos.com.br\/index.php\/2026\/03\/27\/fe-em-movimento-como-a-espiritualidade-transforma-vidas\/\",\"name\":\"F\u00e9 em Movimento: Como a Espiritualidade Transforma Vidas - Salmos B\u00edblicos\",\"isPartOf\":{\"@id\":\"https:\/\/salmosbiblicos.com.br\/#website\"},\"datePublished\":\"2026-03-27T17:07:26+00:00\",\"author\":{\"@id\":\"https:\/\/salmosbiblicos.com.br\/#\/schema\/person\/30586d0fb3f3a46b78a3414fc39cc975\"},\"breadcrumb\":{\"@id\":\"http:\/\/salmosbiblicos.com.br\/index.php\/2026\/03\/27\/fe-em-movimento-como-a-espiritualidade-transforma-vidas\/#breadcrumb\"},\"inLanguage\":\"pt-BR\",\"potentialAction\":[{\"@type\":\"ReadAction\",\"target\":[\"http:\/\/salmosbiblicos.com.br\/index.php\/2026\/03\/27\/fe-em-movimento-como-a-espiritualidade-transforma-vidas\/\"]}]},{\"@type\":\"BreadcrumbList\",\"@id\":\"http:\/\/salmosbiblicos.com.br\/index.php\/2026\/03\/27\/fe-em-movimento-como-a-espiritualidade-transforma-vidas\/#breadcrumb\",\"itemListElement\":[{\"@type\":\"ListItem\",\"position\":1,\"name\":\"Home\",\"item\":\"https:\/\/salmosbiblicos.com.br\/\"},{\"@type\":\"ListItem\",\"position\":2,\"name\":\"F\u00e9 em Movimento: Como a Espiritualidade Transforma Vidas\"}]},{\"@type\":\"WebSite\",\"@id\":\"https:\/\/salmosbiblicos.com.br\/#website\",\"url\":\"https:\/\/salmosbiblicos.com.br\/\",\"name\":\"Salmos B\u00edblicos\",\"description\":\"Uma e-Livraria com e-Books novos para voc\u00ea refletir.\",\"potentialAction\":[{\"@type\":\"SearchAction\",\"target\":{\"@type\":\"EntryPoint\",\"urlTemplate\":\"https:\/\/salmosbiblicos.com.br\/?s={search_term_string}\"},\"query-input\":{\"@type\":\"PropertyValueSpecification\",\"valueRequired\":true,\"valueName\":\"search_term_string\"}}],\"inLanguage\":\"pt-BR\"},{\"@type\":\"Person\",\"@id\":\"https:\/\/salmosbiblicos.com.br\/#\/schema\/person\/30586d0fb3f3a46b78a3414fc39cc975\",\"name\":\"alextreh@gmail.com\",\"image\":{\"@type\":\"ImageObject\",\"inLanguage\":\"pt-BR\",\"@id\":\"https:\/\/secure.gravatar.com\/avatar\/7cf84d31f581ec97b887c1039d478a7c293086896c84951a86753fb2c2af7527?s=96&d=mm&r=g\",\"url\":\"https:\/\/secure.gravatar.com\/avatar\/7cf84d31f581ec97b887c1039d478a7c293086896c84951a86753fb2c2af7527?s=96&d=mm&r=g\",\"contentUrl\":\"https:\/\/secure.gravatar.com\/avatar\/7cf84d31f581ec97b887c1039d478a7c293086896c84951a86753fb2c2af7527?s=96&d=mm&r=g\",\"caption\":\"alextreh@gmail.com\"},\"sameAs\":[\"http:\/\/salmosbiblicos.com.br\"],\"url\":\"http:\/\/salmosbiblicos.com.br\/index.php\/author\/alextrehgmail-com\/\"}]}<\/script>\n<!-- \/ Yoast SEO plugin. -->","yoast_head_json":{"title":"F\u00e9 em Movimento: Como a Espiritualidade Transforma Vidas - Salmos B\u00edblicos","robots":{"index":"index","follow":"follow","max-snippet":"max-snippet:-1","max-image-preview":"max-image-preview:large","max-video-preview":"max-video-preview:-1"},"canonical":"http:\/\/salmosbiblicos.com.br\/index.php\/2026\/03\/27\/fe-em-movimento-como-a-espiritualidade-transforma-vidas\/","og_locale":"pt_BR","og_type":"article","og_title":"F\u00e9 em Movimento: Como a Espiritualidade Transforma Vidas - Salmos B\u00edblicos","og_description":"## A Ess\u00eancia da F\u00e9 que Transforma A jornada da f\u00e9 \u00e9 um caminho din\u00e2mico, um fluir constante. Ela n\u00e3o \u00e9 um estado est\u00e1tico que se alcan\u00e7a e permanece imut\u00e1vel. Pelo contr\u00e1rio, a f\u00e9 se expande, se fortalece ou, lamentavelmente, pode se enfraquecer. Assim como uma semente precisa de solo f\u00e9rtil, \u00e1gua e sol para [&hellip;]","og_url":"http:\/\/salmosbiblicos.com.br\/index.php\/2026\/03\/27\/fe-em-movimento-como-a-espiritualidade-transforma-vidas\/","og_site_name":"Salmos B\u00edblicos","article_published_time":"2026-03-27T17:07:26+00:00","author":"alextreh@gmail.com","twitter_card":"summary_large_image","twitter_misc":{"Escrito por":"alextreh@gmail.com","Est. tempo de leitura":"3 minutos"},"schema":{"@context":"https:\/\/schema.org","@graph":[{"@type":"Article","@id":"http:\/\/salmosbiblicos.com.br\/index.php\/2026\/03\/27\/fe-em-movimento-como-a-espiritualidade-transforma-vidas\/#article","isPartOf":{"@id":"http:\/\/salmosbiblicos.com.br\/index.php\/2026\/03\/27\/fe-em-movimento-como-a-espiritualidade-transforma-vidas\/"},"author":{"name":"alextreh@gmail.com","@id":"https:\/\/salmosbiblicos.com.br\/#\/schema\/person\/30586d0fb3f3a46b78a3414fc39cc975"},"headline":"F\u00e9 em Movimento: Como a Espiritualidade Transforma Vidas","datePublished":"2026-03-27T17:07:26+00:00","mainEntityOfPage":{"@id":"http:\/\/salmosbiblicos.com.br\/index.php\/2026\/03\/27\/fe-em-movimento-como-a-espiritualidade-transforma-vidas\/"},"wordCount":552,"articleSection":["Reflex\u00e3o"],"inLanguage":"pt-BR"},{"@type":"WebPage","@id":"http:\/\/salmosbiblicos.com.br\/index.php\/2026\/03\/27\/fe-em-movimento-como-a-espiritualidade-transforma-vidas\/","url":"http:\/\/salmosbiblicos.com.br\/index.php\/2026\/03\/27\/fe-em-movimento-como-a-espiritualidade-transforma-vidas\/","name":"F\u00e9 em Movimento: Como a Espiritualidade Transforma Vidas - Salmos B\u00edblicos","isPartOf":{"@id":"https:\/\/salmosbiblicos.com.br\/#website"},"datePublished":"2026-03-27T17:07:26+00:00","author":{"@id":"https:\/\/salmosbiblicos.com.br\/#\/schema\/person\/30586d0fb3f3a46b78a3414fc39cc975"},"breadcrumb":{"@id":"http:\/\/salmosbiblicos.com.br\/index.php\/2026\/03\/27\/fe-em-movimento-como-a-espiritualidade-transforma-vidas\/#breadcrumb"},"inLanguage":"pt-BR","potentialAction":[{"@type":"ReadAction","target":["http:\/\/salmosbiblicos.com.br\/index.php\/2026\/03\/27\/fe-em-movimento-como-a-espiritualidade-transforma-vidas\/"]}]},{"@type":"BreadcrumbList","@id":"http:\/\/salmosbiblicos.com.br\/index.php\/2026\/03\/27\/fe-em-movimento-como-a-espiritualidade-transforma-vidas\/#breadcrumb","itemListElement":[{"@type":"ListItem","position":1,"name":"Home","item":"https:\/\/salmosbiblicos.com.br\/"},{"@type":"ListItem","position":2,"name":"F\u00e9 em Movimento: Como a Espiritualidade Transforma Vidas"}]},{"@type":"WebSite","@id":"https:\/\/salmosbiblicos.com.br\/#website","url":"https:\/\/salmosbiblicos.com.br\/","name":"Salmos B\u00edblicos","description":"Uma e-Livraria com e-Books novos para voc\u00ea refletir.","potentialAction":[{"@type":"SearchAction","target":{"@type":"EntryPoint","urlTemplate":"https:\/\/salmosbiblicos.com.br\/?s={search_term_string}"},"query-input":{"@type":"PropertyValueSpecification","valueRequired":true,"valueName":"search_term_string"}}],"inLanguage":"pt-BR"},{"@type":"Person","@id":"https:\/\/salmosbiblicos.com.br\/#\/schema\/person\/30586d0fb3f3a46b78a3414fc39cc975","name":"alextreh@gmail.com","image":{"@type":"ImageObject","inLanguage":"pt-BR","@id":"https:\/\/secure.gravatar.com\/avatar\/7cf84d31f581ec97b887c1039d478a7c293086896c84951a86753fb2c2af7527?s=96&d=mm&r=g","url":"https:\/\/secure.gravatar.com\/avatar\/7cf84d31f581ec97b887c1039d478a7c293086896c84951a86753fb2c2af7527?s=96&d=mm&r=g","contentUrl":"https:\/\/secure.gravatar.com\/avatar\/7cf84d31f581ec97b887c1039d478a7c293086896c84951a86753fb2c2af7527?s=96&d=mm&r=g","caption":"alextreh@gmail.com"},"sameAs":["http:\/\/salmosbiblicos.com.br"],"url":"http:\/\/salmosbiblicos.com.br\/index.php\/author\/alextrehgmail-com\/"}]}},"_links":{"self":[{"href":"http:\/\/salmosbiblicos.com.br\/index.php\/wp-json\/wp\/v2\/posts\/5492","targetHints":{"allow":["GET"]}}],"collection":[{"href":"http:\/\/salmosbiblicos.com.br\/index.php\/wp-json\/wp\/v2\/posts"}],"about":[{"href":"http:\/\/salmosbiblicos.com.br\/index.php\/wp-json\/wp\/v2\/types\/post"}],"author":[{"embeddable":true,"href":"http:\/\/salmosbiblicos.com.br\/index.php\/wp-json\/wp\/v2\/users\/1"}],"replies":[{"embeddable":true,"href":"http:\/\/salmosbiblicos.com.br\/index.php\/wp-json\/wp\/v2\/comments?post=5492"}],"version-history":[{"count":1,"href":"http:\/\/salmosbiblicos.com.br\/index.php\/wp-json\/wp\/v2\/posts\/5492\/revisions"}],"predecessor-version":[{"id":5493,"href":"http:\/\/salmosbiblicos.com.br\/index.php\/wp-json\/wp\/v2\/posts\/5492\/revisions\/5493"}],"wp:attachment":[{"href":"http:\/\/salmosbiblicos.com.br\/index.php\/wp-json\/wp\/v2\/media?parent=5492"}],"wp:term":[{"taxonomy":"category","embeddable":true,"href":"http:\/\/salmosbiblicos.com.br\/index.php\/wp-json\/wp\/v2\/categories?post=5492"},{"taxonomy":"post_tag","embeddable":true,"href":"http:\/\/salmosbiblicos.com.br\/index.php\/wp-json\/wp\/v2\/tags?post=5492"}],"curies":[{"name":"wp","href":"https:\/\/api.w.org\/{rel}","templated":true}]}}