{"id":5498,"date":"2026-03-28T06:11:07","date_gmt":"2026-03-28T09:11:07","guid":{"rendered":"https:\/\/salmosbiblicos.com.br\/?p=5498"},"modified":"2026-03-28T06:11:07","modified_gmt":"2026-03-28T09:11:07","slug":"afaste-se-da-verdade-perda-o-sabor-da-vida-e-a-essencia-da-fe","status":"publish","type":"post","link":"http:\/\/salmosbiblicos.com.br\/index.php\/2026\/03\/28\/afaste-se-da-verdade-perda-o-sabor-da-vida-e-a-essencia-da-fe\/","title":{"rendered":"Afaste-se da Verdade? Perda o Sabor da Vida e a Ess\u00eancia da F\u00e9"},"content":{"rendered":"<p>## O Perigo de Abandonar a Verdade<\/p>\n<p>H\u00e1 uma beleza singular em conhecer a f\u00e9, em sentir a luz da verdade iluminar a alma. Mas essa jornada, por mais intensa e transformadora que seja, carrega em si um alerta silencioso: o perigo de se afastar do caminho. \u00c9 f\u00e1cil se deixar levar pelas tenta\u00e7\u00f5es, pelas d\u00favidas, pelas prova\u00e7\u00f5es que a vida nos imp\u00f5e. Mas quando a verdade \u00e9 abandonada, o sabor da vida se esvai, a luz se apaga, e o cora\u00e7\u00e3o se perde na escurid\u00e3o.<\/p>\n<p>### O Sal que Perdeu o Sabor<\/p>\n<p>A reflex\u00e3o de hoje nos convida a uma profunda introspec\u00e7\u00e3o, a um exame de consci\u00eancia. Somos como o sal da Terra, chamados a temperar, a iluminar, a levar esperan\u00e7a a um mundo sedento por amor e verdade. Mas, como o sal que perde o sabor, tornamo-nos in\u00fateis, descartados.<\/p>\n<p>**O sabor, meus irm\u00e3os, \u00e9 a ess\u00eancia do Evangelho.** \u00c9 a gra\u00e7a que nos nutre, o conhecimento que nos guia, a f\u00e9 que nos fortalece. Quando abandonamos a f\u00e9, perdemos esse sabor, essa capacidade de influenciar positivamente o mundo ao nosso redor. Nos tornamos ins\u00edpidos, incapazes de transmitir a beleza e a verdade do amor de Deus.<\/p>\n<p>A hist\u00f3ria nos oferece exemplos tr\u00e1gicos, como a de Judas Iscariotes, que, tendo conhecido a verdade e compartilhado o caminho com Jesus, a abandonou, tornando-se um instrumento nas m\u00e3os do mal, infeliz e in\u00fatil at\u00e9 para si mesmo.<\/p>\n<p>### A Profundidade do Conhecimento<\/p>\n<p>\u00c9 crucial compreender que n\u00e3o se trata de aqueles que nunca conheceram a f\u00e9 de verdade, mas sim daqueles que, um dia, a abra\u00e7aram com fervor. \u00c9 para estes que o alerta soa com maior urg\u00eancia.<\/p>\n<p>**Aquele que est\u00e1 de p\u00e9, que sente-se firme em sua f\u00e9, deve redobrar a aten\u00e7\u00e3o.** A queda pode ser s\u00fabita, devastadora. O caminho \u00e9 \u00e1rduo, repleto de obst\u00e1culos e tenta\u00e7\u00f5es.<\/p>\n<p>Hebreus nos adverte: \u201cDepois de ter recebido e conhecido a verdade, se abandonarmos voluntariamente, j\u00e1 n\u00e3o haver\u00e1 sacrif\u00edcio para expiar este pecado. S\u00f3 teremos que esperar um ju\u00edzo tremendo e o fogo ardente que h\u00e1 de devorar os rebeldes.\u201d As consequ\u00eancias de se afastar da verdade s\u00e3o severas, a perda irrepar\u00e1vel.<\/p>\n<p>### A Busca pela Renova\u00e7\u00e3o<\/p>\n<p>Que possamos, ent\u00e3o, renovar nosso compromisso com a f\u00e9. Que a palavra de Deus seja a b\u00fassola que guia nossos passos, a luz que ilumina nossa jornada. Que a ora\u00e7\u00e3o seja o alimento que sustenta nossa alma, o b\u00e1lsamo que cura nossas feridas.<\/p>\n<p>**A f\u00e9 \u00e9 um dom precioso, um tesouro inestim\u00e1vel.** N\u00e3o o desperdicemos. N\u00e3o o abandonemos.<\/p>\n<p>Que possamos, em un\u00edssono, declarar: &#8220;Eu n\u00e3o posso perder o sabor da minha f\u00e9. Eu n\u00e3o posso perder a verdade que me ilumina.&#8221; Que essa afirma\u00e7\u00e3o ressoe em nossos cora\u00e7\u00f5es, guiando nossas a\u00e7\u00f5es, fortalecendo nossa esperan\u00e7a. Que a busca por essa f\u00e9 nos leve a um lugar de renova\u00e7\u00e3o e crescimento. Que possamos sempre retornar ao caminho da luz.<\/p>\n","protected":false},"excerpt":{"rendered":"<p>## O Perigo de Abandonar a Verdade H\u00e1 uma beleza singular em conhecer a f\u00e9, em sentir a luz da verdade iluminar a alma. Mas essa jornada, por mais intensa e transformadora que seja, carrega em si um alerta silencioso: o perigo de se afastar do caminho. \u00c9 f\u00e1cil se deixar levar pelas tenta\u00e7\u00f5es, pelas [&hellip;]<\/p>\n","protected":false},"author":1,"featured_media":0,"comment_status":"closed","ping_status":"open","sticky":false,"template":"","format":"standard","meta":{"footnotes":""},"categories":[14],"tags":[],"class_list":["post-5498","post","type-post","status-publish","format-standard","hentry","category-reflexao"],"yoast_head":"<!-- This site is optimized with the Yoast SEO plugin v27.2 - https:\/\/yoast.com\/product\/yoast-seo-wordpress\/ -->\n<title>Afaste-se da Verdade? Perda o Sabor da Vida e a Ess\u00eancia da F\u00e9 - Salmos B\u00edblicos<\/title>\n<meta name=\"robots\" content=\"index, follow, max-snippet:-1, max-image-preview:large, max-video-preview:-1\" \/>\n<link rel=\"canonical\" href=\"https:\/\/salmosbiblicos.com.br\/index.php\/2026\/03\/28\/afaste-se-da-verdade-perda-o-sabor-da-vida-e-a-essencia-da-fe\/\" \/>\n<meta property=\"og:locale\" content=\"pt_BR\" \/>\n<meta property=\"og:type\" content=\"article\" \/>\n<meta property=\"og:title\" content=\"Afaste-se da Verdade? Perda o Sabor da Vida e a Ess\u00eancia da F\u00e9 - Salmos B\u00edblicos\" \/>\n<meta property=\"og:description\" content=\"## O Perigo de Abandonar a Verdade H\u00e1 uma beleza singular em conhecer a f\u00e9, em sentir a luz da verdade iluminar a alma. Mas essa jornada, por mais intensa e transformadora que seja, carrega em si um alerta silencioso: o perigo de se afastar do caminho. \u00c9 f\u00e1cil se deixar levar pelas tenta\u00e7\u00f5es, pelas [&hellip;]\" \/>\n<meta property=\"og:url\" content=\"https:\/\/salmosbiblicos.com.br\/index.php\/2026\/03\/28\/afaste-se-da-verdade-perda-o-sabor-da-vida-e-a-essencia-da-fe\/\" \/>\n<meta property=\"og:site_name\" content=\"Salmos B\u00edblicos\" \/>\n<meta property=\"article:published_time\" content=\"2026-03-28T09:11:07+00:00\" \/>\n<meta name=\"author\" content=\"alextreh@gmail.com\" \/>\n<meta name=\"twitter:card\" content=\"summary_large_image\" \/>\n<meta name=\"twitter:label1\" content=\"Escrito por\" \/>\n\t<meta name=\"twitter:data1\" content=\"alextreh@gmail.com\" \/>\n\t<meta name=\"twitter:label2\" content=\"Est. tempo de leitura\" \/>\n\t<meta name=\"twitter:data2\" content=\"3 minutos\" \/>\n<script type=\"application\/ld+json\" class=\"yoast-schema-graph\">{\"@context\":\"https:\/\/schema.org\",\"@graph\":[{\"@type\":\"Article\",\"@id\":\"https:\/\/salmosbiblicos.com.br\/index.php\/2026\/03\/28\/afaste-se-da-verdade-perda-o-sabor-da-vida-e-a-essencia-da-fe\/#article\",\"isPartOf\":{\"@id\":\"https:\/\/salmosbiblicos.com.br\/index.php\/2026\/03\/28\/afaste-se-da-verdade-perda-o-sabor-da-vida-e-a-essencia-da-fe\/\"},\"author\":{\"name\":\"alextreh@gmail.com\",\"@id\":\"https:\/\/salmosbiblicos.com.br\/#\/schema\/person\/30586d0fb3f3a46b78a3414fc39cc975\"},\"headline\":\"Afaste-se da Verdade? Perda o Sabor da Vida e a Ess\u00eancia da F\u00e9\",\"datePublished\":\"2026-03-28T09:11:07+00:00\",\"mainEntityOfPage\":{\"@id\":\"https:\/\/salmosbiblicos.com.br\/index.php\/2026\/03\/28\/afaste-se-da-verdade-perda-o-sabor-da-vida-e-a-essencia-da-fe\/\"},\"wordCount\":531,\"articleSection\":[\"Reflex\u00e3o\"],\"inLanguage\":\"pt-BR\"},{\"@type\":\"WebPage\",\"@id\":\"https:\/\/salmosbiblicos.com.br\/index.php\/2026\/03\/28\/afaste-se-da-verdade-perda-o-sabor-da-vida-e-a-essencia-da-fe\/\",\"url\":\"https:\/\/salmosbiblicos.com.br\/index.php\/2026\/03\/28\/afaste-se-da-verdade-perda-o-sabor-da-vida-e-a-essencia-da-fe\/\",\"name\":\"Afaste-se da Verdade? Perda o Sabor da Vida e a Ess\u00eancia da F\u00e9 - Salmos B\u00edblicos\",\"isPartOf\":{\"@id\":\"https:\/\/salmosbiblicos.com.br\/#website\"},\"datePublished\":\"2026-03-28T09:11:07+00:00\",\"author\":{\"@id\":\"https:\/\/salmosbiblicos.com.br\/#\/schema\/person\/30586d0fb3f3a46b78a3414fc39cc975\"},\"breadcrumb\":{\"@id\":\"https:\/\/salmosbiblicos.com.br\/index.php\/2026\/03\/28\/afaste-se-da-verdade-perda-o-sabor-da-vida-e-a-essencia-da-fe\/#breadcrumb\"},\"inLanguage\":\"pt-BR\",\"potentialAction\":[{\"@type\":\"ReadAction\",\"target\":[\"https:\/\/salmosbiblicos.com.br\/index.php\/2026\/03\/28\/afaste-se-da-verdade-perda-o-sabor-da-vida-e-a-essencia-da-fe\/\"]}]},{\"@type\":\"BreadcrumbList\",\"@id\":\"https:\/\/salmosbiblicos.com.br\/index.php\/2026\/03\/28\/afaste-se-da-verdade-perda-o-sabor-da-vida-e-a-essencia-da-fe\/#breadcrumb\",\"itemListElement\":[{\"@type\":\"ListItem\",\"position\":1,\"name\":\"Home\",\"item\":\"https:\/\/salmosbiblicos.com.br\/\"},{\"@type\":\"ListItem\",\"position\":2,\"name\":\"Afaste-se da Verdade? Perda o Sabor da Vida e a Ess\u00eancia da F\u00e9\"}]},{\"@type\":\"WebSite\",\"@id\":\"https:\/\/salmosbiblicos.com.br\/#website\",\"url\":\"https:\/\/salmosbiblicos.com.br\/\",\"name\":\"Salmos B\u00edblicos\",\"description\":\"Uma e-Livraria com e-Books novos para voc\u00ea refletir.\",\"potentialAction\":[{\"@type\":\"SearchAction\",\"target\":{\"@type\":\"EntryPoint\",\"urlTemplate\":\"https:\/\/salmosbiblicos.com.br\/?s={search_term_string}\"},\"query-input\":{\"@type\":\"PropertyValueSpecification\",\"valueRequired\":true,\"valueName\":\"search_term_string\"}}],\"inLanguage\":\"pt-BR\"},{\"@type\":\"Person\",\"@id\":\"https:\/\/salmosbiblicos.com.br\/#\/schema\/person\/30586d0fb3f3a46b78a3414fc39cc975\",\"name\":\"alextreh@gmail.com\",\"image\":{\"@type\":\"ImageObject\",\"inLanguage\":\"pt-BR\",\"@id\":\"https:\/\/secure.gravatar.com\/avatar\/7cf84d31f581ec97b887c1039d478a7c293086896c84951a86753fb2c2af7527?s=96&d=mm&r=g\",\"url\":\"https:\/\/secure.gravatar.com\/avatar\/7cf84d31f581ec97b887c1039d478a7c293086896c84951a86753fb2c2af7527?s=96&d=mm&r=g\",\"contentUrl\":\"https:\/\/secure.gravatar.com\/avatar\/7cf84d31f581ec97b887c1039d478a7c293086896c84951a86753fb2c2af7527?s=96&d=mm&r=g\",\"caption\":\"alextreh@gmail.com\"},\"sameAs\":[\"http:\/\/salmosbiblicos.com.br\"],\"url\":\"http:\/\/salmosbiblicos.com.br\/index.php\/author\/alextrehgmail-com\/\"}]}<\/script>\n<!-- \/ Yoast SEO plugin. -->","yoast_head_json":{"title":"Afaste-se da Verdade? Perda o Sabor da Vida e a Ess\u00eancia da F\u00e9 - Salmos B\u00edblicos","robots":{"index":"index","follow":"follow","max-snippet":"max-snippet:-1","max-image-preview":"max-image-preview:large","max-video-preview":"max-video-preview:-1"},"canonical":"https:\/\/salmosbiblicos.com.br\/index.php\/2026\/03\/28\/afaste-se-da-verdade-perda-o-sabor-da-vida-e-a-essencia-da-fe\/","og_locale":"pt_BR","og_type":"article","og_title":"Afaste-se da Verdade? Perda o Sabor da Vida e a Ess\u00eancia da F\u00e9 - Salmos B\u00edblicos","og_description":"## O Perigo de Abandonar a Verdade H\u00e1 uma beleza singular em conhecer a f\u00e9, em sentir a luz da verdade iluminar a alma. Mas essa jornada, por mais intensa e transformadora que seja, carrega em si um alerta silencioso: o perigo de se afastar do caminho. \u00c9 f\u00e1cil se deixar levar pelas tenta\u00e7\u00f5es, pelas [&hellip;]","og_url":"https:\/\/salmosbiblicos.com.br\/index.php\/2026\/03\/28\/afaste-se-da-verdade-perda-o-sabor-da-vida-e-a-essencia-da-fe\/","og_site_name":"Salmos B\u00edblicos","article_published_time":"2026-03-28T09:11:07+00:00","author":"alextreh@gmail.com","twitter_card":"summary_large_image","twitter_misc":{"Escrito por":"alextreh@gmail.com","Est. tempo de leitura":"3 minutos"},"schema":{"@context":"https:\/\/schema.org","@graph":[{"@type":"Article","@id":"https:\/\/salmosbiblicos.com.br\/index.php\/2026\/03\/28\/afaste-se-da-verdade-perda-o-sabor-da-vida-e-a-essencia-da-fe\/#article","isPartOf":{"@id":"https:\/\/salmosbiblicos.com.br\/index.php\/2026\/03\/28\/afaste-se-da-verdade-perda-o-sabor-da-vida-e-a-essencia-da-fe\/"},"author":{"name":"alextreh@gmail.com","@id":"https:\/\/salmosbiblicos.com.br\/#\/schema\/person\/30586d0fb3f3a46b78a3414fc39cc975"},"headline":"Afaste-se da Verdade? Perda o Sabor da Vida e a Ess\u00eancia da F\u00e9","datePublished":"2026-03-28T09:11:07+00:00","mainEntityOfPage":{"@id":"https:\/\/salmosbiblicos.com.br\/index.php\/2026\/03\/28\/afaste-se-da-verdade-perda-o-sabor-da-vida-e-a-essencia-da-fe\/"},"wordCount":531,"articleSection":["Reflex\u00e3o"],"inLanguage":"pt-BR"},{"@type":"WebPage","@id":"https:\/\/salmosbiblicos.com.br\/index.php\/2026\/03\/28\/afaste-se-da-verdade-perda-o-sabor-da-vida-e-a-essencia-da-fe\/","url":"https:\/\/salmosbiblicos.com.br\/index.php\/2026\/03\/28\/afaste-se-da-verdade-perda-o-sabor-da-vida-e-a-essencia-da-fe\/","name":"Afaste-se da Verdade? Perda o Sabor da Vida e a Ess\u00eancia da F\u00e9 - Salmos B\u00edblicos","isPartOf":{"@id":"https:\/\/salmosbiblicos.com.br\/#website"},"datePublished":"2026-03-28T09:11:07+00:00","author":{"@id":"https:\/\/salmosbiblicos.com.br\/#\/schema\/person\/30586d0fb3f3a46b78a3414fc39cc975"},"breadcrumb":{"@id":"https:\/\/salmosbiblicos.com.br\/index.php\/2026\/03\/28\/afaste-se-da-verdade-perda-o-sabor-da-vida-e-a-essencia-da-fe\/#breadcrumb"},"inLanguage":"pt-BR","potentialAction":[{"@type":"ReadAction","target":["https:\/\/salmosbiblicos.com.br\/index.php\/2026\/03\/28\/afaste-se-da-verdade-perda-o-sabor-da-vida-e-a-essencia-da-fe\/"]}]},{"@type":"BreadcrumbList","@id":"https:\/\/salmosbiblicos.com.br\/index.php\/2026\/03\/28\/afaste-se-da-verdade-perda-o-sabor-da-vida-e-a-essencia-da-fe\/#breadcrumb","itemListElement":[{"@type":"ListItem","position":1,"name":"Home","item":"https:\/\/salmosbiblicos.com.br\/"},{"@type":"ListItem","position":2,"name":"Afaste-se da Verdade? Perda o Sabor da Vida e a Ess\u00eancia da F\u00e9"}]},{"@type":"WebSite","@id":"https:\/\/salmosbiblicos.com.br\/#website","url":"https:\/\/salmosbiblicos.com.br\/","name":"Salmos B\u00edblicos","description":"Uma e-Livraria com e-Books novos para voc\u00ea refletir.","potentialAction":[{"@type":"SearchAction","target":{"@type":"EntryPoint","urlTemplate":"https:\/\/salmosbiblicos.com.br\/?s={search_term_string}"},"query-input":{"@type":"PropertyValueSpecification","valueRequired":true,"valueName":"search_term_string"}}],"inLanguage":"pt-BR"},{"@type":"Person","@id":"https:\/\/salmosbiblicos.com.br\/#\/schema\/person\/30586d0fb3f3a46b78a3414fc39cc975","name":"alextreh@gmail.com","image":{"@type":"ImageObject","inLanguage":"pt-BR","@id":"https:\/\/secure.gravatar.com\/avatar\/7cf84d31f581ec97b887c1039d478a7c293086896c84951a86753fb2c2af7527?s=96&d=mm&r=g","url":"https:\/\/secure.gravatar.com\/avatar\/7cf84d31f581ec97b887c1039d478a7c293086896c84951a86753fb2c2af7527?s=96&d=mm&r=g","contentUrl":"https:\/\/secure.gravatar.com\/avatar\/7cf84d31f581ec97b887c1039d478a7c293086896c84951a86753fb2c2af7527?s=96&d=mm&r=g","caption":"alextreh@gmail.com"},"sameAs":["http:\/\/salmosbiblicos.com.br"],"url":"http:\/\/salmosbiblicos.com.br\/index.php\/author\/alextrehgmail-com\/"}]}},"_links":{"self":[{"href":"http:\/\/salmosbiblicos.com.br\/index.php\/wp-json\/wp\/v2\/posts\/5498","targetHints":{"allow":["GET"]}}],"collection":[{"href":"http:\/\/salmosbiblicos.com.br\/index.php\/wp-json\/wp\/v2\/posts"}],"about":[{"href":"http:\/\/salmosbiblicos.com.br\/index.php\/wp-json\/wp\/v2\/types\/post"}],"author":[{"embeddable":true,"href":"http:\/\/salmosbiblicos.com.br\/index.php\/wp-json\/wp\/v2\/users\/1"}],"replies":[{"embeddable":true,"href":"http:\/\/salmosbiblicos.com.br\/index.php\/wp-json\/wp\/v2\/comments?post=5498"}],"version-history":[{"count":1,"href":"http:\/\/salmosbiblicos.com.br\/index.php\/wp-json\/wp\/v2\/posts\/5498\/revisions"}],"predecessor-version":[{"id":5499,"href":"http:\/\/salmosbiblicos.com.br\/index.php\/wp-json\/wp\/v2\/posts\/5498\/revisions\/5499"}],"wp:attachment":[{"href":"http:\/\/salmosbiblicos.com.br\/index.php\/wp-json\/wp\/v2\/media?parent=5498"}],"wp:term":[{"taxonomy":"category","embeddable":true,"href":"http:\/\/salmosbiblicos.com.br\/index.php\/wp-json\/wp\/v2\/categories?post=5498"},{"taxonomy":"post_tag","embeddable":true,"href":"http:\/\/salmosbiblicos.com.br\/index.php\/wp-json\/wp\/v2\/tags?post=5498"}],"curies":[{"name":"wp","href":"https:\/\/api.w.org\/{rel}","templated":true}]}}