{"id":5538,"date":"2026-03-28T12:29:17","date_gmt":"2026-03-28T15:29:17","guid":{"rendered":"https:\/\/salmosbiblicos.com.br\/?p=5538"},"modified":"2026-03-28T12:29:17","modified_gmt":"2026-03-28T15:29:17","slug":"espirito-santo-a-restauracao-da-alma-e-a-graca-divina","status":"publish","type":"post","link":"http:\/\/salmosbiblicos.com.br\/index.php\/2026\/03\/28\/espirito-santo-a-restauracao-da-alma-e-a-graca-divina\/","title":{"rendered":"Esp\u00edrito Santo: A Restaura\u00e7\u00e3o da Alma e a Gra\u00e7a Divina"},"content":{"rendered":"<p>## O Esp\u00edrito Santo e a Renova\u00e7\u00e3o da Cria\u00e7\u00e3o<\/p>\n<p>A alma humana, por vezes, se sente perdida, desorientada, como se algo fundamental lhe faltasse. A mem\u00f3ria de uma beleza original, de uma comunh\u00e3o profunda, persiste como um eco distante. \u00c9 nesse anseio que encontramos a promessa da restaura\u00e7\u00e3o, a esperan\u00e7a de que o que foi perdido possa ser reencontrado.<\/p>\n<p>### A Gra\u00e7a que Superabunda<\/p>\n<p>O pecado, infelizmente, nos afastou da fonte da vida. A fragilidade humana, a inclina\u00e7\u00e3o para o erro, nos distanciou da perfei\u00e7\u00e3o que nos foi outrora concedida. Mas a bondade de Deus \u00e9 infinita, a Sua gra\u00e7a, **inexaur\u00edvel**. Como disse a palavra, onde o pecado abundou, a gra\u00e7a superabundou.<\/p>\n<p>Jo\u00e3o, o Profeta, testemunha um momento crucial: o batismo de Jesus. Ele o reconhece como o \u201cCordeiro de Deus que tira o pecado do mundo\u201d. E n\u00e3o apenas o reconhece, mas o v\u00ea investido do **Esp\u00edrito Santo**, manifestado como uma pomba que paira sobre Ele.<\/p>\n<p>### A Humildade da Divindade<\/p>\n<p>Jesus, sendo Deus, n\u00e3o necessitava de batismo. N\u00e3o carregava o peso do pecado que nos aflige. No entanto, Ele se submeteu a esse ato, n\u00e3o para si, mas para o nosso benef\u00edcio. Como escreveu um s\u00e1bio: &#8220;Ele n\u00e3o recebeu nada para assim, individualmente. Pois Ele mesmo era o doador do Esp\u00edrito.&#8221;<\/p>\n<p>\u00c9 um paradoxo profundo: o pr\u00f3prio doador da gra\u00e7a se reveste dela, para que possamos compreender, atrav\u00e9s de Sua humildade, a profundidade do amor que nos \u00e9 oferecido. Ele, que nunca cometeu pecado, se assemelhou a n\u00f3s em nossa fraqueza, para que, em Sua vit\u00f3ria, pud\u00e9ssemos tamb\u00e9m n\u00f3s encontrar a reden\u00e7\u00e3o.<\/p>\n<p>### A Perda e a Reintegra\u00e7\u00e3o<\/p>\n<p>O pecado nos alienou da presen\u00e7a divina. O **Esp\u00edrito Santo**, a for\u00e7a que anima a cria\u00e7\u00e3o, se afastou de n\u00f3s. Nossa natureza, criada \u00e0 imagem e semelhan\u00e7a de Deus, foi obscurecida pela sombra da desobedi\u00eancia.<\/p>\n<p>Mas Jesus, ao receber o Esp\u00edrito Santo em sua natureza humana, nos abriu o caminho para a reconcilia\u00e7\u00e3o. Ele nos devolveu aquilo que hav\u00edamos perdido, e ainda nos deu muito mais. O Esp\u00edrito Santo, que antes fugia de n\u00f3s, agora pode habitar em nossos cora\u00e7\u00f5es, renovando a nossa natureza e restaurando a comunh\u00e3o quebrada.<\/p>\n<p>### A Habita\u00e7\u00e3o do Esp\u00edrito em N\u00f3s<\/p>\n<p>O ap\u00f3stolo Paulo nos ensina: \u201cSe algu\u00e9m n\u00e3o possui o Esp\u00edrito de Cristo, este n\u00e3o \u00e9 dele.\u201d A presen\u00e7a do Esp\u00edrito \u00e9 o sinal da nossa filia\u00e7\u00e3o divina, a garantia da nossa transforma\u00e7\u00e3o.<\/p>\n<p>### A Promessa da Ressurrei\u00e7\u00e3o<\/p>\n<p>Aquele que habita em n\u00f3s \u00e9 o mesmo que ressuscitou Jesus dos mortos. Ele n\u00e3o apenas nos concede a vida espiritual, mas tamb\u00e9m nos assegura a esperan\u00e7a da **ressurrei\u00e7\u00e3o** do corpo.<\/p>\n<p>Que a gra\u00e7a do Senhor esteja com todos n\u00f3s, para que possamos, em humildade e f\u00e9, acolher o Esp\u00edrito Santo e vivermos em plenitude a vida que nos foi prometida.<\/p>\n","protected":false},"excerpt":{"rendered":"<p>## O Esp\u00edrito Santo e a Renova\u00e7\u00e3o da Cria\u00e7\u00e3o A alma humana, por vezes, se sente perdida, desorientada, como se algo fundamental lhe faltasse. A mem\u00f3ria de uma beleza original, de uma comunh\u00e3o profunda, persiste como um eco distante. \u00c9 nesse anseio que encontramos a promessa da restaura\u00e7\u00e3o, a esperan\u00e7a de que o que foi [&hellip;]<\/p>\n","protected":false},"author":1,"featured_media":0,"comment_status":"closed","ping_status":"open","sticky":false,"template":"","format":"standard","meta":{"footnotes":""},"categories":[14],"tags":[],"class_list":["post-5538","post","type-post","status-publish","format-standard","hentry","category-reflexao"],"yoast_head":"<!-- This site is optimized with the Yoast SEO plugin v27.2 - https:\/\/yoast.com\/product\/yoast-seo-wordpress\/ -->\n<title>Esp\u00edrito Santo: A Restaura\u00e7\u00e3o da Alma e a Gra\u00e7a Divina - Salmos B\u00edblicos<\/title>\n<meta name=\"robots\" content=\"index, follow, max-snippet:-1, max-image-preview:large, max-video-preview:-1\" \/>\n<link rel=\"canonical\" href=\"https:\/\/salmosbiblicos.com.br\/index.php\/2026\/03\/28\/espirito-santo-a-restauracao-da-alma-e-a-graca-divina\/\" \/>\n<meta property=\"og:locale\" content=\"pt_BR\" \/>\n<meta property=\"og:type\" content=\"article\" \/>\n<meta property=\"og:title\" content=\"Esp\u00edrito Santo: A Restaura\u00e7\u00e3o da Alma e a Gra\u00e7a Divina - Salmos B\u00edblicos\" \/>\n<meta property=\"og:description\" content=\"## O Esp\u00edrito Santo e a Renova\u00e7\u00e3o da Cria\u00e7\u00e3o A alma humana, por vezes, se sente perdida, desorientada, como se algo fundamental lhe faltasse. A mem\u00f3ria de uma beleza original, de uma comunh\u00e3o profunda, persiste como um eco distante. \u00c9 nesse anseio que encontramos a promessa da restaura\u00e7\u00e3o, a esperan\u00e7a de que o que foi [&hellip;]\" \/>\n<meta property=\"og:url\" content=\"https:\/\/salmosbiblicos.com.br\/index.php\/2026\/03\/28\/espirito-santo-a-restauracao-da-alma-e-a-graca-divina\/\" \/>\n<meta property=\"og:site_name\" content=\"Salmos B\u00edblicos\" \/>\n<meta property=\"article:published_time\" content=\"2026-03-28T15:29:17+00:00\" \/>\n<meta name=\"author\" content=\"alextreh@gmail.com\" \/>\n<meta name=\"twitter:card\" content=\"summary_large_image\" \/>\n<meta name=\"twitter:label1\" content=\"Escrito por\" \/>\n\t<meta name=\"twitter:data1\" content=\"alextreh@gmail.com\" \/>\n\t<meta name=\"twitter:label2\" content=\"Est. tempo de leitura\" \/>\n\t<meta name=\"twitter:data2\" content=\"3 minutos\" \/>\n<script type=\"application\/ld+json\" class=\"yoast-schema-graph\">{\"@context\":\"https:\/\/schema.org\",\"@graph\":[{\"@type\":\"Article\",\"@id\":\"https:\/\/salmosbiblicos.com.br\/index.php\/2026\/03\/28\/espirito-santo-a-restauracao-da-alma-e-a-graca-divina\/#article\",\"isPartOf\":{\"@id\":\"https:\/\/salmosbiblicos.com.br\/index.php\/2026\/03\/28\/espirito-santo-a-restauracao-da-alma-e-a-graca-divina\/\"},\"author\":{\"name\":\"alextreh@gmail.com\",\"@id\":\"https:\/\/salmosbiblicos.com.br\/#\/schema\/person\/30586d0fb3f3a46b78a3414fc39cc975\"},\"headline\":\"Esp\u00edrito Santo: A Restaura\u00e7\u00e3o da Alma e a Gra\u00e7a Divina\",\"datePublished\":\"2026-03-28T15:29:17+00:00\",\"mainEntityOfPage\":{\"@id\":\"https:\/\/salmosbiblicos.com.br\/index.php\/2026\/03\/28\/espirito-santo-a-restauracao-da-alma-e-a-graca-divina\/\"},\"wordCount\":532,\"articleSection\":[\"Reflex\u00e3o\"],\"inLanguage\":\"pt-BR\"},{\"@type\":\"WebPage\",\"@id\":\"https:\/\/salmosbiblicos.com.br\/index.php\/2026\/03\/28\/espirito-santo-a-restauracao-da-alma-e-a-graca-divina\/\",\"url\":\"https:\/\/salmosbiblicos.com.br\/index.php\/2026\/03\/28\/espirito-santo-a-restauracao-da-alma-e-a-graca-divina\/\",\"name\":\"Esp\u00edrito Santo: A Restaura\u00e7\u00e3o da Alma e a Gra\u00e7a Divina - Salmos B\u00edblicos\",\"isPartOf\":{\"@id\":\"https:\/\/salmosbiblicos.com.br\/#website\"},\"datePublished\":\"2026-03-28T15:29:17+00:00\",\"author\":{\"@id\":\"https:\/\/salmosbiblicos.com.br\/#\/schema\/person\/30586d0fb3f3a46b78a3414fc39cc975\"},\"breadcrumb\":{\"@id\":\"https:\/\/salmosbiblicos.com.br\/index.php\/2026\/03\/28\/espirito-santo-a-restauracao-da-alma-e-a-graca-divina\/#breadcrumb\"},\"inLanguage\":\"pt-BR\",\"potentialAction\":[{\"@type\":\"ReadAction\",\"target\":[\"https:\/\/salmosbiblicos.com.br\/index.php\/2026\/03\/28\/espirito-santo-a-restauracao-da-alma-e-a-graca-divina\/\"]}]},{\"@type\":\"BreadcrumbList\",\"@id\":\"https:\/\/salmosbiblicos.com.br\/index.php\/2026\/03\/28\/espirito-santo-a-restauracao-da-alma-e-a-graca-divina\/#breadcrumb\",\"itemListElement\":[{\"@type\":\"ListItem\",\"position\":1,\"name\":\"Home\",\"item\":\"https:\/\/salmosbiblicos.com.br\/\"},{\"@type\":\"ListItem\",\"position\":2,\"name\":\"Esp\u00edrito Santo: A Restaura\u00e7\u00e3o da Alma e a Gra\u00e7a Divina\"}]},{\"@type\":\"WebSite\",\"@id\":\"https:\/\/salmosbiblicos.com.br\/#website\",\"url\":\"https:\/\/salmosbiblicos.com.br\/\",\"name\":\"Salmos B\u00edblicos\",\"description\":\"Uma e-Livraria com e-Books novos para voc\u00ea refletir.\",\"potentialAction\":[{\"@type\":\"SearchAction\",\"target\":{\"@type\":\"EntryPoint\",\"urlTemplate\":\"https:\/\/salmosbiblicos.com.br\/?s={search_term_string}\"},\"query-input\":{\"@type\":\"PropertyValueSpecification\",\"valueRequired\":true,\"valueName\":\"search_term_string\"}}],\"inLanguage\":\"pt-BR\"},{\"@type\":\"Person\",\"@id\":\"https:\/\/salmosbiblicos.com.br\/#\/schema\/person\/30586d0fb3f3a46b78a3414fc39cc975\",\"name\":\"alextreh@gmail.com\",\"image\":{\"@type\":\"ImageObject\",\"inLanguage\":\"pt-BR\",\"@id\":\"https:\/\/secure.gravatar.com\/avatar\/7cf84d31f581ec97b887c1039d478a7c293086896c84951a86753fb2c2af7527?s=96&d=mm&r=g\",\"url\":\"https:\/\/secure.gravatar.com\/avatar\/7cf84d31f581ec97b887c1039d478a7c293086896c84951a86753fb2c2af7527?s=96&d=mm&r=g\",\"contentUrl\":\"https:\/\/secure.gravatar.com\/avatar\/7cf84d31f581ec97b887c1039d478a7c293086896c84951a86753fb2c2af7527?s=96&d=mm&r=g\",\"caption\":\"alextreh@gmail.com\"},\"sameAs\":[\"http:\/\/salmosbiblicos.com.br\"],\"url\":\"http:\/\/salmosbiblicos.com.br\/index.php\/author\/alextrehgmail-com\/\"}]}<\/script>\n<!-- \/ Yoast SEO plugin. -->","yoast_head_json":{"title":"Esp\u00edrito Santo: A Restaura\u00e7\u00e3o da Alma e a Gra\u00e7a Divina - Salmos B\u00edblicos","robots":{"index":"index","follow":"follow","max-snippet":"max-snippet:-1","max-image-preview":"max-image-preview:large","max-video-preview":"max-video-preview:-1"},"canonical":"https:\/\/salmosbiblicos.com.br\/index.php\/2026\/03\/28\/espirito-santo-a-restauracao-da-alma-e-a-graca-divina\/","og_locale":"pt_BR","og_type":"article","og_title":"Esp\u00edrito Santo: A Restaura\u00e7\u00e3o da Alma e a Gra\u00e7a Divina - Salmos B\u00edblicos","og_description":"## O Esp\u00edrito Santo e a Renova\u00e7\u00e3o da Cria\u00e7\u00e3o A alma humana, por vezes, se sente perdida, desorientada, como se algo fundamental lhe faltasse. A mem\u00f3ria de uma beleza original, de uma comunh\u00e3o profunda, persiste como um eco distante. \u00c9 nesse anseio que encontramos a promessa da restaura\u00e7\u00e3o, a esperan\u00e7a de que o que foi [&hellip;]","og_url":"https:\/\/salmosbiblicos.com.br\/index.php\/2026\/03\/28\/espirito-santo-a-restauracao-da-alma-e-a-graca-divina\/","og_site_name":"Salmos B\u00edblicos","article_published_time":"2026-03-28T15:29:17+00:00","author":"alextreh@gmail.com","twitter_card":"summary_large_image","twitter_misc":{"Escrito por":"alextreh@gmail.com","Est. tempo de leitura":"3 minutos"},"schema":{"@context":"https:\/\/schema.org","@graph":[{"@type":"Article","@id":"https:\/\/salmosbiblicos.com.br\/index.php\/2026\/03\/28\/espirito-santo-a-restauracao-da-alma-e-a-graca-divina\/#article","isPartOf":{"@id":"https:\/\/salmosbiblicos.com.br\/index.php\/2026\/03\/28\/espirito-santo-a-restauracao-da-alma-e-a-graca-divina\/"},"author":{"name":"alextreh@gmail.com","@id":"https:\/\/salmosbiblicos.com.br\/#\/schema\/person\/30586d0fb3f3a46b78a3414fc39cc975"},"headline":"Esp\u00edrito Santo: A Restaura\u00e7\u00e3o da Alma e a Gra\u00e7a Divina","datePublished":"2026-03-28T15:29:17+00:00","mainEntityOfPage":{"@id":"https:\/\/salmosbiblicos.com.br\/index.php\/2026\/03\/28\/espirito-santo-a-restauracao-da-alma-e-a-graca-divina\/"},"wordCount":532,"articleSection":["Reflex\u00e3o"],"inLanguage":"pt-BR"},{"@type":"WebPage","@id":"https:\/\/salmosbiblicos.com.br\/index.php\/2026\/03\/28\/espirito-santo-a-restauracao-da-alma-e-a-graca-divina\/","url":"https:\/\/salmosbiblicos.com.br\/index.php\/2026\/03\/28\/espirito-santo-a-restauracao-da-alma-e-a-graca-divina\/","name":"Esp\u00edrito Santo: A Restaura\u00e7\u00e3o da Alma e a Gra\u00e7a Divina - Salmos B\u00edblicos","isPartOf":{"@id":"https:\/\/salmosbiblicos.com.br\/#website"},"datePublished":"2026-03-28T15:29:17+00:00","author":{"@id":"https:\/\/salmosbiblicos.com.br\/#\/schema\/person\/30586d0fb3f3a46b78a3414fc39cc975"},"breadcrumb":{"@id":"https:\/\/salmosbiblicos.com.br\/index.php\/2026\/03\/28\/espirito-santo-a-restauracao-da-alma-e-a-graca-divina\/#breadcrumb"},"inLanguage":"pt-BR","potentialAction":[{"@type":"ReadAction","target":["https:\/\/salmosbiblicos.com.br\/index.php\/2026\/03\/28\/espirito-santo-a-restauracao-da-alma-e-a-graca-divina\/"]}]},{"@type":"BreadcrumbList","@id":"https:\/\/salmosbiblicos.com.br\/index.php\/2026\/03\/28\/espirito-santo-a-restauracao-da-alma-e-a-graca-divina\/#breadcrumb","itemListElement":[{"@type":"ListItem","position":1,"name":"Home","item":"https:\/\/salmosbiblicos.com.br\/"},{"@type":"ListItem","position":2,"name":"Esp\u00edrito Santo: A Restaura\u00e7\u00e3o da Alma e a Gra\u00e7a Divina"}]},{"@type":"WebSite","@id":"https:\/\/salmosbiblicos.com.br\/#website","url":"https:\/\/salmosbiblicos.com.br\/","name":"Salmos B\u00edblicos","description":"Uma e-Livraria com e-Books novos para voc\u00ea refletir.","potentialAction":[{"@type":"SearchAction","target":{"@type":"EntryPoint","urlTemplate":"https:\/\/salmosbiblicos.com.br\/?s={search_term_string}"},"query-input":{"@type":"PropertyValueSpecification","valueRequired":true,"valueName":"search_term_string"}}],"inLanguage":"pt-BR"},{"@type":"Person","@id":"https:\/\/salmosbiblicos.com.br\/#\/schema\/person\/30586d0fb3f3a46b78a3414fc39cc975","name":"alextreh@gmail.com","image":{"@type":"ImageObject","inLanguage":"pt-BR","@id":"https:\/\/secure.gravatar.com\/avatar\/7cf84d31f581ec97b887c1039d478a7c293086896c84951a86753fb2c2af7527?s=96&d=mm&r=g","url":"https:\/\/secure.gravatar.com\/avatar\/7cf84d31f581ec97b887c1039d478a7c293086896c84951a86753fb2c2af7527?s=96&d=mm&r=g","contentUrl":"https:\/\/secure.gravatar.com\/avatar\/7cf84d31f581ec97b887c1039d478a7c293086896c84951a86753fb2c2af7527?s=96&d=mm&r=g","caption":"alextreh@gmail.com"},"sameAs":["http:\/\/salmosbiblicos.com.br"],"url":"http:\/\/salmosbiblicos.com.br\/index.php\/author\/alextrehgmail-com\/"}]}},"_links":{"self":[{"href":"http:\/\/salmosbiblicos.com.br\/index.php\/wp-json\/wp\/v2\/posts\/5538","targetHints":{"allow":["GET"]}}],"collection":[{"href":"http:\/\/salmosbiblicos.com.br\/index.php\/wp-json\/wp\/v2\/posts"}],"about":[{"href":"http:\/\/salmosbiblicos.com.br\/index.php\/wp-json\/wp\/v2\/types\/post"}],"author":[{"embeddable":true,"href":"http:\/\/salmosbiblicos.com.br\/index.php\/wp-json\/wp\/v2\/users\/1"}],"replies":[{"embeddable":true,"href":"http:\/\/salmosbiblicos.com.br\/index.php\/wp-json\/wp\/v2\/comments?post=5538"}],"version-history":[{"count":1,"href":"http:\/\/salmosbiblicos.com.br\/index.php\/wp-json\/wp\/v2\/posts\/5538\/revisions"}],"predecessor-version":[{"id":5539,"href":"http:\/\/salmosbiblicos.com.br\/index.php\/wp-json\/wp\/v2\/posts\/5538\/revisions\/5539"}],"wp:attachment":[{"href":"http:\/\/salmosbiblicos.com.br\/index.php\/wp-json\/wp\/v2\/media?parent=5538"}],"wp:term":[{"taxonomy":"category","embeddable":true,"href":"http:\/\/salmosbiblicos.com.br\/index.php\/wp-json\/wp\/v2\/categories?post=5538"},{"taxonomy":"post_tag","embeddable":true,"href":"http:\/\/salmosbiblicos.com.br\/index.php\/wp-json\/wp\/v2\/tags?post=5538"}],"curies":[{"name":"wp","href":"https:\/\/api.w.org\/{rel}","templated":true}]}}