{"id":5570,"date":"2026-03-28T14:19:19","date_gmt":"2026-03-28T17:19:19","guid":{"rendered":"https:\/\/salmosbiblicos.com.br\/?p=5570"},"modified":"2026-03-28T14:19:19","modified_gmt":"2026-03-28T17:19:19","slug":"anseio-na-alma-a-voz-que-clama-no-deserto-da-esperanca","status":"publish","type":"post","link":"http:\/\/salmosbiblicos.com.br\/index.php\/2026\/03\/28\/anseio-na-alma-a-voz-que-clama-no-deserto-da-esperanca\/","title":{"rendered":"Anseio na Alma: A Voz que Clama no Deserto da Esperan\u00e7a"},"content":{"rendered":"<p>## A Voz que Rompe o Sil\u00eancio<\/p>\n<p>Em cada um de n\u00f3s, reside um anseio profundo, uma sede por algo maior que as coisas passageiras deste mundo. Por vezes, essa busca nos leva a caminhos tortuosos, a desertos de solid\u00e3o e afastamento. Mas, mesmo na escurid\u00e3o, a esperan\u00e7a persiste, clamando em nosso \u00edntimo.<\/p>\n<p>### O Deserto da Alma<\/p>\n<p>Aquele que se encontra distante, longe da presen\u00e7a divina, experimenta a aridez de um deserto. Um lugar desprovido de vida, de alegria, de prop\u00f3sito. **\u00c9 no deserto da alma que a ang\u00fastia se intensifica e a esperan\u00e7a parece se esvair.** Mas mesmo em meio \u00e0 aridez, a gra\u00e7a se manifesta.<\/p>\n<p>Jo\u00e3o, aquele que preparou o caminho, compreendeu essa realidade. Ele se apresentou n\u00e3o como a fonte da luz, mas como a *voz* que clama no deserto: &#8220;Eu sou a voz que grita no deserto, a caminho do Senhor.&#8221; N\u00e3o era uma voz suave, mas um grito, pois a dist\u00e2ncia \u00e9 grande e a necessidade urgente.<\/p>\n<p>### O Chamado da Gra\u00e7a<\/p>\n<p>Quando nos afastamos, o amor divino n\u00e3o se cala. Ele se manifesta com persist\u00eancia, como um farol na escurid\u00e3o, uma voz que ecoa em nossos cora\u00e7\u00f5es. **N\u00e3o \u00e9 um chamado para nos condenar, mas para nos conduzir de volta ao caminho da verdade.**<\/p>\n<p>O profeta clamava para aqueles que estavam perdidos, para aqueles que haviam se desviado. Sua mensagem n\u00e3o era um sussurro, mas um grito de amor e miseric\u00f3rdia. Ele compreendia que, por vezes, a alma necessita ser despertada com a for\u00e7a de um chamado.<\/p>\n<p>### Desperte, Cora\u00e7\u00e3o Endurecido<\/p>\n<p>A vida, imersa em ideias passageiras e inst\u00e1veis, pode obscurecer a sabedoria e endurecer o cora\u00e7\u00e3o. Afastados da vida em Deus, caminhamos em trevas, perdidos em um labirinto de incertezas. N\u00e3o podemos persistir nesse caminho.<\/p>\n<p>N\u00e3o se iluda, amado irm\u00e3o, essa n\u00e3o \u00e9 a vida que te foi prometida. **\u00c9 preciso romper as amarras que te prendem ao deserto, abrir os olhos para a luz que te espera.** Que a for\u00e7a do Esp\u00edrito te guie, para que possas encontrar o verdadeiro caminho.<\/p>\n<p>### Reaja e Reconecte-se<\/p>\n<p>Que a mensagem que ecoa em teu cora\u00e7\u00e3o seja um convite \u00e0 mudan\u00e7a. Uma oportunidade para redirecionar os passos e reconectar-se com a fonte da vida. **N\u00e3o te conformes com a aridez, com a escurid\u00e3o. Abrace a esperan\u00e7a que reside em cada novo dia.**<\/p>\n<p>Permita que a voz que clama no deserto te alcance. Que ela te desperte para a verdade e te conduza de volta \u00e0 plenitude do amor divino. Que a tua alma, antes deserta, flores\u00e7a em virtude e alegria.<\/p>\n<p>Deixe que a verdade ressoe em teu ser. Reconhe\u00e7a a dist\u00e2ncia e busca o retorno. Que a gra\u00e7a divina te fortale\u00e7a para trilhar o caminho da santidade. Que teu cora\u00e7\u00e3o retorne ao amor de Deus.<\/p>\n","protected":false},"excerpt":{"rendered":"<p>## A Voz que Rompe o Sil\u00eancio Em cada um de n\u00f3s, reside um anseio profundo, uma sede por algo maior que as coisas passageiras deste mundo. Por vezes, essa busca nos leva a caminhos tortuosos, a desertos de solid\u00e3o e afastamento. Mas, mesmo na escurid\u00e3o, a esperan\u00e7a persiste, clamando em nosso \u00edntimo. ### O [&hellip;]<\/p>\n","protected":false},"author":1,"featured_media":0,"comment_status":"closed","ping_status":"open","sticky":false,"template":"","format":"standard","meta":{"footnotes":""},"categories":[14],"tags":[],"class_list":["post-5570","post","type-post","status-publish","format-standard","hentry","category-reflexao"],"yoast_head":"<!-- This site is optimized with the Yoast SEO plugin v27.2 - https:\/\/yoast.com\/product\/yoast-seo-wordpress\/ -->\n<title>Anseio na Alma: A Voz que Clama no Deserto da Esperan\u00e7a - Salmos B\u00edblicos<\/title>\n<meta name=\"robots\" content=\"index, follow, max-snippet:-1, max-image-preview:large, max-video-preview:-1\" \/>\n<link rel=\"canonical\" href=\"https:\/\/salmosbiblicos.com.br\/index.php\/2026\/03\/28\/anseio-na-alma-a-voz-que-clama-no-deserto-da-esperanca\/\" \/>\n<meta property=\"og:locale\" content=\"pt_BR\" \/>\n<meta property=\"og:type\" content=\"article\" \/>\n<meta property=\"og:title\" content=\"Anseio na Alma: A Voz que Clama no Deserto da Esperan\u00e7a - Salmos B\u00edblicos\" \/>\n<meta property=\"og:description\" content=\"## A Voz que Rompe o Sil\u00eancio Em cada um de n\u00f3s, reside um anseio profundo, uma sede por algo maior que as coisas passageiras deste mundo. Por vezes, essa busca nos leva a caminhos tortuosos, a desertos de solid\u00e3o e afastamento. Mas, mesmo na escurid\u00e3o, a esperan\u00e7a persiste, clamando em nosso \u00edntimo. ### O [&hellip;]\" \/>\n<meta property=\"og:url\" content=\"https:\/\/salmosbiblicos.com.br\/index.php\/2026\/03\/28\/anseio-na-alma-a-voz-que-clama-no-deserto-da-esperanca\/\" \/>\n<meta property=\"og:site_name\" content=\"Salmos B\u00edblicos\" \/>\n<meta property=\"article:published_time\" content=\"2026-03-28T17:19:19+00:00\" \/>\n<meta name=\"author\" content=\"alextreh@gmail.com\" \/>\n<meta name=\"twitter:card\" content=\"summary_large_image\" \/>\n<meta name=\"twitter:label1\" content=\"Escrito por\" \/>\n\t<meta name=\"twitter:data1\" content=\"alextreh@gmail.com\" \/>\n\t<meta name=\"twitter:label2\" content=\"Est. tempo de leitura\" \/>\n\t<meta name=\"twitter:data2\" content=\"2 minutos\" \/>\n<script type=\"application\/ld+json\" class=\"yoast-schema-graph\">{\"@context\":\"https:\/\/schema.org\",\"@graph\":[{\"@type\":\"Article\",\"@id\":\"https:\/\/salmosbiblicos.com.br\/index.php\/2026\/03\/28\/anseio-na-alma-a-voz-que-clama-no-deserto-da-esperanca\/#article\",\"isPartOf\":{\"@id\":\"https:\/\/salmosbiblicos.com.br\/index.php\/2026\/03\/28\/anseio-na-alma-a-voz-que-clama-no-deserto-da-esperanca\/\"},\"author\":{\"name\":\"alextreh@gmail.com\",\"@id\":\"https:\/\/salmosbiblicos.com.br\/#\/schema\/person\/30586d0fb3f3a46b78a3414fc39cc975\"},\"headline\":\"Anseio na Alma: A Voz que Clama no Deserto da Esperan\u00e7a\",\"datePublished\":\"2026-03-28T17:19:19+00:00\",\"mainEntityOfPage\":{\"@id\":\"https:\/\/salmosbiblicos.com.br\/index.php\/2026\/03\/28\/anseio-na-alma-a-voz-que-clama-no-deserto-da-esperanca\/\"},\"wordCount\":503,\"articleSection\":[\"Reflex\u00e3o\"],\"inLanguage\":\"pt-BR\"},{\"@type\":\"WebPage\",\"@id\":\"https:\/\/salmosbiblicos.com.br\/index.php\/2026\/03\/28\/anseio-na-alma-a-voz-que-clama-no-deserto-da-esperanca\/\",\"url\":\"https:\/\/salmosbiblicos.com.br\/index.php\/2026\/03\/28\/anseio-na-alma-a-voz-que-clama-no-deserto-da-esperanca\/\",\"name\":\"Anseio na Alma: A Voz que Clama no Deserto da Esperan\u00e7a - Salmos B\u00edblicos\",\"isPartOf\":{\"@id\":\"https:\/\/salmosbiblicos.com.br\/#website\"},\"datePublished\":\"2026-03-28T17:19:19+00:00\",\"author\":{\"@id\":\"https:\/\/salmosbiblicos.com.br\/#\/schema\/person\/30586d0fb3f3a46b78a3414fc39cc975\"},\"breadcrumb\":{\"@id\":\"https:\/\/salmosbiblicos.com.br\/index.php\/2026\/03\/28\/anseio-na-alma-a-voz-que-clama-no-deserto-da-esperanca\/#breadcrumb\"},\"inLanguage\":\"pt-BR\",\"potentialAction\":[{\"@type\":\"ReadAction\",\"target\":[\"https:\/\/salmosbiblicos.com.br\/index.php\/2026\/03\/28\/anseio-na-alma-a-voz-que-clama-no-deserto-da-esperanca\/\"]}]},{\"@type\":\"BreadcrumbList\",\"@id\":\"https:\/\/salmosbiblicos.com.br\/index.php\/2026\/03\/28\/anseio-na-alma-a-voz-que-clama-no-deserto-da-esperanca\/#breadcrumb\",\"itemListElement\":[{\"@type\":\"ListItem\",\"position\":1,\"name\":\"Home\",\"item\":\"https:\/\/salmosbiblicos.com.br\/\"},{\"@type\":\"ListItem\",\"position\":2,\"name\":\"Anseio na Alma: A Voz que Clama no Deserto da Esperan\u00e7a\"}]},{\"@type\":\"WebSite\",\"@id\":\"https:\/\/salmosbiblicos.com.br\/#website\",\"url\":\"https:\/\/salmosbiblicos.com.br\/\",\"name\":\"Salmos B\u00edblicos\",\"description\":\"Uma e-Livraria com e-Books novos para voc\u00ea refletir.\",\"potentialAction\":[{\"@type\":\"SearchAction\",\"target\":{\"@type\":\"EntryPoint\",\"urlTemplate\":\"https:\/\/salmosbiblicos.com.br\/?s={search_term_string}\"},\"query-input\":{\"@type\":\"PropertyValueSpecification\",\"valueRequired\":true,\"valueName\":\"search_term_string\"}}],\"inLanguage\":\"pt-BR\"},{\"@type\":\"Person\",\"@id\":\"https:\/\/salmosbiblicos.com.br\/#\/schema\/person\/30586d0fb3f3a46b78a3414fc39cc975\",\"name\":\"alextreh@gmail.com\",\"image\":{\"@type\":\"ImageObject\",\"inLanguage\":\"pt-BR\",\"@id\":\"https:\/\/secure.gravatar.com\/avatar\/7cf84d31f581ec97b887c1039d478a7c293086896c84951a86753fb2c2af7527?s=96&d=mm&r=g\",\"url\":\"https:\/\/secure.gravatar.com\/avatar\/7cf84d31f581ec97b887c1039d478a7c293086896c84951a86753fb2c2af7527?s=96&d=mm&r=g\",\"contentUrl\":\"https:\/\/secure.gravatar.com\/avatar\/7cf84d31f581ec97b887c1039d478a7c293086896c84951a86753fb2c2af7527?s=96&d=mm&r=g\",\"caption\":\"alextreh@gmail.com\"},\"sameAs\":[\"http:\/\/salmosbiblicos.com.br\"],\"url\":\"http:\/\/salmosbiblicos.com.br\/index.php\/author\/alextrehgmail-com\/\"}]}<\/script>\n<!-- \/ Yoast SEO plugin. -->","yoast_head_json":{"title":"Anseio na Alma: A Voz que Clama no Deserto da Esperan\u00e7a - Salmos B\u00edblicos","robots":{"index":"index","follow":"follow","max-snippet":"max-snippet:-1","max-image-preview":"max-image-preview:large","max-video-preview":"max-video-preview:-1"},"canonical":"https:\/\/salmosbiblicos.com.br\/index.php\/2026\/03\/28\/anseio-na-alma-a-voz-que-clama-no-deserto-da-esperanca\/","og_locale":"pt_BR","og_type":"article","og_title":"Anseio na Alma: A Voz que Clama no Deserto da Esperan\u00e7a - Salmos B\u00edblicos","og_description":"## A Voz que Rompe o Sil\u00eancio Em cada um de n\u00f3s, reside um anseio profundo, uma sede por algo maior que as coisas passageiras deste mundo. Por vezes, essa busca nos leva a caminhos tortuosos, a desertos de solid\u00e3o e afastamento. Mas, mesmo na escurid\u00e3o, a esperan\u00e7a persiste, clamando em nosso \u00edntimo. ### O [&hellip;]","og_url":"https:\/\/salmosbiblicos.com.br\/index.php\/2026\/03\/28\/anseio-na-alma-a-voz-que-clama-no-deserto-da-esperanca\/","og_site_name":"Salmos B\u00edblicos","article_published_time":"2026-03-28T17:19:19+00:00","author":"alextreh@gmail.com","twitter_card":"summary_large_image","twitter_misc":{"Escrito por":"alextreh@gmail.com","Est. tempo de leitura":"2 minutos"},"schema":{"@context":"https:\/\/schema.org","@graph":[{"@type":"Article","@id":"https:\/\/salmosbiblicos.com.br\/index.php\/2026\/03\/28\/anseio-na-alma-a-voz-que-clama-no-deserto-da-esperanca\/#article","isPartOf":{"@id":"https:\/\/salmosbiblicos.com.br\/index.php\/2026\/03\/28\/anseio-na-alma-a-voz-que-clama-no-deserto-da-esperanca\/"},"author":{"name":"alextreh@gmail.com","@id":"https:\/\/salmosbiblicos.com.br\/#\/schema\/person\/30586d0fb3f3a46b78a3414fc39cc975"},"headline":"Anseio na Alma: A Voz que Clama no Deserto da Esperan\u00e7a","datePublished":"2026-03-28T17:19:19+00:00","mainEntityOfPage":{"@id":"https:\/\/salmosbiblicos.com.br\/index.php\/2026\/03\/28\/anseio-na-alma-a-voz-que-clama-no-deserto-da-esperanca\/"},"wordCount":503,"articleSection":["Reflex\u00e3o"],"inLanguage":"pt-BR"},{"@type":"WebPage","@id":"https:\/\/salmosbiblicos.com.br\/index.php\/2026\/03\/28\/anseio-na-alma-a-voz-que-clama-no-deserto-da-esperanca\/","url":"https:\/\/salmosbiblicos.com.br\/index.php\/2026\/03\/28\/anseio-na-alma-a-voz-que-clama-no-deserto-da-esperanca\/","name":"Anseio na Alma: A Voz que Clama no Deserto da Esperan\u00e7a - Salmos B\u00edblicos","isPartOf":{"@id":"https:\/\/salmosbiblicos.com.br\/#website"},"datePublished":"2026-03-28T17:19:19+00:00","author":{"@id":"https:\/\/salmosbiblicos.com.br\/#\/schema\/person\/30586d0fb3f3a46b78a3414fc39cc975"},"breadcrumb":{"@id":"https:\/\/salmosbiblicos.com.br\/index.php\/2026\/03\/28\/anseio-na-alma-a-voz-que-clama-no-deserto-da-esperanca\/#breadcrumb"},"inLanguage":"pt-BR","potentialAction":[{"@type":"ReadAction","target":["https:\/\/salmosbiblicos.com.br\/index.php\/2026\/03\/28\/anseio-na-alma-a-voz-que-clama-no-deserto-da-esperanca\/"]}]},{"@type":"BreadcrumbList","@id":"https:\/\/salmosbiblicos.com.br\/index.php\/2026\/03\/28\/anseio-na-alma-a-voz-que-clama-no-deserto-da-esperanca\/#breadcrumb","itemListElement":[{"@type":"ListItem","position":1,"name":"Home","item":"https:\/\/salmosbiblicos.com.br\/"},{"@type":"ListItem","position":2,"name":"Anseio na Alma: A Voz que Clama no Deserto da Esperan\u00e7a"}]},{"@type":"WebSite","@id":"https:\/\/salmosbiblicos.com.br\/#website","url":"https:\/\/salmosbiblicos.com.br\/","name":"Salmos B\u00edblicos","description":"Uma e-Livraria com e-Books novos para voc\u00ea refletir.","potentialAction":[{"@type":"SearchAction","target":{"@type":"EntryPoint","urlTemplate":"https:\/\/salmosbiblicos.com.br\/?s={search_term_string}"},"query-input":{"@type":"PropertyValueSpecification","valueRequired":true,"valueName":"search_term_string"}}],"inLanguage":"pt-BR"},{"@type":"Person","@id":"https:\/\/salmosbiblicos.com.br\/#\/schema\/person\/30586d0fb3f3a46b78a3414fc39cc975","name":"alextreh@gmail.com","image":{"@type":"ImageObject","inLanguage":"pt-BR","@id":"https:\/\/secure.gravatar.com\/avatar\/7cf84d31f581ec97b887c1039d478a7c293086896c84951a86753fb2c2af7527?s=96&d=mm&r=g","url":"https:\/\/secure.gravatar.com\/avatar\/7cf84d31f581ec97b887c1039d478a7c293086896c84951a86753fb2c2af7527?s=96&d=mm&r=g","contentUrl":"https:\/\/secure.gravatar.com\/avatar\/7cf84d31f581ec97b887c1039d478a7c293086896c84951a86753fb2c2af7527?s=96&d=mm&r=g","caption":"alextreh@gmail.com"},"sameAs":["http:\/\/salmosbiblicos.com.br"],"url":"http:\/\/salmosbiblicos.com.br\/index.php\/author\/alextrehgmail-com\/"}]}},"_links":{"self":[{"href":"http:\/\/salmosbiblicos.com.br\/index.php\/wp-json\/wp\/v2\/posts\/5570","targetHints":{"allow":["GET"]}}],"collection":[{"href":"http:\/\/salmosbiblicos.com.br\/index.php\/wp-json\/wp\/v2\/posts"}],"about":[{"href":"http:\/\/salmosbiblicos.com.br\/index.php\/wp-json\/wp\/v2\/types\/post"}],"author":[{"embeddable":true,"href":"http:\/\/salmosbiblicos.com.br\/index.php\/wp-json\/wp\/v2\/users\/1"}],"replies":[{"embeddable":true,"href":"http:\/\/salmosbiblicos.com.br\/index.php\/wp-json\/wp\/v2\/comments?post=5570"}],"version-history":[{"count":1,"href":"http:\/\/salmosbiblicos.com.br\/index.php\/wp-json\/wp\/v2\/posts\/5570\/revisions"}],"predecessor-version":[{"id":5571,"href":"http:\/\/salmosbiblicos.com.br\/index.php\/wp-json\/wp\/v2\/posts\/5570\/revisions\/5571"}],"wp:attachment":[{"href":"http:\/\/salmosbiblicos.com.br\/index.php\/wp-json\/wp\/v2\/media?parent=5570"}],"wp:term":[{"taxonomy":"category","embeddable":true,"href":"http:\/\/salmosbiblicos.com.br\/index.php\/wp-json\/wp\/v2\/categories?post=5570"},{"taxonomy":"post_tag","embeddable":true,"href":"http:\/\/salmosbiblicos.com.br\/index.php\/wp-json\/wp\/v2\/tags?post=5570"}],"curies":[{"name":"wp","href":"https:\/\/api.w.org\/{rel}","templated":true}]}}