{"id":5662,"date":"2026-03-28T19:34:24","date_gmt":"2026-03-28T22:34:24","guid":{"rendered":"https:\/\/salmosbiblicos.com.br\/?p=5662"},"modified":"2026-03-28T19:34:24","modified_gmt":"2026-03-28T22:34:24","slug":"fe-transforma-historias-de-esperanca-e-restauracao-na-alma","status":"publish","type":"post","link":"http:\/\/salmosbiblicos.com.br\/index.php\/2026\/03\/28\/fe-transforma-historias-de-esperanca-e-restauracao-na-alma\/","title":{"rendered":"F\u00e9 Transforma: Hist\u00f3rias de Esperan\u00e7a e Restaura\u00e7\u00e3o na Alma"},"content":{"rendered":"<p>## A Luz da F\u00e9: Um Novo Olhar sobre a Vida<\/p>\n<p>H\u00e1 uma verdade profunda que ressoa em nossos cora\u00e7\u00f5es: a f\u00e9, quando a acolhemos, \u00e9 a pr\u00f3pria fonte da vida. Quando nos entregamos \u00e0 cren\u00e7a, somos banhados pela luz, recebemos renova\u00e7\u00e3o e, acima de tudo, uma nova forma de enxergar o mundo. Aqueles que caminham na escurid\u00e3o da descren\u00e7a possuem uma vis\u00e3o limitada, focada apenas no que os olhos podem ver. Mas a f\u00e9 transforma essa vis\u00e3o.<\/p>\n<p>**A F\u00e9 como Restaura\u00e7\u00e3o**<\/p>\n<p>Contemplemos a hist\u00f3ria de um homem que, \u00e0 beira do caminho, implorava por esmolas. A multid\u00e3o passava, indiferente \u00e0 sua dor. Mas ele, com esperan\u00e7a no cora\u00e7\u00e3o, ouviu falar de um homem que passava por ali, Jesus, o Filho de Davi. Com ousadia, ele clamou por aux\u00edlio. <\/p>\n<p>Apesar dos apelos para que se calasse, ele persistiu: &#8220;Jesus, Filho de Davi, tem piedade de mim!&#8221;. Jesus, movido pela f\u00e9 sincera daquele homem, parou e o convidou a se aproximar. E ent\u00e3o, perguntou: &#8220;O que queres que eu fa\u00e7a por ti?&#8221;.<\/p>\n<p>A resposta do homem foi simples e eloquente: &#8220;Senhor, eu quero enxergar de novo&#8221;. E Jesus, com poder divino, lhe concedeu o dom da vis\u00e3o. **&#8221;A tua f\u00e9 te salvou&#8221;**, disse Ele. No mesmo instante, o homem recuperou a vis\u00e3o e seguiu Jesus, glorificando a Deus.<\/p>\n<p>### O Caminho da Vida<\/p>\n<p>O que essa passagem nos revela? Que a f\u00e9 \u00e9 o caminho para a salva\u00e7\u00e3o e para a vida plena. Pois Jesus \u00e9 o pr\u00f3prio Caminho, a Verdade e a Vida. Quem o segue, trilha o caminho da verdade e encontra a vida em abund\u00e2ncia.<\/p>\n<p>### A F\u00e9 que Cura a Alma<\/p>\n<p>\u00c9 importante notar que a cura do homem cego n\u00e3o foi apenas f\u00edsica. A f\u00e9, antes de restaurar sua vis\u00e3o, curou sua alma. **A f\u00e9 primeiro traz vida para a alma, e a cura do corpo \u00e9 uma consequ\u00eancia**. Assim como a luz veio ao mundo para dar vis\u00e3o aos cegos e f\u00e9 aos que dela careciam, a gra\u00e7a divina opera em n\u00f3s, transformando nosso interior.<\/p>\n<p>### Uma Jornada de F\u00e9<\/p>\n<p>Somos todos, em certa medida, cegos, necessitados da luz que emana de Cristo. Assim como o homem \u00e0 beira do caminho, devemos estender a m\u00e3o e clamar por ajuda.  Devemos aprender a andar &#8220;na f\u00e9 e n\u00e3o na vis\u00e3o&#8221;. <\/p>\n<p>### A Ess\u00eancia da Cren\u00e7a<\/p>\n<p>Efrem, o S\u00edrio, nos lembra que a luz veio ao mundo para dar vis\u00e3o aos cegos e f\u00e9 aos que dela careciam. Que possamos abrir nossos cora\u00e7\u00f5es \u00e0 gra\u00e7a divina, para que a f\u00e9 nos fortale\u00e7a e nos guie.  Que possamos clamar, com a mesma sinceridade do homem cego: &#8220;Eu preciso de f\u00e9 para ter vida. Eu preciso de f\u00e9 para voltar a enxergar&#8221;.<\/p>\n<p>Que a luz da f\u00e9 ilumine o caminho de cada um, trazendo esperan\u00e7a e renova\u00e7\u00e3o.<\/p>\n","protected":false},"excerpt":{"rendered":"<p>## A Luz da F\u00e9: Um Novo Olhar sobre a Vida H\u00e1 uma verdade profunda que ressoa em nossos cora\u00e7\u00f5es: a f\u00e9, quando a acolhemos, \u00e9 a pr\u00f3pria fonte da vida. Quando nos entregamos \u00e0 cren\u00e7a, somos banhados pela luz, recebemos renova\u00e7\u00e3o e, acima de tudo, uma nova forma de enxergar o mundo. Aqueles que [&hellip;]<\/p>\n","protected":false},"author":1,"featured_media":0,"comment_status":"closed","ping_status":"open","sticky":false,"template":"","format":"standard","meta":{"footnotes":""},"categories":[14],"tags":[],"class_list":["post-5662","post","type-post","status-publish","format-standard","hentry","category-reflexao"],"yoast_head":"<!-- This site is optimized with the Yoast SEO plugin v27.2 - https:\/\/yoast.com\/product\/yoast-seo-wordpress\/ -->\n<title>F\u00e9 Transforma: Hist\u00f3rias de Esperan\u00e7a e Restaura\u00e7\u00e3o na Alma - Salmos B\u00edblicos<\/title>\n<meta name=\"robots\" content=\"index, follow, max-snippet:-1, max-image-preview:large, max-video-preview:-1\" \/>\n<link rel=\"canonical\" href=\"https:\/\/salmosbiblicos.com.br\/index.php\/2026\/03\/28\/fe-transforma-historias-de-esperanca-e-restauracao-na-alma\/\" \/>\n<meta property=\"og:locale\" content=\"pt_BR\" \/>\n<meta property=\"og:type\" content=\"article\" \/>\n<meta property=\"og:title\" content=\"F\u00e9 Transforma: Hist\u00f3rias de Esperan\u00e7a e Restaura\u00e7\u00e3o na Alma - Salmos B\u00edblicos\" \/>\n<meta property=\"og:description\" content=\"## A Luz da F\u00e9: Um Novo Olhar sobre a Vida H\u00e1 uma verdade profunda que ressoa em nossos cora\u00e7\u00f5es: a f\u00e9, quando a acolhemos, \u00e9 a pr\u00f3pria fonte da vida. Quando nos entregamos \u00e0 cren\u00e7a, somos banhados pela luz, recebemos renova\u00e7\u00e3o e, acima de tudo, uma nova forma de enxergar o mundo. Aqueles que [&hellip;]\" \/>\n<meta property=\"og:url\" content=\"https:\/\/salmosbiblicos.com.br\/index.php\/2026\/03\/28\/fe-transforma-historias-de-esperanca-e-restauracao-na-alma\/\" \/>\n<meta property=\"og:site_name\" content=\"Salmos B\u00edblicos\" \/>\n<meta property=\"article:published_time\" content=\"2026-03-28T22:34:24+00:00\" \/>\n<meta name=\"author\" content=\"alextreh@gmail.com\" \/>\n<meta name=\"twitter:card\" content=\"summary_large_image\" \/>\n<meta name=\"twitter:label1\" content=\"Escrito por\" \/>\n\t<meta name=\"twitter:data1\" content=\"alextreh@gmail.com\" \/>\n\t<meta name=\"twitter:label2\" content=\"Est. tempo de leitura\" \/>\n\t<meta name=\"twitter:data2\" content=\"2 minutos\" \/>\n<script type=\"application\/ld+json\" class=\"yoast-schema-graph\">{\"@context\":\"https:\/\/schema.org\",\"@graph\":[{\"@type\":\"Article\",\"@id\":\"https:\/\/salmosbiblicos.com.br\/index.php\/2026\/03\/28\/fe-transforma-historias-de-esperanca-e-restauracao-na-alma\/#article\",\"isPartOf\":{\"@id\":\"https:\/\/salmosbiblicos.com.br\/index.php\/2026\/03\/28\/fe-transforma-historias-de-esperanca-e-restauracao-na-alma\/\"},\"author\":{\"name\":\"alextreh@gmail.com\",\"@id\":\"https:\/\/salmosbiblicos.com.br\/#\/schema\/person\/30586d0fb3f3a46b78a3414fc39cc975\"},\"headline\":\"F\u00e9 Transforma: Hist\u00f3rias de Esperan\u00e7a e Restaura\u00e7\u00e3o na Alma\",\"datePublished\":\"2026-03-28T22:34:24+00:00\",\"mainEntityOfPage\":{\"@id\":\"https:\/\/salmosbiblicos.com.br\/index.php\/2026\/03\/28\/fe-transforma-historias-de-esperanca-e-restauracao-na-alma\/\"},\"wordCount\":505,\"articleSection\":[\"Reflex\u00e3o\"],\"inLanguage\":\"pt-BR\"},{\"@type\":\"WebPage\",\"@id\":\"https:\/\/salmosbiblicos.com.br\/index.php\/2026\/03\/28\/fe-transforma-historias-de-esperanca-e-restauracao-na-alma\/\",\"url\":\"https:\/\/salmosbiblicos.com.br\/index.php\/2026\/03\/28\/fe-transforma-historias-de-esperanca-e-restauracao-na-alma\/\",\"name\":\"F\u00e9 Transforma: Hist\u00f3rias de Esperan\u00e7a e Restaura\u00e7\u00e3o na Alma - Salmos B\u00edblicos\",\"isPartOf\":{\"@id\":\"https:\/\/salmosbiblicos.com.br\/#website\"},\"datePublished\":\"2026-03-28T22:34:24+00:00\",\"author\":{\"@id\":\"https:\/\/salmosbiblicos.com.br\/#\/schema\/person\/30586d0fb3f3a46b78a3414fc39cc975\"},\"breadcrumb\":{\"@id\":\"https:\/\/salmosbiblicos.com.br\/index.php\/2026\/03\/28\/fe-transforma-historias-de-esperanca-e-restauracao-na-alma\/#breadcrumb\"},\"inLanguage\":\"pt-BR\",\"potentialAction\":[{\"@type\":\"ReadAction\",\"target\":[\"https:\/\/salmosbiblicos.com.br\/index.php\/2026\/03\/28\/fe-transforma-historias-de-esperanca-e-restauracao-na-alma\/\"]}]},{\"@type\":\"BreadcrumbList\",\"@id\":\"https:\/\/salmosbiblicos.com.br\/index.php\/2026\/03\/28\/fe-transforma-historias-de-esperanca-e-restauracao-na-alma\/#breadcrumb\",\"itemListElement\":[{\"@type\":\"ListItem\",\"position\":1,\"name\":\"Home\",\"item\":\"https:\/\/salmosbiblicos.com.br\/\"},{\"@type\":\"ListItem\",\"position\":2,\"name\":\"F\u00e9 Transforma: Hist\u00f3rias de Esperan\u00e7a e Restaura\u00e7\u00e3o na Alma\"}]},{\"@type\":\"WebSite\",\"@id\":\"https:\/\/salmosbiblicos.com.br\/#website\",\"url\":\"https:\/\/salmosbiblicos.com.br\/\",\"name\":\"Salmos B\u00edblicos\",\"description\":\"Uma e-Livraria com e-Books novos para voc\u00ea refletir.\",\"potentialAction\":[{\"@type\":\"SearchAction\",\"target\":{\"@type\":\"EntryPoint\",\"urlTemplate\":\"https:\/\/salmosbiblicos.com.br\/?s={search_term_string}\"},\"query-input\":{\"@type\":\"PropertyValueSpecification\",\"valueRequired\":true,\"valueName\":\"search_term_string\"}}],\"inLanguage\":\"pt-BR\"},{\"@type\":\"Person\",\"@id\":\"https:\/\/salmosbiblicos.com.br\/#\/schema\/person\/30586d0fb3f3a46b78a3414fc39cc975\",\"name\":\"alextreh@gmail.com\",\"image\":{\"@type\":\"ImageObject\",\"inLanguage\":\"pt-BR\",\"@id\":\"https:\/\/secure.gravatar.com\/avatar\/7cf84d31f581ec97b887c1039d478a7c293086896c84951a86753fb2c2af7527?s=96&d=mm&r=g\",\"url\":\"https:\/\/secure.gravatar.com\/avatar\/7cf84d31f581ec97b887c1039d478a7c293086896c84951a86753fb2c2af7527?s=96&d=mm&r=g\",\"contentUrl\":\"https:\/\/secure.gravatar.com\/avatar\/7cf84d31f581ec97b887c1039d478a7c293086896c84951a86753fb2c2af7527?s=96&d=mm&r=g\",\"caption\":\"alextreh@gmail.com\"},\"sameAs\":[\"http:\/\/salmosbiblicos.com.br\"],\"url\":\"http:\/\/salmosbiblicos.com.br\/index.php\/author\/alextrehgmail-com\/\"}]}<\/script>\n<!-- \/ Yoast SEO plugin. -->","yoast_head_json":{"title":"F\u00e9 Transforma: Hist\u00f3rias de Esperan\u00e7a e Restaura\u00e7\u00e3o na Alma - Salmos B\u00edblicos","robots":{"index":"index","follow":"follow","max-snippet":"max-snippet:-1","max-image-preview":"max-image-preview:large","max-video-preview":"max-video-preview:-1"},"canonical":"https:\/\/salmosbiblicos.com.br\/index.php\/2026\/03\/28\/fe-transforma-historias-de-esperanca-e-restauracao-na-alma\/","og_locale":"pt_BR","og_type":"article","og_title":"F\u00e9 Transforma: Hist\u00f3rias de Esperan\u00e7a e Restaura\u00e7\u00e3o na Alma - Salmos B\u00edblicos","og_description":"## A Luz da F\u00e9: Um Novo Olhar sobre a Vida H\u00e1 uma verdade profunda que ressoa em nossos cora\u00e7\u00f5es: a f\u00e9, quando a acolhemos, \u00e9 a pr\u00f3pria fonte da vida. Quando nos entregamos \u00e0 cren\u00e7a, somos banhados pela luz, recebemos renova\u00e7\u00e3o e, acima de tudo, uma nova forma de enxergar o mundo. Aqueles que [&hellip;]","og_url":"https:\/\/salmosbiblicos.com.br\/index.php\/2026\/03\/28\/fe-transforma-historias-de-esperanca-e-restauracao-na-alma\/","og_site_name":"Salmos B\u00edblicos","article_published_time":"2026-03-28T22:34:24+00:00","author":"alextreh@gmail.com","twitter_card":"summary_large_image","twitter_misc":{"Escrito por":"alextreh@gmail.com","Est. tempo de leitura":"2 minutos"},"schema":{"@context":"https:\/\/schema.org","@graph":[{"@type":"Article","@id":"https:\/\/salmosbiblicos.com.br\/index.php\/2026\/03\/28\/fe-transforma-historias-de-esperanca-e-restauracao-na-alma\/#article","isPartOf":{"@id":"https:\/\/salmosbiblicos.com.br\/index.php\/2026\/03\/28\/fe-transforma-historias-de-esperanca-e-restauracao-na-alma\/"},"author":{"name":"alextreh@gmail.com","@id":"https:\/\/salmosbiblicos.com.br\/#\/schema\/person\/30586d0fb3f3a46b78a3414fc39cc975"},"headline":"F\u00e9 Transforma: Hist\u00f3rias de Esperan\u00e7a e Restaura\u00e7\u00e3o na Alma","datePublished":"2026-03-28T22:34:24+00:00","mainEntityOfPage":{"@id":"https:\/\/salmosbiblicos.com.br\/index.php\/2026\/03\/28\/fe-transforma-historias-de-esperanca-e-restauracao-na-alma\/"},"wordCount":505,"articleSection":["Reflex\u00e3o"],"inLanguage":"pt-BR"},{"@type":"WebPage","@id":"https:\/\/salmosbiblicos.com.br\/index.php\/2026\/03\/28\/fe-transforma-historias-de-esperanca-e-restauracao-na-alma\/","url":"https:\/\/salmosbiblicos.com.br\/index.php\/2026\/03\/28\/fe-transforma-historias-de-esperanca-e-restauracao-na-alma\/","name":"F\u00e9 Transforma: Hist\u00f3rias de Esperan\u00e7a e Restaura\u00e7\u00e3o na Alma - Salmos B\u00edblicos","isPartOf":{"@id":"https:\/\/salmosbiblicos.com.br\/#website"},"datePublished":"2026-03-28T22:34:24+00:00","author":{"@id":"https:\/\/salmosbiblicos.com.br\/#\/schema\/person\/30586d0fb3f3a46b78a3414fc39cc975"},"breadcrumb":{"@id":"https:\/\/salmosbiblicos.com.br\/index.php\/2026\/03\/28\/fe-transforma-historias-de-esperanca-e-restauracao-na-alma\/#breadcrumb"},"inLanguage":"pt-BR","potentialAction":[{"@type":"ReadAction","target":["https:\/\/salmosbiblicos.com.br\/index.php\/2026\/03\/28\/fe-transforma-historias-de-esperanca-e-restauracao-na-alma\/"]}]},{"@type":"BreadcrumbList","@id":"https:\/\/salmosbiblicos.com.br\/index.php\/2026\/03\/28\/fe-transforma-historias-de-esperanca-e-restauracao-na-alma\/#breadcrumb","itemListElement":[{"@type":"ListItem","position":1,"name":"Home","item":"https:\/\/salmosbiblicos.com.br\/"},{"@type":"ListItem","position":2,"name":"F\u00e9 Transforma: Hist\u00f3rias de Esperan\u00e7a e Restaura\u00e7\u00e3o na Alma"}]},{"@type":"WebSite","@id":"https:\/\/salmosbiblicos.com.br\/#website","url":"https:\/\/salmosbiblicos.com.br\/","name":"Salmos B\u00edblicos","description":"Uma e-Livraria com e-Books novos para voc\u00ea refletir.","potentialAction":[{"@type":"SearchAction","target":{"@type":"EntryPoint","urlTemplate":"https:\/\/salmosbiblicos.com.br\/?s={search_term_string}"},"query-input":{"@type":"PropertyValueSpecification","valueRequired":true,"valueName":"search_term_string"}}],"inLanguage":"pt-BR"},{"@type":"Person","@id":"https:\/\/salmosbiblicos.com.br\/#\/schema\/person\/30586d0fb3f3a46b78a3414fc39cc975","name":"alextreh@gmail.com","image":{"@type":"ImageObject","inLanguage":"pt-BR","@id":"https:\/\/secure.gravatar.com\/avatar\/7cf84d31f581ec97b887c1039d478a7c293086896c84951a86753fb2c2af7527?s=96&d=mm&r=g","url":"https:\/\/secure.gravatar.com\/avatar\/7cf84d31f581ec97b887c1039d478a7c293086896c84951a86753fb2c2af7527?s=96&d=mm&r=g","contentUrl":"https:\/\/secure.gravatar.com\/avatar\/7cf84d31f581ec97b887c1039d478a7c293086896c84951a86753fb2c2af7527?s=96&d=mm&r=g","caption":"alextreh@gmail.com"},"sameAs":["http:\/\/salmosbiblicos.com.br"],"url":"http:\/\/salmosbiblicos.com.br\/index.php\/author\/alextrehgmail-com\/"}]}},"_links":{"self":[{"href":"http:\/\/salmosbiblicos.com.br\/index.php\/wp-json\/wp\/v2\/posts\/5662","targetHints":{"allow":["GET"]}}],"collection":[{"href":"http:\/\/salmosbiblicos.com.br\/index.php\/wp-json\/wp\/v2\/posts"}],"about":[{"href":"http:\/\/salmosbiblicos.com.br\/index.php\/wp-json\/wp\/v2\/types\/post"}],"author":[{"embeddable":true,"href":"http:\/\/salmosbiblicos.com.br\/index.php\/wp-json\/wp\/v2\/users\/1"}],"replies":[{"embeddable":true,"href":"http:\/\/salmosbiblicos.com.br\/index.php\/wp-json\/wp\/v2\/comments?post=5662"}],"version-history":[{"count":1,"href":"http:\/\/salmosbiblicos.com.br\/index.php\/wp-json\/wp\/v2\/posts\/5662\/revisions"}],"predecessor-version":[{"id":5663,"href":"http:\/\/salmosbiblicos.com.br\/index.php\/wp-json\/wp\/v2\/posts\/5662\/revisions\/5663"}],"wp:attachment":[{"href":"http:\/\/salmosbiblicos.com.br\/index.php\/wp-json\/wp\/v2\/media?parent=5662"}],"wp:term":[{"taxonomy":"category","embeddable":true,"href":"http:\/\/salmosbiblicos.com.br\/index.php\/wp-json\/wp\/v2\/categories?post=5662"},{"taxonomy":"post_tag","embeddable":true,"href":"http:\/\/salmosbiblicos.com.br\/index.php\/wp-json\/wp\/v2\/tags?post=5662"}],"curies":[{"name":"wp","href":"https:\/\/api.w.org\/{rel}","templated":true}]}}