{"id":5664,"date":"2026-03-28T19:41:11","date_gmt":"2026-03-28T22:41:11","guid":{"rendered":"https:\/\/salmosbiblicos.com.br\/?p=5664"},"modified":"2026-03-28T19:41:11","modified_gmt":"2026-03-28T22:41:11","slug":"a-fragilidade-do-mundo-reflexoes-sobre-o-eterno-e-a-fe","status":"publish","type":"post","link":"http:\/\/salmosbiblicos.com.br\/index.php\/2026\/03\/28\/a-fragilidade-do-mundo-reflexoes-sobre-o-eterno-e-a-fe\/","title":{"rendered":"A Fragilidade do Mundo: Reflex\u00f5es sobre o Eterno e a F\u00e9"},"content":{"rendered":"<p>## A Fragilidade do Mundo e a Beleza do Eterno<\/p>\n<p>Quantas vezes nos deslumbramos com a grandiosidade do que nos cerca? Admiramos edif\u00edcios imponentes, a beleza da natureza, a riqueza de bens materiais&#8230; Mas o que acontece quando a grandiosidade se desfaz? Quando a beleza se desintegra?<\/p>\n<p>\u00c9 sobre isso que precisamos refletir. Sobre a import\u00e2ncia de direcionarmos nossos olhos para as moradas que perduram, que transcendem a efemeridade deste mundo.<\/p>\n<p>### A Advert\u00eancia do Mestre<\/p>\n<p>No Evangelho, somos confrontados com a vis\u00e3o de um templo magn\u00edfico, adornado com pedras preciosas e ofertas votivas. As pessoas se maravilhavam com sua beleza, mas Jesus, com sua sabedoria divina, lhes revela uma verdade profunda: &#8220;V\u00f3s admirar estas coisas, dias vir\u00e3o em que n\u00e3o ficar\u00e1 pedra sobre pedra.&#8221;<\/p>\n<p>Este templo, s\u00edmbolo da presen\u00e7a de Deus entre os homens, seria destru\u00eddo. Uma profecia que, infelizmente, se cumpriu. Mas qual a li\u00e7\u00e3o que podemos extrair dessa advert\u00eancia?<\/p>\n<p>### O Despertar para a Eternidade<\/p>\n<p>Ela nos convida a questionar a import\u00e2ncia que damos ao que \u00e9 passageiro. A beleza do templo era grandiosa, mas sua exist\u00eancia era limitada. O mestre n\u00e3o os impede de admirar, mas os alerta para a futilidade de se fixar em algo que n\u00e3o \u00e9 eterno.<\/p>\n<p>E n\u00f3s, muitas vezes, n\u00e3o ca\u00edmos no mesmo erro? Nos apegamos a posses, a status, a reconhecimento, esquecendo que tudo isso \u00e9 terreno e transit\u00f3rio. <\/p>\n<p>### Sinais dos Tempos<\/p>\n<p>A mensagem de Jesus n\u00e3o para por a\u00ed. Ele descreve um cen\u00e1rio de turbul\u00eancia: guerras, revolu\u00e7\u00f5es, terremotos, fomes, pestes, sinais no c\u00e9u. Palavras que ecoam em nossos dias, lembrando-nos da instabilidade do mundo.<\/p>\n<p>E, em meio a esse caos, somos chamados a permanecer firmes na f\u00e9, a proclamar a Palavra de Deus, mesmo diante da persegui\u00e7\u00e3o e do \u00f3dio. <\/p>\n<p>### O Tesouro no C\u00e9u<\/p>\n<p>\u00c9 crucial que direcionemos nossos cora\u00e7\u00f5es para o que \u00e9 eterno. Que busquemos o tesouro que est\u00e1 nos c\u00e9us, onde as tra\u00e7as n\u00e3o corroem, a ferrugem n\u00e3o destr\u00f3i e os ladr\u00f5es n\u00e3o roubam.<\/p>\n<p>**Em II Cor\u00edntios 5:1**, encontramos a promessa de uma &#8220;casa preparada por Deus e n\u00e3o por m\u00e3os humanas, uma habita\u00e7\u00e3o eterna no c\u00e9u.&#8221;<\/p>\n<p>Jesus nos convida a repensar nossas prioridades:<\/p>\n<p>*   **N\u00e3o acumulemos tesouros na Terra.**<br \/>*   **Busquemos o que \u00e9 eterno.**<br \/>*   **Direcionemos nosso cora\u00e7\u00e3o para o C\u00e9u.**<\/p>\n<p>Porque, onde est\u00e1 o nosso tesouro, l\u00e1 estar\u00e1 tamb\u00e9m o nosso cora\u00e7\u00e3o. Que possamos, ent\u00e3o, manter nossos cora\u00e7\u00f5es fixos na esperan\u00e7a da vida eterna, na certeza de que as moradas celestiais nos aguardam.<\/p>\n<p>Que a gra\u00e7a e a paz de Deus estejam com todos.<\/p>\n","protected":false},"excerpt":{"rendered":"<p>## A Fragilidade do Mundo e a Beleza do Eterno Quantas vezes nos deslumbramos com a grandiosidade do que nos cerca? Admiramos edif\u00edcios imponentes, a beleza da natureza, a riqueza de bens materiais&#8230; Mas o que acontece quando a grandiosidade se desfaz? Quando a beleza se desintegra? \u00c9 sobre isso que precisamos refletir. Sobre a [&hellip;]<\/p>\n","protected":false},"author":1,"featured_media":0,"comment_status":"closed","ping_status":"open","sticky":false,"template":"","format":"standard","meta":{"footnotes":""},"categories":[14],"tags":[],"class_list":["post-5664","post","type-post","status-publish","format-standard","hentry","category-reflexao"],"yoast_head":"<!-- This site is optimized with the Yoast SEO plugin v27.2 - https:\/\/yoast.com\/product\/yoast-seo-wordpress\/ -->\n<title>A Fragilidade do Mundo: Reflex\u00f5es sobre o Eterno e a F\u00e9 - Salmos B\u00edblicos<\/title>\n<meta name=\"robots\" content=\"index, follow, max-snippet:-1, max-image-preview:large, max-video-preview:-1\" \/>\n<link rel=\"canonical\" href=\"https:\/\/salmosbiblicos.com.br\/index.php\/2026\/03\/28\/a-fragilidade-do-mundo-reflexoes-sobre-o-eterno-e-a-fe\/\" \/>\n<meta property=\"og:locale\" content=\"pt_BR\" \/>\n<meta property=\"og:type\" content=\"article\" \/>\n<meta property=\"og:title\" content=\"A Fragilidade do Mundo: Reflex\u00f5es sobre o Eterno e a F\u00e9 - Salmos B\u00edblicos\" \/>\n<meta property=\"og:description\" content=\"## A Fragilidade do Mundo e a Beleza do Eterno Quantas vezes nos deslumbramos com a grandiosidade do que nos cerca? Admiramos edif\u00edcios imponentes, a beleza da natureza, a riqueza de bens materiais&#8230; Mas o que acontece quando a grandiosidade se desfaz? Quando a beleza se desintegra? \u00c9 sobre isso que precisamos refletir. Sobre a [&hellip;]\" \/>\n<meta property=\"og:url\" content=\"https:\/\/salmosbiblicos.com.br\/index.php\/2026\/03\/28\/a-fragilidade-do-mundo-reflexoes-sobre-o-eterno-e-a-fe\/\" \/>\n<meta property=\"og:site_name\" content=\"Salmos B\u00edblicos\" \/>\n<meta property=\"article:published_time\" content=\"2026-03-28T22:41:11+00:00\" \/>\n<meta name=\"author\" content=\"alextreh@gmail.com\" \/>\n<meta name=\"twitter:card\" content=\"summary_large_image\" \/>\n<meta name=\"twitter:label1\" content=\"Escrito por\" \/>\n\t<meta name=\"twitter:data1\" content=\"alextreh@gmail.com\" \/>\n\t<meta name=\"twitter:label2\" content=\"Est. tempo de leitura\" \/>\n\t<meta name=\"twitter:data2\" content=\"2 minutos\" \/>\n<script type=\"application\/ld+json\" class=\"yoast-schema-graph\">{\"@context\":\"https:\/\/schema.org\",\"@graph\":[{\"@type\":\"Article\",\"@id\":\"https:\/\/salmosbiblicos.com.br\/index.php\/2026\/03\/28\/a-fragilidade-do-mundo-reflexoes-sobre-o-eterno-e-a-fe\/#article\",\"isPartOf\":{\"@id\":\"https:\/\/salmosbiblicos.com.br\/index.php\/2026\/03\/28\/a-fragilidade-do-mundo-reflexoes-sobre-o-eterno-e-a-fe\/\"},\"author\":{\"name\":\"alextreh@gmail.com\",\"@id\":\"https:\/\/salmosbiblicos.com.br\/#\/schema\/person\/30586d0fb3f3a46b78a3414fc39cc975\"},\"headline\":\"A Fragilidade do Mundo: Reflex\u00f5es sobre o Eterno e a F\u00e9\",\"datePublished\":\"2026-03-28T22:41:11+00:00\",\"mainEntityOfPage\":{\"@id\":\"https:\/\/salmosbiblicos.com.br\/index.php\/2026\/03\/28\/a-fragilidade-do-mundo-reflexoes-sobre-o-eterno-e-a-fe\/\"},\"wordCount\":469,\"articleSection\":[\"Reflex\u00e3o\"],\"inLanguage\":\"pt-BR\"},{\"@type\":\"WebPage\",\"@id\":\"https:\/\/salmosbiblicos.com.br\/index.php\/2026\/03\/28\/a-fragilidade-do-mundo-reflexoes-sobre-o-eterno-e-a-fe\/\",\"url\":\"https:\/\/salmosbiblicos.com.br\/index.php\/2026\/03\/28\/a-fragilidade-do-mundo-reflexoes-sobre-o-eterno-e-a-fe\/\",\"name\":\"A Fragilidade do Mundo: Reflex\u00f5es sobre o Eterno e a F\u00e9 - Salmos B\u00edblicos\",\"isPartOf\":{\"@id\":\"https:\/\/salmosbiblicos.com.br\/#website\"},\"datePublished\":\"2026-03-28T22:41:11+00:00\",\"author\":{\"@id\":\"https:\/\/salmosbiblicos.com.br\/#\/schema\/person\/30586d0fb3f3a46b78a3414fc39cc975\"},\"breadcrumb\":{\"@id\":\"https:\/\/salmosbiblicos.com.br\/index.php\/2026\/03\/28\/a-fragilidade-do-mundo-reflexoes-sobre-o-eterno-e-a-fe\/#breadcrumb\"},\"inLanguage\":\"pt-BR\",\"potentialAction\":[{\"@type\":\"ReadAction\",\"target\":[\"https:\/\/salmosbiblicos.com.br\/index.php\/2026\/03\/28\/a-fragilidade-do-mundo-reflexoes-sobre-o-eterno-e-a-fe\/\"]}]},{\"@type\":\"BreadcrumbList\",\"@id\":\"https:\/\/salmosbiblicos.com.br\/index.php\/2026\/03\/28\/a-fragilidade-do-mundo-reflexoes-sobre-o-eterno-e-a-fe\/#breadcrumb\",\"itemListElement\":[{\"@type\":\"ListItem\",\"position\":1,\"name\":\"Home\",\"item\":\"https:\/\/salmosbiblicos.com.br\/\"},{\"@type\":\"ListItem\",\"position\":2,\"name\":\"A Fragilidade do Mundo: Reflex\u00f5es sobre o Eterno e a F\u00e9\"}]},{\"@type\":\"WebSite\",\"@id\":\"https:\/\/salmosbiblicos.com.br\/#website\",\"url\":\"https:\/\/salmosbiblicos.com.br\/\",\"name\":\"Salmos B\u00edblicos\",\"description\":\"Uma e-Livraria com e-Books novos para voc\u00ea refletir.\",\"potentialAction\":[{\"@type\":\"SearchAction\",\"target\":{\"@type\":\"EntryPoint\",\"urlTemplate\":\"https:\/\/salmosbiblicos.com.br\/?s={search_term_string}\"},\"query-input\":{\"@type\":\"PropertyValueSpecification\",\"valueRequired\":true,\"valueName\":\"search_term_string\"}}],\"inLanguage\":\"pt-BR\"},{\"@type\":\"Person\",\"@id\":\"https:\/\/salmosbiblicos.com.br\/#\/schema\/person\/30586d0fb3f3a46b78a3414fc39cc975\",\"name\":\"alextreh@gmail.com\",\"image\":{\"@type\":\"ImageObject\",\"inLanguage\":\"pt-BR\",\"@id\":\"https:\/\/secure.gravatar.com\/avatar\/7cf84d31f581ec97b887c1039d478a7c293086896c84951a86753fb2c2af7527?s=96&d=mm&r=g\",\"url\":\"https:\/\/secure.gravatar.com\/avatar\/7cf84d31f581ec97b887c1039d478a7c293086896c84951a86753fb2c2af7527?s=96&d=mm&r=g\",\"contentUrl\":\"https:\/\/secure.gravatar.com\/avatar\/7cf84d31f581ec97b887c1039d478a7c293086896c84951a86753fb2c2af7527?s=96&d=mm&r=g\",\"caption\":\"alextreh@gmail.com\"},\"sameAs\":[\"http:\/\/salmosbiblicos.com.br\"],\"url\":\"http:\/\/salmosbiblicos.com.br\/index.php\/author\/alextrehgmail-com\/\"}]}<\/script>\n<!-- \/ Yoast SEO plugin. -->","yoast_head_json":{"title":"A Fragilidade do Mundo: Reflex\u00f5es sobre o Eterno e a F\u00e9 - Salmos B\u00edblicos","robots":{"index":"index","follow":"follow","max-snippet":"max-snippet:-1","max-image-preview":"max-image-preview:large","max-video-preview":"max-video-preview:-1"},"canonical":"https:\/\/salmosbiblicos.com.br\/index.php\/2026\/03\/28\/a-fragilidade-do-mundo-reflexoes-sobre-o-eterno-e-a-fe\/","og_locale":"pt_BR","og_type":"article","og_title":"A Fragilidade do Mundo: Reflex\u00f5es sobre o Eterno e a F\u00e9 - Salmos B\u00edblicos","og_description":"## A Fragilidade do Mundo e a Beleza do Eterno Quantas vezes nos deslumbramos com a grandiosidade do que nos cerca? Admiramos edif\u00edcios imponentes, a beleza da natureza, a riqueza de bens materiais&#8230; Mas o que acontece quando a grandiosidade se desfaz? Quando a beleza se desintegra? \u00c9 sobre isso que precisamos refletir. Sobre a [&hellip;]","og_url":"https:\/\/salmosbiblicos.com.br\/index.php\/2026\/03\/28\/a-fragilidade-do-mundo-reflexoes-sobre-o-eterno-e-a-fe\/","og_site_name":"Salmos B\u00edblicos","article_published_time":"2026-03-28T22:41:11+00:00","author":"alextreh@gmail.com","twitter_card":"summary_large_image","twitter_misc":{"Escrito por":"alextreh@gmail.com","Est. tempo de leitura":"2 minutos"},"schema":{"@context":"https:\/\/schema.org","@graph":[{"@type":"Article","@id":"https:\/\/salmosbiblicos.com.br\/index.php\/2026\/03\/28\/a-fragilidade-do-mundo-reflexoes-sobre-o-eterno-e-a-fe\/#article","isPartOf":{"@id":"https:\/\/salmosbiblicos.com.br\/index.php\/2026\/03\/28\/a-fragilidade-do-mundo-reflexoes-sobre-o-eterno-e-a-fe\/"},"author":{"name":"alextreh@gmail.com","@id":"https:\/\/salmosbiblicos.com.br\/#\/schema\/person\/30586d0fb3f3a46b78a3414fc39cc975"},"headline":"A Fragilidade do Mundo: Reflex\u00f5es sobre o Eterno e a F\u00e9","datePublished":"2026-03-28T22:41:11+00:00","mainEntityOfPage":{"@id":"https:\/\/salmosbiblicos.com.br\/index.php\/2026\/03\/28\/a-fragilidade-do-mundo-reflexoes-sobre-o-eterno-e-a-fe\/"},"wordCount":469,"articleSection":["Reflex\u00e3o"],"inLanguage":"pt-BR"},{"@type":"WebPage","@id":"https:\/\/salmosbiblicos.com.br\/index.php\/2026\/03\/28\/a-fragilidade-do-mundo-reflexoes-sobre-o-eterno-e-a-fe\/","url":"https:\/\/salmosbiblicos.com.br\/index.php\/2026\/03\/28\/a-fragilidade-do-mundo-reflexoes-sobre-o-eterno-e-a-fe\/","name":"A Fragilidade do Mundo: Reflex\u00f5es sobre o Eterno e a F\u00e9 - Salmos B\u00edblicos","isPartOf":{"@id":"https:\/\/salmosbiblicos.com.br\/#website"},"datePublished":"2026-03-28T22:41:11+00:00","author":{"@id":"https:\/\/salmosbiblicos.com.br\/#\/schema\/person\/30586d0fb3f3a46b78a3414fc39cc975"},"breadcrumb":{"@id":"https:\/\/salmosbiblicos.com.br\/index.php\/2026\/03\/28\/a-fragilidade-do-mundo-reflexoes-sobre-o-eterno-e-a-fe\/#breadcrumb"},"inLanguage":"pt-BR","potentialAction":[{"@type":"ReadAction","target":["https:\/\/salmosbiblicos.com.br\/index.php\/2026\/03\/28\/a-fragilidade-do-mundo-reflexoes-sobre-o-eterno-e-a-fe\/"]}]},{"@type":"BreadcrumbList","@id":"https:\/\/salmosbiblicos.com.br\/index.php\/2026\/03\/28\/a-fragilidade-do-mundo-reflexoes-sobre-o-eterno-e-a-fe\/#breadcrumb","itemListElement":[{"@type":"ListItem","position":1,"name":"Home","item":"https:\/\/salmosbiblicos.com.br\/"},{"@type":"ListItem","position":2,"name":"A Fragilidade do Mundo: Reflex\u00f5es sobre o Eterno e a F\u00e9"}]},{"@type":"WebSite","@id":"https:\/\/salmosbiblicos.com.br\/#website","url":"https:\/\/salmosbiblicos.com.br\/","name":"Salmos B\u00edblicos","description":"Uma e-Livraria com e-Books novos para voc\u00ea refletir.","potentialAction":[{"@type":"SearchAction","target":{"@type":"EntryPoint","urlTemplate":"https:\/\/salmosbiblicos.com.br\/?s={search_term_string}"},"query-input":{"@type":"PropertyValueSpecification","valueRequired":true,"valueName":"search_term_string"}}],"inLanguage":"pt-BR"},{"@type":"Person","@id":"https:\/\/salmosbiblicos.com.br\/#\/schema\/person\/30586d0fb3f3a46b78a3414fc39cc975","name":"alextreh@gmail.com","image":{"@type":"ImageObject","inLanguage":"pt-BR","@id":"https:\/\/secure.gravatar.com\/avatar\/7cf84d31f581ec97b887c1039d478a7c293086896c84951a86753fb2c2af7527?s=96&d=mm&r=g","url":"https:\/\/secure.gravatar.com\/avatar\/7cf84d31f581ec97b887c1039d478a7c293086896c84951a86753fb2c2af7527?s=96&d=mm&r=g","contentUrl":"https:\/\/secure.gravatar.com\/avatar\/7cf84d31f581ec97b887c1039d478a7c293086896c84951a86753fb2c2af7527?s=96&d=mm&r=g","caption":"alextreh@gmail.com"},"sameAs":["http:\/\/salmosbiblicos.com.br"],"url":"http:\/\/salmosbiblicos.com.br\/index.php\/author\/alextrehgmail-com\/"}]}},"_links":{"self":[{"href":"http:\/\/salmosbiblicos.com.br\/index.php\/wp-json\/wp\/v2\/posts\/5664","targetHints":{"allow":["GET"]}}],"collection":[{"href":"http:\/\/salmosbiblicos.com.br\/index.php\/wp-json\/wp\/v2\/posts"}],"about":[{"href":"http:\/\/salmosbiblicos.com.br\/index.php\/wp-json\/wp\/v2\/types\/post"}],"author":[{"embeddable":true,"href":"http:\/\/salmosbiblicos.com.br\/index.php\/wp-json\/wp\/v2\/users\/1"}],"replies":[{"embeddable":true,"href":"http:\/\/salmosbiblicos.com.br\/index.php\/wp-json\/wp\/v2\/comments?post=5664"}],"version-history":[{"count":1,"href":"http:\/\/salmosbiblicos.com.br\/index.php\/wp-json\/wp\/v2\/posts\/5664\/revisions"}],"predecessor-version":[{"id":5665,"href":"http:\/\/salmosbiblicos.com.br\/index.php\/wp-json\/wp\/v2\/posts\/5664\/revisions\/5665"}],"wp:attachment":[{"href":"http:\/\/salmosbiblicos.com.br\/index.php\/wp-json\/wp\/v2\/media?parent=5664"}],"wp:term":[{"taxonomy":"category","embeddable":true,"href":"http:\/\/salmosbiblicos.com.br\/index.php\/wp-json\/wp\/v2\/categories?post=5664"},{"taxonomy":"post_tag","embeddable":true,"href":"http:\/\/salmosbiblicos.com.br\/index.php\/wp-json\/wp\/v2\/tags?post=5664"}],"curies":[{"name":"wp","href":"https:\/\/api.w.org\/{rel}","templated":true}]}}