{"id":5760,"date":"2026-03-29T01:15:35","date_gmt":"2026-03-29T04:15:35","guid":{"rendered":"https:\/\/salmosbiblicos.com.br\/?p=5760"},"modified":"2026-03-29T01:15:35","modified_gmt":"2026-03-29T04:15:35","slug":"caminho-do-bem-como-afastar-o-mal-e-fortalecer-a-fe","status":"publish","type":"post","link":"http:\/\/salmosbiblicos.com.br\/index.php\/2026\/03\/29\/caminho-do-bem-como-afastar-o-mal-e-fortalecer-a-fe\/","title":{"rendered":"Caminho do Bem: Como Afastar o Mal e Fortalecer a F\u00e9"},"content":{"rendered":"<p>## O Caminho da Virtude: Afastando o Mal, Cultivando o Bem<\/p>\n<p>O cora\u00e7\u00e3o humano anseia por algo mais, por uma dire\u00e7\u00e3o que transcenda as sombras que nos cercam. N\u00e3o basta apenas evitar o erro; a verdadeira jornada reside na busca incessante do bem. **Afastar-se do mal \u00e9 apenas o primeiro passo em um caminho que nos leva \u00e0 plenitude da vida em Cristo.**<\/p>\n<p>A busca por essa plenitude exige mais do que a mera aus\u00eancia de v\u00edcios. \u00c9 um chamado \u00e0 transforma\u00e7\u00e3o interior, um convite a renovar a nossa ess\u00eancia. Como homem e mulher de f\u00e9, somos chamados a trilhar um caminho de justi\u00e7a, piedade, f\u00e9, amor, firmeza e mansid\u00e3o.<\/p>\n<p>### O Primeiro Passo: Desapego do Mal<\/p>\n<p>O mundo moderno nos oferece uma mir\u00edade de tenta\u00e7\u00f5es, um turbilh\u00e3o de influ\u00eancias que nos afastam do caminho da retid\u00e3o. **\u00c9 imperativo, ent\u00e3o, reconhecer as for\u00e7as que nos afastam do bem e buscar, com determina\u00e7\u00e3o, nos desapegar delas.**<\/p>\n<p>N\u00e3o \u00e9 o bastante apenas reconhecer a exist\u00eancia do mal. \u00c9 preciso *agir* para nos afastar dele. Este \u00e9 o primeiro passo, o alicerce sobre o qual construiremos uma vida de virtude e prop\u00f3sito.<\/p>\n<p>### A Ess\u00eancia do Crist\u00e3o: Praticando o Bem<\/p>\n<p>A jornada n\u00e3o se limita a evitar o que \u00e9 mau. A verdadeira marca do crist\u00e3o \u00e9 a pr\u00e1tica do bem, a manifesta\u00e7\u00e3o do amor de Deus em nossas a\u00e7\u00f5es. **N\u00e3o basta renunciar ao mal, \u00e9 preciso abra\u00e7ar a virtude.**<\/p>\n<p>Abandonar o \u201chomem velho\u201d, corrompido pelas paix\u00f5es enganosas, \u00e9 a chave para nos revestirmos do \u201chomem novo\u201d, criado \u00e0 imagem de Deus em verdadeira justi\u00e7a e santidade. Essa transforma\u00e7\u00e3o exige um esfor\u00e7o cont\u00ednuo, um abandono di\u00e1rio das antigas pr\u00e1ticas e um compromisso renovado com o bem.<\/p>\n<p>### Renova\u00e7\u00e3o e Revestimento: A Jornada Interior<\/p>\n<p>A transforma\u00e7\u00e3o n\u00e3o \u00e9 um evento \u00fanico, mas um processo cont\u00ednuo de renova\u00e7\u00e3o. Assim como um jardim precisa ser cuidado para florescer, nossa alma necessita de aten\u00e7\u00e3o constante para se desenvolver em santidade.<\/p>\n<p>Precisamos nos despir do homem velho, com suas paix\u00f5es e v\u00edcios. \u00c9 um processo de limpeza, de elimina\u00e7\u00e3o de tudo que nos impede de refletir a luz de Cristo. **Ao nos desapegarmos do mal, abrimos espa\u00e7o para que a gra\u00e7a divina nos transforme, nos revestindo de virtudes e nos guiando no caminho da verdade.**<\/p>\n<p>### O Compromisso Eterno: Um Reflexo da Divindade<\/p>\n<p>A busca pela justi\u00e7a, pela piedade, pela f\u00e9, pelo amor e pela firmeza \u00e9 um reflexo do pr\u00f3prio Deus, que habita numa luz inacess\u00edvel. **Nosso chamado \u00e9 buscar a semelhan\u00e7a divina, a manifesta\u00e7\u00e3o do amor de Deus em nossas vidas.**<\/p>\n<p>Essa jornada n\u00e3o \u00e9 f\u00e1cil, mas \u00e9 recompensadora. Ao nos afastarmos do mal e nos dedicarmos ao bem, nos aproximamos daquela hora gloriosa em que a verdade se manifestar\u00e1 em toda a sua plenitude.<\/p>\n<p>*   **Afaste-se do mal:** Identifique as influ\u00eancias negativas em sua vida e busque, com determina\u00e7\u00e3o, se libertar delas.<br \/>*   **Pratique o bem:** Seja um instrumento da gra\u00e7a divina, irradiando amor, justi\u00e7a e miseric\u00f3rdia.<br \/>*   **Renove sua alma:** Dedique tempo \u00e0 ora\u00e7\u00e3o, \u00e0 medita\u00e7\u00e3o e \u00e0 reflex\u00e3o, buscando a luz que ilumina o caminho.<br \/>*   **Reveste-se do homem novo:** Cultive as virtudes que adornam a alma e a preparam para a vida eterna.<\/p>\n<p>Que a gra\u00e7a de Deus nos fortale\u00e7a em nossa jornada, e que possamos, com alegria e perseveran\u00e7a, trilhar o caminho da virtude at\u00e9 que Ele venha.<\/p>\n","protected":false},"excerpt":{"rendered":"<p>## O Caminho da Virtude: Afastando o Mal, Cultivando o Bem O cora\u00e7\u00e3o humano anseia por algo mais, por uma dire\u00e7\u00e3o que transcenda as sombras que nos cercam. N\u00e3o basta apenas evitar o erro; a verdadeira jornada reside na busca incessante do bem. **Afastar-se do mal \u00e9 apenas o primeiro passo em um caminho que [&hellip;]<\/p>\n","protected":false},"author":1,"featured_media":0,"comment_status":"closed","ping_status":"open","sticky":false,"template":"","format":"standard","meta":{"footnotes":""},"categories":[14],"tags":[],"class_list":["post-5760","post","type-post","status-publish","format-standard","hentry","category-reflexao"],"yoast_head":"<!-- This site is optimized with the Yoast SEO plugin v27.2 - https:\/\/yoast.com\/product\/yoast-seo-wordpress\/ -->\n<title>Caminho do Bem: Como Afastar o Mal e Fortalecer a F\u00e9 - Salmos B\u00edblicos<\/title>\n<meta name=\"robots\" content=\"index, follow, max-snippet:-1, max-image-preview:large, max-video-preview:-1\" \/>\n<link rel=\"canonical\" href=\"http:\/\/salmosbiblicos.com.br\/index.php\/2026\/03\/29\/caminho-do-bem-como-afastar-o-mal-e-fortalecer-a-fe\/\" \/>\n<meta property=\"og:locale\" content=\"pt_BR\" \/>\n<meta property=\"og:type\" content=\"article\" \/>\n<meta property=\"og:title\" content=\"Caminho do Bem: Como Afastar o Mal e Fortalecer a F\u00e9 - Salmos B\u00edblicos\" \/>\n<meta property=\"og:description\" content=\"## O Caminho da Virtude: Afastando o Mal, Cultivando o Bem O cora\u00e7\u00e3o humano anseia por algo mais, por uma dire\u00e7\u00e3o que transcenda as sombras que nos cercam. N\u00e3o basta apenas evitar o erro; a verdadeira jornada reside na busca incessante do bem. **Afastar-se do mal \u00e9 apenas o primeiro passo em um caminho que [&hellip;]\" \/>\n<meta property=\"og:url\" content=\"http:\/\/salmosbiblicos.com.br\/index.php\/2026\/03\/29\/caminho-do-bem-como-afastar-o-mal-e-fortalecer-a-fe\/\" \/>\n<meta property=\"og:site_name\" content=\"Salmos B\u00edblicos\" \/>\n<meta property=\"article:published_time\" content=\"2026-03-29T04:15:35+00:00\" \/>\n<meta name=\"author\" content=\"alextreh@gmail.com\" \/>\n<meta name=\"twitter:card\" content=\"summary_large_image\" \/>\n<meta name=\"twitter:label1\" content=\"Escrito por\" \/>\n\t<meta name=\"twitter:data1\" content=\"alextreh@gmail.com\" \/>\n\t<meta name=\"twitter:label2\" content=\"Est. tempo de leitura\" \/>\n\t<meta name=\"twitter:data2\" content=\"3 minutos\" \/>\n<script type=\"application\/ld+json\" class=\"yoast-schema-graph\">{\"@context\":\"https:\/\/schema.org\",\"@graph\":[{\"@type\":\"Article\",\"@id\":\"http:\/\/salmosbiblicos.com.br\/index.php\/2026\/03\/29\/caminho-do-bem-como-afastar-o-mal-e-fortalecer-a-fe\/#article\",\"isPartOf\":{\"@id\":\"http:\/\/salmosbiblicos.com.br\/index.php\/2026\/03\/29\/caminho-do-bem-como-afastar-o-mal-e-fortalecer-a-fe\/\"},\"author\":{\"name\":\"alextreh@gmail.com\",\"@id\":\"https:\/\/salmosbiblicos.com.br\/#\/schema\/person\/30586d0fb3f3a46b78a3414fc39cc975\"},\"headline\":\"Caminho do Bem: Como Afastar o Mal e Fortalecer a F\u00e9\",\"datePublished\":\"2026-03-29T04:15:35+00:00\",\"mainEntityOfPage\":{\"@id\":\"http:\/\/salmosbiblicos.com.br\/index.php\/2026\/03\/29\/caminho-do-bem-como-afastar-o-mal-e-fortalecer-a-fe\/\"},\"wordCount\":602,\"articleSection\":[\"Reflex\u00e3o\"],\"inLanguage\":\"pt-BR\"},{\"@type\":\"WebPage\",\"@id\":\"http:\/\/salmosbiblicos.com.br\/index.php\/2026\/03\/29\/caminho-do-bem-como-afastar-o-mal-e-fortalecer-a-fe\/\",\"url\":\"http:\/\/salmosbiblicos.com.br\/index.php\/2026\/03\/29\/caminho-do-bem-como-afastar-o-mal-e-fortalecer-a-fe\/\",\"name\":\"Caminho do Bem: Como Afastar o Mal e Fortalecer a F\u00e9 - Salmos B\u00edblicos\",\"isPartOf\":{\"@id\":\"https:\/\/salmosbiblicos.com.br\/#website\"},\"datePublished\":\"2026-03-29T04:15:35+00:00\",\"author\":{\"@id\":\"https:\/\/salmosbiblicos.com.br\/#\/schema\/person\/30586d0fb3f3a46b78a3414fc39cc975\"},\"breadcrumb\":{\"@id\":\"http:\/\/salmosbiblicos.com.br\/index.php\/2026\/03\/29\/caminho-do-bem-como-afastar-o-mal-e-fortalecer-a-fe\/#breadcrumb\"},\"inLanguage\":\"pt-BR\",\"potentialAction\":[{\"@type\":\"ReadAction\",\"target\":[\"http:\/\/salmosbiblicos.com.br\/index.php\/2026\/03\/29\/caminho-do-bem-como-afastar-o-mal-e-fortalecer-a-fe\/\"]}]},{\"@type\":\"BreadcrumbList\",\"@id\":\"http:\/\/salmosbiblicos.com.br\/index.php\/2026\/03\/29\/caminho-do-bem-como-afastar-o-mal-e-fortalecer-a-fe\/#breadcrumb\",\"itemListElement\":[{\"@type\":\"ListItem\",\"position\":1,\"name\":\"Home\",\"item\":\"https:\/\/salmosbiblicos.com.br\/\"},{\"@type\":\"ListItem\",\"position\":2,\"name\":\"Caminho do Bem: Como Afastar o Mal e Fortalecer a F\u00e9\"}]},{\"@type\":\"WebSite\",\"@id\":\"https:\/\/salmosbiblicos.com.br\/#website\",\"url\":\"https:\/\/salmosbiblicos.com.br\/\",\"name\":\"Salmos B\u00edblicos\",\"description\":\"Uma e-Livraria com e-Books novos para voc\u00ea refletir.\",\"potentialAction\":[{\"@type\":\"SearchAction\",\"target\":{\"@type\":\"EntryPoint\",\"urlTemplate\":\"https:\/\/salmosbiblicos.com.br\/?s={search_term_string}\"},\"query-input\":{\"@type\":\"PropertyValueSpecification\",\"valueRequired\":true,\"valueName\":\"search_term_string\"}}],\"inLanguage\":\"pt-BR\"},{\"@type\":\"Person\",\"@id\":\"https:\/\/salmosbiblicos.com.br\/#\/schema\/person\/30586d0fb3f3a46b78a3414fc39cc975\",\"name\":\"alextreh@gmail.com\",\"image\":{\"@type\":\"ImageObject\",\"inLanguage\":\"pt-BR\",\"@id\":\"https:\/\/secure.gravatar.com\/avatar\/7cf84d31f581ec97b887c1039d478a7c293086896c84951a86753fb2c2af7527?s=96&d=mm&r=g\",\"url\":\"https:\/\/secure.gravatar.com\/avatar\/7cf84d31f581ec97b887c1039d478a7c293086896c84951a86753fb2c2af7527?s=96&d=mm&r=g\",\"contentUrl\":\"https:\/\/secure.gravatar.com\/avatar\/7cf84d31f581ec97b887c1039d478a7c293086896c84951a86753fb2c2af7527?s=96&d=mm&r=g\",\"caption\":\"alextreh@gmail.com\"},\"sameAs\":[\"http:\/\/salmosbiblicos.com.br\"],\"url\":\"http:\/\/salmosbiblicos.com.br\/index.php\/author\/alextrehgmail-com\/\"}]}<\/script>\n<!-- \/ Yoast SEO plugin. -->","yoast_head_json":{"title":"Caminho do Bem: Como Afastar o Mal e Fortalecer a F\u00e9 - Salmos B\u00edblicos","robots":{"index":"index","follow":"follow","max-snippet":"max-snippet:-1","max-image-preview":"max-image-preview:large","max-video-preview":"max-video-preview:-1"},"canonical":"http:\/\/salmosbiblicos.com.br\/index.php\/2026\/03\/29\/caminho-do-bem-como-afastar-o-mal-e-fortalecer-a-fe\/","og_locale":"pt_BR","og_type":"article","og_title":"Caminho do Bem: Como Afastar o Mal e Fortalecer a F\u00e9 - Salmos B\u00edblicos","og_description":"## O Caminho da Virtude: Afastando o Mal, Cultivando o Bem O cora\u00e7\u00e3o humano anseia por algo mais, por uma dire\u00e7\u00e3o que transcenda as sombras que nos cercam. N\u00e3o basta apenas evitar o erro; a verdadeira jornada reside na busca incessante do bem. **Afastar-se do mal \u00e9 apenas o primeiro passo em um caminho que [&hellip;]","og_url":"http:\/\/salmosbiblicos.com.br\/index.php\/2026\/03\/29\/caminho-do-bem-como-afastar-o-mal-e-fortalecer-a-fe\/","og_site_name":"Salmos B\u00edblicos","article_published_time":"2026-03-29T04:15:35+00:00","author":"alextreh@gmail.com","twitter_card":"summary_large_image","twitter_misc":{"Escrito por":"alextreh@gmail.com","Est. tempo de leitura":"3 minutos"},"schema":{"@context":"https:\/\/schema.org","@graph":[{"@type":"Article","@id":"http:\/\/salmosbiblicos.com.br\/index.php\/2026\/03\/29\/caminho-do-bem-como-afastar-o-mal-e-fortalecer-a-fe\/#article","isPartOf":{"@id":"http:\/\/salmosbiblicos.com.br\/index.php\/2026\/03\/29\/caminho-do-bem-como-afastar-o-mal-e-fortalecer-a-fe\/"},"author":{"name":"alextreh@gmail.com","@id":"https:\/\/salmosbiblicos.com.br\/#\/schema\/person\/30586d0fb3f3a46b78a3414fc39cc975"},"headline":"Caminho do Bem: Como Afastar o Mal e Fortalecer a F\u00e9","datePublished":"2026-03-29T04:15:35+00:00","mainEntityOfPage":{"@id":"http:\/\/salmosbiblicos.com.br\/index.php\/2026\/03\/29\/caminho-do-bem-como-afastar-o-mal-e-fortalecer-a-fe\/"},"wordCount":602,"articleSection":["Reflex\u00e3o"],"inLanguage":"pt-BR"},{"@type":"WebPage","@id":"http:\/\/salmosbiblicos.com.br\/index.php\/2026\/03\/29\/caminho-do-bem-como-afastar-o-mal-e-fortalecer-a-fe\/","url":"http:\/\/salmosbiblicos.com.br\/index.php\/2026\/03\/29\/caminho-do-bem-como-afastar-o-mal-e-fortalecer-a-fe\/","name":"Caminho do Bem: Como Afastar o Mal e Fortalecer a F\u00e9 - Salmos B\u00edblicos","isPartOf":{"@id":"https:\/\/salmosbiblicos.com.br\/#website"},"datePublished":"2026-03-29T04:15:35+00:00","author":{"@id":"https:\/\/salmosbiblicos.com.br\/#\/schema\/person\/30586d0fb3f3a46b78a3414fc39cc975"},"breadcrumb":{"@id":"http:\/\/salmosbiblicos.com.br\/index.php\/2026\/03\/29\/caminho-do-bem-como-afastar-o-mal-e-fortalecer-a-fe\/#breadcrumb"},"inLanguage":"pt-BR","potentialAction":[{"@type":"ReadAction","target":["http:\/\/salmosbiblicos.com.br\/index.php\/2026\/03\/29\/caminho-do-bem-como-afastar-o-mal-e-fortalecer-a-fe\/"]}]},{"@type":"BreadcrumbList","@id":"http:\/\/salmosbiblicos.com.br\/index.php\/2026\/03\/29\/caminho-do-bem-como-afastar-o-mal-e-fortalecer-a-fe\/#breadcrumb","itemListElement":[{"@type":"ListItem","position":1,"name":"Home","item":"https:\/\/salmosbiblicos.com.br\/"},{"@type":"ListItem","position":2,"name":"Caminho do Bem: Como Afastar o Mal e Fortalecer a F\u00e9"}]},{"@type":"WebSite","@id":"https:\/\/salmosbiblicos.com.br\/#website","url":"https:\/\/salmosbiblicos.com.br\/","name":"Salmos B\u00edblicos","description":"Uma e-Livraria com e-Books novos para voc\u00ea refletir.","potentialAction":[{"@type":"SearchAction","target":{"@type":"EntryPoint","urlTemplate":"https:\/\/salmosbiblicos.com.br\/?s={search_term_string}"},"query-input":{"@type":"PropertyValueSpecification","valueRequired":true,"valueName":"search_term_string"}}],"inLanguage":"pt-BR"},{"@type":"Person","@id":"https:\/\/salmosbiblicos.com.br\/#\/schema\/person\/30586d0fb3f3a46b78a3414fc39cc975","name":"alextreh@gmail.com","image":{"@type":"ImageObject","inLanguage":"pt-BR","@id":"https:\/\/secure.gravatar.com\/avatar\/7cf84d31f581ec97b887c1039d478a7c293086896c84951a86753fb2c2af7527?s=96&d=mm&r=g","url":"https:\/\/secure.gravatar.com\/avatar\/7cf84d31f581ec97b887c1039d478a7c293086896c84951a86753fb2c2af7527?s=96&d=mm&r=g","contentUrl":"https:\/\/secure.gravatar.com\/avatar\/7cf84d31f581ec97b887c1039d478a7c293086896c84951a86753fb2c2af7527?s=96&d=mm&r=g","caption":"alextreh@gmail.com"},"sameAs":["http:\/\/salmosbiblicos.com.br"],"url":"http:\/\/salmosbiblicos.com.br\/index.php\/author\/alextrehgmail-com\/"}]}},"_links":{"self":[{"href":"http:\/\/salmosbiblicos.com.br\/index.php\/wp-json\/wp\/v2\/posts\/5760","targetHints":{"allow":["GET"]}}],"collection":[{"href":"http:\/\/salmosbiblicos.com.br\/index.php\/wp-json\/wp\/v2\/posts"}],"about":[{"href":"http:\/\/salmosbiblicos.com.br\/index.php\/wp-json\/wp\/v2\/types\/post"}],"author":[{"embeddable":true,"href":"http:\/\/salmosbiblicos.com.br\/index.php\/wp-json\/wp\/v2\/users\/1"}],"replies":[{"embeddable":true,"href":"http:\/\/salmosbiblicos.com.br\/index.php\/wp-json\/wp\/v2\/comments?post=5760"}],"version-history":[{"count":1,"href":"http:\/\/salmosbiblicos.com.br\/index.php\/wp-json\/wp\/v2\/posts\/5760\/revisions"}],"predecessor-version":[{"id":5761,"href":"http:\/\/salmosbiblicos.com.br\/index.php\/wp-json\/wp\/v2\/posts\/5760\/revisions\/5761"}],"wp:attachment":[{"href":"http:\/\/salmosbiblicos.com.br\/index.php\/wp-json\/wp\/v2\/media?parent=5760"}],"wp:term":[{"taxonomy":"category","embeddable":true,"href":"http:\/\/salmosbiblicos.com.br\/index.php\/wp-json\/wp\/v2\/categories?post=5760"},{"taxonomy":"post_tag","embeddable":true,"href":"http:\/\/salmosbiblicos.com.br\/index.php\/wp-json\/wp\/v2\/tags?post=5760"}],"curies":[{"name":"wp","href":"https:\/\/api.w.org\/{rel}","templated":true}]}}