{"id":5788,"date":"2026-03-29T02:50:53","date_gmt":"2026-03-29T05:50:53","guid":{"rendered":"https:\/\/salmosbiblicos.com.br\/?p=5788"},"modified":"2026-03-29T02:50:53","modified_gmt":"2026-03-29T05:50:53","slug":"coracao-e-palavra-o-poder-da-essencia-que-habita-em-nos","status":"publish","type":"post","link":"http:\/\/salmosbiblicos.com.br\/index.php\/2026\/03\/29\/coracao-e-palavra-o-poder-da-essencia-que-habita-em-nos\/","title":{"rendered":"Cora\u00e7\u00e3o e Palavra: O Poder da Ess\u00eancia que Habita em N\u00f3s"},"content":{"rendered":"<p>## O Tesouro do Cora\u00e7\u00e3o e o Poder da Palavra<\/p>\n<p>A vastid\u00e3o do universo, a beleza da natureza, a complexidade do ser humano\u2026 tudo nos convida \u00e0 contempla\u00e7\u00e3o. Mas por onde devemos come\u00e7ar essa jornada? A resposta, por vezes simples, reside no nosso interior. **A boca fala do que o cora\u00e7\u00e3o est\u00e1 cheio.**<\/p>\n<p>Se a vida irradia de dentro para fora, como um farol, ent\u00e3o o que alimenta essa luz? Se o nosso cora\u00e7\u00e3o est\u00e1 imerso na presen\u00e7a do Divino, a ess\u00eancia da f\u00e9 transbordar\u00e1 em cada palavra, em cada a\u00e7\u00e3o. Caso contr\u00e1rio, a superficialidade do mundo invadir\u00e1 o nosso discurso e obscurecer\u00e1 o nosso caminho.<\/p>\n<p>### A \u00c1rvore e Seus Frutos<\/p>\n<p>O Evangelho nos apresenta uma imagem poderosa: a da \u00e1rvore e seus frutos. **&#8221;N\u00e3o existe \u00e1rvore boa que d\u00ea frutos ruins, nem \u00e1rvore ruim que d\u00ea frutos bons.&#8221;** Assim como uma \u00e1rvore saud\u00e1vel produz frutos saborosos, um cora\u00e7\u00e3o nutrido pela f\u00e9 emana palavras edificantes.<\/p>\n<p>N\u00e3o podemos esperar figos de um espinheiro, nem uvas de uma planta espinhosa. Da mesma forma, n\u00e3o podemos esperar que palavras de amor e esperan\u00e7a saiam de um cora\u00e7\u00e3o endurecido pela amargura e pelo ego\u00edsmo.<\/p>\n<p>### A Casa Sobre a Rocha<\/p>\n<p>A par\u00e1bola do homem que construiu a casa sobre a rocha nos ensina a import\u00e2ncia de colocar a f\u00e9 em pr\u00e1tica. Ouvir a Palavra \u00e9 essencial, mas n\u00e3o basta. **\u00c9 preciso agir de acordo com os ensinamentos recebidos.** Aqueles que fazem isso constroem alicerces s\u00f3lidos, que resistir\u00e3o \u00e0s tempestades da vida.<\/p>\n<p>Aqueles que ouvem, mas n\u00e3o praticam, erguem suas casas sobre a areia, fadadas ao desmoronamento. A f\u00e9 verdadeira se manifesta em obras de caridade, em gestos de bondade, em palavras de conforto e perd\u00e3o.<\/p>\n<p>### Guardando a Boca<\/p>\n<p>A sabedoria nos adverte: &#8220;Nenhuma palavra m\u00e1 saia da vossa boca; mas s\u00f3 a que for \u00fatil para edifica\u00e7\u00e3o.&#8221; Como podemos alcan\u00e7ar essa virtude? Cultivando a beleza do cora\u00e7\u00e3o. **O segredo reside em encher nosso interior de Cristo.**<\/p>\n<p>N\u00e3o devemos permitir que palavras destrutivas escapem de nossos l\u00e1bios. Que a nossa linguagem seja um instrumento de paz, de esperan\u00e7a, de amor. Que a nossa fala seja um eco da bondade e da verdade.<\/p>\n<p>### A Fonte de \u00c1gua Doce<\/p>\n<p>Da mesma boca podem sair b\u00ean\u00e7\u00e3os e maldi\u00e7\u00f5es. \u00c9 lament\u00e1vel que a mesma pessoa, em diferentes momentos, se deixe levar por sentimentos contradit\u00f3rios. **N\u00e3o conv\u00e9m que seja assim.**<\/p>\n<p>Assim como uma fonte n\u00e3o pode dar \u00e1gua doce e amarga ao mesmo tempo, n\u00f3s tamb\u00e9m devemos nos esfor\u00e7ar para que nossas palavras reflitam a pureza e a gra\u00e7a do Divino.<\/p>\n<p>### A Confiss\u00e3o da F\u00e9<\/p>\n<p>A f\u00e9 verdadeira se expressa atrav\u00e9s da palavra. **&#8221;Portanto, se com a tua boca confessares que Jesus \u00e9 o Senhor, e se no teu cora\u00e7\u00e3o creres que Deus o ressuscitou dos mortos, ser\u00e1s salvo.&#8221;**<\/p>\n<p>A nossa confiss\u00e3o de f\u00e9 deve ser acompanhada de um testemunho de vida, de um compromisso com os valores do Evangelho. A nossa boca deve anunciar a esperan\u00e7a que reside em nossos cora\u00e7\u00f5es.<\/p>\n<p>### Exalando Cristo<\/p>\n<p>Aquele que tem Cristo em si, irradia a Sua luz. N\u00e3o se trata de pregar incessantemente, mas de viver o Evangelho em cada situa\u00e7\u00e3o. **Deixar que Cristo se manifeste em nossas atitudes, em nossas palavras, em nossos gestos.**<\/p>\n<p>Que o nosso exemplo seja um convite \u00e0 f\u00e9, um farol para aqueles que se sentem perdidos, um b\u00e1lsamo para aqueles que sofrem. Que a nossa boca seja um instrumento de Deus, para a salva\u00e7\u00e3o do mundo.<\/p>\n","protected":false},"excerpt":{"rendered":"<p>## O Tesouro do Cora\u00e7\u00e3o e o Poder da Palavra A vastid\u00e3o do universo, a beleza da natureza, a complexidade do ser humano\u2026 tudo nos convida \u00e0 contempla\u00e7\u00e3o. Mas por onde devemos come\u00e7ar essa jornada? A resposta, por vezes simples, reside no nosso interior. **A boca fala do que o cora\u00e7\u00e3o est\u00e1 cheio.** Se a [&hellip;]<\/p>\n","protected":false},"author":1,"featured_media":0,"comment_status":"closed","ping_status":"open","sticky":false,"template":"","format":"standard","meta":{"footnotes":""},"categories":[14],"tags":[],"class_list":["post-5788","post","type-post","status-publish","format-standard","hentry","category-reflexao"],"yoast_head":"<!-- This site is optimized with the Yoast SEO plugin v27.2 - https:\/\/yoast.com\/product\/yoast-seo-wordpress\/ -->\n<title>Cora\u00e7\u00e3o e Palavra: O Poder da Ess\u00eancia que Habita em N\u00f3s - Salmos B\u00edblicos<\/title>\n<meta name=\"robots\" content=\"index, follow, max-snippet:-1, max-image-preview:large, max-video-preview:-1\" \/>\n<link rel=\"canonical\" href=\"http:\/\/salmosbiblicos.com.br\/index.php\/2026\/03\/29\/coracao-e-palavra-o-poder-da-essencia-que-habita-em-nos\/\" \/>\n<meta property=\"og:locale\" content=\"pt_BR\" \/>\n<meta property=\"og:type\" content=\"article\" \/>\n<meta property=\"og:title\" content=\"Cora\u00e7\u00e3o e Palavra: O Poder da Ess\u00eancia que Habita em N\u00f3s - Salmos B\u00edblicos\" \/>\n<meta property=\"og:description\" content=\"## O Tesouro do Cora\u00e7\u00e3o e o Poder da Palavra A vastid\u00e3o do universo, a beleza da natureza, a complexidade do ser humano\u2026 tudo nos convida \u00e0 contempla\u00e7\u00e3o. Mas por onde devemos come\u00e7ar essa jornada? A resposta, por vezes simples, reside no nosso interior. **A boca fala do que o cora\u00e7\u00e3o est\u00e1 cheio.** Se a [&hellip;]\" \/>\n<meta property=\"og:url\" content=\"http:\/\/salmosbiblicos.com.br\/index.php\/2026\/03\/29\/coracao-e-palavra-o-poder-da-essencia-que-habita-em-nos\/\" \/>\n<meta property=\"og:site_name\" content=\"Salmos B\u00edblicos\" \/>\n<meta property=\"article:published_time\" content=\"2026-03-29T05:50:53+00:00\" \/>\n<meta name=\"author\" content=\"alextreh@gmail.com\" \/>\n<meta name=\"twitter:card\" content=\"summary_large_image\" \/>\n<meta name=\"twitter:label1\" content=\"Escrito por\" \/>\n\t<meta name=\"twitter:data1\" content=\"alextreh@gmail.com\" \/>\n\t<meta name=\"twitter:label2\" content=\"Est. tempo de leitura\" \/>\n\t<meta name=\"twitter:data2\" content=\"3 minutos\" \/>\n<script type=\"application\/ld+json\" class=\"yoast-schema-graph\">{\"@context\":\"https:\/\/schema.org\",\"@graph\":[{\"@type\":\"Article\",\"@id\":\"http:\/\/salmosbiblicos.com.br\/index.php\/2026\/03\/29\/coracao-e-palavra-o-poder-da-essencia-que-habita-em-nos\/#article\",\"isPartOf\":{\"@id\":\"http:\/\/salmosbiblicos.com.br\/index.php\/2026\/03\/29\/coracao-e-palavra-o-poder-da-essencia-que-habita-em-nos\/\"},\"author\":{\"name\":\"alextreh@gmail.com\",\"@id\":\"https:\/\/salmosbiblicos.com.br\/#\/schema\/person\/30586d0fb3f3a46b78a3414fc39cc975\"},\"headline\":\"Cora\u00e7\u00e3o e Palavra: O Poder da Ess\u00eancia que Habita em N\u00f3s\",\"datePublished\":\"2026-03-29T05:50:53+00:00\",\"mainEntityOfPage\":{\"@id\":\"http:\/\/salmosbiblicos.com.br\/index.php\/2026\/03\/29\/coracao-e-palavra-o-poder-da-essencia-que-habita-em-nos\/\"},\"wordCount\":631,\"articleSection\":[\"Reflex\u00e3o\"],\"inLanguage\":\"pt-BR\"},{\"@type\":\"WebPage\",\"@id\":\"http:\/\/salmosbiblicos.com.br\/index.php\/2026\/03\/29\/coracao-e-palavra-o-poder-da-essencia-que-habita-em-nos\/\",\"url\":\"http:\/\/salmosbiblicos.com.br\/index.php\/2026\/03\/29\/coracao-e-palavra-o-poder-da-essencia-que-habita-em-nos\/\",\"name\":\"Cora\u00e7\u00e3o e Palavra: O Poder da Ess\u00eancia que Habita em N\u00f3s - Salmos B\u00edblicos\",\"isPartOf\":{\"@id\":\"https:\/\/salmosbiblicos.com.br\/#website\"},\"datePublished\":\"2026-03-29T05:50:53+00:00\",\"author\":{\"@id\":\"https:\/\/salmosbiblicos.com.br\/#\/schema\/person\/30586d0fb3f3a46b78a3414fc39cc975\"},\"breadcrumb\":{\"@id\":\"http:\/\/salmosbiblicos.com.br\/index.php\/2026\/03\/29\/coracao-e-palavra-o-poder-da-essencia-que-habita-em-nos\/#breadcrumb\"},\"inLanguage\":\"pt-BR\",\"potentialAction\":[{\"@type\":\"ReadAction\",\"target\":[\"http:\/\/salmosbiblicos.com.br\/index.php\/2026\/03\/29\/coracao-e-palavra-o-poder-da-essencia-que-habita-em-nos\/\"]}]},{\"@type\":\"BreadcrumbList\",\"@id\":\"http:\/\/salmosbiblicos.com.br\/index.php\/2026\/03\/29\/coracao-e-palavra-o-poder-da-essencia-que-habita-em-nos\/#breadcrumb\",\"itemListElement\":[{\"@type\":\"ListItem\",\"position\":1,\"name\":\"Home\",\"item\":\"https:\/\/salmosbiblicos.com.br\/\"},{\"@type\":\"ListItem\",\"position\":2,\"name\":\"Cora\u00e7\u00e3o e Palavra: O Poder da Ess\u00eancia que Habita em N\u00f3s\"}]},{\"@type\":\"WebSite\",\"@id\":\"https:\/\/salmosbiblicos.com.br\/#website\",\"url\":\"https:\/\/salmosbiblicos.com.br\/\",\"name\":\"Salmos B\u00edblicos\",\"description\":\"Uma e-Livraria com e-Books novos para voc\u00ea refletir.\",\"potentialAction\":[{\"@type\":\"SearchAction\",\"target\":{\"@type\":\"EntryPoint\",\"urlTemplate\":\"https:\/\/salmosbiblicos.com.br\/?s={search_term_string}\"},\"query-input\":{\"@type\":\"PropertyValueSpecification\",\"valueRequired\":true,\"valueName\":\"search_term_string\"}}],\"inLanguage\":\"pt-BR\"},{\"@type\":\"Person\",\"@id\":\"https:\/\/salmosbiblicos.com.br\/#\/schema\/person\/30586d0fb3f3a46b78a3414fc39cc975\",\"name\":\"alextreh@gmail.com\",\"image\":{\"@type\":\"ImageObject\",\"inLanguage\":\"pt-BR\",\"@id\":\"https:\/\/secure.gravatar.com\/avatar\/7cf84d31f581ec97b887c1039d478a7c293086896c84951a86753fb2c2af7527?s=96&d=mm&r=g\",\"url\":\"https:\/\/secure.gravatar.com\/avatar\/7cf84d31f581ec97b887c1039d478a7c293086896c84951a86753fb2c2af7527?s=96&d=mm&r=g\",\"contentUrl\":\"https:\/\/secure.gravatar.com\/avatar\/7cf84d31f581ec97b887c1039d478a7c293086896c84951a86753fb2c2af7527?s=96&d=mm&r=g\",\"caption\":\"alextreh@gmail.com\"},\"sameAs\":[\"http:\/\/salmosbiblicos.com.br\"],\"url\":\"http:\/\/salmosbiblicos.com.br\/index.php\/author\/alextrehgmail-com\/\"}]}<\/script>\n<!-- \/ Yoast SEO plugin. -->","yoast_head_json":{"title":"Cora\u00e7\u00e3o e Palavra: O Poder da Ess\u00eancia que Habita em N\u00f3s - Salmos B\u00edblicos","robots":{"index":"index","follow":"follow","max-snippet":"max-snippet:-1","max-image-preview":"max-image-preview:large","max-video-preview":"max-video-preview:-1"},"canonical":"http:\/\/salmosbiblicos.com.br\/index.php\/2026\/03\/29\/coracao-e-palavra-o-poder-da-essencia-que-habita-em-nos\/","og_locale":"pt_BR","og_type":"article","og_title":"Cora\u00e7\u00e3o e Palavra: O Poder da Ess\u00eancia que Habita em N\u00f3s - Salmos B\u00edblicos","og_description":"## O Tesouro do Cora\u00e7\u00e3o e o Poder da Palavra A vastid\u00e3o do universo, a beleza da natureza, a complexidade do ser humano\u2026 tudo nos convida \u00e0 contempla\u00e7\u00e3o. Mas por onde devemos come\u00e7ar essa jornada? A resposta, por vezes simples, reside no nosso interior. **A boca fala do que o cora\u00e7\u00e3o est\u00e1 cheio.** Se a [&hellip;]","og_url":"http:\/\/salmosbiblicos.com.br\/index.php\/2026\/03\/29\/coracao-e-palavra-o-poder-da-essencia-que-habita-em-nos\/","og_site_name":"Salmos B\u00edblicos","article_published_time":"2026-03-29T05:50:53+00:00","author":"alextreh@gmail.com","twitter_card":"summary_large_image","twitter_misc":{"Escrito por":"alextreh@gmail.com","Est. tempo de leitura":"3 minutos"},"schema":{"@context":"https:\/\/schema.org","@graph":[{"@type":"Article","@id":"http:\/\/salmosbiblicos.com.br\/index.php\/2026\/03\/29\/coracao-e-palavra-o-poder-da-essencia-que-habita-em-nos\/#article","isPartOf":{"@id":"http:\/\/salmosbiblicos.com.br\/index.php\/2026\/03\/29\/coracao-e-palavra-o-poder-da-essencia-que-habita-em-nos\/"},"author":{"name":"alextreh@gmail.com","@id":"https:\/\/salmosbiblicos.com.br\/#\/schema\/person\/30586d0fb3f3a46b78a3414fc39cc975"},"headline":"Cora\u00e7\u00e3o e Palavra: O Poder da Ess\u00eancia que Habita em N\u00f3s","datePublished":"2026-03-29T05:50:53+00:00","mainEntityOfPage":{"@id":"http:\/\/salmosbiblicos.com.br\/index.php\/2026\/03\/29\/coracao-e-palavra-o-poder-da-essencia-que-habita-em-nos\/"},"wordCount":631,"articleSection":["Reflex\u00e3o"],"inLanguage":"pt-BR"},{"@type":"WebPage","@id":"http:\/\/salmosbiblicos.com.br\/index.php\/2026\/03\/29\/coracao-e-palavra-o-poder-da-essencia-que-habita-em-nos\/","url":"http:\/\/salmosbiblicos.com.br\/index.php\/2026\/03\/29\/coracao-e-palavra-o-poder-da-essencia-que-habita-em-nos\/","name":"Cora\u00e7\u00e3o e Palavra: O Poder da Ess\u00eancia que Habita em N\u00f3s - Salmos B\u00edblicos","isPartOf":{"@id":"https:\/\/salmosbiblicos.com.br\/#website"},"datePublished":"2026-03-29T05:50:53+00:00","author":{"@id":"https:\/\/salmosbiblicos.com.br\/#\/schema\/person\/30586d0fb3f3a46b78a3414fc39cc975"},"breadcrumb":{"@id":"http:\/\/salmosbiblicos.com.br\/index.php\/2026\/03\/29\/coracao-e-palavra-o-poder-da-essencia-que-habita-em-nos\/#breadcrumb"},"inLanguage":"pt-BR","potentialAction":[{"@type":"ReadAction","target":["http:\/\/salmosbiblicos.com.br\/index.php\/2026\/03\/29\/coracao-e-palavra-o-poder-da-essencia-que-habita-em-nos\/"]}]},{"@type":"BreadcrumbList","@id":"http:\/\/salmosbiblicos.com.br\/index.php\/2026\/03\/29\/coracao-e-palavra-o-poder-da-essencia-que-habita-em-nos\/#breadcrumb","itemListElement":[{"@type":"ListItem","position":1,"name":"Home","item":"https:\/\/salmosbiblicos.com.br\/"},{"@type":"ListItem","position":2,"name":"Cora\u00e7\u00e3o e Palavra: O Poder da Ess\u00eancia que Habita em N\u00f3s"}]},{"@type":"WebSite","@id":"https:\/\/salmosbiblicos.com.br\/#website","url":"https:\/\/salmosbiblicos.com.br\/","name":"Salmos B\u00edblicos","description":"Uma e-Livraria com e-Books novos para voc\u00ea refletir.","potentialAction":[{"@type":"SearchAction","target":{"@type":"EntryPoint","urlTemplate":"https:\/\/salmosbiblicos.com.br\/?s={search_term_string}"},"query-input":{"@type":"PropertyValueSpecification","valueRequired":true,"valueName":"search_term_string"}}],"inLanguage":"pt-BR"},{"@type":"Person","@id":"https:\/\/salmosbiblicos.com.br\/#\/schema\/person\/30586d0fb3f3a46b78a3414fc39cc975","name":"alextreh@gmail.com","image":{"@type":"ImageObject","inLanguage":"pt-BR","@id":"https:\/\/secure.gravatar.com\/avatar\/7cf84d31f581ec97b887c1039d478a7c293086896c84951a86753fb2c2af7527?s=96&d=mm&r=g","url":"https:\/\/secure.gravatar.com\/avatar\/7cf84d31f581ec97b887c1039d478a7c293086896c84951a86753fb2c2af7527?s=96&d=mm&r=g","contentUrl":"https:\/\/secure.gravatar.com\/avatar\/7cf84d31f581ec97b887c1039d478a7c293086896c84951a86753fb2c2af7527?s=96&d=mm&r=g","caption":"alextreh@gmail.com"},"sameAs":["http:\/\/salmosbiblicos.com.br"],"url":"http:\/\/salmosbiblicos.com.br\/index.php\/author\/alextrehgmail-com\/"}]}},"_links":{"self":[{"href":"http:\/\/salmosbiblicos.com.br\/index.php\/wp-json\/wp\/v2\/posts\/5788","targetHints":{"allow":["GET"]}}],"collection":[{"href":"http:\/\/salmosbiblicos.com.br\/index.php\/wp-json\/wp\/v2\/posts"}],"about":[{"href":"http:\/\/salmosbiblicos.com.br\/index.php\/wp-json\/wp\/v2\/types\/post"}],"author":[{"embeddable":true,"href":"http:\/\/salmosbiblicos.com.br\/index.php\/wp-json\/wp\/v2\/users\/1"}],"replies":[{"embeddable":true,"href":"http:\/\/salmosbiblicos.com.br\/index.php\/wp-json\/wp\/v2\/comments?post=5788"}],"version-history":[{"count":1,"href":"http:\/\/salmosbiblicos.com.br\/index.php\/wp-json\/wp\/v2\/posts\/5788\/revisions"}],"predecessor-version":[{"id":5789,"href":"http:\/\/salmosbiblicos.com.br\/index.php\/wp-json\/wp\/v2\/posts\/5788\/revisions\/5789"}],"wp:attachment":[{"href":"http:\/\/salmosbiblicos.com.br\/index.php\/wp-json\/wp\/v2\/media?parent=5788"}],"wp:term":[{"taxonomy":"category","embeddable":true,"href":"http:\/\/salmosbiblicos.com.br\/index.php\/wp-json\/wp\/v2\/categories?post=5788"},{"taxonomy":"post_tag","embeddable":true,"href":"http:\/\/salmosbiblicos.com.br\/index.php\/wp-json\/wp\/v2\/tags?post=5788"}],"curies":[{"name":"wp","href":"https:\/\/api.w.org\/{rel}","templated":true}]}}