{"id":5850,"date":"2026-03-29T06:23:06","date_gmt":"2026-03-29T09:23:06","guid":{"rendered":"https:\/\/salmosbiblicos.com.br\/?p=5850"},"modified":"2026-03-29T06:23:06","modified_gmt":"2026-03-29T09:23:06","slug":"moises-no-monte-nebo-uma-jornada-de-fe-e-revelacao","status":"publish","type":"post","link":"http:\/\/salmosbiblicos.com.br\/index.php\/2026\/03\/29\/moises-no-monte-nebo-uma-jornada-de-fe-e-revelacao\/","title":{"rendered":"Mois\u00e9s no Monte Nebo: Uma Jornada de F\u00e9 e Revela\u00e7\u00e3o"},"content":{"rendered":"<p>## A Vis\u00e3o do Monte e a Comunh\u00e3o da Alma<\/p>\n<p>H\u00e1 momentos na jornada da vida em que alcan\u00e7amos um ponto alto, um lugar de clareza e perspectiva. \u00c9 como subir uma montanha, onde a vastid\u00e3o do mundo se revela aos nossos olhos. Mois\u00e9s, o grande l\u00edder do povo, experimentou isso ao subir ao Monte Nebo. Dele, contemplou a Terra Prometida, a terra que Deus havia jurado a seus ancestrais.<\/p>\n<p>### Uma Comunica\u00e7\u00e3o \u00cdntima<\/p>\n<p>A Escritura nos diz que Mois\u00e9s falava com Deus &#8220;face a face&#8221;. Esta imagem evoca uma intimidade profunda, uma conex\u00e3o direta que transcende a compreens\u00e3o humana. \u00c9 um privil\u00e9gio que poucos t\u00eam a gra\u00e7a de experimentar. Mas o que significa realmente &#8220;falar face a face&#8221; com o Divino?<\/p>\n<p>N\u00e3o se tratava de uma vis\u00e3o f\u00edsica, de contemplar a apar\u00eancia de Deus. A pr\u00f3pria Escritura nos adverte: &#8220;Ningu\u00e9m jamais viu a Deus&#8221;. Era um relacionamento de comunica\u00e7\u00e3o direta, um di\u00e1logo \u00edntimo que se dava em esp\u00edrito. Mois\u00e9s n\u00e3o precisava de intermedi\u00e1rios para se comunicar com o Criador.<\/p>\n<p>### O Deserto e a Renova\u00e7\u00e3o<\/p>\n<p>A jornada de Mois\u00e9s, assim como a nossa, foi marcada por desafios e perdas. Ao contemplar a terra que n\u00e3o poderia habitar, ele compreendeu a natureza transit\u00f3ria da vida terrena. Ele contemplou a terra prometida, uma alegoria da esperan\u00e7a que nos impulsiona, mesmo quando a realiza\u00e7\u00e3o plena parece distante.<\/p>\n<p>Assim como Jesus passou quarenta dias no deserto, em ora\u00e7\u00e3o e jejum, muitos de n\u00f3s s\u00e3o convidados a momentos de recolhimento, de dedica\u00e7\u00e3o. S\u00e3o tempos em que a alma se purifica, em que nos aproximamos do Divino. Ao nos entregarmos a esse processo, abrimos espa\u00e7o para que a gra\u00e7a divina se manifeste em nossas vidas.<\/p>\n<p>### A F\u00e9 que Transforma<\/p>\n<p>Mois\u00e9s viveu at\u00e9 os cento e vinte anos, sua vis\u00e3o e for\u00e7a intactas, um testemunho da b\u00ean\u00e7\u00e3o divina. Sua morte foi solene, com trinta dias de luto pelo povo. E, ao partir, deixou um legado: ningu\u00e9m jamais surgiu em Israel como um profeta como ele, a quem o Senhor conhecesse face a face.<\/p>\n<p>A sabedoria que Mois\u00e9s transmitiu a Josu\u00e9, seu sucessor, o preparou para a lideran\u00e7a. E essa sabedoria, essa f\u00e9, \u00e9 o que tamb\u00e9m nos \u00e9 transmitida de gera\u00e7\u00e3o em gera\u00e7\u00e3o.<\/p>\n<p>### Uma Perspectiva Celestial<\/p>\n<p>A Escritura nos lembra que a vis\u00e3o face a face de Deus \u00e9 reservada para aqueles que o contemplam no c\u00e9u. \u00c9 um chamado \u00e0 perseveran\u00e7a, \u00e0 esperan\u00e7a, \u00e0 f\u00e9 inabal\u00e1vel.<\/p>\n<p>Que possamos, cada um de n\u00f3s, buscar essa comunh\u00e3o \u00edntima, esse di\u00e1logo direto com o Divino, e que possamos um dia contemplar a Sua face em toda a Sua gl\u00f3ria. Que a esperan\u00e7a de uma vida eterna ilumine o nosso caminho.<\/p>\n","protected":false},"excerpt":{"rendered":"<p>## A Vis\u00e3o do Monte e a Comunh\u00e3o da Alma H\u00e1 momentos na jornada da vida em que alcan\u00e7amos um ponto alto, um lugar de clareza e perspectiva. \u00c9 como subir uma montanha, onde a vastid\u00e3o do mundo se revela aos nossos olhos. Mois\u00e9s, o grande l\u00edder do povo, experimentou isso ao subir ao Monte [&hellip;]<\/p>\n","protected":false},"author":1,"featured_media":0,"comment_status":"closed","ping_status":"open","sticky":false,"template":"","format":"standard","meta":{"footnotes":""},"categories":[14],"tags":[],"class_list":["post-5850","post","type-post","status-publish","format-standard","hentry","category-reflexao"],"yoast_head":"<!-- This site is optimized with the Yoast SEO plugin v27.2 - https:\/\/yoast.com\/product\/yoast-seo-wordpress\/ -->\n<title>Mois\u00e9s no Monte Nebo: Uma Jornada de F\u00e9 e Revela\u00e7\u00e3o - Salmos B\u00edblicos<\/title>\n<meta name=\"robots\" content=\"index, follow, max-snippet:-1, max-image-preview:large, max-video-preview:-1\" \/>\n<link rel=\"canonical\" href=\"http:\/\/salmosbiblicos.com.br\/index.php\/2026\/03\/29\/moises-no-monte-nebo-uma-jornada-de-fe-e-revelacao\/\" \/>\n<meta property=\"og:locale\" content=\"pt_BR\" \/>\n<meta property=\"og:type\" content=\"article\" \/>\n<meta property=\"og:title\" content=\"Mois\u00e9s no Monte Nebo: Uma Jornada de F\u00e9 e Revela\u00e7\u00e3o - Salmos B\u00edblicos\" \/>\n<meta property=\"og:description\" content=\"## A Vis\u00e3o do Monte e a Comunh\u00e3o da Alma H\u00e1 momentos na jornada da vida em que alcan\u00e7amos um ponto alto, um lugar de clareza e perspectiva. \u00c9 como subir uma montanha, onde a vastid\u00e3o do mundo se revela aos nossos olhos. Mois\u00e9s, o grande l\u00edder do povo, experimentou isso ao subir ao Monte [&hellip;]\" \/>\n<meta property=\"og:url\" content=\"http:\/\/salmosbiblicos.com.br\/index.php\/2026\/03\/29\/moises-no-monte-nebo-uma-jornada-de-fe-e-revelacao\/\" \/>\n<meta property=\"og:site_name\" content=\"Salmos B\u00edblicos\" \/>\n<meta property=\"article:published_time\" content=\"2026-03-29T09:23:06+00:00\" \/>\n<meta name=\"author\" content=\"alextreh@gmail.com\" \/>\n<meta name=\"twitter:card\" content=\"summary_large_image\" \/>\n<meta name=\"twitter:label1\" content=\"Escrito por\" \/>\n\t<meta name=\"twitter:data1\" content=\"alextreh@gmail.com\" \/>\n\t<meta name=\"twitter:label2\" content=\"Est. tempo de leitura\" \/>\n\t<meta name=\"twitter:data2\" content=\"2 minutos\" \/>\n<script type=\"application\/ld+json\" class=\"yoast-schema-graph\">{\"@context\":\"https:\/\/schema.org\",\"@graph\":[{\"@type\":\"Article\",\"@id\":\"http:\/\/salmosbiblicos.com.br\/index.php\/2026\/03\/29\/moises-no-monte-nebo-uma-jornada-de-fe-e-revelacao\/#article\",\"isPartOf\":{\"@id\":\"http:\/\/salmosbiblicos.com.br\/index.php\/2026\/03\/29\/moises-no-monte-nebo-uma-jornada-de-fe-e-revelacao\/\"},\"author\":{\"name\":\"alextreh@gmail.com\",\"@id\":\"https:\/\/salmosbiblicos.com.br\/#\/schema\/person\/30586d0fb3f3a46b78a3414fc39cc975\"},\"headline\":\"Mois\u00e9s no Monte Nebo: Uma Jornada de F\u00e9 e Revela\u00e7\u00e3o\",\"datePublished\":\"2026-03-29T09:23:06+00:00\",\"mainEntityOfPage\":{\"@id\":\"http:\/\/salmosbiblicos.com.br\/index.php\/2026\/03\/29\/moises-no-monte-nebo-uma-jornada-de-fe-e-revelacao\/\"},\"wordCount\":501,\"articleSection\":[\"Reflex\u00e3o\"],\"inLanguage\":\"pt-BR\"},{\"@type\":\"WebPage\",\"@id\":\"http:\/\/salmosbiblicos.com.br\/index.php\/2026\/03\/29\/moises-no-monte-nebo-uma-jornada-de-fe-e-revelacao\/\",\"url\":\"http:\/\/salmosbiblicos.com.br\/index.php\/2026\/03\/29\/moises-no-monte-nebo-uma-jornada-de-fe-e-revelacao\/\",\"name\":\"Mois\u00e9s no Monte Nebo: Uma Jornada de F\u00e9 e Revela\u00e7\u00e3o - Salmos B\u00edblicos\",\"isPartOf\":{\"@id\":\"https:\/\/salmosbiblicos.com.br\/#website\"},\"datePublished\":\"2026-03-29T09:23:06+00:00\",\"author\":{\"@id\":\"https:\/\/salmosbiblicos.com.br\/#\/schema\/person\/30586d0fb3f3a46b78a3414fc39cc975\"},\"breadcrumb\":{\"@id\":\"http:\/\/salmosbiblicos.com.br\/index.php\/2026\/03\/29\/moises-no-monte-nebo-uma-jornada-de-fe-e-revelacao\/#breadcrumb\"},\"inLanguage\":\"pt-BR\",\"potentialAction\":[{\"@type\":\"ReadAction\",\"target\":[\"http:\/\/salmosbiblicos.com.br\/index.php\/2026\/03\/29\/moises-no-monte-nebo-uma-jornada-de-fe-e-revelacao\/\"]}]},{\"@type\":\"BreadcrumbList\",\"@id\":\"http:\/\/salmosbiblicos.com.br\/index.php\/2026\/03\/29\/moises-no-monte-nebo-uma-jornada-de-fe-e-revelacao\/#breadcrumb\",\"itemListElement\":[{\"@type\":\"ListItem\",\"position\":1,\"name\":\"Home\",\"item\":\"https:\/\/salmosbiblicos.com.br\/\"},{\"@type\":\"ListItem\",\"position\":2,\"name\":\"Mois\u00e9s no Monte Nebo: Uma Jornada de F\u00e9 e Revela\u00e7\u00e3o\"}]},{\"@type\":\"WebSite\",\"@id\":\"https:\/\/salmosbiblicos.com.br\/#website\",\"url\":\"https:\/\/salmosbiblicos.com.br\/\",\"name\":\"Salmos B\u00edblicos\",\"description\":\"Uma e-Livraria com e-Books novos para voc\u00ea refletir.\",\"potentialAction\":[{\"@type\":\"SearchAction\",\"target\":{\"@type\":\"EntryPoint\",\"urlTemplate\":\"https:\/\/salmosbiblicos.com.br\/?s={search_term_string}\"},\"query-input\":{\"@type\":\"PropertyValueSpecification\",\"valueRequired\":true,\"valueName\":\"search_term_string\"}}],\"inLanguage\":\"pt-BR\"},{\"@type\":\"Person\",\"@id\":\"https:\/\/salmosbiblicos.com.br\/#\/schema\/person\/30586d0fb3f3a46b78a3414fc39cc975\",\"name\":\"alextreh@gmail.com\",\"image\":{\"@type\":\"ImageObject\",\"inLanguage\":\"pt-BR\",\"@id\":\"https:\/\/secure.gravatar.com\/avatar\/7cf84d31f581ec97b887c1039d478a7c293086896c84951a86753fb2c2af7527?s=96&d=mm&r=g\",\"url\":\"https:\/\/secure.gravatar.com\/avatar\/7cf84d31f581ec97b887c1039d478a7c293086896c84951a86753fb2c2af7527?s=96&d=mm&r=g\",\"contentUrl\":\"https:\/\/secure.gravatar.com\/avatar\/7cf84d31f581ec97b887c1039d478a7c293086896c84951a86753fb2c2af7527?s=96&d=mm&r=g\",\"caption\":\"alextreh@gmail.com\"},\"sameAs\":[\"http:\/\/salmosbiblicos.com.br\"],\"url\":\"http:\/\/salmosbiblicos.com.br\/index.php\/author\/alextrehgmail-com\/\"}]}<\/script>\n<!-- \/ Yoast SEO plugin. -->","yoast_head_json":{"title":"Mois\u00e9s no Monte Nebo: Uma Jornada de F\u00e9 e Revela\u00e7\u00e3o - Salmos B\u00edblicos","robots":{"index":"index","follow":"follow","max-snippet":"max-snippet:-1","max-image-preview":"max-image-preview:large","max-video-preview":"max-video-preview:-1"},"canonical":"http:\/\/salmosbiblicos.com.br\/index.php\/2026\/03\/29\/moises-no-monte-nebo-uma-jornada-de-fe-e-revelacao\/","og_locale":"pt_BR","og_type":"article","og_title":"Mois\u00e9s no Monte Nebo: Uma Jornada de F\u00e9 e Revela\u00e7\u00e3o - Salmos B\u00edblicos","og_description":"## A Vis\u00e3o do Monte e a Comunh\u00e3o da Alma H\u00e1 momentos na jornada da vida em que alcan\u00e7amos um ponto alto, um lugar de clareza e perspectiva. \u00c9 como subir uma montanha, onde a vastid\u00e3o do mundo se revela aos nossos olhos. Mois\u00e9s, o grande l\u00edder do povo, experimentou isso ao subir ao Monte [&hellip;]","og_url":"http:\/\/salmosbiblicos.com.br\/index.php\/2026\/03\/29\/moises-no-monte-nebo-uma-jornada-de-fe-e-revelacao\/","og_site_name":"Salmos B\u00edblicos","article_published_time":"2026-03-29T09:23:06+00:00","author":"alextreh@gmail.com","twitter_card":"summary_large_image","twitter_misc":{"Escrito por":"alextreh@gmail.com","Est. tempo de leitura":"2 minutos"},"schema":{"@context":"https:\/\/schema.org","@graph":[{"@type":"Article","@id":"http:\/\/salmosbiblicos.com.br\/index.php\/2026\/03\/29\/moises-no-monte-nebo-uma-jornada-de-fe-e-revelacao\/#article","isPartOf":{"@id":"http:\/\/salmosbiblicos.com.br\/index.php\/2026\/03\/29\/moises-no-monte-nebo-uma-jornada-de-fe-e-revelacao\/"},"author":{"name":"alextreh@gmail.com","@id":"https:\/\/salmosbiblicos.com.br\/#\/schema\/person\/30586d0fb3f3a46b78a3414fc39cc975"},"headline":"Mois\u00e9s no Monte Nebo: Uma Jornada de F\u00e9 e Revela\u00e7\u00e3o","datePublished":"2026-03-29T09:23:06+00:00","mainEntityOfPage":{"@id":"http:\/\/salmosbiblicos.com.br\/index.php\/2026\/03\/29\/moises-no-monte-nebo-uma-jornada-de-fe-e-revelacao\/"},"wordCount":501,"articleSection":["Reflex\u00e3o"],"inLanguage":"pt-BR"},{"@type":"WebPage","@id":"http:\/\/salmosbiblicos.com.br\/index.php\/2026\/03\/29\/moises-no-monte-nebo-uma-jornada-de-fe-e-revelacao\/","url":"http:\/\/salmosbiblicos.com.br\/index.php\/2026\/03\/29\/moises-no-monte-nebo-uma-jornada-de-fe-e-revelacao\/","name":"Mois\u00e9s no Monte Nebo: Uma Jornada de F\u00e9 e Revela\u00e7\u00e3o - Salmos B\u00edblicos","isPartOf":{"@id":"https:\/\/salmosbiblicos.com.br\/#website"},"datePublished":"2026-03-29T09:23:06+00:00","author":{"@id":"https:\/\/salmosbiblicos.com.br\/#\/schema\/person\/30586d0fb3f3a46b78a3414fc39cc975"},"breadcrumb":{"@id":"http:\/\/salmosbiblicos.com.br\/index.php\/2026\/03\/29\/moises-no-monte-nebo-uma-jornada-de-fe-e-revelacao\/#breadcrumb"},"inLanguage":"pt-BR","potentialAction":[{"@type":"ReadAction","target":["http:\/\/salmosbiblicos.com.br\/index.php\/2026\/03\/29\/moises-no-monte-nebo-uma-jornada-de-fe-e-revelacao\/"]}]},{"@type":"BreadcrumbList","@id":"http:\/\/salmosbiblicos.com.br\/index.php\/2026\/03\/29\/moises-no-monte-nebo-uma-jornada-de-fe-e-revelacao\/#breadcrumb","itemListElement":[{"@type":"ListItem","position":1,"name":"Home","item":"https:\/\/salmosbiblicos.com.br\/"},{"@type":"ListItem","position":2,"name":"Mois\u00e9s no Monte Nebo: Uma Jornada de F\u00e9 e Revela\u00e7\u00e3o"}]},{"@type":"WebSite","@id":"https:\/\/salmosbiblicos.com.br\/#website","url":"https:\/\/salmosbiblicos.com.br\/","name":"Salmos B\u00edblicos","description":"Uma e-Livraria com e-Books novos para voc\u00ea refletir.","potentialAction":[{"@type":"SearchAction","target":{"@type":"EntryPoint","urlTemplate":"https:\/\/salmosbiblicos.com.br\/?s={search_term_string}"},"query-input":{"@type":"PropertyValueSpecification","valueRequired":true,"valueName":"search_term_string"}}],"inLanguage":"pt-BR"},{"@type":"Person","@id":"https:\/\/salmosbiblicos.com.br\/#\/schema\/person\/30586d0fb3f3a46b78a3414fc39cc975","name":"alextreh@gmail.com","image":{"@type":"ImageObject","inLanguage":"pt-BR","@id":"https:\/\/secure.gravatar.com\/avatar\/7cf84d31f581ec97b887c1039d478a7c293086896c84951a86753fb2c2af7527?s=96&d=mm&r=g","url":"https:\/\/secure.gravatar.com\/avatar\/7cf84d31f581ec97b887c1039d478a7c293086896c84951a86753fb2c2af7527?s=96&d=mm&r=g","contentUrl":"https:\/\/secure.gravatar.com\/avatar\/7cf84d31f581ec97b887c1039d478a7c293086896c84951a86753fb2c2af7527?s=96&d=mm&r=g","caption":"alextreh@gmail.com"},"sameAs":["http:\/\/salmosbiblicos.com.br"],"url":"http:\/\/salmosbiblicos.com.br\/index.php\/author\/alextrehgmail-com\/"}]}},"_links":{"self":[{"href":"http:\/\/salmosbiblicos.com.br\/index.php\/wp-json\/wp\/v2\/posts\/5850","targetHints":{"allow":["GET"]}}],"collection":[{"href":"http:\/\/salmosbiblicos.com.br\/index.php\/wp-json\/wp\/v2\/posts"}],"about":[{"href":"http:\/\/salmosbiblicos.com.br\/index.php\/wp-json\/wp\/v2\/types\/post"}],"author":[{"embeddable":true,"href":"http:\/\/salmosbiblicos.com.br\/index.php\/wp-json\/wp\/v2\/users\/1"}],"replies":[{"embeddable":true,"href":"http:\/\/salmosbiblicos.com.br\/index.php\/wp-json\/wp\/v2\/comments?post=5850"}],"version-history":[{"count":1,"href":"http:\/\/salmosbiblicos.com.br\/index.php\/wp-json\/wp\/v2\/posts\/5850\/revisions"}],"predecessor-version":[{"id":5851,"href":"http:\/\/salmosbiblicos.com.br\/index.php\/wp-json\/wp\/v2\/posts\/5850\/revisions\/5851"}],"wp:attachment":[{"href":"http:\/\/salmosbiblicos.com.br\/index.php\/wp-json\/wp\/v2\/media?parent=5850"}],"wp:term":[{"taxonomy":"category","embeddable":true,"href":"http:\/\/salmosbiblicos.com.br\/index.php\/wp-json\/wp\/v2\/categories?post=5850"},{"taxonomy":"post_tag","embeddable":true,"href":"http:\/\/salmosbiblicos.com.br\/index.php\/wp-json\/wp\/v2\/tags?post=5850"}],"curies":[{"name":"wp","href":"https:\/\/api.w.org\/{rel}","templated":true}]}}