{"id":5910,"date":"2026-03-29T13:44:55","date_gmt":"2026-03-29T16:44:55","guid":{"rendered":"https:\/\/salmosbiblicos.com.br\/?p=5910"},"modified":"2026-03-29T13:44:55","modified_gmt":"2026-03-29T16:44:55","slug":"rejeicao-a-jesus-reflexoes-sobre-a-escolha-humana-e-a-fe","status":"publish","type":"post","link":"http:\/\/salmosbiblicos.com.br\/index.php\/2026\/03\/29\/rejeicao-a-jesus-reflexoes-sobre-a-escolha-humana-e-a-fe\/","title":{"rendered":"Rejei\u00e7\u00e3o a Jesus: Reflex\u00f5es Sobre a Escolha Humana e a F\u00e9"},"content":{"rendered":"<p>## A Rejei\u00e7\u00e3o da Luz: Quando o Mundo Expulsa Jesus<\/p>\n<p>H\u00e1 momentos em nossa jornada em que nos deparamos com a for\u00e7a da rejei\u00e7\u00e3o. Imaginem a cena: Jesus, a pr\u00f3pria ess\u00eancia da luz e da gra\u00e7a, sendo expulso de um lugar, de uma comunidade, de uma vida. A hist\u00f3ria nos revela que isso n\u00e3o foi um incidente isolado, mas uma realidade que ecoou atrav\u00e9s dos s\u00e9culos. Uma reflex\u00e3o profunda sobre como o mundo, por vezes, se volta contra a pr\u00f3pria fonte da esperan\u00e7a.<\/p>\n<p>### A Liberta\u00e7\u00e3o e a Rea\u00e7\u00e3o<\/p>\n<p>Em uma terra distante, onde a sombra do desespero pairava sobre os cora\u00e7\u00f5es atormentados, Jesus manifestou seu poder, libertando aqueles que estavam presos nas correntes da ang\u00fastia. A cura chegou, a paz retornou aos lares, e a esperan\u00e7a renasceu em meio ao sofrimento. <\/p>\n<p>Mas a liberta\u00e7\u00e3o, por vezes, provoca rea\u00e7\u00f5es inesperadas. O medo e a ignor\u00e2ncia podem gerar uma onda de rejei\u00e7\u00e3o, sufocando a chama da f\u00e9. A comunidade, inicialmente testemunha da bondade divina, clamou para que Ele se retirasse, como se a pr\u00f3pria presen\u00e7a da luz fosse um perigo a ser evitado.<\/p>\n<p>### A Escolha Humana: A Porta Interior<\/p>\n<p>A grande verdade que emerge dessa narrativa \u00e9 a de que cada um de n\u00f3s det\u00e9m o poder de escolher. Podemos abrir a porta de nossos cora\u00e7\u00f5es e permitir que a gra\u00e7a de Deus entre, iluminando os cantos mais escuros. Ou podemos, na nossa fragilidade, fechar essa porta, expulsando a pr\u00f3pria fonte da vida.<\/p>\n<p>Jesus respeita essa escolha. Ele n\u00e3o for\u00e7a a entrada, mas espera pacientemente que a porta seja aberta. A obedi\u00eancia divina se manifesta no respeito pela liberdade humana, mesmo quando essa liberdade se volta contra Ele.<\/p>\n<p>### A Persecu\u00e7\u00e3o e a Promessa<\/p>\n<p>Ao longo dos tempos, aqueles que se aproximam da luz divina enfrentam a oposi\u00e7\u00e3o do mundo. O \u00f3dio e a persegui\u00e7\u00e3o s\u00e3o, por vezes, a resposta daqueles que temem a transforma\u00e7\u00e3o que a f\u00e9 pode trazer.<\/p>\n<p>Mas Jesus nos assegura: a prova\u00e7\u00e3o que ele suportou nos fortalecer\u00e1. Se o mundo nos odeia, \u00e9 porque primeiro odiou a Ele. E em meio a essa tempestade, a promessa permanece: se abrirmos a porta, Ele entrar\u00e1, para jantar conosco e aben\u00e7oar nossa morada.<\/p>\n<p>### Um Convite \u00e0 Abertura<\/p>\n<p>Que a nossa resposta seja um clamor sincero: &#8220;Eu abro a casa, eu abro a minha vida para ti, Senhor.&#8221; Que a nossa f\u00e9 seja um farol, guiando aqueles que est\u00e3o perdidos na escurid\u00e3o. Que a nossa esperan\u00e7a seja um testemunho de que, mesmo diante da rejei\u00e7\u00e3o, a gra\u00e7a de Deus prevalece.<\/p>\n<p>Lembrem-se, a luz sempre encontra um caminho, mas depende de n\u00f3s criarmos a abertura para que ela possa brilhar. Que possamos ser instrumentos de esperan\u00e7a, para que a luz divina possa transformar o mundo ao nosso redor.<\/p>\n","protected":false},"excerpt":{"rendered":"<p>## A Rejei\u00e7\u00e3o da Luz: Quando o Mundo Expulsa Jesus H\u00e1 momentos em nossa jornada em que nos deparamos com a for\u00e7a da rejei\u00e7\u00e3o. Imaginem a cena: Jesus, a pr\u00f3pria ess\u00eancia da luz e da gra\u00e7a, sendo expulso de um lugar, de uma comunidade, de uma vida. A hist\u00f3ria nos revela que isso n\u00e3o foi [&hellip;]<\/p>\n","protected":false},"author":1,"featured_media":0,"comment_status":"closed","ping_status":"open","sticky":false,"template":"","format":"standard","meta":{"footnotes":""},"categories":[14],"tags":[],"class_list":["post-5910","post","type-post","status-publish","format-standard","hentry","category-reflexao"],"yoast_head":"<!-- This site is optimized with the Yoast SEO plugin v27.2 - https:\/\/yoast.com\/product\/yoast-seo-wordpress\/ -->\n<title>Rejei\u00e7\u00e3o a Jesus: Reflex\u00f5es Sobre a Escolha Humana e a F\u00e9 - Salmos B\u00edblicos<\/title>\n<meta name=\"robots\" content=\"index, follow, max-snippet:-1, max-image-preview:large, max-video-preview:-1\" \/>\n<link rel=\"canonical\" href=\"https:\/\/salmosbiblicos.com.br\/index.php\/2026\/03\/29\/rejeicao-a-jesus-reflexoes-sobre-a-escolha-humana-e-a-fe\/\" \/>\n<meta property=\"og:locale\" content=\"pt_BR\" \/>\n<meta property=\"og:type\" content=\"article\" \/>\n<meta property=\"og:title\" content=\"Rejei\u00e7\u00e3o a Jesus: Reflex\u00f5es Sobre a Escolha Humana e a F\u00e9 - Salmos B\u00edblicos\" \/>\n<meta property=\"og:description\" content=\"## A Rejei\u00e7\u00e3o da Luz: Quando o Mundo Expulsa Jesus H\u00e1 momentos em nossa jornada em que nos deparamos com a for\u00e7a da rejei\u00e7\u00e3o. Imaginem a cena: Jesus, a pr\u00f3pria ess\u00eancia da luz e da gra\u00e7a, sendo expulso de um lugar, de uma comunidade, de uma vida. A hist\u00f3ria nos revela que isso n\u00e3o foi [&hellip;]\" \/>\n<meta property=\"og:url\" content=\"https:\/\/salmosbiblicos.com.br\/index.php\/2026\/03\/29\/rejeicao-a-jesus-reflexoes-sobre-a-escolha-humana-e-a-fe\/\" \/>\n<meta property=\"og:site_name\" content=\"Salmos B\u00edblicos\" \/>\n<meta property=\"article:published_time\" content=\"2026-03-29T16:44:55+00:00\" \/>\n<meta name=\"author\" content=\"alextreh@gmail.com\" \/>\n<meta name=\"twitter:card\" content=\"summary_large_image\" \/>\n<meta name=\"twitter:label1\" content=\"Escrito por\" \/>\n\t<meta name=\"twitter:data1\" content=\"alextreh@gmail.com\" \/>\n\t<meta name=\"twitter:label2\" content=\"Est. tempo de leitura\" \/>\n\t<meta name=\"twitter:data2\" content=\"2 minutos\" \/>\n<script type=\"application\/ld+json\" class=\"yoast-schema-graph\">{\"@context\":\"https:\/\/schema.org\",\"@graph\":[{\"@type\":\"Article\",\"@id\":\"https:\/\/salmosbiblicos.com.br\/index.php\/2026\/03\/29\/rejeicao-a-jesus-reflexoes-sobre-a-escolha-humana-e-a-fe\/#article\",\"isPartOf\":{\"@id\":\"https:\/\/salmosbiblicos.com.br\/index.php\/2026\/03\/29\/rejeicao-a-jesus-reflexoes-sobre-a-escolha-humana-e-a-fe\/\"},\"author\":{\"name\":\"alextreh@gmail.com\",\"@id\":\"https:\/\/salmosbiblicos.com.br\/#\/schema\/person\/30586d0fb3f3a46b78a3414fc39cc975\"},\"headline\":\"Rejei\u00e7\u00e3o a Jesus: Reflex\u00f5es Sobre a Escolha Humana e a F\u00e9\",\"datePublished\":\"2026-03-29T16:44:55+00:00\",\"mainEntityOfPage\":{\"@id\":\"https:\/\/salmosbiblicos.com.br\/index.php\/2026\/03\/29\/rejeicao-a-jesus-reflexoes-sobre-a-escolha-humana-e-a-fe\/\"},\"wordCount\":509,\"articleSection\":[\"Reflex\u00e3o\"],\"inLanguage\":\"pt-BR\"},{\"@type\":\"WebPage\",\"@id\":\"https:\/\/salmosbiblicos.com.br\/index.php\/2026\/03\/29\/rejeicao-a-jesus-reflexoes-sobre-a-escolha-humana-e-a-fe\/\",\"url\":\"https:\/\/salmosbiblicos.com.br\/index.php\/2026\/03\/29\/rejeicao-a-jesus-reflexoes-sobre-a-escolha-humana-e-a-fe\/\",\"name\":\"Rejei\u00e7\u00e3o a Jesus: Reflex\u00f5es Sobre a Escolha Humana e a F\u00e9 - Salmos B\u00edblicos\",\"isPartOf\":{\"@id\":\"https:\/\/salmosbiblicos.com.br\/#website\"},\"datePublished\":\"2026-03-29T16:44:55+00:00\",\"author\":{\"@id\":\"https:\/\/salmosbiblicos.com.br\/#\/schema\/person\/30586d0fb3f3a46b78a3414fc39cc975\"},\"breadcrumb\":{\"@id\":\"https:\/\/salmosbiblicos.com.br\/index.php\/2026\/03\/29\/rejeicao-a-jesus-reflexoes-sobre-a-escolha-humana-e-a-fe\/#breadcrumb\"},\"inLanguage\":\"pt-BR\",\"potentialAction\":[{\"@type\":\"ReadAction\",\"target\":[\"https:\/\/salmosbiblicos.com.br\/index.php\/2026\/03\/29\/rejeicao-a-jesus-reflexoes-sobre-a-escolha-humana-e-a-fe\/\"]}]},{\"@type\":\"BreadcrumbList\",\"@id\":\"https:\/\/salmosbiblicos.com.br\/index.php\/2026\/03\/29\/rejeicao-a-jesus-reflexoes-sobre-a-escolha-humana-e-a-fe\/#breadcrumb\",\"itemListElement\":[{\"@type\":\"ListItem\",\"position\":1,\"name\":\"Home\",\"item\":\"https:\/\/salmosbiblicos.com.br\/\"},{\"@type\":\"ListItem\",\"position\":2,\"name\":\"Rejei\u00e7\u00e3o a Jesus: Reflex\u00f5es Sobre a Escolha Humana e a F\u00e9\"}]},{\"@type\":\"WebSite\",\"@id\":\"https:\/\/salmosbiblicos.com.br\/#website\",\"url\":\"https:\/\/salmosbiblicos.com.br\/\",\"name\":\"Salmos B\u00edblicos\",\"description\":\"Uma e-Livraria com e-Books novos para voc\u00ea refletir.\",\"potentialAction\":[{\"@type\":\"SearchAction\",\"target\":{\"@type\":\"EntryPoint\",\"urlTemplate\":\"https:\/\/salmosbiblicos.com.br\/?s={search_term_string}\"},\"query-input\":{\"@type\":\"PropertyValueSpecification\",\"valueRequired\":true,\"valueName\":\"search_term_string\"}}],\"inLanguage\":\"pt-BR\"},{\"@type\":\"Person\",\"@id\":\"https:\/\/salmosbiblicos.com.br\/#\/schema\/person\/30586d0fb3f3a46b78a3414fc39cc975\",\"name\":\"alextreh@gmail.com\",\"image\":{\"@type\":\"ImageObject\",\"inLanguage\":\"pt-BR\",\"@id\":\"https:\/\/secure.gravatar.com\/avatar\/7cf84d31f581ec97b887c1039d478a7c293086896c84951a86753fb2c2af7527?s=96&d=mm&r=g\",\"url\":\"https:\/\/secure.gravatar.com\/avatar\/7cf84d31f581ec97b887c1039d478a7c293086896c84951a86753fb2c2af7527?s=96&d=mm&r=g\",\"contentUrl\":\"https:\/\/secure.gravatar.com\/avatar\/7cf84d31f581ec97b887c1039d478a7c293086896c84951a86753fb2c2af7527?s=96&d=mm&r=g\",\"caption\":\"alextreh@gmail.com\"},\"sameAs\":[\"http:\/\/salmosbiblicos.com.br\"],\"url\":\"http:\/\/salmosbiblicos.com.br\/index.php\/author\/alextrehgmail-com\/\"}]}<\/script>\n<!-- \/ Yoast SEO plugin. -->","yoast_head_json":{"title":"Rejei\u00e7\u00e3o a Jesus: Reflex\u00f5es Sobre a Escolha Humana e a F\u00e9 - Salmos B\u00edblicos","robots":{"index":"index","follow":"follow","max-snippet":"max-snippet:-1","max-image-preview":"max-image-preview:large","max-video-preview":"max-video-preview:-1"},"canonical":"https:\/\/salmosbiblicos.com.br\/index.php\/2026\/03\/29\/rejeicao-a-jesus-reflexoes-sobre-a-escolha-humana-e-a-fe\/","og_locale":"pt_BR","og_type":"article","og_title":"Rejei\u00e7\u00e3o a Jesus: Reflex\u00f5es Sobre a Escolha Humana e a F\u00e9 - Salmos B\u00edblicos","og_description":"## A Rejei\u00e7\u00e3o da Luz: Quando o Mundo Expulsa Jesus H\u00e1 momentos em nossa jornada em que nos deparamos com a for\u00e7a da rejei\u00e7\u00e3o. Imaginem a cena: Jesus, a pr\u00f3pria ess\u00eancia da luz e da gra\u00e7a, sendo expulso de um lugar, de uma comunidade, de uma vida. A hist\u00f3ria nos revela que isso n\u00e3o foi [&hellip;]","og_url":"https:\/\/salmosbiblicos.com.br\/index.php\/2026\/03\/29\/rejeicao-a-jesus-reflexoes-sobre-a-escolha-humana-e-a-fe\/","og_site_name":"Salmos B\u00edblicos","article_published_time":"2026-03-29T16:44:55+00:00","author":"alextreh@gmail.com","twitter_card":"summary_large_image","twitter_misc":{"Escrito por":"alextreh@gmail.com","Est. tempo de leitura":"2 minutos"},"schema":{"@context":"https:\/\/schema.org","@graph":[{"@type":"Article","@id":"https:\/\/salmosbiblicos.com.br\/index.php\/2026\/03\/29\/rejeicao-a-jesus-reflexoes-sobre-a-escolha-humana-e-a-fe\/#article","isPartOf":{"@id":"https:\/\/salmosbiblicos.com.br\/index.php\/2026\/03\/29\/rejeicao-a-jesus-reflexoes-sobre-a-escolha-humana-e-a-fe\/"},"author":{"name":"alextreh@gmail.com","@id":"https:\/\/salmosbiblicos.com.br\/#\/schema\/person\/30586d0fb3f3a46b78a3414fc39cc975"},"headline":"Rejei\u00e7\u00e3o a Jesus: Reflex\u00f5es Sobre a Escolha Humana e a F\u00e9","datePublished":"2026-03-29T16:44:55+00:00","mainEntityOfPage":{"@id":"https:\/\/salmosbiblicos.com.br\/index.php\/2026\/03\/29\/rejeicao-a-jesus-reflexoes-sobre-a-escolha-humana-e-a-fe\/"},"wordCount":509,"articleSection":["Reflex\u00e3o"],"inLanguage":"pt-BR"},{"@type":"WebPage","@id":"https:\/\/salmosbiblicos.com.br\/index.php\/2026\/03\/29\/rejeicao-a-jesus-reflexoes-sobre-a-escolha-humana-e-a-fe\/","url":"https:\/\/salmosbiblicos.com.br\/index.php\/2026\/03\/29\/rejeicao-a-jesus-reflexoes-sobre-a-escolha-humana-e-a-fe\/","name":"Rejei\u00e7\u00e3o a Jesus: Reflex\u00f5es Sobre a Escolha Humana e a F\u00e9 - Salmos B\u00edblicos","isPartOf":{"@id":"https:\/\/salmosbiblicos.com.br\/#website"},"datePublished":"2026-03-29T16:44:55+00:00","author":{"@id":"https:\/\/salmosbiblicos.com.br\/#\/schema\/person\/30586d0fb3f3a46b78a3414fc39cc975"},"breadcrumb":{"@id":"https:\/\/salmosbiblicos.com.br\/index.php\/2026\/03\/29\/rejeicao-a-jesus-reflexoes-sobre-a-escolha-humana-e-a-fe\/#breadcrumb"},"inLanguage":"pt-BR","potentialAction":[{"@type":"ReadAction","target":["https:\/\/salmosbiblicos.com.br\/index.php\/2026\/03\/29\/rejeicao-a-jesus-reflexoes-sobre-a-escolha-humana-e-a-fe\/"]}]},{"@type":"BreadcrumbList","@id":"https:\/\/salmosbiblicos.com.br\/index.php\/2026\/03\/29\/rejeicao-a-jesus-reflexoes-sobre-a-escolha-humana-e-a-fe\/#breadcrumb","itemListElement":[{"@type":"ListItem","position":1,"name":"Home","item":"https:\/\/salmosbiblicos.com.br\/"},{"@type":"ListItem","position":2,"name":"Rejei\u00e7\u00e3o a Jesus: Reflex\u00f5es Sobre a Escolha Humana e a F\u00e9"}]},{"@type":"WebSite","@id":"https:\/\/salmosbiblicos.com.br\/#website","url":"https:\/\/salmosbiblicos.com.br\/","name":"Salmos B\u00edblicos","description":"Uma e-Livraria com e-Books novos para voc\u00ea refletir.","potentialAction":[{"@type":"SearchAction","target":{"@type":"EntryPoint","urlTemplate":"https:\/\/salmosbiblicos.com.br\/?s={search_term_string}"},"query-input":{"@type":"PropertyValueSpecification","valueRequired":true,"valueName":"search_term_string"}}],"inLanguage":"pt-BR"},{"@type":"Person","@id":"https:\/\/salmosbiblicos.com.br\/#\/schema\/person\/30586d0fb3f3a46b78a3414fc39cc975","name":"alextreh@gmail.com","image":{"@type":"ImageObject","inLanguage":"pt-BR","@id":"https:\/\/secure.gravatar.com\/avatar\/7cf84d31f581ec97b887c1039d478a7c293086896c84951a86753fb2c2af7527?s=96&d=mm&r=g","url":"https:\/\/secure.gravatar.com\/avatar\/7cf84d31f581ec97b887c1039d478a7c293086896c84951a86753fb2c2af7527?s=96&d=mm&r=g","contentUrl":"https:\/\/secure.gravatar.com\/avatar\/7cf84d31f581ec97b887c1039d478a7c293086896c84951a86753fb2c2af7527?s=96&d=mm&r=g","caption":"alextreh@gmail.com"},"sameAs":["http:\/\/salmosbiblicos.com.br"],"url":"http:\/\/salmosbiblicos.com.br\/index.php\/author\/alextrehgmail-com\/"}]}},"_links":{"self":[{"href":"http:\/\/salmosbiblicos.com.br\/index.php\/wp-json\/wp\/v2\/posts\/5910","targetHints":{"allow":["GET"]}}],"collection":[{"href":"http:\/\/salmosbiblicos.com.br\/index.php\/wp-json\/wp\/v2\/posts"}],"about":[{"href":"http:\/\/salmosbiblicos.com.br\/index.php\/wp-json\/wp\/v2\/types\/post"}],"author":[{"embeddable":true,"href":"http:\/\/salmosbiblicos.com.br\/index.php\/wp-json\/wp\/v2\/users\/1"}],"replies":[{"embeddable":true,"href":"http:\/\/salmosbiblicos.com.br\/index.php\/wp-json\/wp\/v2\/comments?post=5910"}],"version-history":[{"count":1,"href":"http:\/\/salmosbiblicos.com.br\/index.php\/wp-json\/wp\/v2\/posts\/5910\/revisions"}],"predecessor-version":[{"id":5911,"href":"http:\/\/salmosbiblicos.com.br\/index.php\/wp-json\/wp\/v2\/posts\/5910\/revisions\/5911"}],"wp:attachment":[{"href":"http:\/\/salmosbiblicos.com.br\/index.php\/wp-json\/wp\/v2\/media?parent=5910"}],"wp:term":[{"taxonomy":"category","embeddable":true,"href":"http:\/\/salmosbiblicos.com.br\/index.php\/wp-json\/wp\/v2\/categories?post=5910"},{"taxonomy":"post_tag","embeddable":true,"href":"http:\/\/salmosbiblicos.com.br\/index.php\/wp-json\/wp\/v2\/tags?post=5910"}],"curies":[{"name":"wp","href":"https:\/\/api.w.org\/{rel}","templated":true}]}}