{"id":5942,"date":"2026-03-29T15:35:00","date_gmt":"2026-03-29T18:35:00","guid":{"rendered":"https:\/\/salmosbiblicos.com.br\/?p=5942"},"modified":"2026-03-29T15:35:00","modified_gmt":"2026-03-29T18:35:00","slug":"o-preco-da-fe-licoes-da-vida-e-ministerio-de-paulo","status":"publish","type":"post","link":"http:\/\/salmosbiblicos.com.br\/index.php\/2026\/03\/29\/o-preco-da-fe-licoes-da-vida-e-ministerio-de-paulo\/","title":{"rendered":"O Pre\u00e7o da F\u00e9: Li\u00e7\u00f5es da Vida e Minist\u00e9rio de Paulo"},"content":{"rendered":"<p>## O Alto Custo da F\u00e9<\/p>\n<p>Quantos de n\u00f3s se deixam levar pela ilus\u00e3o de que a vida crist\u00e3 \u00e9 um caminho de facilidades e alegrias constantes? \u00c9 f\u00e1cil admirar aqueles que parecem brilhar na f\u00e9, mas poucos refletem sobre as prova\u00e7\u00f5es que esses mesmos indiv\u00edduos enfrentam para alcan\u00e7ar a maturidade espiritual. Hoje, contemplemos a vida de um gigante da f\u00e9, um dos maiores pregadores que o mundo j\u00e1 viu: o ap\u00f3stolo Paulo. Sua hist\u00f3ria nos revela a verdade de que o minist\u00e9rio de Cristo exige um pre\u00e7o elevado.<\/p>\n<p>### O Chamado \u00e0 Colabora\u00e7\u00e3o<\/p>\n<p>Paulo nos exorta, em suas cartas, a n\u00e3o negligenciarmos a gra\u00e7a divina. Ele nos lembra: &#8220;No momento favor\u00e1vel eu te ouvi, no dia da salva\u00e7\u00e3o eu te socorri. \u00c9 agora o momento favor\u00e1vel, \u00e9 agora o dia da salva\u00e7\u00e3o.&#8221; Que possamos, portanto, viver em sintonia com esse chamado, evitando qualquer atitude que possa desacreditar a mensagem que carregamos.<\/p>\n<p>### As Realidades do Minist\u00e9rio<\/p>\n<p>O minist\u00e9rio, em sua ess\u00eancia, exige caracter\u00edsticas que v\u00e3o al\u00e9m do entusiasmo superficial. Paulo nos apresenta um perfil de perseveran\u00e7a, um retrato de quem est\u00e1 disposto a enfrentar as dificuldades que surgem no caminho da f\u00e9. O minist\u00e9rio exige:<\/p>\n<p>*   **Paci\u00eancia**: A jornada espiritual \u00e9 longa e repleta de desafios. A paci\u00eancia \u00e9 a virtude que nos sustenta em meio \u00e0s prova\u00e7\u00f5es.<br \/>*   **Tribula\u00e7\u00f5es**: A vida do crente n\u00e3o est\u00e1 isenta de sofrimento. Pelo contr\u00e1rio, o caminho de Cristo muitas vezes nos leva a enfrentar adversidades e dores.<br \/>*   **Necessidades**: A escassez e a priva\u00e7\u00e3o podem fazer parte da nossa experi\u00eancia, mas a f\u00e9 nos sustenta e nos lembra que a verdadeira riqueza reside em Cristo.<br \/>*   **Ang\u00fastias**: A vida nos apresenta momentos de grande afli\u00e7\u00e3o, mas a esperan\u00e7a em Deus nos d\u00e1 for\u00e7a para seguir em frente.<br \/>*   **A\u00e7oitamentos**: Em tempos de persegui\u00e7\u00e3o, a f\u00e9 pode ser testada com viol\u00eancia e sofrimento.<br \/>*   **Pris\u00f5es**: A defesa da verdade pode nos levar a enfrentar a injusti\u00e7a e a perda da liberdade.<br \/>*   **Tumultos**: A prega\u00e7\u00e3o do evangelho pode gerar conflitos e oposi\u00e7\u00e3o.<br \/>*   **Fadigas**: O servi\u00e7o a Deus exige dedica\u00e7\u00e3o e esfor\u00e7o, que podem nos levar ao cansa\u00e7o f\u00edsico e espiritual.<br \/>*   **Ins\u00f4nias**: A preocupa\u00e7\u00e3o com as almas e a busca pela vontade de Deus podem nos roubar o sono.<\/p>\n<p>### Um Legado de Sacrif\u00edcio<\/p>\n<p>A grandiosidade de Paulo reside justamente em sua disposi\u00e7\u00e3o de pagar esse pre\u00e7o. Ele se abstiu de prazeres terrenos, viveu em castidade, demonstrou longanimidade, bondade e amor sincero. Seus atos eram guiados pelo Esp\u00edrito Santo e fortalecidos por armas de justi\u00e7a.<\/p>\n<p>### Desapego e Alegria<\/p>\n<p>Paulo nos ensina a viver em aparente contradi\u00e7\u00e3o: como quem nada possui, mas que, na verdade, tem tudo em Cristo. Como aflitos, mas sempre alegres. Essa \u00e9 a ess\u00eancia da f\u00e9: encontrar a plenitude em meio \u00e0 falta, a esperan\u00e7a em meio ao sofrimento.<\/p>\n<p>### O Pre\u00e7o da F\u00e9<\/p>\n<p>A verdadeira alegria n\u00e3o se encontra nos bens materiais, no sucesso mundano ou na busca incessante por prazeres passageiros. Ela reside na entrega a Cristo, no compromisso de seguir seus passos, mesmo quando o caminho \u00e9 \u00e1rduo. <\/p>\n<p>**Que possamos, cada um de n\u00f3s, refletir sobre o pre\u00e7o que estamos dispostos a pagar para ser seguidores de Cristo.** O tamanho do pre\u00e7o que queremos pagar \u00e9 o tamanho do nosso testemunho, a medida do nosso impacto no mundo. Que a hist\u00f3ria de Paulo nos inspire a perseverar na f\u00e9, a enfrentar as prova\u00e7\u00f5es com coragem e a irradiar a luz de Cristo para todos aqueles que cruzam o nosso caminho.<\/p>\n","protected":false},"excerpt":{"rendered":"<p>## O Alto Custo da F\u00e9 Quantos de n\u00f3s se deixam levar pela ilus\u00e3o de que a vida crist\u00e3 \u00e9 um caminho de facilidades e alegrias constantes? \u00c9 f\u00e1cil admirar aqueles que parecem brilhar na f\u00e9, mas poucos refletem sobre as prova\u00e7\u00f5es que esses mesmos indiv\u00edduos enfrentam para alcan\u00e7ar a maturidade espiritual. Hoje, contemplemos a [&hellip;]<\/p>\n","protected":false},"author":1,"featured_media":0,"comment_status":"closed","ping_status":"open","sticky":false,"template":"","format":"standard","meta":{"footnotes":""},"categories":[14],"tags":[],"class_list":["post-5942","post","type-post","status-publish","format-standard","hentry","category-reflexao"],"yoast_head":"<!-- This site is optimized with the Yoast SEO plugin v27.2 - https:\/\/yoast.com\/product\/yoast-seo-wordpress\/ -->\n<title>O Pre\u00e7o da F\u00e9: Li\u00e7\u00f5es da Vida e Minist\u00e9rio de Paulo - Salmos B\u00edblicos<\/title>\n<meta name=\"robots\" content=\"index, follow, max-snippet:-1, max-image-preview:large, max-video-preview:-1\" \/>\n<link rel=\"canonical\" href=\"http:\/\/salmosbiblicos.com.br\/index.php\/2026\/03\/29\/o-preco-da-fe-licoes-da-vida-e-ministerio-de-paulo\/\" \/>\n<meta property=\"og:locale\" content=\"pt_BR\" \/>\n<meta property=\"og:type\" content=\"article\" \/>\n<meta property=\"og:title\" content=\"O Pre\u00e7o da F\u00e9: Li\u00e7\u00f5es da Vida e Minist\u00e9rio de Paulo - Salmos B\u00edblicos\" \/>\n<meta property=\"og:description\" content=\"## O Alto Custo da F\u00e9 Quantos de n\u00f3s se deixam levar pela ilus\u00e3o de que a vida crist\u00e3 \u00e9 um caminho de facilidades e alegrias constantes? \u00c9 f\u00e1cil admirar aqueles que parecem brilhar na f\u00e9, mas poucos refletem sobre as prova\u00e7\u00f5es que esses mesmos indiv\u00edduos enfrentam para alcan\u00e7ar a maturidade espiritual. Hoje, contemplemos a [&hellip;]\" \/>\n<meta property=\"og:url\" content=\"http:\/\/salmosbiblicos.com.br\/index.php\/2026\/03\/29\/o-preco-da-fe-licoes-da-vida-e-ministerio-de-paulo\/\" \/>\n<meta property=\"og:site_name\" content=\"Salmos B\u00edblicos\" \/>\n<meta property=\"article:published_time\" content=\"2026-03-29T18:35:00+00:00\" \/>\n<meta name=\"author\" content=\"alextreh@gmail.com\" \/>\n<meta name=\"twitter:card\" content=\"summary_large_image\" \/>\n<meta name=\"twitter:label1\" content=\"Escrito por\" \/>\n\t<meta name=\"twitter:data1\" content=\"alextreh@gmail.com\" \/>\n\t<meta name=\"twitter:label2\" content=\"Est. tempo de leitura\" \/>\n\t<meta name=\"twitter:data2\" content=\"3 minutos\" \/>\n<script type=\"application\/ld+json\" class=\"yoast-schema-graph\">{\"@context\":\"https:\/\/schema.org\",\"@graph\":[{\"@type\":\"Article\",\"@id\":\"http:\/\/salmosbiblicos.com.br\/index.php\/2026\/03\/29\/o-preco-da-fe-licoes-da-vida-e-ministerio-de-paulo\/#article\",\"isPartOf\":{\"@id\":\"http:\/\/salmosbiblicos.com.br\/index.php\/2026\/03\/29\/o-preco-da-fe-licoes-da-vida-e-ministerio-de-paulo\/\"},\"author\":{\"name\":\"alextreh@gmail.com\",\"@id\":\"https:\/\/salmosbiblicos.com.br\/#\/schema\/person\/30586d0fb3f3a46b78a3414fc39cc975\"},\"headline\":\"O Pre\u00e7o da F\u00e9: Li\u00e7\u00f5es da Vida e Minist\u00e9rio de Paulo\",\"datePublished\":\"2026-03-29T18:35:00+00:00\",\"mainEntityOfPage\":{\"@id\":\"http:\/\/salmosbiblicos.com.br\/index.php\/2026\/03\/29\/o-preco-da-fe-licoes-da-vida-e-ministerio-de-paulo\/\"},\"wordCount\":639,\"articleSection\":[\"Reflex\u00e3o\"],\"inLanguage\":\"pt-BR\"},{\"@type\":\"WebPage\",\"@id\":\"http:\/\/salmosbiblicos.com.br\/index.php\/2026\/03\/29\/o-preco-da-fe-licoes-da-vida-e-ministerio-de-paulo\/\",\"url\":\"http:\/\/salmosbiblicos.com.br\/index.php\/2026\/03\/29\/o-preco-da-fe-licoes-da-vida-e-ministerio-de-paulo\/\",\"name\":\"O Pre\u00e7o da F\u00e9: Li\u00e7\u00f5es da Vida e Minist\u00e9rio de Paulo - Salmos B\u00edblicos\",\"isPartOf\":{\"@id\":\"https:\/\/salmosbiblicos.com.br\/#website\"},\"datePublished\":\"2026-03-29T18:35:00+00:00\",\"author\":{\"@id\":\"https:\/\/salmosbiblicos.com.br\/#\/schema\/person\/30586d0fb3f3a46b78a3414fc39cc975\"},\"breadcrumb\":{\"@id\":\"http:\/\/salmosbiblicos.com.br\/index.php\/2026\/03\/29\/o-preco-da-fe-licoes-da-vida-e-ministerio-de-paulo\/#breadcrumb\"},\"inLanguage\":\"pt-BR\",\"potentialAction\":[{\"@type\":\"ReadAction\",\"target\":[\"http:\/\/salmosbiblicos.com.br\/index.php\/2026\/03\/29\/o-preco-da-fe-licoes-da-vida-e-ministerio-de-paulo\/\"]}]},{\"@type\":\"BreadcrumbList\",\"@id\":\"http:\/\/salmosbiblicos.com.br\/index.php\/2026\/03\/29\/o-preco-da-fe-licoes-da-vida-e-ministerio-de-paulo\/#breadcrumb\",\"itemListElement\":[{\"@type\":\"ListItem\",\"position\":1,\"name\":\"Home\",\"item\":\"https:\/\/salmosbiblicos.com.br\/\"},{\"@type\":\"ListItem\",\"position\":2,\"name\":\"O Pre\u00e7o da F\u00e9: Li\u00e7\u00f5es da Vida e Minist\u00e9rio de Paulo\"}]},{\"@type\":\"WebSite\",\"@id\":\"https:\/\/salmosbiblicos.com.br\/#website\",\"url\":\"https:\/\/salmosbiblicos.com.br\/\",\"name\":\"Salmos B\u00edblicos\",\"description\":\"Uma e-Livraria com e-Books novos para voc\u00ea refletir.\",\"potentialAction\":[{\"@type\":\"SearchAction\",\"target\":{\"@type\":\"EntryPoint\",\"urlTemplate\":\"https:\/\/salmosbiblicos.com.br\/?s={search_term_string}\"},\"query-input\":{\"@type\":\"PropertyValueSpecification\",\"valueRequired\":true,\"valueName\":\"search_term_string\"}}],\"inLanguage\":\"pt-BR\"},{\"@type\":\"Person\",\"@id\":\"https:\/\/salmosbiblicos.com.br\/#\/schema\/person\/30586d0fb3f3a46b78a3414fc39cc975\",\"name\":\"alextreh@gmail.com\",\"image\":{\"@type\":\"ImageObject\",\"inLanguage\":\"pt-BR\",\"@id\":\"https:\/\/secure.gravatar.com\/avatar\/7cf84d31f581ec97b887c1039d478a7c293086896c84951a86753fb2c2af7527?s=96&d=mm&r=g\",\"url\":\"https:\/\/secure.gravatar.com\/avatar\/7cf84d31f581ec97b887c1039d478a7c293086896c84951a86753fb2c2af7527?s=96&d=mm&r=g\",\"contentUrl\":\"https:\/\/secure.gravatar.com\/avatar\/7cf84d31f581ec97b887c1039d478a7c293086896c84951a86753fb2c2af7527?s=96&d=mm&r=g\",\"caption\":\"alextreh@gmail.com\"},\"sameAs\":[\"http:\/\/salmosbiblicos.com.br\"],\"url\":\"http:\/\/salmosbiblicos.com.br\/index.php\/author\/alextrehgmail-com\/\"}]}<\/script>\n<!-- \/ Yoast SEO plugin. -->","yoast_head_json":{"title":"O Pre\u00e7o da F\u00e9: Li\u00e7\u00f5es da Vida e Minist\u00e9rio de Paulo - Salmos B\u00edblicos","robots":{"index":"index","follow":"follow","max-snippet":"max-snippet:-1","max-image-preview":"max-image-preview:large","max-video-preview":"max-video-preview:-1"},"canonical":"http:\/\/salmosbiblicos.com.br\/index.php\/2026\/03\/29\/o-preco-da-fe-licoes-da-vida-e-ministerio-de-paulo\/","og_locale":"pt_BR","og_type":"article","og_title":"O Pre\u00e7o da F\u00e9: Li\u00e7\u00f5es da Vida e Minist\u00e9rio de Paulo - Salmos B\u00edblicos","og_description":"## O Alto Custo da F\u00e9 Quantos de n\u00f3s se deixam levar pela ilus\u00e3o de que a vida crist\u00e3 \u00e9 um caminho de facilidades e alegrias constantes? \u00c9 f\u00e1cil admirar aqueles que parecem brilhar na f\u00e9, mas poucos refletem sobre as prova\u00e7\u00f5es que esses mesmos indiv\u00edduos enfrentam para alcan\u00e7ar a maturidade espiritual. Hoje, contemplemos a [&hellip;]","og_url":"http:\/\/salmosbiblicos.com.br\/index.php\/2026\/03\/29\/o-preco-da-fe-licoes-da-vida-e-ministerio-de-paulo\/","og_site_name":"Salmos B\u00edblicos","article_published_time":"2026-03-29T18:35:00+00:00","author":"alextreh@gmail.com","twitter_card":"summary_large_image","twitter_misc":{"Escrito por":"alextreh@gmail.com","Est. tempo de leitura":"3 minutos"},"schema":{"@context":"https:\/\/schema.org","@graph":[{"@type":"Article","@id":"http:\/\/salmosbiblicos.com.br\/index.php\/2026\/03\/29\/o-preco-da-fe-licoes-da-vida-e-ministerio-de-paulo\/#article","isPartOf":{"@id":"http:\/\/salmosbiblicos.com.br\/index.php\/2026\/03\/29\/o-preco-da-fe-licoes-da-vida-e-ministerio-de-paulo\/"},"author":{"name":"alextreh@gmail.com","@id":"https:\/\/salmosbiblicos.com.br\/#\/schema\/person\/30586d0fb3f3a46b78a3414fc39cc975"},"headline":"O Pre\u00e7o da F\u00e9: Li\u00e7\u00f5es da Vida e Minist\u00e9rio de Paulo","datePublished":"2026-03-29T18:35:00+00:00","mainEntityOfPage":{"@id":"http:\/\/salmosbiblicos.com.br\/index.php\/2026\/03\/29\/o-preco-da-fe-licoes-da-vida-e-ministerio-de-paulo\/"},"wordCount":639,"articleSection":["Reflex\u00e3o"],"inLanguage":"pt-BR"},{"@type":"WebPage","@id":"http:\/\/salmosbiblicos.com.br\/index.php\/2026\/03\/29\/o-preco-da-fe-licoes-da-vida-e-ministerio-de-paulo\/","url":"http:\/\/salmosbiblicos.com.br\/index.php\/2026\/03\/29\/o-preco-da-fe-licoes-da-vida-e-ministerio-de-paulo\/","name":"O Pre\u00e7o da F\u00e9: Li\u00e7\u00f5es da Vida e Minist\u00e9rio de Paulo - Salmos B\u00edblicos","isPartOf":{"@id":"https:\/\/salmosbiblicos.com.br\/#website"},"datePublished":"2026-03-29T18:35:00+00:00","author":{"@id":"https:\/\/salmosbiblicos.com.br\/#\/schema\/person\/30586d0fb3f3a46b78a3414fc39cc975"},"breadcrumb":{"@id":"http:\/\/salmosbiblicos.com.br\/index.php\/2026\/03\/29\/o-preco-da-fe-licoes-da-vida-e-ministerio-de-paulo\/#breadcrumb"},"inLanguage":"pt-BR","potentialAction":[{"@type":"ReadAction","target":["http:\/\/salmosbiblicos.com.br\/index.php\/2026\/03\/29\/o-preco-da-fe-licoes-da-vida-e-ministerio-de-paulo\/"]}]},{"@type":"BreadcrumbList","@id":"http:\/\/salmosbiblicos.com.br\/index.php\/2026\/03\/29\/o-preco-da-fe-licoes-da-vida-e-ministerio-de-paulo\/#breadcrumb","itemListElement":[{"@type":"ListItem","position":1,"name":"Home","item":"https:\/\/salmosbiblicos.com.br\/"},{"@type":"ListItem","position":2,"name":"O Pre\u00e7o da F\u00e9: Li\u00e7\u00f5es da Vida e Minist\u00e9rio de Paulo"}]},{"@type":"WebSite","@id":"https:\/\/salmosbiblicos.com.br\/#website","url":"https:\/\/salmosbiblicos.com.br\/","name":"Salmos B\u00edblicos","description":"Uma e-Livraria com e-Books novos para voc\u00ea refletir.","potentialAction":[{"@type":"SearchAction","target":{"@type":"EntryPoint","urlTemplate":"https:\/\/salmosbiblicos.com.br\/?s={search_term_string}"},"query-input":{"@type":"PropertyValueSpecification","valueRequired":true,"valueName":"search_term_string"}}],"inLanguage":"pt-BR"},{"@type":"Person","@id":"https:\/\/salmosbiblicos.com.br\/#\/schema\/person\/30586d0fb3f3a46b78a3414fc39cc975","name":"alextreh@gmail.com","image":{"@type":"ImageObject","inLanguage":"pt-BR","@id":"https:\/\/secure.gravatar.com\/avatar\/7cf84d31f581ec97b887c1039d478a7c293086896c84951a86753fb2c2af7527?s=96&d=mm&r=g","url":"https:\/\/secure.gravatar.com\/avatar\/7cf84d31f581ec97b887c1039d478a7c293086896c84951a86753fb2c2af7527?s=96&d=mm&r=g","contentUrl":"https:\/\/secure.gravatar.com\/avatar\/7cf84d31f581ec97b887c1039d478a7c293086896c84951a86753fb2c2af7527?s=96&d=mm&r=g","caption":"alextreh@gmail.com"},"sameAs":["http:\/\/salmosbiblicos.com.br"],"url":"http:\/\/salmosbiblicos.com.br\/index.php\/author\/alextrehgmail-com\/"}]}},"_links":{"self":[{"href":"http:\/\/salmosbiblicos.com.br\/index.php\/wp-json\/wp\/v2\/posts\/5942","targetHints":{"allow":["GET"]}}],"collection":[{"href":"http:\/\/salmosbiblicos.com.br\/index.php\/wp-json\/wp\/v2\/posts"}],"about":[{"href":"http:\/\/salmosbiblicos.com.br\/index.php\/wp-json\/wp\/v2\/types\/post"}],"author":[{"embeddable":true,"href":"http:\/\/salmosbiblicos.com.br\/index.php\/wp-json\/wp\/v2\/users\/1"}],"replies":[{"embeddable":true,"href":"http:\/\/salmosbiblicos.com.br\/index.php\/wp-json\/wp\/v2\/comments?post=5942"}],"version-history":[{"count":1,"href":"http:\/\/salmosbiblicos.com.br\/index.php\/wp-json\/wp\/v2\/posts\/5942\/revisions"}],"predecessor-version":[{"id":5943,"href":"http:\/\/salmosbiblicos.com.br\/index.php\/wp-json\/wp\/v2\/posts\/5942\/revisions\/5943"}],"wp:attachment":[{"href":"http:\/\/salmosbiblicos.com.br\/index.php\/wp-json\/wp\/v2\/media?parent=5942"}],"wp:term":[{"taxonomy":"category","embeddable":true,"href":"http:\/\/salmosbiblicos.com.br\/index.php\/wp-json\/wp\/v2\/categories?post=5942"},{"taxonomy":"post_tag","embeddable":true,"href":"http:\/\/salmosbiblicos.com.br\/index.php\/wp-json\/wp\/v2\/tags?post=5942"}],"curies":[{"name":"wp","href":"https:\/\/api.w.org\/{rel}","templated":true}]}}