{"id":5952,"date":"2026-03-29T16:09:48","date_gmt":"2026-03-29T19:09:48","guid":{"rendered":"https:\/\/salmosbiblicos.com.br\/?p=5952"},"modified":"2026-03-29T16:09:48","modified_gmt":"2026-03-29T19:09:48","slug":"barnabe-o-homem-da-graca-e-da-fe-que-iluminou-o-caminho","status":"publish","type":"post","link":"http:\/\/salmosbiblicos.com.br\/index.php\/2026\/03\/29\/barnabe-o-homem-da-graca-e-da-fe-que-iluminou-o-caminho\/","title":{"rendered":"Barnab\u00e9: O Homem da Gra\u00e7a e da F\u00e9 que Iluminou o Caminho"},"content":{"rendered":"<p>## Um Homem Cheio de Gra\u00e7a: Reflex\u00f5es sobre Barnab\u00e9<\/p>\n<p>Em meio aos desafios e alegrias da jornada da f\u00e9, encontramos figuras inspiradoras que, com suas a\u00e7\u00f5es e car\u00e1ter, iluminam o caminho para os demais. Barnab\u00e9 \u00e9 um desses exemplos, um homem cuja hist\u00f3ria, narrada nos Atos dos Ap\u00f3stolos, ressoa com a for\u00e7a de uma prece e a clareza de um ensinamento. Que possamos, ao contempl\u00e1-lo, reconhecer em n\u00f3s as sementes da gra\u00e7a divina.<\/p>\n<p>### O Evangelizador de Antioquia<\/p>\n<p>A not\u00edcia da f\u00e9 que florescia em Antioquia alcan\u00e7ou os ouvidos da comunidade de Jerusal\u00e9m, e foi Barnab\u00e9 escolhido para levar a palavra e fortalecer os novos crentes. Ao chegar, viu a obra que a gra\u00e7a de Deus havia realizado e seu cora\u00e7\u00e3o transbordou de alegria. Ele n\u00e3o apenas compartilhou o Evangelho, mas tamb\u00e9m **exortou a todos a permanecerem fi\u00e9is**, com firmeza de cora\u00e7\u00e3o.<\/p>\n<p>Barnab\u00e9 era um homem bom, cheio do Esp\u00edrito Santo e de f\u00e9. Que possamos nos espelhar em sua vida e que a descri\u00e7\u00e3o de nosso pr\u00f3prio caminho seja semelhante: &#8220;Fulano de tal, \u00e9 um homem bom, uma mulher boa, cheia do Esp\u00edrito Santo e de f\u00e9.&#8221; Que essa seja a nossa marca, o testemunho que deixamos em cada a\u00e7\u00e3o e palavra.<\/p>\n<p>### Um Amigo Leal e um Profeta Consagrado<\/p>\n<p>A amizade de Barnab\u00e9 com Saulo, o Ap\u00f3stolo Paulo, \u00e9 um testemunho de companheirismo e f\u00e9 inabal\u00e1vel. Juntos, por um ano inteiro, trabalharam na igreja de Antioquia, instruindo uma multid\u00e3o e promovendo a uni\u00e3o na f\u00e9. Foi ali, naquela comunidade, que os disc\u00edpulos foram chamados com o nome de crist\u00e3os \u2013 um marco na hist\u00f3ria do cristianismo.<\/p>\n<p>Barnab\u00e9 era reconhecido como profeta e doutor, um guia espiritual para aqueles que buscavam a verdade. Sua presen\u00e7a era um sinal de esperan\u00e7a e de orienta\u00e7\u00e3o divina.<\/p>\n<p>### Separado para o Servi\u00e7o<\/p>\n<p>Em um momento de ora\u00e7\u00e3o e jejum, o Esp\u00edrito Santo manifestou a necessidade de separar Barnab\u00e9 e Saulo para uma miss\u00e3o espec\u00edfica. Este momento de consagra\u00e7\u00e3o demonstra a import\u00e2ncia da humildade e da disposi\u00e7\u00e3o para seguir a dire\u00e7\u00e3o de Deus, mesmo quando o caminho se torna incerto.<\/p>\n<p>### Um Cora\u00e7\u00e3o Generoso<\/p>\n<p>A vida de Barnab\u00e9 revela a beleza da desapego e da generosidade. Ele possu\u00eda terras, mas as vendeu e depositou o valor aos ap\u00f3stolos para o aux\u00edlio dos necessitados. **Essa atitude demonstra um cora\u00e7\u00e3o voltado para o pr\u00f3ximo**, uma disposi\u00e7\u00e3o em compartilhar os recursos em prol do bem comum.<\/p>\n<p>### Uma Ponte de Confian\u00e7a<\/p>\n<p>A chegada de Saulo, antes um perseguidor dos crist\u00e3os, causou desconfian\u00e7a na comunidade de Jerusal\u00e9m. Barnab\u00e9, com sua sabedoria e f\u00e9, o apresentou aos ap\u00f3stolos, **garantindo a transforma\u00e7\u00e3o que havia ocorrido em seu cora\u00e7\u00e3o**. Sua interven\u00e7\u00e3o foi fundamental para a reconcilia\u00e7\u00e3o e para a abertura de novas portas para a propaga\u00e7\u00e3o do Evangelho.<\/p>\n<p>### Humildade e Proximidade<\/p>\n<p>Ao confrontar uma multid\u00e3o que buscava divindicar Barnab\u00e9 e Paulo, ele respondeu com humildade: &#8220;N\u00f3s tamb\u00e9m somos homens da mesma condi\u00e7\u00e3o que voc\u00eas.&#8221; Essa atitude demonstra a import\u00e2ncia de reconhecer a nossa humanidade, de nos aproximarmos das pessoas com simplicidade e de **evitar qualquer forma de orgulho ou pretens\u00e3o**.<\/p>\n<p>Que a vida de Barnab\u00e9 seja para n\u00f3s um espelho, refletindo a luz da gra\u00e7a divina e inspirando-nos a seguir o caminho da f\u00e9 com coragem, generosidade e humildade. Que possamos, como ele, ser instrumentos de paz e de esperan\u00e7a no mundo.<\/p>\n","protected":false},"excerpt":{"rendered":"<p>## Um Homem Cheio de Gra\u00e7a: Reflex\u00f5es sobre Barnab\u00e9 Em meio aos desafios e alegrias da jornada da f\u00e9, encontramos figuras inspiradoras que, com suas a\u00e7\u00f5es e car\u00e1ter, iluminam o caminho para os demais. Barnab\u00e9 \u00e9 um desses exemplos, um homem cuja hist\u00f3ria, narrada nos Atos dos Ap\u00f3stolos, ressoa com a for\u00e7a de uma prece [&hellip;]<\/p>\n","protected":false},"author":1,"featured_media":0,"comment_status":"closed","ping_status":"open","sticky":false,"template":"","format":"standard","meta":{"footnotes":""},"categories":[14],"tags":[],"class_list":["post-5952","post","type-post","status-publish","format-standard","hentry","category-reflexao"],"yoast_head":"<!-- This site is optimized with the Yoast SEO plugin v27.2 - https:\/\/yoast.com\/product\/yoast-seo-wordpress\/ -->\n<title>Barnab\u00e9: O Homem da Gra\u00e7a e da F\u00e9 que Iluminou o Caminho - Salmos B\u00edblicos<\/title>\n<meta name=\"robots\" content=\"index, follow, max-snippet:-1, max-image-preview:large, max-video-preview:-1\" \/>\n<link rel=\"canonical\" href=\"http:\/\/salmosbiblicos.com.br\/index.php\/2026\/03\/29\/barnabe-o-homem-da-graca-e-da-fe-que-iluminou-o-caminho\/\" \/>\n<meta property=\"og:locale\" content=\"pt_BR\" \/>\n<meta property=\"og:type\" content=\"article\" \/>\n<meta property=\"og:title\" content=\"Barnab\u00e9: O Homem da Gra\u00e7a e da F\u00e9 que Iluminou o Caminho - Salmos B\u00edblicos\" \/>\n<meta property=\"og:description\" content=\"## Um Homem Cheio de Gra\u00e7a: Reflex\u00f5es sobre Barnab\u00e9 Em meio aos desafios e alegrias da jornada da f\u00e9, encontramos figuras inspiradoras que, com suas a\u00e7\u00f5es e car\u00e1ter, iluminam o caminho para os demais. Barnab\u00e9 \u00e9 um desses exemplos, um homem cuja hist\u00f3ria, narrada nos Atos dos Ap\u00f3stolos, ressoa com a for\u00e7a de uma prece [&hellip;]\" \/>\n<meta property=\"og:url\" content=\"http:\/\/salmosbiblicos.com.br\/index.php\/2026\/03\/29\/barnabe-o-homem-da-graca-e-da-fe-que-iluminou-o-caminho\/\" \/>\n<meta property=\"og:site_name\" content=\"Salmos B\u00edblicos\" \/>\n<meta property=\"article:published_time\" content=\"2026-03-29T19:09:48+00:00\" \/>\n<meta name=\"author\" content=\"alextreh@gmail.com\" \/>\n<meta name=\"twitter:card\" content=\"summary_large_image\" \/>\n<meta name=\"twitter:label1\" content=\"Escrito por\" \/>\n\t<meta name=\"twitter:data1\" content=\"alextreh@gmail.com\" \/>\n\t<meta name=\"twitter:label2\" content=\"Est. tempo de leitura\" \/>\n\t<meta name=\"twitter:data2\" content=\"3 minutos\" \/>\n<script type=\"application\/ld+json\" class=\"yoast-schema-graph\">{\"@context\":\"https:\/\/schema.org\",\"@graph\":[{\"@type\":\"Article\",\"@id\":\"http:\/\/salmosbiblicos.com.br\/index.php\/2026\/03\/29\/barnabe-o-homem-da-graca-e-da-fe-que-iluminou-o-caminho\/#article\",\"isPartOf\":{\"@id\":\"http:\/\/salmosbiblicos.com.br\/index.php\/2026\/03\/29\/barnabe-o-homem-da-graca-e-da-fe-que-iluminou-o-caminho\/\"},\"author\":{\"name\":\"alextreh@gmail.com\",\"@id\":\"https:\/\/salmosbiblicos.com.br\/#\/schema\/person\/30586d0fb3f3a46b78a3414fc39cc975\"},\"headline\":\"Barnab\u00e9: O Homem da Gra\u00e7a e da F\u00e9 que Iluminou o Caminho\",\"datePublished\":\"2026-03-29T19:09:48+00:00\",\"mainEntityOfPage\":{\"@id\":\"http:\/\/salmosbiblicos.com.br\/index.php\/2026\/03\/29\/barnabe-o-homem-da-graca-e-da-fe-que-iluminou-o-caminho\/\"},\"wordCount\":625,\"articleSection\":[\"Reflex\u00e3o\"],\"inLanguage\":\"pt-BR\"},{\"@type\":\"WebPage\",\"@id\":\"http:\/\/salmosbiblicos.com.br\/index.php\/2026\/03\/29\/barnabe-o-homem-da-graca-e-da-fe-que-iluminou-o-caminho\/\",\"url\":\"http:\/\/salmosbiblicos.com.br\/index.php\/2026\/03\/29\/barnabe-o-homem-da-graca-e-da-fe-que-iluminou-o-caminho\/\",\"name\":\"Barnab\u00e9: O Homem da Gra\u00e7a e da F\u00e9 que Iluminou o Caminho - Salmos B\u00edblicos\",\"isPartOf\":{\"@id\":\"https:\/\/salmosbiblicos.com.br\/#website\"},\"datePublished\":\"2026-03-29T19:09:48+00:00\",\"author\":{\"@id\":\"https:\/\/salmosbiblicos.com.br\/#\/schema\/person\/30586d0fb3f3a46b78a3414fc39cc975\"},\"breadcrumb\":{\"@id\":\"http:\/\/salmosbiblicos.com.br\/index.php\/2026\/03\/29\/barnabe-o-homem-da-graca-e-da-fe-que-iluminou-o-caminho\/#breadcrumb\"},\"inLanguage\":\"pt-BR\",\"potentialAction\":[{\"@type\":\"ReadAction\",\"target\":[\"http:\/\/salmosbiblicos.com.br\/index.php\/2026\/03\/29\/barnabe-o-homem-da-graca-e-da-fe-que-iluminou-o-caminho\/\"]}]},{\"@type\":\"BreadcrumbList\",\"@id\":\"http:\/\/salmosbiblicos.com.br\/index.php\/2026\/03\/29\/barnabe-o-homem-da-graca-e-da-fe-que-iluminou-o-caminho\/#breadcrumb\",\"itemListElement\":[{\"@type\":\"ListItem\",\"position\":1,\"name\":\"Home\",\"item\":\"https:\/\/salmosbiblicos.com.br\/\"},{\"@type\":\"ListItem\",\"position\":2,\"name\":\"Barnab\u00e9: O Homem da Gra\u00e7a e da F\u00e9 que Iluminou o Caminho\"}]},{\"@type\":\"WebSite\",\"@id\":\"https:\/\/salmosbiblicos.com.br\/#website\",\"url\":\"https:\/\/salmosbiblicos.com.br\/\",\"name\":\"Salmos B\u00edblicos\",\"description\":\"Uma e-Livraria com e-Books novos para voc\u00ea refletir.\",\"potentialAction\":[{\"@type\":\"SearchAction\",\"target\":{\"@type\":\"EntryPoint\",\"urlTemplate\":\"https:\/\/salmosbiblicos.com.br\/?s={search_term_string}\"},\"query-input\":{\"@type\":\"PropertyValueSpecification\",\"valueRequired\":true,\"valueName\":\"search_term_string\"}}],\"inLanguage\":\"pt-BR\"},{\"@type\":\"Person\",\"@id\":\"https:\/\/salmosbiblicos.com.br\/#\/schema\/person\/30586d0fb3f3a46b78a3414fc39cc975\",\"name\":\"alextreh@gmail.com\",\"image\":{\"@type\":\"ImageObject\",\"inLanguage\":\"pt-BR\",\"@id\":\"https:\/\/secure.gravatar.com\/avatar\/7cf84d31f581ec97b887c1039d478a7c293086896c84951a86753fb2c2af7527?s=96&d=mm&r=g\",\"url\":\"https:\/\/secure.gravatar.com\/avatar\/7cf84d31f581ec97b887c1039d478a7c293086896c84951a86753fb2c2af7527?s=96&d=mm&r=g\",\"contentUrl\":\"https:\/\/secure.gravatar.com\/avatar\/7cf84d31f581ec97b887c1039d478a7c293086896c84951a86753fb2c2af7527?s=96&d=mm&r=g\",\"caption\":\"alextreh@gmail.com\"},\"sameAs\":[\"http:\/\/salmosbiblicos.com.br\"],\"url\":\"http:\/\/salmosbiblicos.com.br\/index.php\/author\/alextrehgmail-com\/\"}]}<\/script>\n<!-- \/ Yoast SEO plugin. -->","yoast_head_json":{"title":"Barnab\u00e9: O Homem da Gra\u00e7a e da F\u00e9 que Iluminou o Caminho - Salmos B\u00edblicos","robots":{"index":"index","follow":"follow","max-snippet":"max-snippet:-1","max-image-preview":"max-image-preview:large","max-video-preview":"max-video-preview:-1"},"canonical":"http:\/\/salmosbiblicos.com.br\/index.php\/2026\/03\/29\/barnabe-o-homem-da-graca-e-da-fe-que-iluminou-o-caminho\/","og_locale":"pt_BR","og_type":"article","og_title":"Barnab\u00e9: O Homem da Gra\u00e7a e da F\u00e9 que Iluminou o Caminho - Salmos B\u00edblicos","og_description":"## Um Homem Cheio de Gra\u00e7a: Reflex\u00f5es sobre Barnab\u00e9 Em meio aos desafios e alegrias da jornada da f\u00e9, encontramos figuras inspiradoras que, com suas a\u00e7\u00f5es e car\u00e1ter, iluminam o caminho para os demais. Barnab\u00e9 \u00e9 um desses exemplos, um homem cuja hist\u00f3ria, narrada nos Atos dos Ap\u00f3stolos, ressoa com a for\u00e7a de uma prece [&hellip;]","og_url":"http:\/\/salmosbiblicos.com.br\/index.php\/2026\/03\/29\/barnabe-o-homem-da-graca-e-da-fe-que-iluminou-o-caminho\/","og_site_name":"Salmos B\u00edblicos","article_published_time":"2026-03-29T19:09:48+00:00","author":"alextreh@gmail.com","twitter_card":"summary_large_image","twitter_misc":{"Escrito por":"alextreh@gmail.com","Est. tempo de leitura":"3 minutos"},"schema":{"@context":"https:\/\/schema.org","@graph":[{"@type":"Article","@id":"http:\/\/salmosbiblicos.com.br\/index.php\/2026\/03\/29\/barnabe-o-homem-da-graca-e-da-fe-que-iluminou-o-caminho\/#article","isPartOf":{"@id":"http:\/\/salmosbiblicos.com.br\/index.php\/2026\/03\/29\/barnabe-o-homem-da-graca-e-da-fe-que-iluminou-o-caminho\/"},"author":{"name":"alextreh@gmail.com","@id":"https:\/\/salmosbiblicos.com.br\/#\/schema\/person\/30586d0fb3f3a46b78a3414fc39cc975"},"headline":"Barnab\u00e9: O Homem da Gra\u00e7a e da F\u00e9 que Iluminou o Caminho","datePublished":"2026-03-29T19:09:48+00:00","mainEntityOfPage":{"@id":"http:\/\/salmosbiblicos.com.br\/index.php\/2026\/03\/29\/barnabe-o-homem-da-graca-e-da-fe-que-iluminou-o-caminho\/"},"wordCount":625,"articleSection":["Reflex\u00e3o"],"inLanguage":"pt-BR"},{"@type":"WebPage","@id":"http:\/\/salmosbiblicos.com.br\/index.php\/2026\/03\/29\/barnabe-o-homem-da-graca-e-da-fe-que-iluminou-o-caminho\/","url":"http:\/\/salmosbiblicos.com.br\/index.php\/2026\/03\/29\/barnabe-o-homem-da-graca-e-da-fe-que-iluminou-o-caminho\/","name":"Barnab\u00e9: O Homem da Gra\u00e7a e da F\u00e9 que Iluminou o Caminho - Salmos B\u00edblicos","isPartOf":{"@id":"https:\/\/salmosbiblicos.com.br\/#website"},"datePublished":"2026-03-29T19:09:48+00:00","author":{"@id":"https:\/\/salmosbiblicos.com.br\/#\/schema\/person\/30586d0fb3f3a46b78a3414fc39cc975"},"breadcrumb":{"@id":"http:\/\/salmosbiblicos.com.br\/index.php\/2026\/03\/29\/barnabe-o-homem-da-graca-e-da-fe-que-iluminou-o-caminho\/#breadcrumb"},"inLanguage":"pt-BR","potentialAction":[{"@type":"ReadAction","target":["http:\/\/salmosbiblicos.com.br\/index.php\/2026\/03\/29\/barnabe-o-homem-da-graca-e-da-fe-que-iluminou-o-caminho\/"]}]},{"@type":"BreadcrumbList","@id":"http:\/\/salmosbiblicos.com.br\/index.php\/2026\/03\/29\/barnabe-o-homem-da-graca-e-da-fe-que-iluminou-o-caminho\/#breadcrumb","itemListElement":[{"@type":"ListItem","position":1,"name":"Home","item":"https:\/\/salmosbiblicos.com.br\/"},{"@type":"ListItem","position":2,"name":"Barnab\u00e9: O Homem da Gra\u00e7a e da F\u00e9 que Iluminou o Caminho"}]},{"@type":"WebSite","@id":"https:\/\/salmosbiblicos.com.br\/#website","url":"https:\/\/salmosbiblicos.com.br\/","name":"Salmos B\u00edblicos","description":"Uma e-Livraria com e-Books novos para voc\u00ea refletir.","potentialAction":[{"@type":"SearchAction","target":{"@type":"EntryPoint","urlTemplate":"https:\/\/salmosbiblicos.com.br\/?s={search_term_string}"},"query-input":{"@type":"PropertyValueSpecification","valueRequired":true,"valueName":"search_term_string"}}],"inLanguage":"pt-BR"},{"@type":"Person","@id":"https:\/\/salmosbiblicos.com.br\/#\/schema\/person\/30586d0fb3f3a46b78a3414fc39cc975","name":"alextreh@gmail.com","image":{"@type":"ImageObject","inLanguage":"pt-BR","@id":"https:\/\/secure.gravatar.com\/avatar\/7cf84d31f581ec97b887c1039d478a7c293086896c84951a86753fb2c2af7527?s=96&d=mm&r=g","url":"https:\/\/secure.gravatar.com\/avatar\/7cf84d31f581ec97b887c1039d478a7c293086896c84951a86753fb2c2af7527?s=96&d=mm&r=g","contentUrl":"https:\/\/secure.gravatar.com\/avatar\/7cf84d31f581ec97b887c1039d478a7c293086896c84951a86753fb2c2af7527?s=96&d=mm&r=g","caption":"alextreh@gmail.com"},"sameAs":["http:\/\/salmosbiblicos.com.br"],"url":"http:\/\/salmosbiblicos.com.br\/index.php\/author\/alextrehgmail-com\/"}]}},"_links":{"self":[{"href":"http:\/\/salmosbiblicos.com.br\/index.php\/wp-json\/wp\/v2\/posts\/5952","targetHints":{"allow":["GET"]}}],"collection":[{"href":"http:\/\/salmosbiblicos.com.br\/index.php\/wp-json\/wp\/v2\/posts"}],"about":[{"href":"http:\/\/salmosbiblicos.com.br\/index.php\/wp-json\/wp\/v2\/types\/post"}],"author":[{"embeddable":true,"href":"http:\/\/salmosbiblicos.com.br\/index.php\/wp-json\/wp\/v2\/users\/1"}],"replies":[{"embeddable":true,"href":"http:\/\/salmosbiblicos.com.br\/index.php\/wp-json\/wp\/v2\/comments?post=5952"}],"version-history":[{"count":1,"href":"http:\/\/salmosbiblicos.com.br\/index.php\/wp-json\/wp\/v2\/posts\/5952\/revisions"}],"predecessor-version":[{"id":5953,"href":"http:\/\/salmosbiblicos.com.br\/index.php\/wp-json\/wp\/v2\/posts\/5952\/revisions\/5953"}],"wp:attachment":[{"href":"http:\/\/salmosbiblicos.com.br\/index.php\/wp-json\/wp\/v2\/media?parent=5952"}],"wp:term":[{"taxonomy":"category","embeddable":true,"href":"http:\/\/salmosbiblicos.com.br\/index.php\/wp-json\/wp\/v2\/categories?post=5952"},{"taxonomy":"post_tag","embeddable":true,"href":"http:\/\/salmosbiblicos.com.br\/index.php\/wp-json\/wp\/v2\/tags?post=5952"}],"curies":[{"name":"wp","href":"https:\/\/api.w.org\/{rel}","templated":true}]}}