{"id":5988,"date":"2026-03-29T18:12:20","date_gmt":"2026-03-29T21:12:20","guid":{"rendered":"https:\/\/salmosbiblicos.com.br\/?p=5988"},"modified":"2026-03-29T18:12:20","modified_gmt":"2026-03-29T21:12:20","slug":"escolha-divina-a-beleza-de-ser-amado-antes-do-tempo","status":"publish","type":"post","link":"http:\/\/salmosbiblicos.com.br\/index.php\/2026\/03\/29\/escolha-divina-a-beleza-de-ser-amado-antes-do-tempo\/","title":{"rendered":"Escolha Divina: A Beleza de Ser Amado Antes do Tempo"},"content":{"rendered":"<p>## A Profunda Beleza da Escolha Divina<\/p>\n<p>H\u00e1 algo profundo e reconfortante em refletir sobre a origem de nossa jornada. Muitas vezes, buscamos um prop\u00f3sito, ansiamos por um sentido para a vida, sem perceber que, em ess\u00eancia, somos fruto de um amor que precede nossa exist\u00eancia. **A verdadeira jornada come\u00e7a quando compreendemos que fomos escolhidos.**<\/p>\n<p>### O Amor que Precede o Tempo<\/p>\n<p>A mensagem central que nos convida a contemplar \u00e9 a de que a iniciativa do amor e da escolha sempre parte de Deus. N\u00e3o somos n\u00f3s que primeiro procuramos a luz, mas sim a luz que nos encontra, que nos precede e nos acolhe. Essa verdade, t\u00e3o sublime, nos liberta do peso da responsabilidade exclusiva e nos convida a experimentar a gra\u00e7a de um amor incondicional.<\/p>\n<p>Jesus nos ensina: &#8220;Este \u00e9 o meu mandamento: que se amem uns aos outros, assim como eu vos amei.&#8221; (Jo\u00e3o 15:12). Um amor t\u00e3o profundo que se manifesta no sacrif\u00edcio, na entrega total. E essa entrega \u00e9 a prova de um amor que n\u00e3o busca recompensa, mas que deseja apenas o bem do outro. **Um amor que nos eleva \u00e0 condi\u00e7\u00e3o de amigos.**<\/p>\n<p>### Escolhidos Antes da Cria\u00e7\u00e3o<\/p>\n<p>A grandiosidade desse amor se revela quando contemplamos a eternidade. N\u00e3o somos fruto de um capricho divino, mas sim parte de um plano que antecede a cria\u00e7\u00e3o do universo. Em Ef\u00e9sios 1:4, a Escritura nos assegura: &#8220;E nos escolheu nele, nele Jesus, antes da cria\u00e7\u00e3o do mundo.&#8221;<\/p>\n<p>Imagine a vastid\u00e3o do cosmos, a complexidade da vida, a beleza da cria\u00e7\u00e3o. E em meio a tudo isso, Deus, em sua infinita sabedoria, pensou em n\u00f3s, reservou-nos para si. Antes dos mares, antes do c\u00e9u, antes de toda a beleza que nos rodeia, fomos escolhidos. **Essa certeza \u00e9 um b\u00e1lsamo para a alma.**<\/p>\n<p>### Um Plano Divino Desde o Seio Materno<\/p>\n<p>As palavras do profeta Jeremias ressoam em nossos cora\u00e7\u00f5es: &#8220;Antes que eu te formasse no ventre, eu te conhecia.&#8221; (Jeremias 1:5). Essa promessa \u00e9 a garantia de que nossa jornada n\u00e3o \u00e9 um acaso, mas sim parte de um prop\u00f3sito maior, um plano divino que se estende por toda a eternidade.<\/p>\n<p>Paulo, em sua humilde jornada, recorda que Deus o reservou &#8220;desde o seio de sua m\u00e3e.&#8221; (G\u00e1latas 1:15). Mesmo em meio \u00e0 ignor\u00e2ncia e \u00e0 persegui\u00e7\u00e3o, a gra\u00e7a divina o alcan\u00e7ou, revelando-lhe o caminho da f\u00e9. **N\u00e3o h\u00e1 dist\u00e2ncia que nos afaste do alcance do amor de Deus.**<\/p>\n<p>### Responda ao Chamado do Amor<\/p>\n<p>\u00c9 f\u00e1cil se sentir perdido, desorientado, questionando o pr\u00f3prio valor. Mas a verdade \u00e9 que cada um de n\u00f3s \u00e9 amado, escolhido, destinado a cumprir um papel \u00fanico e especial no plano de Deus. A resist\u00eancia, a hesita\u00e7\u00e3o, a d\u00favida s\u00e3o apenas obst\u00e1culos que podemos superar com a f\u00e9 e a confian\u00e7a.<\/p>\n<p>Que possamos, ent\u00e3o, responder com alegria e gratid\u00e3o a este amor que nos precede, que nos acolhe e nos sustenta. Que possamos escolher a Deus, para que possamos experimentar a plenitude da vida em sua gra\u00e7a e miseric\u00f3rdia. **Seja grato a Deus pela sua escolha.**<\/p>\n<p>Que este seja um convite para aprofundar a nossa f\u00e9, para fortalecer a nossa esperan\u00e7a e para vivenciar a alegria de sermos filhos de Deus. E que possamos, a partir desta experi\u00eancia, levar a mensagem do amor e da esperan\u00e7a a todos aqueles que ainda buscam o caminho.<\/p>\n","protected":false},"excerpt":{"rendered":"<p>## A Profunda Beleza da Escolha Divina H\u00e1 algo profundo e reconfortante em refletir sobre a origem de nossa jornada. Muitas vezes, buscamos um prop\u00f3sito, ansiamos por um sentido para a vida, sem perceber que, em ess\u00eancia, somos fruto de um amor que precede nossa exist\u00eancia. **A verdadeira jornada come\u00e7a quando compreendemos que fomos escolhidos.** [&hellip;]<\/p>\n","protected":false},"author":1,"featured_media":0,"comment_status":"closed","ping_status":"open","sticky":false,"template":"","format":"standard","meta":{"footnotes":""},"categories":[14],"tags":[],"class_list":["post-5988","post","type-post","status-publish","format-standard","hentry","category-reflexao"],"yoast_head":"<!-- This site is optimized with the Yoast SEO plugin v27.2 - https:\/\/yoast.com\/product\/yoast-seo-wordpress\/ -->\n<title>Escolha Divina: A Beleza de Ser Amado Antes do Tempo - Salmos B\u00edblicos<\/title>\n<meta name=\"robots\" content=\"index, follow, max-snippet:-1, max-image-preview:large, max-video-preview:-1\" \/>\n<link rel=\"canonical\" href=\"http:\/\/salmosbiblicos.com.br\/index.php\/2026\/03\/29\/escolha-divina-a-beleza-de-ser-amado-antes-do-tempo\/\" \/>\n<meta property=\"og:locale\" content=\"pt_BR\" \/>\n<meta property=\"og:type\" content=\"article\" \/>\n<meta property=\"og:title\" content=\"Escolha Divina: A Beleza de Ser Amado Antes do Tempo - Salmos B\u00edblicos\" \/>\n<meta property=\"og:description\" content=\"## A Profunda Beleza da Escolha Divina H\u00e1 algo profundo e reconfortante em refletir sobre a origem de nossa jornada. Muitas vezes, buscamos um prop\u00f3sito, ansiamos por um sentido para a vida, sem perceber que, em ess\u00eancia, somos fruto de um amor que precede nossa exist\u00eancia. **A verdadeira jornada come\u00e7a quando compreendemos que fomos escolhidos.** [&hellip;]\" \/>\n<meta property=\"og:url\" content=\"http:\/\/salmosbiblicos.com.br\/index.php\/2026\/03\/29\/escolha-divina-a-beleza-de-ser-amado-antes-do-tempo\/\" \/>\n<meta property=\"og:site_name\" content=\"Salmos B\u00edblicos\" \/>\n<meta property=\"article:published_time\" content=\"2026-03-29T21:12:20+00:00\" \/>\n<meta name=\"author\" content=\"alextreh@gmail.com\" \/>\n<meta name=\"twitter:card\" content=\"summary_large_image\" \/>\n<meta name=\"twitter:label1\" content=\"Escrito por\" \/>\n\t<meta name=\"twitter:data1\" content=\"alextreh@gmail.com\" \/>\n\t<meta name=\"twitter:label2\" content=\"Est. tempo de leitura\" \/>\n\t<meta name=\"twitter:data2\" content=\"3 minutos\" \/>\n<script type=\"application\/ld+json\" class=\"yoast-schema-graph\">{\"@context\":\"https:\/\/schema.org\",\"@graph\":[{\"@type\":\"Article\",\"@id\":\"http:\/\/salmosbiblicos.com.br\/index.php\/2026\/03\/29\/escolha-divina-a-beleza-de-ser-amado-antes-do-tempo\/#article\",\"isPartOf\":{\"@id\":\"http:\/\/salmosbiblicos.com.br\/index.php\/2026\/03\/29\/escolha-divina-a-beleza-de-ser-amado-antes-do-tempo\/\"},\"author\":{\"name\":\"alextreh@gmail.com\",\"@id\":\"https:\/\/salmosbiblicos.com.br\/#\/schema\/person\/30586d0fb3f3a46b78a3414fc39cc975\"},\"headline\":\"Escolha Divina: A Beleza de Ser Amado Antes do Tempo\",\"datePublished\":\"2026-03-29T21:12:20+00:00\",\"mainEntityOfPage\":{\"@id\":\"http:\/\/salmosbiblicos.com.br\/index.php\/2026\/03\/29\/escolha-divina-a-beleza-de-ser-amado-antes-do-tempo\/\"},\"wordCount\":594,\"articleSection\":[\"Reflex\u00e3o\"],\"inLanguage\":\"pt-BR\"},{\"@type\":\"WebPage\",\"@id\":\"http:\/\/salmosbiblicos.com.br\/index.php\/2026\/03\/29\/escolha-divina-a-beleza-de-ser-amado-antes-do-tempo\/\",\"url\":\"http:\/\/salmosbiblicos.com.br\/index.php\/2026\/03\/29\/escolha-divina-a-beleza-de-ser-amado-antes-do-tempo\/\",\"name\":\"Escolha Divina: A Beleza de Ser Amado Antes do Tempo - Salmos B\u00edblicos\",\"isPartOf\":{\"@id\":\"https:\/\/salmosbiblicos.com.br\/#website\"},\"datePublished\":\"2026-03-29T21:12:20+00:00\",\"author\":{\"@id\":\"https:\/\/salmosbiblicos.com.br\/#\/schema\/person\/30586d0fb3f3a46b78a3414fc39cc975\"},\"breadcrumb\":{\"@id\":\"http:\/\/salmosbiblicos.com.br\/index.php\/2026\/03\/29\/escolha-divina-a-beleza-de-ser-amado-antes-do-tempo\/#breadcrumb\"},\"inLanguage\":\"pt-BR\",\"potentialAction\":[{\"@type\":\"ReadAction\",\"target\":[\"http:\/\/salmosbiblicos.com.br\/index.php\/2026\/03\/29\/escolha-divina-a-beleza-de-ser-amado-antes-do-tempo\/\"]}]},{\"@type\":\"BreadcrumbList\",\"@id\":\"http:\/\/salmosbiblicos.com.br\/index.php\/2026\/03\/29\/escolha-divina-a-beleza-de-ser-amado-antes-do-tempo\/#breadcrumb\",\"itemListElement\":[{\"@type\":\"ListItem\",\"position\":1,\"name\":\"Home\",\"item\":\"https:\/\/salmosbiblicos.com.br\/\"},{\"@type\":\"ListItem\",\"position\":2,\"name\":\"Escolha Divina: A Beleza de Ser Amado Antes do Tempo\"}]},{\"@type\":\"WebSite\",\"@id\":\"https:\/\/salmosbiblicos.com.br\/#website\",\"url\":\"https:\/\/salmosbiblicos.com.br\/\",\"name\":\"Salmos B\u00edblicos\",\"description\":\"Uma e-Livraria com e-Books novos para voc\u00ea refletir.\",\"potentialAction\":[{\"@type\":\"SearchAction\",\"target\":{\"@type\":\"EntryPoint\",\"urlTemplate\":\"https:\/\/salmosbiblicos.com.br\/?s={search_term_string}\"},\"query-input\":{\"@type\":\"PropertyValueSpecification\",\"valueRequired\":true,\"valueName\":\"search_term_string\"}}],\"inLanguage\":\"pt-BR\"},{\"@type\":\"Person\",\"@id\":\"https:\/\/salmosbiblicos.com.br\/#\/schema\/person\/30586d0fb3f3a46b78a3414fc39cc975\",\"name\":\"alextreh@gmail.com\",\"image\":{\"@type\":\"ImageObject\",\"inLanguage\":\"pt-BR\",\"@id\":\"https:\/\/secure.gravatar.com\/avatar\/7cf84d31f581ec97b887c1039d478a7c293086896c84951a86753fb2c2af7527?s=96&d=mm&r=g\",\"url\":\"https:\/\/secure.gravatar.com\/avatar\/7cf84d31f581ec97b887c1039d478a7c293086896c84951a86753fb2c2af7527?s=96&d=mm&r=g\",\"contentUrl\":\"https:\/\/secure.gravatar.com\/avatar\/7cf84d31f581ec97b887c1039d478a7c293086896c84951a86753fb2c2af7527?s=96&d=mm&r=g\",\"caption\":\"alextreh@gmail.com\"},\"sameAs\":[\"http:\/\/salmosbiblicos.com.br\"],\"url\":\"http:\/\/salmosbiblicos.com.br\/index.php\/author\/alextrehgmail-com\/\"}]}<\/script>\n<!-- \/ Yoast SEO plugin. -->","yoast_head_json":{"title":"Escolha Divina: A Beleza de Ser Amado Antes do Tempo - Salmos B\u00edblicos","robots":{"index":"index","follow":"follow","max-snippet":"max-snippet:-1","max-image-preview":"max-image-preview:large","max-video-preview":"max-video-preview:-1"},"canonical":"http:\/\/salmosbiblicos.com.br\/index.php\/2026\/03\/29\/escolha-divina-a-beleza-de-ser-amado-antes-do-tempo\/","og_locale":"pt_BR","og_type":"article","og_title":"Escolha Divina: A Beleza de Ser Amado Antes do Tempo - Salmos B\u00edblicos","og_description":"## A Profunda Beleza da Escolha Divina H\u00e1 algo profundo e reconfortante em refletir sobre a origem de nossa jornada. Muitas vezes, buscamos um prop\u00f3sito, ansiamos por um sentido para a vida, sem perceber que, em ess\u00eancia, somos fruto de um amor que precede nossa exist\u00eancia. **A verdadeira jornada come\u00e7a quando compreendemos que fomos escolhidos.** [&hellip;]","og_url":"http:\/\/salmosbiblicos.com.br\/index.php\/2026\/03\/29\/escolha-divina-a-beleza-de-ser-amado-antes-do-tempo\/","og_site_name":"Salmos B\u00edblicos","article_published_time":"2026-03-29T21:12:20+00:00","author":"alextreh@gmail.com","twitter_card":"summary_large_image","twitter_misc":{"Escrito por":"alextreh@gmail.com","Est. tempo de leitura":"3 minutos"},"schema":{"@context":"https:\/\/schema.org","@graph":[{"@type":"Article","@id":"http:\/\/salmosbiblicos.com.br\/index.php\/2026\/03\/29\/escolha-divina-a-beleza-de-ser-amado-antes-do-tempo\/#article","isPartOf":{"@id":"http:\/\/salmosbiblicos.com.br\/index.php\/2026\/03\/29\/escolha-divina-a-beleza-de-ser-amado-antes-do-tempo\/"},"author":{"name":"alextreh@gmail.com","@id":"https:\/\/salmosbiblicos.com.br\/#\/schema\/person\/30586d0fb3f3a46b78a3414fc39cc975"},"headline":"Escolha Divina: A Beleza de Ser Amado Antes do Tempo","datePublished":"2026-03-29T21:12:20+00:00","mainEntityOfPage":{"@id":"http:\/\/salmosbiblicos.com.br\/index.php\/2026\/03\/29\/escolha-divina-a-beleza-de-ser-amado-antes-do-tempo\/"},"wordCount":594,"articleSection":["Reflex\u00e3o"],"inLanguage":"pt-BR"},{"@type":"WebPage","@id":"http:\/\/salmosbiblicos.com.br\/index.php\/2026\/03\/29\/escolha-divina-a-beleza-de-ser-amado-antes-do-tempo\/","url":"http:\/\/salmosbiblicos.com.br\/index.php\/2026\/03\/29\/escolha-divina-a-beleza-de-ser-amado-antes-do-tempo\/","name":"Escolha Divina: A Beleza de Ser Amado Antes do Tempo - Salmos B\u00edblicos","isPartOf":{"@id":"https:\/\/salmosbiblicos.com.br\/#website"},"datePublished":"2026-03-29T21:12:20+00:00","author":{"@id":"https:\/\/salmosbiblicos.com.br\/#\/schema\/person\/30586d0fb3f3a46b78a3414fc39cc975"},"breadcrumb":{"@id":"http:\/\/salmosbiblicos.com.br\/index.php\/2026\/03\/29\/escolha-divina-a-beleza-de-ser-amado-antes-do-tempo\/#breadcrumb"},"inLanguage":"pt-BR","potentialAction":[{"@type":"ReadAction","target":["http:\/\/salmosbiblicos.com.br\/index.php\/2026\/03\/29\/escolha-divina-a-beleza-de-ser-amado-antes-do-tempo\/"]}]},{"@type":"BreadcrumbList","@id":"http:\/\/salmosbiblicos.com.br\/index.php\/2026\/03\/29\/escolha-divina-a-beleza-de-ser-amado-antes-do-tempo\/#breadcrumb","itemListElement":[{"@type":"ListItem","position":1,"name":"Home","item":"https:\/\/salmosbiblicos.com.br\/"},{"@type":"ListItem","position":2,"name":"Escolha Divina: A Beleza de Ser Amado Antes do Tempo"}]},{"@type":"WebSite","@id":"https:\/\/salmosbiblicos.com.br\/#website","url":"https:\/\/salmosbiblicos.com.br\/","name":"Salmos B\u00edblicos","description":"Uma e-Livraria com e-Books novos para voc\u00ea refletir.","potentialAction":[{"@type":"SearchAction","target":{"@type":"EntryPoint","urlTemplate":"https:\/\/salmosbiblicos.com.br\/?s={search_term_string}"},"query-input":{"@type":"PropertyValueSpecification","valueRequired":true,"valueName":"search_term_string"}}],"inLanguage":"pt-BR"},{"@type":"Person","@id":"https:\/\/salmosbiblicos.com.br\/#\/schema\/person\/30586d0fb3f3a46b78a3414fc39cc975","name":"alextreh@gmail.com","image":{"@type":"ImageObject","inLanguage":"pt-BR","@id":"https:\/\/secure.gravatar.com\/avatar\/7cf84d31f581ec97b887c1039d478a7c293086896c84951a86753fb2c2af7527?s=96&d=mm&r=g","url":"https:\/\/secure.gravatar.com\/avatar\/7cf84d31f581ec97b887c1039d478a7c293086896c84951a86753fb2c2af7527?s=96&d=mm&r=g","contentUrl":"https:\/\/secure.gravatar.com\/avatar\/7cf84d31f581ec97b887c1039d478a7c293086896c84951a86753fb2c2af7527?s=96&d=mm&r=g","caption":"alextreh@gmail.com"},"sameAs":["http:\/\/salmosbiblicos.com.br"],"url":"http:\/\/salmosbiblicos.com.br\/index.php\/author\/alextrehgmail-com\/"}]}},"_links":{"self":[{"href":"http:\/\/salmosbiblicos.com.br\/index.php\/wp-json\/wp\/v2\/posts\/5988","targetHints":{"allow":["GET"]}}],"collection":[{"href":"http:\/\/salmosbiblicos.com.br\/index.php\/wp-json\/wp\/v2\/posts"}],"about":[{"href":"http:\/\/salmosbiblicos.com.br\/index.php\/wp-json\/wp\/v2\/types\/post"}],"author":[{"embeddable":true,"href":"http:\/\/salmosbiblicos.com.br\/index.php\/wp-json\/wp\/v2\/users\/1"}],"replies":[{"embeddable":true,"href":"http:\/\/salmosbiblicos.com.br\/index.php\/wp-json\/wp\/v2\/comments?post=5988"}],"version-history":[{"count":1,"href":"http:\/\/salmosbiblicos.com.br\/index.php\/wp-json\/wp\/v2\/posts\/5988\/revisions"}],"predecessor-version":[{"id":5989,"href":"http:\/\/salmosbiblicos.com.br\/index.php\/wp-json\/wp\/v2\/posts\/5988\/revisions\/5989"}],"wp:attachment":[{"href":"http:\/\/salmosbiblicos.com.br\/index.php\/wp-json\/wp\/v2\/media?parent=5988"}],"wp:term":[{"taxonomy":"category","embeddable":true,"href":"http:\/\/salmosbiblicos.com.br\/index.php\/wp-json\/wp\/v2\/categories?post=5988"},{"taxonomy":"post_tag","embeddable":true,"href":"http:\/\/salmosbiblicos.com.br\/index.php\/wp-json\/wp\/v2\/tags?post=5988"}],"curies":[{"name":"wp","href":"https:\/\/api.w.org\/{rel}","templated":true}]}}