{"id":6028,"date":"2026-03-29T20:40:19","date_gmt":"2026-03-29T23:40:19","guid":{"rendered":"https:\/\/salmosbiblicos.com.br\/?p=6028"},"modified":"2026-03-29T20:40:19","modified_gmt":"2026-03-29T23:40:19","slug":"escolhas-eternas-a-responsabilidade-da-fe-e-do-destino","status":"publish","type":"post","link":"http:\/\/salmosbiblicos.com.br\/index.php\/2026\/03\/29\/escolhas-eternas-a-responsabilidade-da-fe-e-do-destino\/","title":{"rendered":"Escolhas Eternas: A Responsabilidade da F\u00e9 e do Destino"},"content":{"rendered":"<p>## A Escolha que Define a Eternidade<\/p>\n<p>H\u00e1 uma verdade que ecoa atrav\u00e9s dos s\u00e9culos, uma verdade que nos convida a uma reflex\u00e3o profunda sobre o curso de nossas vidas. N\u00e3o somos for\u00e7ados a trilhar um caminho, mas as consequ\u00eancias de nossas escolhas reverberam para al\u00e9m do tempo que conhecemos. \u00c9 sobre essa liberdade, e a responsabilidade que a acompanha, que gostaria de meditar convosco.<\/p>\n<p>### A Ess\u00eancia da F\u00e9<\/p>\n<p>A palavra que nos foi transmitida nos recorda: **n\u00e3o somos obrigados a aceitar a luz, mas a rejeit\u00e1-la implica em consequ\u00eancias graves.** N\u00e3o se trata de uma amea\u00e7a vazia, mas da constata\u00e7\u00e3o de uma realidade que transcende a nossa compreens\u00e3o limitada.<\/p>\n<p>Aquele que se eleva acima de tudo, aquele que veio do alto, revela a verdade que est\u00e1 diante de n\u00f3s. Ele fala com a clareza de quem testemunhou o divino, e a compreens\u00e3o desse testemunho \u00e9 o primeiro passo para a **vida eterna.** \u00c9 uma promessa resplandecente: **aquele que acredita possui a vida eterna.**<\/p>\n<p>### A L\u00f3gica da Rejei\u00e7\u00e3o<\/p>\n<p>Contudo, a liberdade \u00e9 um presente, e como todo presente, pode ser recusado. A escolha de rejeitar a luz n\u00e3o \u00e9 apenas um ato de recusa, mas uma demonstra\u00e7\u00e3o de incompatibilidade. **Se algu\u00e9m n\u00e3o deseja a presen\u00e7a da luz em sua vida terrena, como poderia desejar a comunh\u00e3o eterna com a fonte dessa luz?**<\/p>\n<p>\u00c9 um ponto crucial que nos convida a auto-reflex\u00e3o: a escolha que fazemos hoje define o nosso futuro. A recusa em acolher a verdade n\u00e3o \u00e9 apenas uma rejei\u00e7\u00e3o de ensinamentos, mas uma rejei\u00e7\u00e3o de um convite \u00e0 transforma\u00e7\u00e3o, \u00e0 paz, \u00e0 plenitude.<\/p>\n<p>### Conhecendo a Verdade e Escolhendo a Rejei\u00e7\u00e3o<\/p>\n<p>A verdade, uma vez conhecida, torna a rejei\u00e7\u00e3o uma escolha deliberada. N\u00e3o se trata de ignor\u00e2ncia, mas de obstina\u00e7\u00e3o. **Rejeitar a verdade, ap\u00f3s t\u00ea-la compreendido, \u00e9 um ato de rebeli\u00e3o contra a pr\u00f3pria ess\u00eancia do amor.**<\/p>\n<p>E as consequ\u00eancias dessa rebeli\u00e3o s\u00e3o severas. N\u00e3o h\u00e1 possibilidade de perd\u00e3o para aqueles que, deliberadamente, se fecham \u00e0 gra\u00e7a divina. O sil\u00eancio do c\u00e9u se torna a senten\u00e7a final, e a ira que se manifesta n\u00e3o \u00e9 a de um tirano, mas a de um pai que v\u00ea seu filho se afastar do caminho.<\/p>\n<p>### A Ira de Deus e a Busca pela Luz<\/p>\n<p>A ira de Deus n\u00e3o \u00e9 direcionada ao indiv\u00edduo, mas sim ao pecado. **Deus n\u00e3o se deleita com a destrui\u00e7\u00e3o, mas com a restaura\u00e7\u00e3o.** A ira \u00e9 a manifesta\u00e7\u00e3o da justi\u00e7a divina diante da impiedade e da perversidade.<\/p>\n<p>E a justi\u00e7a divina \u00e9 implac\u00e1vel para aqueles que aprisionam a verdade, que a sufocam em meio \u00e0 escurid\u00e3o da ignor\u00e2ncia volunt\u00e1ria. A recusa em buscar a luz, em abrir o cora\u00e7\u00e3o \u00e0 gra\u00e7a, acarreta um ju\u00edzo terr\u00edvel, um fogo que consome tudo o que \u00e9 rebelde e contr\u00e1rio \u00e0 verdade.<\/p>\n<p>### Um Chamado \u00e0 Convers\u00e3o<\/p>\n<p>Que possamos, portanto, nos desviar deste caminho de rebeli\u00e3o e nos abrirmos \u00e0 luz que nos guia. Que possamos buscar a gl\u00f3ria, a honra e a imortalidade atrav\u00e9s da perseveran\u00e7a no bem. **Que as palavras de reflex\u00e3o nos toquem profundamente e nos impulsionem a uma transforma\u00e7\u00e3o interior.**<\/p>\n<p>Que a ira de Deus n\u00e3o se manifeste sobre n\u00f3s, mas que a sua gra\u00e7a nos envolva, nos fortale\u00e7a e nos conduza \u00e0 vida eterna. Que estejamos dispostos a deixar de lado o orgulho, a obstina\u00e7\u00e3o e a resist\u00eancia, e a nos entregarmos de corpo e alma ao amor que nos salva.<\/p>\n","protected":false},"excerpt":{"rendered":"<p>## A Escolha que Define a Eternidade H\u00e1 uma verdade que ecoa atrav\u00e9s dos s\u00e9culos, uma verdade que nos convida a uma reflex\u00e3o profunda sobre o curso de nossas vidas. N\u00e3o somos for\u00e7ados a trilhar um caminho, mas as consequ\u00eancias de nossas escolhas reverberam para al\u00e9m do tempo que conhecemos. \u00c9 sobre essa liberdade, e [&hellip;]<\/p>\n","protected":false},"author":1,"featured_media":0,"comment_status":"closed","ping_status":"open","sticky":false,"template":"","format":"standard","meta":{"footnotes":""},"categories":[14],"tags":[],"class_list":["post-6028","post","type-post","status-publish","format-standard","hentry","category-reflexao"],"yoast_head":"<!-- This site is optimized with the Yoast SEO plugin v27.2 - https:\/\/yoast.com\/product\/yoast-seo-wordpress\/ -->\n<title>Escolhas Eternas: A Responsabilidade da F\u00e9 e do Destino - Salmos B\u00edblicos<\/title>\n<meta name=\"robots\" content=\"index, follow, max-snippet:-1, max-image-preview:large, max-video-preview:-1\" \/>\n<link rel=\"canonical\" href=\"http:\/\/salmosbiblicos.com.br\/index.php\/2026\/03\/29\/escolhas-eternas-a-responsabilidade-da-fe-e-do-destino\/\" \/>\n<meta property=\"og:locale\" content=\"pt_BR\" \/>\n<meta property=\"og:type\" content=\"article\" \/>\n<meta property=\"og:title\" content=\"Escolhas Eternas: A Responsabilidade da F\u00e9 e do Destino - Salmos B\u00edblicos\" \/>\n<meta property=\"og:description\" content=\"## A Escolha que Define a Eternidade H\u00e1 uma verdade que ecoa atrav\u00e9s dos s\u00e9culos, uma verdade que nos convida a uma reflex\u00e3o profunda sobre o curso de nossas vidas. N\u00e3o somos for\u00e7ados a trilhar um caminho, mas as consequ\u00eancias de nossas escolhas reverberam para al\u00e9m do tempo que conhecemos. \u00c9 sobre essa liberdade, e [&hellip;]\" \/>\n<meta property=\"og:url\" content=\"http:\/\/salmosbiblicos.com.br\/index.php\/2026\/03\/29\/escolhas-eternas-a-responsabilidade-da-fe-e-do-destino\/\" \/>\n<meta property=\"og:site_name\" content=\"Salmos B\u00edblicos\" \/>\n<meta property=\"article:published_time\" content=\"2026-03-29T23:40:19+00:00\" \/>\n<meta name=\"author\" content=\"alextreh@gmail.com\" \/>\n<meta name=\"twitter:card\" content=\"summary_large_image\" \/>\n<meta name=\"twitter:label1\" content=\"Escrito por\" \/>\n\t<meta name=\"twitter:data1\" content=\"alextreh@gmail.com\" \/>\n\t<meta name=\"twitter:label2\" content=\"Est. tempo de leitura\" \/>\n\t<meta name=\"twitter:data2\" content=\"3 minutos\" \/>\n<script type=\"application\/ld+json\" class=\"yoast-schema-graph\">{\"@context\":\"https:\/\/schema.org\",\"@graph\":[{\"@type\":\"Article\",\"@id\":\"http:\/\/salmosbiblicos.com.br\/index.php\/2026\/03\/29\/escolhas-eternas-a-responsabilidade-da-fe-e-do-destino\/#article\",\"isPartOf\":{\"@id\":\"http:\/\/salmosbiblicos.com.br\/index.php\/2026\/03\/29\/escolhas-eternas-a-responsabilidade-da-fe-e-do-destino\/\"},\"author\":{\"name\":\"alextreh@gmail.com\",\"@id\":\"https:\/\/salmosbiblicos.com.br\/#\/schema\/person\/30586d0fb3f3a46b78a3414fc39cc975\"},\"headline\":\"Escolhas Eternas: A Responsabilidade da F\u00e9 e do Destino\",\"datePublished\":\"2026-03-29T23:40:19+00:00\",\"mainEntityOfPage\":{\"@id\":\"http:\/\/salmosbiblicos.com.br\/index.php\/2026\/03\/29\/escolhas-eternas-a-responsabilidade-da-fe-e-do-destino\/\"},\"wordCount\":629,\"articleSection\":[\"Reflex\u00e3o\"],\"inLanguage\":\"pt-BR\"},{\"@type\":\"WebPage\",\"@id\":\"http:\/\/salmosbiblicos.com.br\/index.php\/2026\/03\/29\/escolhas-eternas-a-responsabilidade-da-fe-e-do-destino\/\",\"url\":\"http:\/\/salmosbiblicos.com.br\/index.php\/2026\/03\/29\/escolhas-eternas-a-responsabilidade-da-fe-e-do-destino\/\",\"name\":\"Escolhas Eternas: A Responsabilidade da F\u00e9 e do Destino - Salmos B\u00edblicos\",\"isPartOf\":{\"@id\":\"https:\/\/salmosbiblicos.com.br\/#website\"},\"datePublished\":\"2026-03-29T23:40:19+00:00\",\"author\":{\"@id\":\"https:\/\/salmosbiblicos.com.br\/#\/schema\/person\/30586d0fb3f3a46b78a3414fc39cc975\"},\"breadcrumb\":{\"@id\":\"http:\/\/salmosbiblicos.com.br\/index.php\/2026\/03\/29\/escolhas-eternas-a-responsabilidade-da-fe-e-do-destino\/#breadcrumb\"},\"inLanguage\":\"pt-BR\",\"potentialAction\":[{\"@type\":\"ReadAction\",\"target\":[\"http:\/\/salmosbiblicos.com.br\/index.php\/2026\/03\/29\/escolhas-eternas-a-responsabilidade-da-fe-e-do-destino\/\"]}]},{\"@type\":\"BreadcrumbList\",\"@id\":\"http:\/\/salmosbiblicos.com.br\/index.php\/2026\/03\/29\/escolhas-eternas-a-responsabilidade-da-fe-e-do-destino\/#breadcrumb\",\"itemListElement\":[{\"@type\":\"ListItem\",\"position\":1,\"name\":\"Home\",\"item\":\"https:\/\/salmosbiblicos.com.br\/\"},{\"@type\":\"ListItem\",\"position\":2,\"name\":\"Escolhas Eternas: A Responsabilidade da F\u00e9 e do Destino\"}]},{\"@type\":\"WebSite\",\"@id\":\"https:\/\/salmosbiblicos.com.br\/#website\",\"url\":\"https:\/\/salmosbiblicos.com.br\/\",\"name\":\"Salmos B\u00edblicos\",\"description\":\"Uma e-Livraria com e-Books novos para voc\u00ea refletir.\",\"potentialAction\":[{\"@type\":\"SearchAction\",\"target\":{\"@type\":\"EntryPoint\",\"urlTemplate\":\"https:\/\/salmosbiblicos.com.br\/?s={search_term_string}\"},\"query-input\":{\"@type\":\"PropertyValueSpecification\",\"valueRequired\":true,\"valueName\":\"search_term_string\"}}],\"inLanguage\":\"pt-BR\"},{\"@type\":\"Person\",\"@id\":\"https:\/\/salmosbiblicos.com.br\/#\/schema\/person\/30586d0fb3f3a46b78a3414fc39cc975\",\"name\":\"alextreh@gmail.com\",\"image\":{\"@type\":\"ImageObject\",\"inLanguage\":\"pt-BR\",\"@id\":\"https:\/\/secure.gravatar.com\/avatar\/7cf84d31f581ec97b887c1039d478a7c293086896c84951a86753fb2c2af7527?s=96&d=mm&r=g\",\"url\":\"https:\/\/secure.gravatar.com\/avatar\/7cf84d31f581ec97b887c1039d478a7c293086896c84951a86753fb2c2af7527?s=96&d=mm&r=g\",\"contentUrl\":\"https:\/\/secure.gravatar.com\/avatar\/7cf84d31f581ec97b887c1039d478a7c293086896c84951a86753fb2c2af7527?s=96&d=mm&r=g\",\"caption\":\"alextreh@gmail.com\"},\"sameAs\":[\"http:\/\/salmosbiblicos.com.br\"],\"url\":\"http:\/\/salmosbiblicos.com.br\/index.php\/author\/alextrehgmail-com\/\"}]}<\/script>\n<!-- \/ Yoast SEO plugin. -->","yoast_head_json":{"title":"Escolhas Eternas: A Responsabilidade da F\u00e9 e do Destino - Salmos B\u00edblicos","robots":{"index":"index","follow":"follow","max-snippet":"max-snippet:-1","max-image-preview":"max-image-preview:large","max-video-preview":"max-video-preview:-1"},"canonical":"http:\/\/salmosbiblicos.com.br\/index.php\/2026\/03\/29\/escolhas-eternas-a-responsabilidade-da-fe-e-do-destino\/","og_locale":"pt_BR","og_type":"article","og_title":"Escolhas Eternas: A Responsabilidade da F\u00e9 e do Destino - Salmos B\u00edblicos","og_description":"## A Escolha que Define a Eternidade H\u00e1 uma verdade que ecoa atrav\u00e9s dos s\u00e9culos, uma verdade que nos convida a uma reflex\u00e3o profunda sobre o curso de nossas vidas. N\u00e3o somos for\u00e7ados a trilhar um caminho, mas as consequ\u00eancias de nossas escolhas reverberam para al\u00e9m do tempo que conhecemos. \u00c9 sobre essa liberdade, e [&hellip;]","og_url":"http:\/\/salmosbiblicos.com.br\/index.php\/2026\/03\/29\/escolhas-eternas-a-responsabilidade-da-fe-e-do-destino\/","og_site_name":"Salmos B\u00edblicos","article_published_time":"2026-03-29T23:40:19+00:00","author":"alextreh@gmail.com","twitter_card":"summary_large_image","twitter_misc":{"Escrito por":"alextreh@gmail.com","Est. tempo de leitura":"3 minutos"},"schema":{"@context":"https:\/\/schema.org","@graph":[{"@type":"Article","@id":"http:\/\/salmosbiblicos.com.br\/index.php\/2026\/03\/29\/escolhas-eternas-a-responsabilidade-da-fe-e-do-destino\/#article","isPartOf":{"@id":"http:\/\/salmosbiblicos.com.br\/index.php\/2026\/03\/29\/escolhas-eternas-a-responsabilidade-da-fe-e-do-destino\/"},"author":{"name":"alextreh@gmail.com","@id":"https:\/\/salmosbiblicos.com.br\/#\/schema\/person\/30586d0fb3f3a46b78a3414fc39cc975"},"headline":"Escolhas Eternas: A Responsabilidade da F\u00e9 e do Destino","datePublished":"2026-03-29T23:40:19+00:00","mainEntityOfPage":{"@id":"http:\/\/salmosbiblicos.com.br\/index.php\/2026\/03\/29\/escolhas-eternas-a-responsabilidade-da-fe-e-do-destino\/"},"wordCount":629,"articleSection":["Reflex\u00e3o"],"inLanguage":"pt-BR"},{"@type":"WebPage","@id":"http:\/\/salmosbiblicos.com.br\/index.php\/2026\/03\/29\/escolhas-eternas-a-responsabilidade-da-fe-e-do-destino\/","url":"http:\/\/salmosbiblicos.com.br\/index.php\/2026\/03\/29\/escolhas-eternas-a-responsabilidade-da-fe-e-do-destino\/","name":"Escolhas Eternas: A Responsabilidade da F\u00e9 e do Destino - Salmos B\u00edblicos","isPartOf":{"@id":"https:\/\/salmosbiblicos.com.br\/#website"},"datePublished":"2026-03-29T23:40:19+00:00","author":{"@id":"https:\/\/salmosbiblicos.com.br\/#\/schema\/person\/30586d0fb3f3a46b78a3414fc39cc975"},"breadcrumb":{"@id":"http:\/\/salmosbiblicos.com.br\/index.php\/2026\/03\/29\/escolhas-eternas-a-responsabilidade-da-fe-e-do-destino\/#breadcrumb"},"inLanguage":"pt-BR","potentialAction":[{"@type":"ReadAction","target":["http:\/\/salmosbiblicos.com.br\/index.php\/2026\/03\/29\/escolhas-eternas-a-responsabilidade-da-fe-e-do-destino\/"]}]},{"@type":"BreadcrumbList","@id":"http:\/\/salmosbiblicos.com.br\/index.php\/2026\/03\/29\/escolhas-eternas-a-responsabilidade-da-fe-e-do-destino\/#breadcrumb","itemListElement":[{"@type":"ListItem","position":1,"name":"Home","item":"https:\/\/salmosbiblicos.com.br\/"},{"@type":"ListItem","position":2,"name":"Escolhas Eternas: A Responsabilidade da F\u00e9 e do Destino"}]},{"@type":"WebSite","@id":"https:\/\/salmosbiblicos.com.br\/#website","url":"https:\/\/salmosbiblicos.com.br\/","name":"Salmos B\u00edblicos","description":"Uma e-Livraria com e-Books novos para voc\u00ea refletir.","potentialAction":[{"@type":"SearchAction","target":{"@type":"EntryPoint","urlTemplate":"https:\/\/salmosbiblicos.com.br\/?s={search_term_string}"},"query-input":{"@type":"PropertyValueSpecification","valueRequired":true,"valueName":"search_term_string"}}],"inLanguage":"pt-BR"},{"@type":"Person","@id":"https:\/\/salmosbiblicos.com.br\/#\/schema\/person\/30586d0fb3f3a46b78a3414fc39cc975","name":"alextreh@gmail.com","image":{"@type":"ImageObject","inLanguage":"pt-BR","@id":"https:\/\/secure.gravatar.com\/avatar\/7cf84d31f581ec97b887c1039d478a7c293086896c84951a86753fb2c2af7527?s=96&d=mm&r=g","url":"https:\/\/secure.gravatar.com\/avatar\/7cf84d31f581ec97b887c1039d478a7c293086896c84951a86753fb2c2af7527?s=96&d=mm&r=g","contentUrl":"https:\/\/secure.gravatar.com\/avatar\/7cf84d31f581ec97b887c1039d478a7c293086896c84951a86753fb2c2af7527?s=96&d=mm&r=g","caption":"alextreh@gmail.com"},"sameAs":["http:\/\/salmosbiblicos.com.br"],"url":"http:\/\/salmosbiblicos.com.br\/index.php\/author\/alextrehgmail-com\/"}]}},"_links":{"self":[{"href":"http:\/\/salmosbiblicos.com.br\/index.php\/wp-json\/wp\/v2\/posts\/6028","targetHints":{"allow":["GET"]}}],"collection":[{"href":"http:\/\/salmosbiblicos.com.br\/index.php\/wp-json\/wp\/v2\/posts"}],"about":[{"href":"http:\/\/salmosbiblicos.com.br\/index.php\/wp-json\/wp\/v2\/types\/post"}],"author":[{"embeddable":true,"href":"http:\/\/salmosbiblicos.com.br\/index.php\/wp-json\/wp\/v2\/users\/1"}],"replies":[{"embeddable":true,"href":"http:\/\/salmosbiblicos.com.br\/index.php\/wp-json\/wp\/v2\/comments?post=6028"}],"version-history":[{"count":1,"href":"http:\/\/salmosbiblicos.com.br\/index.php\/wp-json\/wp\/v2\/posts\/6028\/revisions"}],"predecessor-version":[{"id":6029,"href":"http:\/\/salmosbiblicos.com.br\/index.php\/wp-json\/wp\/v2\/posts\/6028\/revisions\/6029"}],"wp:attachment":[{"href":"http:\/\/salmosbiblicos.com.br\/index.php\/wp-json\/wp\/v2\/media?parent=6028"}],"wp:term":[{"taxonomy":"category","embeddable":true,"href":"http:\/\/salmosbiblicos.com.br\/index.php\/wp-json\/wp\/v2\/categories?post=6028"},{"taxonomy":"post_tag","embeddable":true,"href":"http:\/\/salmosbiblicos.com.br\/index.php\/wp-json\/wp\/v2\/tags?post=6028"}],"curies":[{"name":"wp","href":"https:\/\/api.w.org\/{rel}","templated":true}]}}