{"id":6036,"date":"2026-03-29T21:07:37","date_gmt":"2026-03-30T00:07:37","guid":{"rendered":"https:\/\/salmosbiblicos.com.br\/?p=6036"},"modified":"2026-03-29T21:07:37","modified_gmt":"2026-03-30T00:07:37","slug":"perdao-divino-o-poder-de-reconciliar-e-transformar-vidas","status":"publish","type":"post","link":"http:\/\/salmosbiblicos.com.br\/index.php\/2026\/03\/29\/perdao-divino-o-poder-de-reconciliar-e-transformar-vidas\/","title":{"rendered":"Perd\u00e3o Divino: O Poder de Reconciliar e Transformar Vidas"},"content":{"rendered":"<p>## A Gra\u00e7a do Perd\u00e3o: Um Poder Divino em Nossas M\u00e3os<\/p>\n<p>A paz que excede todo o entendimento se derrama sobre n\u00f3s, um b\u00e1lsamo para as almas cansadas, um farol na escurid\u00e3o da d\u00favida. \u00c9 no encontro com a fragilidade humana, na busca incessante por reden\u00e7\u00e3o, que compreendemos a profundidade do amor divino.<\/p>\n<p>### O Encontro e a Miss\u00e3o<\/p>\n<p>H\u00e1 muito tempo, em uma noite de temor e incerteza, um grupo de homens, outrora testemunhas de um amor incondicional, sentiam o peso da perda e a ang\u00fastia da incompreens\u00e3o. As portas estavam trancadas, o medo paralisando os cora\u00e7\u00f5es. Ent\u00e3o, a presen\u00e7a luminosa irrompeu no meio deles, trazendo consigo a promessa de esperan\u00e7a.<\/p>\n<p>Jesus, com palavras de consolo, mostrou-lhes as marcas de sua paix\u00e3o, confirmando a realidade de sua ressurrei\u00e7\u00e3o e renovando a f\u00e9 daqueles que antes duvidaram. E, em seguida, com um gesto poderoso, soprou sobre eles, imbuindo-os de um dom precioso: **o Esp\u00edrito Santo, a chave para a reconcilia\u00e7\u00e3o.**<\/p>\n<p>### A Autoridade de Perdoar<\/p>\n<p>O Senhor n\u00e3o nos diz que devemos implorar por perd\u00e3o, mas que devemos **participar ativamente do ato de perdoar.** Essa \u00e9 a ess\u00eancia do poder que nos foi concedido: a capacidade de estender a gra\u00e7a divina \u00e0queles que buscam a luz. A autoridade para absolver os pecados n\u00e3o \u00e9 nossa, mas um dom sagrado, um canal atrav\u00e9s do qual a miseric\u00f3rdia de Deus flui para o mundo.<\/p>\n<p>Aquele que duvidava, que exigia prova vis\u00edvel, foi conduzido \u00e0 presen\u00e7a do Senhor, que, com paci\u00eancia e amor, lhe revelou as marcas de sua dor. A f\u00e9, ent\u00e3o, floresceu no cora\u00e7\u00e3o do incr\u00e9dulo, e ele, prostrado, reconheceu a divindade do Mestre. <\/p>\n<p>### Fundamentos na Palavra<\/p>\n<p>Os ensinamentos de Jesus ecoam atrav\u00e9s dos s\u00e9culos, reafirmando a verdade de que **o poder de perdoar \u00e9 um dom fundamental para a Igreja**. Este poder, que emana da divindade, estabelece uma ponte entre o homem e Deus.<\/p>\n<p>Os ap\u00f3stolos, escolhidos para serem a base da comunidade de f\u00e9, foram investidos dessa autoridade, e seus sucessores, os pastores e l\u00edderes espirituais, carregam consigo essa responsabilidade. Eles s\u00e3o enviados para trazer a mensagem da reconcilia\u00e7\u00e3o, para conectar as pessoas ao amor redentor do Senhor.<\/p>\n<p>### A Reconcilia\u00e7\u00e3o em Nossas Vidas<\/p>\n<p>Nosso papel, como membros do corpo de Cristo, \u00e9 **participar dessa miss\u00e3o de reconcilia\u00e7\u00e3o**. Que possamos nos abrir \u00e0 gra\u00e7a divina, reconhecer nossas falhas e buscar, com humildade, o perd\u00e3o. <\/p>\n<p>Que estejamos dispostos a estender a m\u00e3o ao pr\u00f3ximo, a oferecer o olhar compassivo e a palavra de esperan\u00e7a. Que possamos ser portadores da paz e do amor que emanam do cora\u00e7\u00e3o de Deus.<\/p>\n<p>Lembremos que a f\u00e9 n\u00e3o exige a vis\u00e3o para acreditar, mas sim a disposi\u00e7\u00e3o para entregar-se ao amor que nos envolve. **Que possamos ser aben\u00e7oados com essa f\u00e9**, mesmo sem ver com os olhos, mas sentindo com o cora\u00e7\u00e3o a presen\u00e7a do Senhor.<\/p>\n<p>Que possamos nos render a essa for\u00e7a transformadora, buscando a orienta\u00e7\u00e3o daqueles que nos guiam no caminho da f\u00e9. Que possamos ser canais de gra\u00e7a, levando a esperan\u00e7a a todos que buscam a luz.<\/p>\n","protected":false},"excerpt":{"rendered":"<p>## A Gra\u00e7a do Perd\u00e3o: Um Poder Divino em Nossas M\u00e3os A paz que excede todo o entendimento se derrama sobre n\u00f3s, um b\u00e1lsamo para as almas cansadas, um farol na escurid\u00e3o da d\u00favida. \u00c9 no encontro com a fragilidade humana, na busca incessante por reden\u00e7\u00e3o, que compreendemos a profundidade do amor divino. ### O [&hellip;]<\/p>\n","protected":false},"author":1,"featured_media":0,"comment_status":"closed","ping_status":"open","sticky":false,"template":"","format":"standard","meta":{"footnotes":""},"categories":[14],"tags":[],"class_list":["post-6036","post","type-post","status-publish","format-standard","hentry","category-reflexao"],"yoast_head":"<!-- This site is optimized with the Yoast SEO plugin v27.2 - https:\/\/yoast.com\/product\/yoast-seo-wordpress\/ -->\n<title>Perd\u00e3o Divino: O Poder de Reconciliar e Transformar Vidas - Salmos B\u00edblicos<\/title>\n<meta name=\"robots\" content=\"index, follow, max-snippet:-1, max-image-preview:large, max-video-preview:-1\" \/>\n<link rel=\"canonical\" href=\"http:\/\/salmosbiblicos.com.br\/index.php\/2026\/03\/29\/perdao-divino-o-poder-de-reconciliar-e-transformar-vidas\/\" \/>\n<meta property=\"og:locale\" content=\"pt_BR\" \/>\n<meta property=\"og:type\" content=\"article\" \/>\n<meta property=\"og:title\" content=\"Perd\u00e3o Divino: O Poder de Reconciliar e Transformar Vidas - Salmos B\u00edblicos\" \/>\n<meta property=\"og:description\" content=\"## A Gra\u00e7a do Perd\u00e3o: Um Poder Divino em Nossas M\u00e3os A paz que excede todo o entendimento se derrama sobre n\u00f3s, um b\u00e1lsamo para as almas cansadas, um farol na escurid\u00e3o da d\u00favida. \u00c9 no encontro com a fragilidade humana, na busca incessante por reden\u00e7\u00e3o, que compreendemos a profundidade do amor divino. ### O [&hellip;]\" \/>\n<meta property=\"og:url\" content=\"http:\/\/salmosbiblicos.com.br\/index.php\/2026\/03\/29\/perdao-divino-o-poder-de-reconciliar-e-transformar-vidas\/\" \/>\n<meta property=\"og:site_name\" content=\"Salmos B\u00edblicos\" \/>\n<meta property=\"article:published_time\" content=\"2026-03-30T00:07:37+00:00\" \/>\n<meta name=\"author\" content=\"alextreh@gmail.com\" \/>\n<meta name=\"twitter:card\" content=\"summary_large_image\" \/>\n<meta name=\"twitter:label1\" content=\"Escrito por\" \/>\n\t<meta name=\"twitter:data1\" content=\"alextreh@gmail.com\" \/>\n\t<meta name=\"twitter:label2\" content=\"Est. tempo de leitura\" \/>\n\t<meta name=\"twitter:data2\" content=\"3 minutos\" \/>\n<script type=\"application\/ld+json\" class=\"yoast-schema-graph\">{\"@context\":\"https:\/\/schema.org\",\"@graph\":[{\"@type\":\"Article\",\"@id\":\"http:\/\/salmosbiblicos.com.br\/index.php\/2026\/03\/29\/perdao-divino-o-poder-de-reconciliar-e-transformar-vidas\/#article\",\"isPartOf\":{\"@id\":\"http:\/\/salmosbiblicos.com.br\/index.php\/2026\/03\/29\/perdao-divino-o-poder-de-reconciliar-e-transformar-vidas\/\"},\"author\":{\"name\":\"alextreh@gmail.com\",\"@id\":\"https:\/\/salmosbiblicos.com.br\/#\/schema\/person\/30586d0fb3f3a46b78a3414fc39cc975\"},\"headline\":\"Perd\u00e3o Divino: O Poder de Reconciliar e Transformar Vidas\",\"datePublished\":\"2026-03-30T00:07:37+00:00\",\"mainEntityOfPage\":{\"@id\":\"http:\/\/salmosbiblicos.com.br\/index.php\/2026\/03\/29\/perdao-divino-o-poder-de-reconciliar-e-transformar-vidas\/\"},\"wordCount\":562,\"articleSection\":[\"Reflex\u00e3o\"],\"inLanguage\":\"pt-BR\"},{\"@type\":\"WebPage\",\"@id\":\"http:\/\/salmosbiblicos.com.br\/index.php\/2026\/03\/29\/perdao-divino-o-poder-de-reconciliar-e-transformar-vidas\/\",\"url\":\"http:\/\/salmosbiblicos.com.br\/index.php\/2026\/03\/29\/perdao-divino-o-poder-de-reconciliar-e-transformar-vidas\/\",\"name\":\"Perd\u00e3o Divino: O Poder de Reconciliar e Transformar Vidas - Salmos B\u00edblicos\",\"isPartOf\":{\"@id\":\"https:\/\/salmosbiblicos.com.br\/#website\"},\"datePublished\":\"2026-03-30T00:07:37+00:00\",\"author\":{\"@id\":\"https:\/\/salmosbiblicos.com.br\/#\/schema\/person\/30586d0fb3f3a46b78a3414fc39cc975\"},\"breadcrumb\":{\"@id\":\"http:\/\/salmosbiblicos.com.br\/index.php\/2026\/03\/29\/perdao-divino-o-poder-de-reconciliar-e-transformar-vidas\/#breadcrumb\"},\"inLanguage\":\"pt-BR\",\"potentialAction\":[{\"@type\":\"ReadAction\",\"target\":[\"http:\/\/salmosbiblicos.com.br\/index.php\/2026\/03\/29\/perdao-divino-o-poder-de-reconciliar-e-transformar-vidas\/\"]}]},{\"@type\":\"BreadcrumbList\",\"@id\":\"http:\/\/salmosbiblicos.com.br\/index.php\/2026\/03\/29\/perdao-divino-o-poder-de-reconciliar-e-transformar-vidas\/#breadcrumb\",\"itemListElement\":[{\"@type\":\"ListItem\",\"position\":1,\"name\":\"Home\",\"item\":\"https:\/\/salmosbiblicos.com.br\/\"},{\"@type\":\"ListItem\",\"position\":2,\"name\":\"Perd\u00e3o Divino: O Poder de Reconciliar e Transformar Vidas\"}]},{\"@type\":\"WebSite\",\"@id\":\"https:\/\/salmosbiblicos.com.br\/#website\",\"url\":\"https:\/\/salmosbiblicos.com.br\/\",\"name\":\"Salmos B\u00edblicos\",\"description\":\"Uma e-Livraria com e-Books novos para voc\u00ea refletir.\",\"potentialAction\":[{\"@type\":\"SearchAction\",\"target\":{\"@type\":\"EntryPoint\",\"urlTemplate\":\"https:\/\/salmosbiblicos.com.br\/?s={search_term_string}\"},\"query-input\":{\"@type\":\"PropertyValueSpecification\",\"valueRequired\":true,\"valueName\":\"search_term_string\"}}],\"inLanguage\":\"pt-BR\"},{\"@type\":\"Person\",\"@id\":\"https:\/\/salmosbiblicos.com.br\/#\/schema\/person\/30586d0fb3f3a46b78a3414fc39cc975\",\"name\":\"alextreh@gmail.com\",\"image\":{\"@type\":\"ImageObject\",\"inLanguage\":\"pt-BR\",\"@id\":\"https:\/\/secure.gravatar.com\/avatar\/7cf84d31f581ec97b887c1039d478a7c293086896c84951a86753fb2c2af7527?s=96&d=mm&r=g\",\"url\":\"https:\/\/secure.gravatar.com\/avatar\/7cf84d31f581ec97b887c1039d478a7c293086896c84951a86753fb2c2af7527?s=96&d=mm&r=g\",\"contentUrl\":\"https:\/\/secure.gravatar.com\/avatar\/7cf84d31f581ec97b887c1039d478a7c293086896c84951a86753fb2c2af7527?s=96&d=mm&r=g\",\"caption\":\"alextreh@gmail.com\"},\"sameAs\":[\"http:\/\/salmosbiblicos.com.br\"],\"url\":\"http:\/\/salmosbiblicos.com.br\/index.php\/author\/alextrehgmail-com\/\"}]}<\/script>\n<!-- \/ Yoast SEO plugin. -->","yoast_head_json":{"title":"Perd\u00e3o Divino: O Poder de Reconciliar e Transformar Vidas - Salmos B\u00edblicos","robots":{"index":"index","follow":"follow","max-snippet":"max-snippet:-1","max-image-preview":"max-image-preview:large","max-video-preview":"max-video-preview:-1"},"canonical":"http:\/\/salmosbiblicos.com.br\/index.php\/2026\/03\/29\/perdao-divino-o-poder-de-reconciliar-e-transformar-vidas\/","og_locale":"pt_BR","og_type":"article","og_title":"Perd\u00e3o Divino: O Poder de Reconciliar e Transformar Vidas - Salmos B\u00edblicos","og_description":"## A Gra\u00e7a do Perd\u00e3o: Um Poder Divino em Nossas M\u00e3os A paz que excede todo o entendimento se derrama sobre n\u00f3s, um b\u00e1lsamo para as almas cansadas, um farol na escurid\u00e3o da d\u00favida. \u00c9 no encontro com a fragilidade humana, na busca incessante por reden\u00e7\u00e3o, que compreendemos a profundidade do amor divino. ### O [&hellip;]","og_url":"http:\/\/salmosbiblicos.com.br\/index.php\/2026\/03\/29\/perdao-divino-o-poder-de-reconciliar-e-transformar-vidas\/","og_site_name":"Salmos B\u00edblicos","article_published_time":"2026-03-30T00:07:37+00:00","author":"alextreh@gmail.com","twitter_card":"summary_large_image","twitter_misc":{"Escrito por":"alextreh@gmail.com","Est. tempo de leitura":"3 minutos"},"schema":{"@context":"https:\/\/schema.org","@graph":[{"@type":"Article","@id":"http:\/\/salmosbiblicos.com.br\/index.php\/2026\/03\/29\/perdao-divino-o-poder-de-reconciliar-e-transformar-vidas\/#article","isPartOf":{"@id":"http:\/\/salmosbiblicos.com.br\/index.php\/2026\/03\/29\/perdao-divino-o-poder-de-reconciliar-e-transformar-vidas\/"},"author":{"name":"alextreh@gmail.com","@id":"https:\/\/salmosbiblicos.com.br\/#\/schema\/person\/30586d0fb3f3a46b78a3414fc39cc975"},"headline":"Perd\u00e3o Divino: O Poder de Reconciliar e Transformar Vidas","datePublished":"2026-03-30T00:07:37+00:00","mainEntityOfPage":{"@id":"http:\/\/salmosbiblicos.com.br\/index.php\/2026\/03\/29\/perdao-divino-o-poder-de-reconciliar-e-transformar-vidas\/"},"wordCount":562,"articleSection":["Reflex\u00e3o"],"inLanguage":"pt-BR"},{"@type":"WebPage","@id":"http:\/\/salmosbiblicos.com.br\/index.php\/2026\/03\/29\/perdao-divino-o-poder-de-reconciliar-e-transformar-vidas\/","url":"http:\/\/salmosbiblicos.com.br\/index.php\/2026\/03\/29\/perdao-divino-o-poder-de-reconciliar-e-transformar-vidas\/","name":"Perd\u00e3o Divino: O Poder de Reconciliar e Transformar Vidas - Salmos B\u00edblicos","isPartOf":{"@id":"https:\/\/salmosbiblicos.com.br\/#website"},"datePublished":"2026-03-30T00:07:37+00:00","author":{"@id":"https:\/\/salmosbiblicos.com.br\/#\/schema\/person\/30586d0fb3f3a46b78a3414fc39cc975"},"breadcrumb":{"@id":"http:\/\/salmosbiblicos.com.br\/index.php\/2026\/03\/29\/perdao-divino-o-poder-de-reconciliar-e-transformar-vidas\/#breadcrumb"},"inLanguage":"pt-BR","potentialAction":[{"@type":"ReadAction","target":["http:\/\/salmosbiblicos.com.br\/index.php\/2026\/03\/29\/perdao-divino-o-poder-de-reconciliar-e-transformar-vidas\/"]}]},{"@type":"BreadcrumbList","@id":"http:\/\/salmosbiblicos.com.br\/index.php\/2026\/03\/29\/perdao-divino-o-poder-de-reconciliar-e-transformar-vidas\/#breadcrumb","itemListElement":[{"@type":"ListItem","position":1,"name":"Home","item":"https:\/\/salmosbiblicos.com.br\/"},{"@type":"ListItem","position":2,"name":"Perd\u00e3o Divino: O Poder de Reconciliar e Transformar Vidas"}]},{"@type":"WebSite","@id":"https:\/\/salmosbiblicos.com.br\/#website","url":"https:\/\/salmosbiblicos.com.br\/","name":"Salmos B\u00edblicos","description":"Uma e-Livraria com e-Books novos para voc\u00ea refletir.","potentialAction":[{"@type":"SearchAction","target":{"@type":"EntryPoint","urlTemplate":"https:\/\/salmosbiblicos.com.br\/?s={search_term_string}"},"query-input":{"@type":"PropertyValueSpecification","valueRequired":true,"valueName":"search_term_string"}}],"inLanguage":"pt-BR"},{"@type":"Person","@id":"https:\/\/salmosbiblicos.com.br\/#\/schema\/person\/30586d0fb3f3a46b78a3414fc39cc975","name":"alextreh@gmail.com","image":{"@type":"ImageObject","inLanguage":"pt-BR","@id":"https:\/\/secure.gravatar.com\/avatar\/7cf84d31f581ec97b887c1039d478a7c293086896c84951a86753fb2c2af7527?s=96&d=mm&r=g","url":"https:\/\/secure.gravatar.com\/avatar\/7cf84d31f581ec97b887c1039d478a7c293086896c84951a86753fb2c2af7527?s=96&d=mm&r=g","contentUrl":"https:\/\/secure.gravatar.com\/avatar\/7cf84d31f581ec97b887c1039d478a7c293086896c84951a86753fb2c2af7527?s=96&d=mm&r=g","caption":"alextreh@gmail.com"},"sameAs":["http:\/\/salmosbiblicos.com.br"],"url":"http:\/\/salmosbiblicos.com.br\/index.php\/author\/alextrehgmail-com\/"}]}},"_links":{"self":[{"href":"http:\/\/salmosbiblicos.com.br\/index.php\/wp-json\/wp\/v2\/posts\/6036","targetHints":{"allow":["GET"]}}],"collection":[{"href":"http:\/\/salmosbiblicos.com.br\/index.php\/wp-json\/wp\/v2\/posts"}],"about":[{"href":"http:\/\/salmosbiblicos.com.br\/index.php\/wp-json\/wp\/v2\/types\/post"}],"author":[{"embeddable":true,"href":"http:\/\/salmosbiblicos.com.br\/index.php\/wp-json\/wp\/v2\/users\/1"}],"replies":[{"embeddable":true,"href":"http:\/\/salmosbiblicos.com.br\/index.php\/wp-json\/wp\/v2\/comments?post=6036"}],"version-history":[{"count":1,"href":"http:\/\/salmosbiblicos.com.br\/index.php\/wp-json\/wp\/v2\/posts\/6036\/revisions"}],"predecessor-version":[{"id":6037,"href":"http:\/\/salmosbiblicos.com.br\/index.php\/wp-json\/wp\/v2\/posts\/6036\/revisions\/6037"}],"wp:attachment":[{"href":"http:\/\/salmosbiblicos.com.br\/index.php\/wp-json\/wp\/v2\/media?parent=6036"}],"wp:term":[{"taxonomy":"category","embeddable":true,"href":"http:\/\/salmosbiblicos.com.br\/index.php\/wp-json\/wp\/v2\/categories?post=6036"},{"taxonomy":"post_tag","embeddable":true,"href":"http:\/\/salmosbiblicos.com.br\/index.php\/wp-json\/wp\/v2\/tags?post=6036"}],"curies":[{"name":"wp","href":"https:\/\/api.w.org\/{rel}","templated":true}]}}