{"id":6064,"date":"2026-03-29T22:48:51","date_gmt":"2026-03-30T01:48:51","guid":{"rendered":"https:\/\/salmosbiblicos.com.br\/?p=6064"},"modified":"2026-03-29T22:48:51","modified_gmt":"2026-03-30T01:48:51","slug":"sacrificio-redentor-reflexoes-sobre-fe-morte-e-salvacao","status":"publish","type":"post","link":"http:\/\/salmosbiblicos.com.br\/index.php\/2026\/03\/29\/sacrificio-redentor-reflexoes-sobre-fe-morte-e-salvacao\/","title":{"rendered":"Sacrif\u00edcio Redentor: Reflex\u00f5es Sobre F\u00e9, Morte e Salva\u00e7\u00e3o"},"content":{"rendered":"<p>## O Sacrif\u00edcio que Transcende a Morte<\/p>\n<p>\u00c9 um profundo mist\u00e9rio, um ato de amor que ecoa atrav\u00e9s dos s\u00e9culos: a morte de um s\u00f3, capaz de salvar a todos. Contemplar essa verdade nos convida a uma jornada interior, a uma reflex\u00e3o sobre a nossa pr\u00f3pria exist\u00eancia e o prop\u00f3sito que nos impulsiona.<\/p>\n<p>### A Profecia em Caifas<\/p>\n<p>Em tempos de grande turbul\u00eancia, quando a f\u00e9 \u00e9 desafiada e a esperan\u00e7a parece t\u00eanue, a voz da raz\u00e3o muitas vezes se perde em meio ao medo. Um l\u00edder, diante de uma multid\u00e3o incerta, expressa uma preocupa\u00e7\u00e3o leg\u00edtima: o temor de perder a pr\u00f3pria identidade, a seguran\u00e7a de um povo. Mas, em suas palavras, h\u00e1 tamb\u00e9m uma semente de profecia, uma premoni\u00e7\u00e3o do sacrif\u00edcio que estava por vir.<\/p>\n<p>**\u201cN\u00e3o percebesse que \u00e9 melhor um s\u00f3 morrer pelo povo do que perder a na\u00e7\u00e3o inteira.\u201d**<\/p>\n<p>Essa declara\u00e7\u00e3o, proferida com a autoridade de seu cargo, ressoa com a verdade eterna: o amor sacrificial, a entrega completa, pode ser o \u00fanico caminho para a salva\u00e7\u00e3o. N\u00e3o se trata de um ato de desespero, mas de uma compreens\u00e3o profunda da natureza do universo, onde o bem maior se encontra na entrega de si mesmo.<\/p>\n<p>### A Imensid\u00e3o da Condena\u00e7\u00e3o e a Gra\u00e7a da Justifica\u00e7\u00e3o<\/p>\n<p>O pecado, quando se instala no cora\u00e7\u00e3o do homem, lan\u00e7a uma sombra sobre toda a cria\u00e7\u00e3o. A transgress\u00e3o original, a desobedi\u00eancia a um mandamento, teve consequ\u00eancias que se estenderam por toda a humanidade. A separa\u00e7\u00e3o do Criador, a perda da inoc\u00eancia, a morte que paira sobre cada um de n\u00f3s.<\/p>\n<p>**&#8221;Assim, como em Ad\u00e3o todos morrem, em Cristo todos reveram.&#8221;**<\/p>\n<p>A f\u00e9 nos recorda que a justi\u00e7a de Deus n\u00e3o \u00e9 negoci\u00e1vel, mas que a gra\u00e7a, o amor incondicional, encontra um caminho para nos alcan\u00e7ar. Por um ato \u00fanico de amor, a injusti\u00e7a que pairava sobre n\u00f3s foi anulada, a d\u00edvida foi paga, a esperan\u00e7a reacendeu-se em nossos cora\u00e7\u00f5es.<\/p>\n<p>### Uma Vida para Aqueles que Vivem<\/p>\n<p>O convite que nos \u00e9 feito \u00e9 claro, urgente e transformador: **&#8221;N\u00e3o vivem para si, mas para aquele que por eles morreu e ressojou.&#8221;**<\/p>\n<p>N\u00e3o se trata de uma imposi\u00e7\u00e3o, mas de uma liberta\u00e7\u00e3o. Ao reconhecermos o sacrif\u00edcio que foi feito em nosso nome, somos convidados a romper com os velhos h\u00e1bitos, os desejos ego\u00edstas, as preocupa\u00e7\u00f5es que nos aprisionam. A vida, ent\u00e3o, ganha um novo significado, um prop\u00f3sito maior que o nosso bem-estar individual.<\/p>\n<p>*   Viver para Cristo \u00e9 servir ao pr\u00f3ximo.<br \/>*   Viver para Cristo \u00e9 buscar a justi\u00e7a e a paz.<br \/>*   Viver para Cristo \u00e9 amar incondicionalmente.<\/p>\n<p>### Uma Renova\u00e7\u00e3o de Compromisso<\/p>\n<p>Que esta reflex\u00e3o nos impulsione a renovar nosso compromisso com a f\u00e9, a buscar a Deus em ora\u00e7\u00e3o e contempla\u00e7\u00e3o. Que possamos nos lembrar, a cada dia, da imensid\u00e3o do amor que nos foi ofertado e que possamos, em nossas a\u00e7\u00f5es, refletir essa gra\u00e7a para o mundo.<\/p>\n<p>Que a morte de um s\u00f3, que salvou a todos, seja a luz que guia nossos passos e a for\u00e7a que nos sustenta em nossa jornada.<\/p>\n","protected":false},"excerpt":{"rendered":"<p>## O Sacrif\u00edcio que Transcende a Morte \u00c9 um profundo mist\u00e9rio, um ato de amor que ecoa atrav\u00e9s dos s\u00e9culos: a morte de um s\u00f3, capaz de salvar a todos. Contemplar essa verdade nos convida a uma jornada interior, a uma reflex\u00e3o sobre a nossa pr\u00f3pria exist\u00eancia e o prop\u00f3sito que nos impulsiona. ### A [&hellip;]<\/p>\n","protected":false},"author":1,"featured_media":0,"comment_status":"closed","ping_status":"open","sticky":false,"template":"","format":"standard","meta":{"footnotes":""},"categories":[14],"tags":[],"class_list":["post-6064","post","type-post","status-publish","format-standard","hentry","category-reflexao"],"yoast_head":"<!-- This site is optimized with the Yoast SEO plugin v27.2 - https:\/\/yoast.com\/product\/yoast-seo-wordpress\/ -->\n<title>Sacrif\u00edcio Redentor: Reflex\u00f5es Sobre F\u00e9, Morte e Salva\u00e7\u00e3o - Salmos B\u00edblicos<\/title>\n<meta name=\"robots\" content=\"index, follow, max-snippet:-1, max-image-preview:large, max-video-preview:-1\" \/>\n<link rel=\"canonical\" href=\"http:\/\/salmosbiblicos.com.br\/index.php\/2026\/03\/29\/sacrificio-redentor-reflexoes-sobre-fe-morte-e-salvacao\/\" \/>\n<meta property=\"og:locale\" content=\"pt_BR\" \/>\n<meta property=\"og:type\" content=\"article\" \/>\n<meta property=\"og:title\" content=\"Sacrif\u00edcio Redentor: Reflex\u00f5es Sobre F\u00e9, Morte e Salva\u00e7\u00e3o - Salmos B\u00edblicos\" \/>\n<meta property=\"og:description\" content=\"## O Sacrif\u00edcio que Transcende a Morte \u00c9 um profundo mist\u00e9rio, um ato de amor que ecoa atrav\u00e9s dos s\u00e9culos: a morte de um s\u00f3, capaz de salvar a todos. Contemplar essa verdade nos convida a uma jornada interior, a uma reflex\u00e3o sobre a nossa pr\u00f3pria exist\u00eancia e o prop\u00f3sito que nos impulsiona. ### A [&hellip;]\" \/>\n<meta property=\"og:url\" content=\"http:\/\/salmosbiblicos.com.br\/index.php\/2026\/03\/29\/sacrificio-redentor-reflexoes-sobre-fe-morte-e-salvacao\/\" \/>\n<meta property=\"og:site_name\" content=\"Salmos B\u00edblicos\" \/>\n<meta property=\"article:published_time\" content=\"2026-03-30T01:48:51+00:00\" \/>\n<meta name=\"author\" content=\"alextreh@gmail.com\" \/>\n<meta name=\"twitter:card\" content=\"summary_large_image\" \/>\n<meta name=\"twitter:label1\" content=\"Escrito por\" \/>\n\t<meta name=\"twitter:data1\" content=\"alextreh@gmail.com\" \/>\n\t<meta name=\"twitter:label2\" content=\"Est. tempo de leitura\" \/>\n\t<meta name=\"twitter:data2\" content=\"3 minutos\" \/>\n<script type=\"application\/ld+json\" class=\"yoast-schema-graph\">{\"@context\":\"https:\/\/schema.org\",\"@graph\":[{\"@type\":\"Article\",\"@id\":\"http:\/\/salmosbiblicos.com.br\/index.php\/2026\/03\/29\/sacrificio-redentor-reflexoes-sobre-fe-morte-e-salvacao\/#article\",\"isPartOf\":{\"@id\":\"http:\/\/salmosbiblicos.com.br\/index.php\/2026\/03\/29\/sacrificio-redentor-reflexoes-sobre-fe-morte-e-salvacao\/\"},\"author\":{\"name\":\"alextreh@gmail.com\",\"@id\":\"https:\/\/salmosbiblicos.com.br\/#\/schema\/person\/30586d0fb3f3a46b78a3414fc39cc975\"},\"headline\":\"Sacrif\u00edcio Redentor: Reflex\u00f5es Sobre F\u00e9, Morte e Salva\u00e7\u00e3o\",\"datePublished\":\"2026-03-30T01:48:51+00:00\",\"mainEntityOfPage\":{\"@id\":\"http:\/\/salmosbiblicos.com.br\/index.php\/2026\/03\/29\/sacrificio-redentor-reflexoes-sobre-fe-morte-e-salvacao\/\"},\"wordCount\":568,\"articleSection\":[\"Reflex\u00e3o\"],\"inLanguage\":\"pt-BR\"},{\"@type\":\"WebPage\",\"@id\":\"http:\/\/salmosbiblicos.com.br\/index.php\/2026\/03\/29\/sacrificio-redentor-reflexoes-sobre-fe-morte-e-salvacao\/\",\"url\":\"http:\/\/salmosbiblicos.com.br\/index.php\/2026\/03\/29\/sacrificio-redentor-reflexoes-sobre-fe-morte-e-salvacao\/\",\"name\":\"Sacrif\u00edcio Redentor: Reflex\u00f5es Sobre F\u00e9, Morte e Salva\u00e7\u00e3o - Salmos B\u00edblicos\",\"isPartOf\":{\"@id\":\"https:\/\/salmosbiblicos.com.br\/#website\"},\"datePublished\":\"2026-03-30T01:48:51+00:00\",\"author\":{\"@id\":\"https:\/\/salmosbiblicos.com.br\/#\/schema\/person\/30586d0fb3f3a46b78a3414fc39cc975\"},\"breadcrumb\":{\"@id\":\"http:\/\/salmosbiblicos.com.br\/index.php\/2026\/03\/29\/sacrificio-redentor-reflexoes-sobre-fe-morte-e-salvacao\/#breadcrumb\"},\"inLanguage\":\"pt-BR\",\"potentialAction\":[{\"@type\":\"ReadAction\",\"target\":[\"http:\/\/salmosbiblicos.com.br\/index.php\/2026\/03\/29\/sacrificio-redentor-reflexoes-sobre-fe-morte-e-salvacao\/\"]}]},{\"@type\":\"BreadcrumbList\",\"@id\":\"http:\/\/salmosbiblicos.com.br\/index.php\/2026\/03\/29\/sacrificio-redentor-reflexoes-sobre-fe-morte-e-salvacao\/#breadcrumb\",\"itemListElement\":[{\"@type\":\"ListItem\",\"position\":1,\"name\":\"Home\",\"item\":\"https:\/\/salmosbiblicos.com.br\/\"},{\"@type\":\"ListItem\",\"position\":2,\"name\":\"Sacrif\u00edcio Redentor: Reflex\u00f5es Sobre F\u00e9, Morte e Salva\u00e7\u00e3o\"}]},{\"@type\":\"WebSite\",\"@id\":\"https:\/\/salmosbiblicos.com.br\/#website\",\"url\":\"https:\/\/salmosbiblicos.com.br\/\",\"name\":\"Salmos B\u00edblicos\",\"description\":\"Uma e-Livraria com e-Books novos para voc\u00ea refletir.\",\"potentialAction\":[{\"@type\":\"SearchAction\",\"target\":{\"@type\":\"EntryPoint\",\"urlTemplate\":\"https:\/\/salmosbiblicos.com.br\/?s={search_term_string}\"},\"query-input\":{\"@type\":\"PropertyValueSpecification\",\"valueRequired\":true,\"valueName\":\"search_term_string\"}}],\"inLanguage\":\"pt-BR\"},{\"@type\":\"Person\",\"@id\":\"https:\/\/salmosbiblicos.com.br\/#\/schema\/person\/30586d0fb3f3a46b78a3414fc39cc975\",\"name\":\"alextreh@gmail.com\",\"image\":{\"@type\":\"ImageObject\",\"inLanguage\":\"pt-BR\",\"@id\":\"https:\/\/secure.gravatar.com\/avatar\/7cf84d31f581ec97b887c1039d478a7c293086896c84951a86753fb2c2af7527?s=96&d=mm&r=g\",\"url\":\"https:\/\/secure.gravatar.com\/avatar\/7cf84d31f581ec97b887c1039d478a7c293086896c84951a86753fb2c2af7527?s=96&d=mm&r=g\",\"contentUrl\":\"https:\/\/secure.gravatar.com\/avatar\/7cf84d31f581ec97b887c1039d478a7c293086896c84951a86753fb2c2af7527?s=96&d=mm&r=g\",\"caption\":\"alextreh@gmail.com\"},\"sameAs\":[\"http:\/\/salmosbiblicos.com.br\"],\"url\":\"http:\/\/salmosbiblicos.com.br\/index.php\/author\/alextrehgmail-com\/\"}]}<\/script>\n<!-- \/ Yoast SEO plugin. -->","yoast_head_json":{"title":"Sacrif\u00edcio Redentor: Reflex\u00f5es Sobre F\u00e9, Morte e Salva\u00e7\u00e3o - Salmos B\u00edblicos","robots":{"index":"index","follow":"follow","max-snippet":"max-snippet:-1","max-image-preview":"max-image-preview:large","max-video-preview":"max-video-preview:-1"},"canonical":"http:\/\/salmosbiblicos.com.br\/index.php\/2026\/03\/29\/sacrificio-redentor-reflexoes-sobre-fe-morte-e-salvacao\/","og_locale":"pt_BR","og_type":"article","og_title":"Sacrif\u00edcio Redentor: Reflex\u00f5es Sobre F\u00e9, Morte e Salva\u00e7\u00e3o - Salmos B\u00edblicos","og_description":"## O Sacrif\u00edcio que Transcende a Morte \u00c9 um profundo mist\u00e9rio, um ato de amor que ecoa atrav\u00e9s dos s\u00e9culos: a morte de um s\u00f3, capaz de salvar a todos. Contemplar essa verdade nos convida a uma jornada interior, a uma reflex\u00e3o sobre a nossa pr\u00f3pria exist\u00eancia e o prop\u00f3sito que nos impulsiona. ### A [&hellip;]","og_url":"http:\/\/salmosbiblicos.com.br\/index.php\/2026\/03\/29\/sacrificio-redentor-reflexoes-sobre-fe-morte-e-salvacao\/","og_site_name":"Salmos B\u00edblicos","article_published_time":"2026-03-30T01:48:51+00:00","author":"alextreh@gmail.com","twitter_card":"summary_large_image","twitter_misc":{"Escrito por":"alextreh@gmail.com","Est. tempo de leitura":"3 minutos"},"schema":{"@context":"https:\/\/schema.org","@graph":[{"@type":"Article","@id":"http:\/\/salmosbiblicos.com.br\/index.php\/2026\/03\/29\/sacrificio-redentor-reflexoes-sobre-fe-morte-e-salvacao\/#article","isPartOf":{"@id":"http:\/\/salmosbiblicos.com.br\/index.php\/2026\/03\/29\/sacrificio-redentor-reflexoes-sobre-fe-morte-e-salvacao\/"},"author":{"name":"alextreh@gmail.com","@id":"https:\/\/salmosbiblicos.com.br\/#\/schema\/person\/30586d0fb3f3a46b78a3414fc39cc975"},"headline":"Sacrif\u00edcio Redentor: Reflex\u00f5es Sobre F\u00e9, Morte e Salva\u00e7\u00e3o","datePublished":"2026-03-30T01:48:51+00:00","mainEntityOfPage":{"@id":"http:\/\/salmosbiblicos.com.br\/index.php\/2026\/03\/29\/sacrificio-redentor-reflexoes-sobre-fe-morte-e-salvacao\/"},"wordCount":568,"articleSection":["Reflex\u00e3o"],"inLanguage":"pt-BR"},{"@type":"WebPage","@id":"http:\/\/salmosbiblicos.com.br\/index.php\/2026\/03\/29\/sacrificio-redentor-reflexoes-sobre-fe-morte-e-salvacao\/","url":"http:\/\/salmosbiblicos.com.br\/index.php\/2026\/03\/29\/sacrificio-redentor-reflexoes-sobre-fe-morte-e-salvacao\/","name":"Sacrif\u00edcio Redentor: Reflex\u00f5es Sobre F\u00e9, Morte e Salva\u00e7\u00e3o - Salmos B\u00edblicos","isPartOf":{"@id":"https:\/\/salmosbiblicos.com.br\/#website"},"datePublished":"2026-03-30T01:48:51+00:00","author":{"@id":"https:\/\/salmosbiblicos.com.br\/#\/schema\/person\/30586d0fb3f3a46b78a3414fc39cc975"},"breadcrumb":{"@id":"http:\/\/salmosbiblicos.com.br\/index.php\/2026\/03\/29\/sacrificio-redentor-reflexoes-sobre-fe-morte-e-salvacao\/#breadcrumb"},"inLanguage":"pt-BR","potentialAction":[{"@type":"ReadAction","target":["http:\/\/salmosbiblicos.com.br\/index.php\/2026\/03\/29\/sacrificio-redentor-reflexoes-sobre-fe-morte-e-salvacao\/"]}]},{"@type":"BreadcrumbList","@id":"http:\/\/salmosbiblicos.com.br\/index.php\/2026\/03\/29\/sacrificio-redentor-reflexoes-sobre-fe-morte-e-salvacao\/#breadcrumb","itemListElement":[{"@type":"ListItem","position":1,"name":"Home","item":"https:\/\/salmosbiblicos.com.br\/"},{"@type":"ListItem","position":2,"name":"Sacrif\u00edcio Redentor: Reflex\u00f5es Sobre F\u00e9, Morte e Salva\u00e7\u00e3o"}]},{"@type":"WebSite","@id":"https:\/\/salmosbiblicos.com.br\/#website","url":"https:\/\/salmosbiblicos.com.br\/","name":"Salmos B\u00edblicos","description":"Uma e-Livraria com e-Books novos para voc\u00ea refletir.","potentialAction":[{"@type":"SearchAction","target":{"@type":"EntryPoint","urlTemplate":"https:\/\/salmosbiblicos.com.br\/?s={search_term_string}"},"query-input":{"@type":"PropertyValueSpecification","valueRequired":true,"valueName":"search_term_string"}}],"inLanguage":"pt-BR"},{"@type":"Person","@id":"https:\/\/salmosbiblicos.com.br\/#\/schema\/person\/30586d0fb3f3a46b78a3414fc39cc975","name":"alextreh@gmail.com","image":{"@type":"ImageObject","inLanguage":"pt-BR","@id":"https:\/\/secure.gravatar.com\/avatar\/7cf84d31f581ec97b887c1039d478a7c293086896c84951a86753fb2c2af7527?s=96&d=mm&r=g","url":"https:\/\/secure.gravatar.com\/avatar\/7cf84d31f581ec97b887c1039d478a7c293086896c84951a86753fb2c2af7527?s=96&d=mm&r=g","contentUrl":"https:\/\/secure.gravatar.com\/avatar\/7cf84d31f581ec97b887c1039d478a7c293086896c84951a86753fb2c2af7527?s=96&d=mm&r=g","caption":"alextreh@gmail.com"},"sameAs":["http:\/\/salmosbiblicos.com.br"],"url":"http:\/\/salmosbiblicos.com.br\/index.php\/author\/alextrehgmail-com\/"}]}},"_links":{"self":[{"href":"http:\/\/salmosbiblicos.com.br\/index.php\/wp-json\/wp\/v2\/posts\/6064","targetHints":{"allow":["GET"]}}],"collection":[{"href":"http:\/\/salmosbiblicos.com.br\/index.php\/wp-json\/wp\/v2\/posts"}],"about":[{"href":"http:\/\/salmosbiblicos.com.br\/index.php\/wp-json\/wp\/v2\/types\/post"}],"author":[{"embeddable":true,"href":"http:\/\/salmosbiblicos.com.br\/index.php\/wp-json\/wp\/v2\/users\/1"}],"replies":[{"embeddable":true,"href":"http:\/\/salmosbiblicos.com.br\/index.php\/wp-json\/wp\/v2\/comments?post=6064"}],"version-history":[{"count":1,"href":"http:\/\/salmosbiblicos.com.br\/index.php\/wp-json\/wp\/v2\/posts\/6064\/revisions"}],"predecessor-version":[{"id":6065,"href":"http:\/\/salmosbiblicos.com.br\/index.php\/wp-json\/wp\/v2\/posts\/6064\/revisions\/6065"}],"wp:attachment":[{"href":"http:\/\/salmosbiblicos.com.br\/index.php\/wp-json\/wp\/v2\/media?parent=6064"}],"wp:term":[{"taxonomy":"category","embeddable":true,"href":"http:\/\/salmosbiblicos.com.br\/index.php\/wp-json\/wp\/v2\/categories?post=6064"},{"taxonomy":"post_tag","embeddable":true,"href":"http:\/\/salmosbiblicos.com.br\/index.php\/wp-json\/wp\/v2\/tags?post=6064"}],"curies":[{"name":"wp","href":"https:\/\/api.w.org\/{rel}","templated":true}]}}