{"id":6076,"date":"2026-03-30T02:26:59","date_gmt":"2026-03-30T05:26:59","guid":{"rendered":"https:\/\/salmosbiblicos.com.br\/?p=6076"},"modified":"2026-03-30T02:26:59","modified_gmt":"2026-03-30T05:26:59","slug":"nossa-origem-na-terra-reflexoes-sobre-criacao-e-responsabilidade","status":"publish","type":"post","link":"http:\/\/salmosbiblicos.com.br\/index.php\/2026\/03\/30\/nossa-origem-na-terra-reflexoes-sobre-criacao-e-responsabilidade\/","title":{"rendered":"Nossa Origem na Terra: Reflex\u00f5es sobre Cria\u00e7\u00e3o e Responsabilidade"},"content":{"rendered":"<p>## A Ess\u00eancia da Cria\u00e7\u00e3o: Nossa Liga com a Terra e a Responsabilidade de Discernir<\/p>\n<p>Que profundo \u00e9 o mist\u00e9rio da nossa exist\u00eancia! Fomos retirados da terra, moldados \u00e0 imagem e semelhan\u00e7a de Deus. Uma reflex\u00e3o que nos convida a humildade, a reconhecer que somos criaturas, parte integrante deste mundo, e n\u00e3o seres separados ou superiores a ele.<\/p>\n<p>### Somos da Terra, para a Terra<\/p>\n<p>O relato sagrado nos revela que Deus, em sua infinita sabedoria, nos formou a partir do barro da terra. Essa origem nos conecta intrinsecamente ao solo que pisamos, ao ar que respiramos. **N\u00e3o somos divindades, mas sim parte de um todo maior, um elo na corrente da cria\u00e7\u00e3o.** Somos poeira, e ao p\u00f3 retornaremos, uma verdade que nos lembra da transitoriedade da vida e da import\u00e2ncia de valorizar cada instante.<\/p>\n<p>### Uma Semelhan\u00e7a Divina, um Poder Respons\u00e1vel<\/p>\n<p>Deus nos dotou de um poder semelhante ao seu, concedeu-nos dias limitados e a autoridade para governar sobre a Terra, sobre os animais e todas as criaturas. Mas este poder n\u00e3o \u00e9 absoluto. Vem acompanhado de uma enorme responsabilidade. **Deus nos confiou a Terra para que a cuid\u00e1ssemos, para que a preserv\u00e1ssemos, para que a honr\u00e1ssemos.**<\/p>\n<p>### O Dom do Discernimento: Nossa Singularidade<\/p>\n<p>O que nos distingue de toda a cria\u00e7\u00e3o \u00e9 a nossa capacidade de discernimento. Deus nos concedeu a l\u00edngua, os olhos, o cora\u00e7\u00e3o para pensar, a intelig\u00eancia e a sabedoria.  **\u00c9 atrav\u00e9s do discernimento que podemos distinguir o bem do mal, o certo do errado, o caminho da luz do caminho das trevas.** Somos convidados a usar este dom para trilhar a justi\u00e7a e a verdade.<\/p>\n<p>### A Lei da Vida: Um Caminho de Instru\u00e7\u00e3o e Alian\u00e7a<\/p>\n<p>Deus instruiu nossos ancestrais, oferecendo-lhes a lei da vida, a \u00e1rvore da vida como fonte de eterna prosperidade e bem-estar. Essa alian\u00e7a era um convite a uma rela\u00e7\u00e3o de confian\u00e7a e obedi\u00eancia. **A desobedi\u00eancia, como sabemos, trouxe consequ\u00eancias dolorosas, afastando-nos da presen\u00e7a divina e abrindo caminho para o sofrimento.**<\/p>\n<p>### Nossos Caminhos Diante do Senhor<\/p>\n<p>&#8220;Os caminhos dos homens est\u00e3o sempre diante do Senhor, e n\u00e3o podem ficar ocultos aos seus olhos.&#8221; Essa poderosa declara\u00e7\u00e3o nos lembra da nossa vulnerabilidade e da impossibilidade de fugir da justi\u00e7a divina. A tentativa de Ad\u00e3o e Eva de se esconder revela a fragilidade humana diante do pecado, mas tamb\u00e9m a **inabal\u00e1vel vigil\u00e2ncia de Deus, que tudo v\u00ea e tudo sabe.**<\/p>\n<p>### Reflex\u00f5es para o Nosso Caminho<\/p>\n<p>*   **Humildade:** Reconhecer nossa origem na terra nos lembra da nossa finitude e da import\u00e2ncia de vivermos em humildade.<br \/>*   **Responsabilidade:** O poder que nos foi concedido exige que usemos com sabedoria, cuidando da Terra e de todos os seres vivos.<br \/>*   **Discernimento:** Buscar a sabedoria divina para discernir o bem do mal, trilhando o caminho da justi\u00e7a.<br \/>*   **Transpar\u00eancia:**  Entender que nossos caminhos s\u00e3o abertos \u00e0 vis\u00e3o de Deus, incentivando-nos a viver em verdade e retid\u00e3o.<\/p>\n<p>Que esta reflex\u00e3o nos inspire a viver em alinhamento com a vontade divina, a buscar a justi\u00e7a, a cultivar a paz e a proclamar a grandeza do nosso Criador. Deus \u00e9 o nosso criador.<\/p>\n","protected":false},"excerpt":{"rendered":"<p>## A Ess\u00eancia da Cria\u00e7\u00e3o: Nossa Liga com a Terra e a Responsabilidade de Discernir Que profundo \u00e9 o mist\u00e9rio da nossa exist\u00eancia! Fomos retirados da terra, moldados \u00e0 imagem e semelhan\u00e7a de Deus. Uma reflex\u00e3o que nos convida a humildade, a reconhecer que somos criaturas, parte integrante deste mundo, e n\u00e3o seres separados ou [&hellip;]<\/p>\n","protected":false},"author":1,"featured_media":0,"comment_status":"closed","ping_status":"open","sticky":false,"template":"","format":"standard","meta":{"footnotes":""},"categories":[14],"tags":[],"class_list":["post-6076","post","type-post","status-publish","format-standard","hentry","category-reflexao"],"yoast_head":"<!-- This site is optimized with the Yoast SEO plugin v27.2 - https:\/\/yoast.com\/product\/yoast-seo-wordpress\/ -->\n<title>Nossa Origem na Terra: Reflex\u00f5es sobre Cria\u00e7\u00e3o e Responsabilidade - Salmos B\u00edblicos<\/title>\n<meta name=\"robots\" content=\"index, follow, max-snippet:-1, max-image-preview:large, max-video-preview:-1\" \/>\n<link rel=\"canonical\" href=\"https:\/\/salmosbiblicos.com.br\/index.php\/2026\/03\/30\/nossa-origem-na-terra-reflexoes-sobre-criacao-e-responsabilidade\/\" \/>\n<meta property=\"og:locale\" content=\"pt_BR\" \/>\n<meta property=\"og:type\" content=\"article\" \/>\n<meta property=\"og:title\" content=\"Nossa Origem na Terra: Reflex\u00f5es sobre Cria\u00e7\u00e3o e Responsabilidade - Salmos B\u00edblicos\" \/>\n<meta property=\"og:description\" content=\"## A Ess\u00eancia da Cria\u00e7\u00e3o: Nossa Liga com a Terra e a Responsabilidade de Discernir Que profundo \u00e9 o mist\u00e9rio da nossa exist\u00eancia! Fomos retirados da terra, moldados \u00e0 imagem e semelhan\u00e7a de Deus. Uma reflex\u00e3o que nos convida a humildade, a reconhecer que somos criaturas, parte integrante deste mundo, e n\u00e3o seres separados ou [&hellip;]\" \/>\n<meta property=\"og:url\" content=\"https:\/\/salmosbiblicos.com.br\/index.php\/2026\/03\/30\/nossa-origem-na-terra-reflexoes-sobre-criacao-e-responsabilidade\/\" \/>\n<meta property=\"og:site_name\" content=\"Salmos B\u00edblicos\" \/>\n<meta property=\"article:published_time\" content=\"2026-03-30T05:26:59+00:00\" \/>\n<meta name=\"author\" content=\"alextreh@gmail.com\" \/>\n<meta name=\"twitter:card\" content=\"summary_large_image\" \/>\n<meta name=\"twitter:label1\" content=\"Escrito por\" \/>\n\t<meta name=\"twitter:data1\" content=\"alextreh@gmail.com\" \/>\n\t<meta name=\"twitter:label2\" content=\"Est. tempo de leitura\" \/>\n\t<meta name=\"twitter:data2\" content=\"3 minutos\" \/>\n<script type=\"application\/ld+json\" class=\"yoast-schema-graph\">{\"@context\":\"https:\/\/schema.org\",\"@graph\":[{\"@type\":\"Article\",\"@id\":\"https:\/\/salmosbiblicos.com.br\/index.php\/2026\/03\/30\/nossa-origem-na-terra-reflexoes-sobre-criacao-e-responsabilidade\/#article\",\"isPartOf\":{\"@id\":\"https:\/\/salmosbiblicos.com.br\/index.php\/2026\/03\/30\/nossa-origem-na-terra-reflexoes-sobre-criacao-e-responsabilidade\/\"},\"author\":{\"name\":\"alextreh@gmail.com\",\"@id\":\"https:\/\/salmosbiblicos.com.br\/#\/schema\/person\/30586d0fb3f3a46b78a3414fc39cc975\"},\"headline\":\"Nossa Origem na Terra: Reflex\u00f5es sobre Cria\u00e7\u00e3o e Responsabilidade\",\"datePublished\":\"2026-03-30T05:26:59+00:00\",\"mainEntityOfPage\":{\"@id\":\"https:\/\/salmosbiblicos.com.br\/index.php\/2026\/03\/30\/nossa-origem-na-terra-reflexoes-sobre-criacao-e-responsabilidade\/\"},\"wordCount\":557,\"articleSection\":[\"Reflex\u00e3o\"],\"inLanguage\":\"pt-BR\"},{\"@type\":\"WebPage\",\"@id\":\"https:\/\/salmosbiblicos.com.br\/index.php\/2026\/03\/30\/nossa-origem-na-terra-reflexoes-sobre-criacao-e-responsabilidade\/\",\"url\":\"https:\/\/salmosbiblicos.com.br\/index.php\/2026\/03\/30\/nossa-origem-na-terra-reflexoes-sobre-criacao-e-responsabilidade\/\",\"name\":\"Nossa Origem na Terra: Reflex\u00f5es sobre Cria\u00e7\u00e3o e Responsabilidade - Salmos B\u00edblicos\",\"isPartOf\":{\"@id\":\"https:\/\/salmosbiblicos.com.br\/#website\"},\"datePublished\":\"2026-03-30T05:26:59+00:00\",\"author\":{\"@id\":\"https:\/\/salmosbiblicos.com.br\/#\/schema\/person\/30586d0fb3f3a46b78a3414fc39cc975\"},\"breadcrumb\":{\"@id\":\"https:\/\/salmosbiblicos.com.br\/index.php\/2026\/03\/30\/nossa-origem-na-terra-reflexoes-sobre-criacao-e-responsabilidade\/#breadcrumb\"},\"inLanguage\":\"pt-BR\",\"potentialAction\":[{\"@type\":\"ReadAction\",\"target\":[\"https:\/\/salmosbiblicos.com.br\/index.php\/2026\/03\/30\/nossa-origem-na-terra-reflexoes-sobre-criacao-e-responsabilidade\/\"]}]},{\"@type\":\"BreadcrumbList\",\"@id\":\"https:\/\/salmosbiblicos.com.br\/index.php\/2026\/03\/30\/nossa-origem-na-terra-reflexoes-sobre-criacao-e-responsabilidade\/#breadcrumb\",\"itemListElement\":[{\"@type\":\"ListItem\",\"position\":1,\"name\":\"Home\",\"item\":\"https:\/\/salmosbiblicos.com.br\/\"},{\"@type\":\"ListItem\",\"position\":2,\"name\":\"Nossa Origem na Terra: Reflex\u00f5es sobre Cria\u00e7\u00e3o e Responsabilidade\"}]},{\"@type\":\"WebSite\",\"@id\":\"https:\/\/salmosbiblicos.com.br\/#website\",\"url\":\"https:\/\/salmosbiblicos.com.br\/\",\"name\":\"Salmos B\u00edblicos\",\"description\":\"Uma e-Livraria com e-Books novos para voc\u00ea refletir.\",\"potentialAction\":[{\"@type\":\"SearchAction\",\"target\":{\"@type\":\"EntryPoint\",\"urlTemplate\":\"https:\/\/salmosbiblicos.com.br\/?s={search_term_string}\"},\"query-input\":{\"@type\":\"PropertyValueSpecification\",\"valueRequired\":true,\"valueName\":\"search_term_string\"}}],\"inLanguage\":\"pt-BR\"},{\"@type\":\"Person\",\"@id\":\"https:\/\/salmosbiblicos.com.br\/#\/schema\/person\/30586d0fb3f3a46b78a3414fc39cc975\",\"name\":\"alextreh@gmail.com\",\"image\":{\"@type\":\"ImageObject\",\"inLanguage\":\"pt-BR\",\"@id\":\"https:\/\/secure.gravatar.com\/avatar\/7cf84d31f581ec97b887c1039d478a7c293086896c84951a86753fb2c2af7527?s=96&d=mm&r=g\",\"url\":\"https:\/\/secure.gravatar.com\/avatar\/7cf84d31f581ec97b887c1039d478a7c293086896c84951a86753fb2c2af7527?s=96&d=mm&r=g\",\"contentUrl\":\"https:\/\/secure.gravatar.com\/avatar\/7cf84d31f581ec97b887c1039d478a7c293086896c84951a86753fb2c2af7527?s=96&d=mm&r=g\",\"caption\":\"alextreh@gmail.com\"},\"sameAs\":[\"http:\/\/salmosbiblicos.com.br\"],\"url\":\"http:\/\/salmosbiblicos.com.br\/index.php\/author\/alextrehgmail-com\/\"}]}<\/script>\n<!-- \/ Yoast SEO plugin. -->","yoast_head_json":{"title":"Nossa Origem na Terra: Reflex\u00f5es sobre Cria\u00e7\u00e3o e Responsabilidade - Salmos B\u00edblicos","robots":{"index":"index","follow":"follow","max-snippet":"max-snippet:-1","max-image-preview":"max-image-preview:large","max-video-preview":"max-video-preview:-1"},"canonical":"https:\/\/salmosbiblicos.com.br\/index.php\/2026\/03\/30\/nossa-origem-na-terra-reflexoes-sobre-criacao-e-responsabilidade\/","og_locale":"pt_BR","og_type":"article","og_title":"Nossa Origem na Terra: Reflex\u00f5es sobre Cria\u00e7\u00e3o e Responsabilidade - Salmos B\u00edblicos","og_description":"## A Ess\u00eancia da Cria\u00e7\u00e3o: Nossa Liga com a Terra e a Responsabilidade de Discernir Que profundo \u00e9 o mist\u00e9rio da nossa exist\u00eancia! Fomos retirados da terra, moldados \u00e0 imagem e semelhan\u00e7a de Deus. Uma reflex\u00e3o que nos convida a humildade, a reconhecer que somos criaturas, parte integrante deste mundo, e n\u00e3o seres separados ou [&hellip;]","og_url":"https:\/\/salmosbiblicos.com.br\/index.php\/2026\/03\/30\/nossa-origem-na-terra-reflexoes-sobre-criacao-e-responsabilidade\/","og_site_name":"Salmos B\u00edblicos","article_published_time":"2026-03-30T05:26:59+00:00","author":"alextreh@gmail.com","twitter_card":"summary_large_image","twitter_misc":{"Escrito por":"alextreh@gmail.com","Est. tempo de leitura":"3 minutos"},"schema":{"@context":"https:\/\/schema.org","@graph":[{"@type":"Article","@id":"https:\/\/salmosbiblicos.com.br\/index.php\/2026\/03\/30\/nossa-origem-na-terra-reflexoes-sobre-criacao-e-responsabilidade\/#article","isPartOf":{"@id":"https:\/\/salmosbiblicos.com.br\/index.php\/2026\/03\/30\/nossa-origem-na-terra-reflexoes-sobre-criacao-e-responsabilidade\/"},"author":{"name":"alextreh@gmail.com","@id":"https:\/\/salmosbiblicos.com.br\/#\/schema\/person\/30586d0fb3f3a46b78a3414fc39cc975"},"headline":"Nossa Origem na Terra: Reflex\u00f5es sobre Cria\u00e7\u00e3o e Responsabilidade","datePublished":"2026-03-30T05:26:59+00:00","mainEntityOfPage":{"@id":"https:\/\/salmosbiblicos.com.br\/index.php\/2026\/03\/30\/nossa-origem-na-terra-reflexoes-sobre-criacao-e-responsabilidade\/"},"wordCount":557,"articleSection":["Reflex\u00e3o"],"inLanguage":"pt-BR"},{"@type":"WebPage","@id":"https:\/\/salmosbiblicos.com.br\/index.php\/2026\/03\/30\/nossa-origem-na-terra-reflexoes-sobre-criacao-e-responsabilidade\/","url":"https:\/\/salmosbiblicos.com.br\/index.php\/2026\/03\/30\/nossa-origem-na-terra-reflexoes-sobre-criacao-e-responsabilidade\/","name":"Nossa Origem na Terra: Reflex\u00f5es sobre Cria\u00e7\u00e3o e Responsabilidade - Salmos B\u00edblicos","isPartOf":{"@id":"https:\/\/salmosbiblicos.com.br\/#website"},"datePublished":"2026-03-30T05:26:59+00:00","author":{"@id":"https:\/\/salmosbiblicos.com.br\/#\/schema\/person\/30586d0fb3f3a46b78a3414fc39cc975"},"breadcrumb":{"@id":"https:\/\/salmosbiblicos.com.br\/index.php\/2026\/03\/30\/nossa-origem-na-terra-reflexoes-sobre-criacao-e-responsabilidade\/#breadcrumb"},"inLanguage":"pt-BR","potentialAction":[{"@type":"ReadAction","target":["https:\/\/salmosbiblicos.com.br\/index.php\/2026\/03\/30\/nossa-origem-na-terra-reflexoes-sobre-criacao-e-responsabilidade\/"]}]},{"@type":"BreadcrumbList","@id":"https:\/\/salmosbiblicos.com.br\/index.php\/2026\/03\/30\/nossa-origem-na-terra-reflexoes-sobre-criacao-e-responsabilidade\/#breadcrumb","itemListElement":[{"@type":"ListItem","position":1,"name":"Home","item":"https:\/\/salmosbiblicos.com.br\/"},{"@type":"ListItem","position":2,"name":"Nossa Origem na Terra: Reflex\u00f5es sobre Cria\u00e7\u00e3o e Responsabilidade"}]},{"@type":"WebSite","@id":"https:\/\/salmosbiblicos.com.br\/#website","url":"https:\/\/salmosbiblicos.com.br\/","name":"Salmos B\u00edblicos","description":"Uma e-Livraria com e-Books novos para voc\u00ea refletir.","potentialAction":[{"@type":"SearchAction","target":{"@type":"EntryPoint","urlTemplate":"https:\/\/salmosbiblicos.com.br\/?s={search_term_string}"},"query-input":{"@type":"PropertyValueSpecification","valueRequired":true,"valueName":"search_term_string"}}],"inLanguage":"pt-BR"},{"@type":"Person","@id":"https:\/\/salmosbiblicos.com.br\/#\/schema\/person\/30586d0fb3f3a46b78a3414fc39cc975","name":"alextreh@gmail.com","image":{"@type":"ImageObject","inLanguage":"pt-BR","@id":"https:\/\/secure.gravatar.com\/avatar\/7cf84d31f581ec97b887c1039d478a7c293086896c84951a86753fb2c2af7527?s=96&d=mm&r=g","url":"https:\/\/secure.gravatar.com\/avatar\/7cf84d31f581ec97b887c1039d478a7c293086896c84951a86753fb2c2af7527?s=96&d=mm&r=g","contentUrl":"https:\/\/secure.gravatar.com\/avatar\/7cf84d31f581ec97b887c1039d478a7c293086896c84951a86753fb2c2af7527?s=96&d=mm&r=g","caption":"alextreh@gmail.com"},"sameAs":["http:\/\/salmosbiblicos.com.br"],"url":"http:\/\/salmosbiblicos.com.br\/index.php\/author\/alextrehgmail-com\/"}]}},"_links":{"self":[{"href":"http:\/\/salmosbiblicos.com.br\/index.php\/wp-json\/wp\/v2\/posts\/6076","targetHints":{"allow":["GET"]}}],"collection":[{"href":"http:\/\/salmosbiblicos.com.br\/index.php\/wp-json\/wp\/v2\/posts"}],"about":[{"href":"http:\/\/salmosbiblicos.com.br\/index.php\/wp-json\/wp\/v2\/types\/post"}],"author":[{"embeddable":true,"href":"http:\/\/salmosbiblicos.com.br\/index.php\/wp-json\/wp\/v2\/users\/1"}],"replies":[{"embeddable":true,"href":"http:\/\/salmosbiblicos.com.br\/index.php\/wp-json\/wp\/v2\/comments?post=6076"}],"version-history":[{"count":1,"href":"http:\/\/salmosbiblicos.com.br\/index.php\/wp-json\/wp\/v2\/posts\/6076\/revisions"}],"predecessor-version":[{"id":6077,"href":"http:\/\/salmosbiblicos.com.br\/index.php\/wp-json\/wp\/v2\/posts\/6076\/revisions\/6077"}],"wp:attachment":[{"href":"http:\/\/salmosbiblicos.com.br\/index.php\/wp-json\/wp\/v2\/media?parent=6076"}],"wp:term":[{"taxonomy":"category","embeddable":true,"href":"http:\/\/salmosbiblicos.com.br\/index.php\/wp-json\/wp\/v2\/categories?post=6076"},{"taxonomy":"post_tag","embeddable":true,"href":"http:\/\/salmosbiblicos.com.br\/index.php\/wp-json\/wp\/v2\/tags?post=6076"}],"curies":[{"name":"wp","href":"https:\/\/api.w.org\/{rel}","templated":true}]}}