{"id":6080,"date":"2026-03-30T02:55:45","date_gmt":"2026-03-30T05:55:45","guid":{"rendered":"https:\/\/salmosbiblicos.com.br\/?p=6080"},"modified":"2026-03-30T02:55:45","modified_gmt":"2026-03-30T05:55:45","slug":"batalha-espiritual-como-a-fe-fortalece-em-tempos-de-duvida","status":"publish","type":"post","link":"http:\/\/salmosbiblicos.com.br\/index.php\/2026\/03\/30\/batalha-espiritual-como-a-fe-fortalece-em-tempos-de-duvida\/","title":{"rendered":"Batalha Espiritual: Como a F\u00e9 Fortalece em Tempos de D\u00favida"},"content":{"rendered":"<p>## A Batalha Interior e a Armadura da F\u00e9<\/p>\n<p>Nos momentos de incerteza, quando a tempestade parece nos envolver, \u00e9 importante lembrar a verdade fundamental: a vida \u00e9 um campo de batalha espiritual. \u00c9 um combate que se trava n\u00e3o contra os que nos cercam, mas contra as for\u00e7as que buscam nos afastar do caminho da luz e da paz.  A escurid\u00e3o se manifesta de formas variadas, e compreender a natureza desse conflito \u00e9 o primeiro passo para a vit\u00f3ria.<\/p>\n<p>### A Natureza do Combate<\/p>\n<p>O mal n\u00e3o se manifesta em ataques vis\u00edveis, em golpes f\u00edsicos que podemos repelir com for\u00e7a. Ele se esconde nas sombras da d\u00favida, do desespero, do medo. Se infiltra em nossos pensamentos, buscando corroer nossa f\u00e9 e nos afastar da esperan\u00e7a que reside em Deus. Como homens e mulheres, somos vulner\u00e1veis a essas investidas, e a ignor\u00e2ncia da nossa verdadeira condi\u00e7\u00e3o pode nos levar a sucumbir.<\/p>\n<p>\u00c9 crucial, portanto, que reconhe\u00e7amos que a nossa batalha \u00e9 de ordem espiritual. Os desafios que enfrentamos, as prova\u00e7\u00f5es que nos afligem, muitas vezes s\u00e3o o resultado da influ\u00eancia de for\u00e7as que buscam nos destruir.<\/p>\n<p>### Uma Hist\u00f3ria de Desespero e F\u00e9<\/p>\n<p>Em uma \u00e9poca de intensa necessidade, um pai desesperado buscou aux\u00edlio para seu filho, atormentado por uma condi\u00e7\u00e3o que o derrubava em convuls\u00f5es, o lan\u00e7ava ao ch\u00e3o e o consumia em sofrimento. Os disc\u00edpulos tentaram intervir, mas seus esfor\u00e7os foram in\u00fateis. A impot\u00eancia diante da ang\u00fastia humana exp\u00f4s a fragilidade da carne.<\/p>\n<p>Diante da dor do pai, Jesus expressou sua pr\u00f3pria perplexidade: &#8220;\u00d3 gera\u00e7\u00e3o incr\u00e9dula, at\u00e9 quando estarei com voc\u00eas? At\u00e9 quando terei que suport\u00e1-los?&#8221; Uma declara\u00e7\u00e3o que ecoa a frustra\u00e7\u00e3o de quem v\u00ea o sofrimento alheio e se sente limitado em sua capacidade de aliviar.<\/p>\n<p>### A Ess\u00eancia da F\u00e9: &#8220;Tudo \u00e9 Poss\u00edvel para Quem Acredita&#8221;<\/p>\n<p>O pai, em sua afli\u00e7\u00e3o, clamou por miseric\u00f3rdia, reconhecendo sua pr\u00f3pria falta de f\u00e9. \u201cEu tenho f\u00e9\u201d, confessou, \u201cmas ajuda a minha falta de f\u00e9\u201d. Sua humildade, sua honestidade em admitir suas fraquezas, tocaram o cora\u00e7\u00e3o de Jesus.<\/p>\n<p>Jesus, ent\u00e3o, com uma frase que ressoa atrav\u00e9s dos s\u00e9culos, declarou: **&#8221;Tudo \u00e9 poss\u00edvel para quem tem f\u00e9.&#8221;** Uma poderosa afirma\u00e7\u00e3o da for\u00e7a que reside na cren\u00e7a, na confian\u00e7a inabal\u00e1vel em Deus.<\/p>\n<p>### A Armadura Divina: Fortalecendo a Alma<\/p>\n<p>O poder de Jesus se manifestou em uma expuls\u00e3o dram\u00e1tica do mal, restaurando a sa\u00fade do menino e trazendo esperan\u00e7a a todos os presentes. No entanto, a pergunta dos disc\u00edpulos ecoa a nossa pr\u00f3pria busca por compreens\u00e3o: &#8220;Por que n\u00f3s n\u00e3o conseguimos expulsar o Esp\u00edrito?&#8221;<\/p>\n<p>A resposta de Jesus \u00e9 clara e concisa: &#8220;Essa esp\u00e9cie de dem\u00f4nios n\u00e3o pode ser expulsa de nenhum modo a n\u00e3o ser pela ora\u00e7\u00e3o.&#8221; A ora\u00e7\u00e3o \u00e9 a arma fundamental, o elo que nos conecta ao poder divino, a fonte de for\u00e7a e prote\u00e7\u00e3o em meio \u00e0 batalha.<\/p>\n<p>Para nos equiparmos para essa jornada, Jesus nos convida a revestir a **armadura de Deus**:<\/p>\n<p>*   **O cintur\u00e3o da verdade** para proteger nosso car\u00e1ter.<br \/>*   **A coura\u00e7a da justi\u00e7a** para defender nosso esp\u00edrito.<br \/>*   **Os p\u00e9s cal\u00e7ados com a prepara\u00e7\u00e3o do Evangelho** para estarmos prontos para a miss\u00e3o.<br \/>*   **O escudo da f\u00e9** para extinguir as flechas inflamadas do mal.<br \/>*   **O capacete da salva\u00e7\u00e3o** para proteger nossa mente.<br \/>*   **A espada do Esp\u00edrito** \u2013 a palavra de Deus \u2013 para combater as trevas.<\/p>\n<p>Que possamos, cada um de n\u00f3s, abra\u00e7ar essa armadura, buscar a ora\u00e7\u00e3o constante e fortalecer nossa f\u00e9, para que possamos resistir \u00e0s investidas do mal e perseverar no caminho da luz e da esperan\u00e7a. Que a for\u00e7a do alto nos guie e nos proteja em todos os momentos.<\/p>\n","protected":false},"excerpt":{"rendered":"<p>## A Batalha Interior e a Armadura da F\u00e9 Nos momentos de incerteza, quando a tempestade parece nos envolver, \u00e9 importante lembrar a verdade fundamental: a vida \u00e9 um campo de batalha espiritual. \u00c9 um combate que se trava n\u00e3o contra os que nos cercam, mas contra as for\u00e7as que buscam nos afastar do caminho [&hellip;]<\/p>\n","protected":false},"author":1,"featured_media":0,"comment_status":"closed","ping_status":"open","sticky":false,"template":"","format":"standard","meta":{"footnotes":""},"categories":[14],"tags":[],"class_list":["post-6080","post","type-post","status-publish","format-standard","hentry","category-reflexao"],"yoast_head":"<!-- This site is optimized with the Yoast SEO plugin v27.2 - https:\/\/yoast.com\/product\/yoast-seo-wordpress\/ -->\n<title>Batalha Espiritual: Como a F\u00e9 Fortalece em Tempos de D\u00favida - Salmos B\u00edblicos<\/title>\n<meta name=\"robots\" content=\"index, follow, max-snippet:-1, max-image-preview:large, max-video-preview:-1\" \/>\n<link rel=\"canonical\" href=\"https:\/\/salmosbiblicos.com.br\/index.php\/2026\/03\/30\/batalha-espiritual-como-a-fe-fortalece-em-tempos-de-duvida\/\" \/>\n<meta property=\"og:locale\" content=\"pt_BR\" \/>\n<meta property=\"og:type\" content=\"article\" \/>\n<meta property=\"og:title\" content=\"Batalha Espiritual: Como a F\u00e9 Fortalece em Tempos de D\u00favida - Salmos B\u00edblicos\" \/>\n<meta property=\"og:description\" content=\"## A Batalha Interior e a Armadura da F\u00e9 Nos momentos de incerteza, quando a tempestade parece nos envolver, \u00e9 importante lembrar a verdade fundamental: a vida \u00e9 um campo de batalha espiritual. \u00c9 um combate que se trava n\u00e3o contra os que nos cercam, mas contra as for\u00e7as que buscam nos afastar do caminho [&hellip;]\" \/>\n<meta property=\"og:url\" content=\"https:\/\/salmosbiblicos.com.br\/index.php\/2026\/03\/30\/batalha-espiritual-como-a-fe-fortalece-em-tempos-de-duvida\/\" \/>\n<meta property=\"og:site_name\" content=\"Salmos B\u00edblicos\" \/>\n<meta property=\"article:published_time\" content=\"2026-03-30T05:55:45+00:00\" \/>\n<meta name=\"author\" content=\"alextreh@gmail.com\" \/>\n<meta name=\"twitter:card\" content=\"summary_large_image\" \/>\n<meta name=\"twitter:label1\" content=\"Escrito por\" \/>\n\t<meta name=\"twitter:data1\" content=\"alextreh@gmail.com\" \/>\n\t<meta name=\"twitter:label2\" content=\"Est. tempo de leitura\" \/>\n\t<meta name=\"twitter:data2\" content=\"3 minutos\" \/>\n<script type=\"application\/ld+json\" class=\"yoast-schema-graph\">{\"@context\":\"https:\/\/schema.org\",\"@graph\":[{\"@type\":\"Article\",\"@id\":\"https:\/\/salmosbiblicos.com.br\/index.php\/2026\/03\/30\/batalha-espiritual-como-a-fe-fortalece-em-tempos-de-duvida\/#article\",\"isPartOf\":{\"@id\":\"https:\/\/salmosbiblicos.com.br\/index.php\/2026\/03\/30\/batalha-espiritual-como-a-fe-fortalece-em-tempos-de-duvida\/\"},\"author\":{\"name\":\"alextreh@gmail.com\",\"@id\":\"https:\/\/salmosbiblicos.com.br\/#\/schema\/person\/30586d0fb3f3a46b78a3414fc39cc975\"},\"headline\":\"Batalha Espiritual: Como a F\u00e9 Fortalece em Tempos de D\u00favida\",\"datePublished\":\"2026-03-30T05:55:45+00:00\",\"mainEntityOfPage\":{\"@id\":\"https:\/\/salmosbiblicos.com.br\/index.php\/2026\/03\/30\/batalha-espiritual-como-a-fe-fortalece-em-tempos-de-duvida\/\"},\"wordCount\":674,\"articleSection\":[\"Reflex\u00e3o\"],\"inLanguage\":\"pt-BR\"},{\"@type\":\"WebPage\",\"@id\":\"https:\/\/salmosbiblicos.com.br\/index.php\/2026\/03\/30\/batalha-espiritual-como-a-fe-fortalece-em-tempos-de-duvida\/\",\"url\":\"https:\/\/salmosbiblicos.com.br\/index.php\/2026\/03\/30\/batalha-espiritual-como-a-fe-fortalece-em-tempos-de-duvida\/\",\"name\":\"Batalha Espiritual: Como a F\u00e9 Fortalece em Tempos de D\u00favida - Salmos B\u00edblicos\",\"isPartOf\":{\"@id\":\"https:\/\/salmosbiblicos.com.br\/#website\"},\"datePublished\":\"2026-03-30T05:55:45+00:00\",\"author\":{\"@id\":\"https:\/\/salmosbiblicos.com.br\/#\/schema\/person\/30586d0fb3f3a46b78a3414fc39cc975\"},\"breadcrumb\":{\"@id\":\"https:\/\/salmosbiblicos.com.br\/index.php\/2026\/03\/30\/batalha-espiritual-como-a-fe-fortalece-em-tempos-de-duvida\/#breadcrumb\"},\"inLanguage\":\"pt-BR\",\"potentialAction\":[{\"@type\":\"ReadAction\",\"target\":[\"https:\/\/salmosbiblicos.com.br\/index.php\/2026\/03\/30\/batalha-espiritual-como-a-fe-fortalece-em-tempos-de-duvida\/\"]}]},{\"@type\":\"BreadcrumbList\",\"@id\":\"https:\/\/salmosbiblicos.com.br\/index.php\/2026\/03\/30\/batalha-espiritual-como-a-fe-fortalece-em-tempos-de-duvida\/#breadcrumb\",\"itemListElement\":[{\"@type\":\"ListItem\",\"position\":1,\"name\":\"Home\",\"item\":\"https:\/\/salmosbiblicos.com.br\/\"},{\"@type\":\"ListItem\",\"position\":2,\"name\":\"Batalha Espiritual: Como a F\u00e9 Fortalece em Tempos de D\u00favida\"}]},{\"@type\":\"WebSite\",\"@id\":\"https:\/\/salmosbiblicos.com.br\/#website\",\"url\":\"https:\/\/salmosbiblicos.com.br\/\",\"name\":\"Salmos B\u00edblicos\",\"description\":\"Uma e-Livraria com e-Books novos para voc\u00ea refletir.\",\"potentialAction\":[{\"@type\":\"SearchAction\",\"target\":{\"@type\":\"EntryPoint\",\"urlTemplate\":\"https:\/\/salmosbiblicos.com.br\/?s={search_term_string}\"},\"query-input\":{\"@type\":\"PropertyValueSpecification\",\"valueRequired\":true,\"valueName\":\"search_term_string\"}}],\"inLanguage\":\"pt-BR\"},{\"@type\":\"Person\",\"@id\":\"https:\/\/salmosbiblicos.com.br\/#\/schema\/person\/30586d0fb3f3a46b78a3414fc39cc975\",\"name\":\"alextreh@gmail.com\",\"image\":{\"@type\":\"ImageObject\",\"inLanguage\":\"pt-BR\",\"@id\":\"https:\/\/secure.gravatar.com\/avatar\/7cf84d31f581ec97b887c1039d478a7c293086896c84951a86753fb2c2af7527?s=96&d=mm&r=g\",\"url\":\"https:\/\/secure.gravatar.com\/avatar\/7cf84d31f581ec97b887c1039d478a7c293086896c84951a86753fb2c2af7527?s=96&d=mm&r=g\",\"contentUrl\":\"https:\/\/secure.gravatar.com\/avatar\/7cf84d31f581ec97b887c1039d478a7c293086896c84951a86753fb2c2af7527?s=96&d=mm&r=g\",\"caption\":\"alextreh@gmail.com\"},\"sameAs\":[\"http:\/\/salmosbiblicos.com.br\"],\"url\":\"http:\/\/salmosbiblicos.com.br\/index.php\/author\/alextrehgmail-com\/\"}]}<\/script>\n<!-- \/ Yoast SEO plugin. -->","yoast_head_json":{"title":"Batalha Espiritual: Como a F\u00e9 Fortalece em Tempos de D\u00favida - Salmos B\u00edblicos","robots":{"index":"index","follow":"follow","max-snippet":"max-snippet:-1","max-image-preview":"max-image-preview:large","max-video-preview":"max-video-preview:-1"},"canonical":"https:\/\/salmosbiblicos.com.br\/index.php\/2026\/03\/30\/batalha-espiritual-como-a-fe-fortalece-em-tempos-de-duvida\/","og_locale":"pt_BR","og_type":"article","og_title":"Batalha Espiritual: Como a F\u00e9 Fortalece em Tempos de D\u00favida - Salmos B\u00edblicos","og_description":"## A Batalha Interior e a Armadura da F\u00e9 Nos momentos de incerteza, quando a tempestade parece nos envolver, \u00e9 importante lembrar a verdade fundamental: a vida \u00e9 um campo de batalha espiritual. \u00c9 um combate que se trava n\u00e3o contra os que nos cercam, mas contra as for\u00e7as que buscam nos afastar do caminho [&hellip;]","og_url":"https:\/\/salmosbiblicos.com.br\/index.php\/2026\/03\/30\/batalha-espiritual-como-a-fe-fortalece-em-tempos-de-duvida\/","og_site_name":"Salmos B\u00edblicos","article_published_time":"2026-03-30T05:55:45+00:00","author":"alextreh@gmail.com","twitter_card":"summary_large_image","twitter_misc":{"Escrito por":"alextreh@gmail.com","Est. tempo de leitura":"3 minutos"},"schema":{"@context":"https:\/\/schema.org","@graph":[{"@type":"Article","@id":"https:\/\/salmosbiblicos.com.br\/index.php\/2026\/03\/30\/batalha-espiritual-como-a-fe-fortalece-em-tempos-de-duvida\/#article","isPartOf":{"@id":"https:\/\/salmosbiblicos.com.br\/index.php\/2026\/03\/30\/batalha-espiritual-como-a-fe-fortalece-em-tempos-de-duvida\/"},"author":{"name":"alextreh@gmail.com","@id":"https:\/\/salmosbiblicos.com.br\/#\/schema\/person\/30586d0fb3f3a46b78a3414fc39cc975"},"headline":"Batalha Espiritual: Como a F\u00e9 Fortalece em Tempos de D\u00favida","datePublished":"2026-03-30T05:55:45+00:00","mainEntityOfPage":{"@id":"https:\/\/salmosbiblicos.com.br\/index.php\/2026\/03\/30\/batalha-espiritual-como-a-fe-fortalece-em-tempos-de-duvida\/"},"wordCount":674,"articleSection":["Reflex\u00e3o"],"inLanguage":"pt-BR"},{"@type":"WebPage","@id":"https:\/\/salmosbiblicos.com.br\/index.php\/2026\/03\/30\/batalha-espiritual-como-a-fe-fortalece-em-tempos-de-duvida\/","url":"https:\/\/salmosbiblicos.com.br\/index.php\/2026\/03\/30\/batalha-espiritual-como-a-fe-fortalece-em-tempos-de-duvida\/","name":"Batalha Espiritual: Como a F\u00e9 Fortalece em Tempos de D\u00favida - Salmos B\u00edblicos","isPartOf":{"@id":"https:\/\/salmosbiblicos.com.br\/#website"},"datePublished":"2026-03-30T05:55:45+00:00","author":{"@id":"https:\/\/salmosbiblicos.com.br\/#\/schema\/person\/30586d0fb3f3a46b78a3414fc39cc975"},"breadcrumb":{"@id":"https:\/\/salmosbiblicos.com.br\/index.php\/2026\/03\/30\/batalha-espiritual-como-a-fe-fortalece-em-tempos-de-duvida\/#breadcrumb"},"inLanguage":"pt-BR","potentialAction":[{"@type":"ReadAction","target":["https:\/\/salmosbiblicos.com.br\/index.php\/2026\/03\/30\/batalha-espiritual-como-a-fe-fortalece-em-tempos-de-duvida\/"]}]},{"@type":"BreadcrumbList","@id":"https:\/\/salmosbiblicos.com.br\/index.php\/2026\/03\/30\/batalha-espiritual-como-a-fe-fortalece-em-tempos-de-duvida\/#breadcrumb","itemListElement":[{"@type":"ListItem","position":1,"name":"Home","item":"https:\/\/salmosbiblicos.com.br\/"},{"@type":"ListItem","position":2,"name":"Batalha Espiritual: Como a F\u00e9 Fortalece em Tempos de D\u00favida"}]},{"@type":"WebSite","@id":"https:\/\/salmosbiblicos.com.br\/#website","url":"https:\/\/salmosbiblicos.com.br\/","name":"Salmos B\u00edblicos","description":"Uma e-Livraria com e-Books novos para voc\u00ea refletir.","potentialAction":[{"@type":"SearchAction","target":{"@type":"EntryPoint","urlTemplate":"https:\/\/salmosbiblicos.com.br\/?s={search_term_string}"},"query-input":{"@type":"PropertyValueSpecification","valueRequired":true,"valueName":"search_term_string"}}],"inLanguage":"pt-BR"},{"@type":"Person","@id":"https:\/\/salmosbiblicos.com.br\/#\/schema\/person\/30586d0fb3f3a46b78a3414fc39cc975","name":"alextreh@gmail.com","image":{"@type":"ImageObject","inLanguage":"pt-BR","@id":"https:\/\/secure.gravatar.com\/avatar\/7cf84d31f581ec97b887c1039d478a7c293086896c84951a86753fb2c2af7527?s=96&d=mm&r=g","url":"https:\/\/secure.gravatar.com\/avatar\/7cf84d31f581ec97b887c1039d478a7c293086896c84951a86753fb2c2af7527?s=96&d=mm&r=g","contentUrl":"https:\/\/secure.gravatar.com\/avatar\/7cf84d31f581ec97b887c1039d478a7c293086896c84951a86753fb2c2af7527?s=96&d=mm&r=g","caption":"alextreh@gmail.com"},"sameAs":["http:\/\/salmosbiblicos.com.br"],"url":"http:\/\/salmosbiblicos.com.br\/index.php\/author\/alextrehgmail-com\/"}]}},"_links":{"self":[{"href":"http:\/\/salmosbiblicos.com.br\/index.php\/wp-json\/wp\/v2\/posts\/6080","targetHints":{"allow":["GET"]}}],"collection":[{"href":"http:\/\/salmosbiblicos.com.br\/index.php\/wp-json\/wp\/v2\/posts"}],"about":[{"href":"http:\/\/salmosbiblicos.com.br\/index.php\/wp-json\/wp\/v2\/types\/post"}],"author":[{"embeddable":true,"href":"http:\/\/salmosbiblicos.com.br\/index.php\/wp-json\/wp\/v2\/users\/1"}],"replies":[{"embeddable":true,"href":"http:\/\/salmosbiblicos.com.br\/index.php\/wp-json\/wp\/v2\/comments?post=6080"}],"version-history":[{"count":1,"href":"http:\/\/salmosbiblicos.com.br\/index.php\/wp-json\/wp\/v2\/posts\/6080\/revisions"}],"predecessor-version":[{"id":6081,"href":"http:\/\/salmosbiblicos.com.br\/index.php\/wp-json\/wp\/v2\/posts\/6080\/revisions\/6081"}],"wp:attachment":[{"href":"http:\/\/salmosbiblicos.com.br\/index.php\/wp-json\/wp\/v2\/media?parent=6080"}],"wp:term":[{"taxonomy":"category","embeddable":true,"href":"http:\/\/salmosbiblicos.com.br\/index.php\/wp-json\/wp\/v2\/categories?post=6080"},{"taxonomy":"post_tag","embeddable":true,"href":"http:\/\/salmosbiblicos.com.br\/index.php\/wp-json\/wp\/v2\/tags?post=6080"}],"curies":[{"name":"wp","href":"https:\/\/api.w.org\/{rel}","templated":true}]}}