{"id":6082,"date":"2026-03-30T03:02:34","date_gmt":"2026-03-30T06:02:34","guid":{"rendered":"https:\/\/salmosbiblicos.com.br\/?p=6082"},"modified":"2026-03-30T03:02:34","modified_gmt":"2026-03-30T06:02:34","slug":"carne-e-espirito-o-caminho-entre-a-terra-e-a-elevacao","status":"publish","type":"post","link":"http:\/\/salmosbiblicos.com.br\/index.php\/2026\/03\/30\/carne-e-espirito-o-caminho-entre-a-terra-e-a-elevacao\/","title":{"rendered":"Carne e Esp\u00edrito: O Caminho Entre a Terra e a Eleva\u00e7\u00e3o"},"content":{"rendered":"<p>## A Dualidade da Exist\u00eancia: Carne e Esp\u00edrito<\/p>\n<p>Quantas vezes nos questionamos sobre o verdadeiro prop\u00f3sito da nossa jornada? Sobre a ess\u00eancia daquilo que nos define? A resposta, meus irm\u00e3os, reside em um caminho de escolha: **queremos estar em Ad\u00e3o, presos \u00e0 natureza terrena, ou em Cristo, elevados ao reino espiritual?**<\/p>\n<p>A reflex\u00e3o nos convida a contemplar a diferen\u00e7a fundamental entre o homem natural e o homem espiritual. Ad\u00e3o representa a nossa condi\u00e7\u00e3o original, a nossa heran\u00e7a humana. Cristo, por outro lado, \u00e9 a promessa de uma vida transformada, um caminho de eleva\u00e7\u00e3o.<\/p>\n<p>### O Homem Terrestre e o Homem Celeste<\/p>\n<p>Em Primeiro Cor\u00edntios, encontramos uma verdade profunda: \u201cO primeiro homem a Ad\u00e3o foi um servo. O segundo Ad\u00e3o \u00e9 um esp\u00edrito vivificante.\u201d Somos, por natureza, seres terrenos, moldados da poeira. Mas o convite \u00e9 \u00e0 transcend\u00eancia, \u00e0 ascens\u00e3o ao reino celestial. Como a imagem do homem terrestre reflete a imperfei\u00e7\u00e3o, a imagem do homem celeste nos aponta para a perfei\u00e7\u00e3o, para a gra\u00e7a divina.<\/p>\n<p>### A Resist\u00eancia do Homem Natural<\/p>\n<p>Por\u00e9m, o caminho da espiritualidade n\u00e3o \u00e9 isento de obst\u00e1culos. O \u201chomem natural\u201d, aquele que se entrega aos prazeres do mundo, demonstra resist\u00eancia aos ensinamentos do Esp\u00edrito. Aquele que se apega \u00e0 materialidade, encontra dificuldade em compreender as verdades que transcendem o vis\u00edvel. <\/p>\n<p>Isso porque a carne almeja a satisfa\u00e7\u00e3o imediata, os prazeres ef\u00eameros deste mundo, enquanto o Esp\u00edrito anseia pela comunh\u00e3o com Deus. **&#8221;O homem natural n\u00e3o aceita as coisas do Esp\u00edrito de Deus, pois para ele s\u00e3o loucuras.&#8221;**<\/p>\n<p>### Vivendo de Acordo com o Esp\u00edrito<\/p>\n<p>A vida \u00e9, portanto, um constante conflito entre essas duas naturezas. Romanos nos revela essa dualidade: \u201cOs que vivem em segundo \u00e0 carne gostam do que \u00e9 carnal. Os que vivem em segundo ao Esp\u00edrito apreciam as coisas que s\u00e3o do Esp\u00edrito.\u201d<\/p>\n<p>A escolha \u00e9 nossa. Se nos deixamos levar pela carne, nos apegamos \u00e0quilo que \u00e9 passageiro e ef\u00eamero. Se nos entregamos ao Esp\u00edrito, abrimos nossos cora\u00e7\u00f5es \u00e0 gra\u00e7a, \u00e0 paz e \u00e0 vida eterna.<\/p>\n<p>### Os Frutos da Carne e do Esp\u00edrito<\/p>\n<p>A inspira\u00e7\u00e3o da carne, meus irm\u00e3os, nos conduz \u00e0 morte, \u00e0 desilus\u00e3o. A inspira\u00e7\u00e3o do Esp\u00edrito nos guia \u00e0 vida e \u00e0 paz. As obras da carne, como a lux\u00faria, a inveja e a ira, nos afastam de Deus. As obras do Esp\u00edrito, como o amor, a alegria e a paz, nos aproximam do Reino.<\/p>\n<p>**A grande quest\u00e3o que nos \u00e9 apresentada \u00e9: \u201cVoc\u00ea quer viver na carne ou voc\u00ea quer viver no Esp\u00edrito?\u201d**<\/p>\n<p>Muitos, infelizmente, nutrem apenas o \u201chomem natural\u201d, negligenciando a sua dimens\u00e3o espiritual. Semear na carne significa colher a corrup\u00e7\u00e3o, a amargura e a desesperan\u00e7a. Semear no Esp\u00edrito, por outro lado, \u00e9 colher a vida eterna, a alegria e a paz que superam todo o entendimento.<\/p>\n<p>### A Busca pela Vida Espiritual<\/p>\n<p>N\u00e3o percamos a esperan\u00e7a, meus irm\u00e3os. Nunca \u00e9 tarde para despertar para a nossa verdadeira voca\u00e7\u00e3o. **Coloquemos nos coment\u00e1rios: \u201cEu quero viver uma vida espiritual!\u201d** Fortalecemos a nossa f\u00e9 atrav\u00e9s da ora\u00e7\u00e3o, da leitura da Palavra e da busca por uma vida de virtudes.<\/p>\n<p>Lembremos que a vida n\u00e3o se limita ao plano material. Somos seres espirituais, chamados a uma miss\u00e3o maior. **Alimentemos a nossa alma, busquemos a Deus e transcendamos as limita\u00e7\u00f5es da nossa natureza terrena.**<\/p>\n<p>Que a gra\u00e7a divina nos ilumine e nos guie no caminho da vida eterna. Am\u00e9m.<\/p>\n","protected":false},"excerpt":{"rendered":"<p>## A Dualidade da Exist\u00eancia: Carne e Esp\u00edrito Quantas vezes nos questionamos sobre o verdadeiro prop\u00f3sito da nossa jornada? Sobre a ess\u00eancia daquilo que nos define? A resposta, meus irm\u00e3os, reside em um caminho de escolha: **queremos estar em Ad\u00e3o, presos \u00e0 natureza terrena, ou em Cristo, elevados ao reino espiritual?** A reflex\u00e3o nos convida [&hellip;]<\/p>\n","protected":false},"author":1,"featured_media":0,"comment_status":"closed","ping_status":"open","sticky":false,"template":"","format":"standard","meta":{"footnotes":""},"categories":[14],"tags":[],"class_list":["post-6082","post","type-post","status-publish","format-standard","hentry","category-reflexao"],"yoast_head":"<!-- This site is optimized with the Yoast SEO plugin v27.2 - https:\/\/yoast.com\/product\/yoast-seo-wordpress\/ -->\n<title>Carne e Esp\u00edrito: O Caminho Entre a Terra e a Eleva\u00e7\u00e3o - Salmos B\u00edblicos<\/title>\n<meta name=\"robots\" content=\"index, follow, max-snippet:-1, max-image-preview:large, max-video-preview:-1\" \/>\n<link rel=\"canonical\" href=\"http:\/\/salmosbiblicos.com.br\/index.php\/2026\/03\/30\/carne-e-espirito-o-caminho-entre-a-terra-e-a-elevacao\/\" \/>\n<meta property=\"og:locale\" content=\"pt_BR\" \/>\n<meta property=\"og:type\" content=\"article\" \/>\n<meta property=\"og:title\" content=\"Carne e Esp\u00edrito: O Caminho Entre a Terra e a Eleva\u00e7\u00e3o - Salmos B\u00edblicos\" \/>\n<meta property=\"og:description\" content=\"## A Dualidade da Exist\u00eancia: Carne e Esp\u00edrito Quantas vezes nos questionamos sobre o verdadeiro prop\u00f3sito da nossa jornada? Sobre a ess\u00eancia daquilo que nos define? A resposta, meus irm\u00e3os, reside em um caminho de escolha: **queremos estar em Ad\u00e3o, presos \u00e0 natureza terrena, ou em Cristo, elevados ao reino espiritual?** A reflex\u00e3o nos convida [&hellip;]\" \/>\n<meta property=\"og:url\" content=\"http:\/\/salmosbiblicos.com.br\/index.php\/2026\/03\/30\/carne-e-espirito-o-caminho-entre-a-terra-e-a-elevacao\/\" \/>\n<meta property=\"og:site_name\" content=\"Salmos B\u00edblicos\" \/>\n<meta property=\"article:published_time\" content=\"2026-03-30T06:02:34+00:00\" \/>\n<meta name=\"author\" content=\"alextreh@gmail.com\" \/>\n<meta name=\"twitter:card\" content=\"summary_large_image\" \/>\n<meta name=\"twitter:label1\" content=\"Escrito por\" \/>\n\t<meta name=\"twitter:data1\" content=\"alextreh@gmail.com\" \/>\n\t<meta name=\"twitter:label2\" content=\"Est. tempo de leitura\" \/>\n\t<meta name=\"twitter:data2\" content=\"3 minutos\" \/>\n<script type=\"application\/ld+json\" class=\"yoast-schema-graph\">{\"@context\":\"https:\/\/schema.org\",\"@graph\":[{\"@type\":\"Article\",\"@id\":\"http:\/\/salmosbiblicos.com.br\/index.php\/2026\/03\/30\/carne-e-espirito-o-caminho-entre-a-terra-e-a-elevacao\/#article\",\"isPartOf\":{\"@id\":\"http:\/\/salmosbiblicos.com.br\/index.php\/2026\/03\/30\/carne-e-espirito-o-caminho-entre-a-terra-e-a-elevacao\/\"},\"author\":{\"name\":\"alextreh@gmail.com\",\"@id\":\"https:\/\/salmosbiblicos.com.br\/#\/schema\/person\/30586d0fb3f3a46b78a3414fc39cc975\"},\"headline\":\"Carne e Esp\u00edrito: O Caminho Entre a Terra e a Eleva\u00e7\u00e3o\",\"datePublished\":\"2026-03-30T06:02:34+00:00\",\"mainEntityOfPage\":{\"@id\":\"http:\/\/salmosbiblicos.com.br\/index.php\/2026\/03\/30\/carne-e-espirito-o-caminho-entre-a-terra-e-a-elevacao\/\"},\"wordCount\":611,\"articleSection\":[\"Reflex\u00e3o\"],\"inLanguage\":\"pt-BR\"},{\"@type\":\"WebPage\",\"@id\":\"http:\/\/salmosbiblicos.com.br\/index.php\/2026\/03\/30\/carne-e-espirito-o-caminho-entre-a-terra-e-a-elevacao\/\",\"url\":\"http:\/\/salmosbiblicos.com.br\/index.php\/2026\/03\/30\/carne-e-espirito-o-caminho-entre-a-terra-e-a-elevacao\/\",\"name\":\"Carne e Esp\u00edrito: O Caminho Entre a Terra e a Eleva\u00e7\u00e3o - Salmos B\u00edblicos\",\"isPartOf\":{\"@id\":\"https:\/\/salmosbiblicos.com.br\/#website\"},\"datePublished\":\"2026-03-30T06:02:34+00:00\",\"author\":{\"@id\":\"https:\/\/salmosbiblicos.com.br\/#\/schema\/person\/30586d0fb3f3a46b78a3414fc39cc975\"},\"breadcrumb\":{\"@id\":\"http:\/\/salmosbiblicos.com.br\/index.php\/2026\/03\/30\/carne-e-espirito-o-caminho-entre-a-terra-e-a-elevacao\/#breadcrumb\"},\"inLanguage\":\"pt-BR\",\"potentialAction\":[{\"@type\":\"ReadAction\",\"target\":[\"http:\/\/salmosbiblicos.com.br\/index.php\/2026\/03\/30\/carne-e-espirito-o-caminho-entre-a-terra-e-a-elevacao\/\"]}]},{\"@type\":\"BreadcrumbList\",\"@id\":\"http:\/\/salmosbiblicos.com.br\/index.php\/2026\/03\/30\/carne-e-espirito-o-caminho-entre-a-terra-e-a-elevacao\/#breadcrumb\",\"itemListElement\":[{\"@type\":\"ListItem\",\"position\":1,\"name\":\"Home\",\"item\":\"https:\/\/salmosbiblicos.com.br\/\"},{\"@type\":\"ListItem\",\"position\":2,\"name\":\"Carne e Esp\u00edrito: O Caminho Entre a Terra e a Eleva\u00e7\u00e3o\"}]},{\"@type\":\"WebSite\",\"@id\":\"https:\/\/salmosbiblicos.com.br\/#website\",\"url\":\"https:\/\/salmosbiblicos.com.br\/\",\"name\":\"Salmos B\u00edblicos\",\"description\":\"Uma e-Livraria com e-Books novos para voc\u00ea refletir.\",\"potentialAction\":[{\"@type\":\"SearchAction\",\"target\":{\"@type\":\"EntryPoint\",\"urlTemplate\":\"https:\/\/salmosbiblicos.com.br\/?s={search_term_string}\"},\"query-input\":{\"@type\":\"PropertyValueSpecification\",\"valueRequired\":true,\"valueName\":\"search_term_string\"}}],\"inLanguage\":\"pt-BR\"},{\"@type\":\"Person\",\"@id\":\"https:\/\/salmosbiblicos.com.br\/#\/schema\/person\/30586d0fb3f3a46b78a3414fc39cc975\",\"name\":\"alextreh@gmail.com\",\"image\":{\"@type\":\"ImageObject\",\"inLanguage\":\"pt-BR\",\"@id\":\"https:\/\/secure.gravatar.com\/avatar\/7cf84d31f581ec97b887c1039d478a7c293086896c84951a86753fb2c2af7527?s=96&d=mm&r=g\",\"url\":\"https:\/\/secure.gravatar.com\/avatar\/7cf84d31f581ec97b887c1039d478a7c293086896c84951a86753fb2c2af7527?s=96&d=mm&r=g\",\"contentUrl\":\"https:\/\/secure.gravatar.com\/avatar\/7cf84d31f581ec97b887c1039d478a7c293086896c84951a86753fb2c2af7527?s=96&d=mm&r=g\",\"caption\":\"alextreh@gmail.com\"},\"sameAs\":[\"http:\/\/salmosbiblicos.com.br\"],\"url\":\"http:\/\/salmosbiblicos.com.br\/index.php\/author\/alextrehgmail-com\/\"}]}<\/script>\n<!-- \/ Yoast SEO plugin. -->","yoast_head_json":{"title":"Carne e Esp\u00edrito: O Caminho Entre a Terra e a Eleva\u00e7\u00e3o - Salmos B\u00edblicos","robots":{"index":"index","follow":"follow","max-snippet":"max-snippet:-1","max-image-preview":"max-image-preview:large","max-video-preview":"max-video-preview:-1"},"canonical":"http:\/\/salmosbiblicos.com.br\/index.php\/2026\/03\/30\/carne-e-espirito-o-caminho-entre-a-terra-e-a-elevacao\/","og_locale":"pt_BR","og_type":"article","og_title":"Carne e Esp\u00edrito: O Caminho Entre a Terra e a Eleva\u00e7\u00e3o - Salmos B\u00edblicos","og_description":"## A Dualidade da Exist\u00eancia: Carne e Esp\u00edrito Quantas vezes nos questionamos sobre o verdadeiro prop\u00f3sito da nossa jornada? Sobre a ess\u00eancia daquilo que nos define? A resposta, meus irm\u00e3os, reside em um caminho de escolha: **queremos estar em Ad\u00e3o, presos \u00e0 natureza terrena, ou em Cristo, elevados ao reino espiritual?** A reflex\u00e3o nos convida [&hellip;]","og_url":"http:\/\/salmosbiblicos.com.br\/index.php\/2026\/03\/30\/carne-e-espirito-o-caminho-entre-a-terra-e-a-elevacao\/","og_site_name":"Salmos B\u00edblicos","article_published_time":"2026-03-30T06:02:34+00:00","author":"alextreh@gmail.com","twitter_card":"summary_large_image","twitter_misc":{"Escrito por":"alextreh@gmail.com","Est. tempo de leitura":"3 minutos"},"schema":{"@context":"https:\/\/schema.org","@graph":[{"@type":"Article","@id":"http:\/\/salmosbiblicos.com.br\/index.php\/2026\/03\/30\/carne-e-espirito-o-caminho-entre-a-terra-e-a-elevacao\/#article","isPartOf":{"@id":"http:\/\/salmosbiblicos.com.br\/index.php\/2026\/03\/30\/carne-e-espirito-o-caminho-entre-a-terra-e-a-elevacao\/"},"author":{"name":"alextreh@gmail.com","@id":"https:\/\/salmosbiblicos.com.br\/#\/schema\/person\/30586d0fb3f3a46b78a3414fc39cc975"},"headline":"Carne e Esp\u00edrito: O Caminho Entre a Terra e a Eleva\u00e7\u00e3o","datePublished":"2026-03-30T06:02:34+00:00","mainEntityOfPage":{"@id":"http:\/\/salmosbiblicos.com.br\/index.php\/2026\/03\/30\/carne-e-espirito-o-caminho-entre-a-terra-e-a-elevacao\/"},"wordCount":611,"articleSection":["Reflex\u00e3o"],"inLanguage":"pt-BR"},{"@type":"WebPage","@id":"http:\/\/salmosbiblicos.com.br\/index.php\/2026\/03\/30\/carne-e-espirito-o-caminho-entre-a-terra-e-a-elevacao\/","url":"http:\/\/salmosbiblicos.com.br\/index.php\/2026\/03\/30\/carne-e-espirito-o-caminho-entre-a-terra-e-a-elevacao\/","name":"Carne e Esp\u00edrito: O Caminho Entre a Terra e a Eleva\u00e7\u00e3o - Salmos B\u00edblicos","isPartOf":{"@id":"https:\/\/salmosbiblicos.com.br\/#website"},"datePublished":"2026-03-30T06:02:34+00:00","author":{"@id":"https:\/\/salmosbiblicos.com.br\/#\/schema\/person\/30586d0fb3f3a46b78a3414fc39cc975"},"breadcrumb":{"@id":"http:\/\/salmosbiblicos.com.br\/index.php\/2026\/03\/30\/carne-e-espirito-o-caminho-entre-a-terra-e-a-elevacao\/#breadcrumb"},"inLanguage":"pt-BR","potentialAction":[{"@type":"ReadAction","target":["http:\/\/salmosbiblicos.com.br\/index.php\/2026\/03\/30\/carne-e-espirito-o-caminho-entre-a-terra-e-a-elevacao\/"]}]},{"@type":"BreadcrumbList","@id":"http:\/\/salmosbiblicos.com.br\/index.php\/2026\/03\/30\/carne-e-espirito-o-caminho-entre-a-terra-e-a-elevacao\/#breadcrumb","itemListElement":[{"@type":"ListItem","position":1,"name":"Home","item":"https:\/\/salmosbiblicos.com.br\/"},{"@type":"ListItem","position":2,"name":"Carne e Esp\u00edrito: O Caminho Entre a Terra e a Eleva\u00e7\u00e3o"}]},{"@type":"WebSite","@id":"https:\/\/salmosbiblicos.com.br\/#website","url":"https:\/\/salmosbiblicos.com.br\/","name":"Salmos B\u00edblicos","description":"Uma e-Livraria com e-Books novos para voc\u00ea refletir.","potentialAction":[{"@type":"SearchAction","target":{"@type":"EntryPoint","urlTemplate":"https:\/\/salmosbiblicos.com.br\/?s={search_term_string}"},"query-input":{"@type":"PropertyValueSpecification","valueRequired":true,"valueName":"search_term_string"}}],"inLanguage":"pt-BR"},{"@type":"Person","@id":"https:\/\/salmosbiblicos.com.br\/#\/schema\/person\/30586d0fb3f3a46b78a3414fc39cc975","name":"alextreh@gmail.com","image":{"@type":"ImageObject","inLanguage":"pt-BR","@id":"https:\/\/secure.gravatar.com\/avatar\/7cf84d31f581ec97b887c1039d478a7c293086896c84951a86753fb2c2af7527?s=96&d=mm&r=g","url":"https:\/\/secure.gravatar.com\/avatar\/7cf84d31f581ec97b887c1039d478a7c293086896c84951a86753fb2c2af7527?s=96&d=mm&r=g","contentUrl":"https:\/\/secure.gravatar.com\/avatar\/7cf84d31f581ec97b887c1039d478a7c293086896c84951a86753fb2c2af7527?s=96&d=mm&r=g","caption":"alextreh@gmail.com"},"sameAs":["http:\/\/salmosbiblicos.com.br"],"url":"http:\/\/salmosbiblicos.com.br\/index.php\/author\/alextrehgmail-com\/"}]}},"_links":{"self":[{"href":"http:\/\/salmosbiblicos.com.br\/index.php\/wp-json\/wp\/v2\/posts\/6082","targetHints":{"allow":["GET"]}}],"collection":[{"href":"http:\/\/salmosbiblicos.com.br\/index.php\/wp-json\/wp\/v2\/posts"}],"about":[{"href":"http:\/\/salmosbiblicos.com.br\/index.php\/wp-json\/wp\/v2\/types\/post"}],"author":[{"embeddable":true,"href":"http:\/\/salmosbiblicos.com.br\/index.php\/wp-json\/wp\/v2\/users\/1"}],"replies":[{"embeddable":true,"href":"http:\/\/salmosbiblicos.com.br\/index.php\/wp-json\/wp\/v2\/comments?post=6082"}],"version-history":[{"count":1,"href":"http:\/\/salmosbiblicos.com.br\/index.php\/wp-json\/wp\/v2\/posts\/6082\/revisions"}],"predecessor-version":[{"id":6083,"href":"http:\/\/salmosbiblicos.com.br\/index.php\/wp-json\/wp\/v2\/posts\/6082\/revisions\/6083"}],"wp:attachment":[{"href":"http:\/\/salmosbiblicos.com.br\/index.php\/wp-json\/wp\/v2\/media?parent=6082"}],"wp:term":[{"taxonomy":"category","embeddable":true,"href":"http:\/\/salmosbiblicos.com.br\/index.php\/wp-json\/wp\/v2\/categories?post=6082"},{"taxonomy":"post_tag","embeddable":true,"href":"http:\/\/salmosbiblicos.com.br\/index.php\/wp-json\/wp\/v2\/tags?post=6082"}],"curies":[{"name":"wp","href":"https:\/\/api.w.org\/{rel}","templated":true}]}}