{"id":6192,"date":"2026-03-31T08:54:56","date_gmt":"2026-03-31T11:54:56","guid":{"rendered":"https:\/\/salmosbiblicos.com.br\/?p=6192"},"modified":"2026-03-31T08:54:56","modified_gmt":"2026-03-31T11:54:56","slug":"semana-santa-o-perfume-da-fe-e-a-entrega-a-deus","status":"publish","type":"post","link":"http:\/\/salmosbiblicos.com.br\/index.php\/2026\/03\/31\/semana-santa-o-perfume-da-fe-e-a-entrega-a-deus\/","title":{"rendered":"Semana Santa: O Perfume da F\u00e9 e a Entrega a Deus"},"content":{"rendered":"<p>## A Fragr\u00e2ncia da F\u00e9: Uma Reflex\u00e3o para a Semana Santa<\/p>\n<p>A semana que nos conduz ao cora\u00e7\u00e3o da nossa f\u00e9, \u00e0 Paix\u00e3o, Morte e Ressurrei\u00e7\u00e3o de Nosso Senhor, \u00e9 um tempo de profunda introspec\u00e7\u00e3o e renova\u00e7\u00e3o. Que possamos abra\u00e7ar cada dia com um esp\u00edrito de entrega e esperan\u00e7a, buscando a luz divina que ilumina o caminho.<\/p>\n<p>### A Entrega Excepcional de Maria<\/p>\n<p>Em Bet\u00e2nia, um banquete celebrava a vida, a alegria da ressurrei\u00e7\u00e3o de L\u00e1zaro. Marta servia, mas Maria, em um ato de profunda devo\u00e7\u00e3o, tomou um **precioso perfume de nardo, um \u00f3leo caro**, e o derramou sobre os p\u00e9s de Jesus, enxugando-os com seus cabelos. Este gesto, aparentemente simples, transcende a mera etiqueta, revelando uma alma que entrega tudo a Deus.<\/p>\n<p>Judas, movido por interesses terrenos, questionou a a\u00e7\u00e3o de Maria, sugerindo a venda do perfume para ajudar os pobres. No entanto, Jesus, com sabedoria, defendeu a a\u00e7\u00e3o de Maria, afirmando: **\u201cEla fez isso em vista do dia da minha sepultura.\u201d**<\/p>\n<p>### Um Ato de Amor Eterno<\/p>\n<p>Maria compreendeu a import\u00e2ncia daquele momento. Ela anteviu a dor, o sacrif\u00edcio que estava por vir e, em seu gesto, ofereceu o perfume como uma antecipa\u00e7\u00e3o do amor e da devo\u00e7\u00e3o que a Igreja lhe dedica. \u00c9 uma lembran\u00e7a de que a adora\u00e7\u00e3o, a entrega total, tem um valor que transcende a medida do ouro.<\/p>\n<p>### O Prop\u00f3sito das Boas Obras<\/p>\n<p>Origens, um s\u00e1bio da tradi\u00e7\u00e3o, nos ensina que as boas obras se dividem em dois tipos: aquelas que fazemos por nosso pr\u00f3ximo e aquelas que fazemos por Deus. E quando unimos o amor ao pr\u00f3ximo com o amor a Deus, quando servimos aos outros em nome de Cristo, **nossas a\u00e7\u00f5es transcendem o tempo e a medida**.<\/p>\n<p>*   Fazemos o bem ao pr\u00f3ximo, imitando a compaix\u00e3o de Cristo.<br \/>*   Elevamos a nossa alma a Deus, reconhecendo a Sua presen\u00e7a em cada ato de bondade.<\/p>\n<p>### Um Perfume que Transborda para a Igreja<\/p>\n<p>O perfume derramado por Maria n\u00e3o se limita ao espa\u00e7o da casa em Bet\u00e2nia. Ele se espalha, enchendo a casa inteira, **toda a Igreja**. \u00c9 o perfume das boas obras, do amor desinteressado, da f\u00e9 inabal\u00e1vel. \u00c9 a fragr\u00e2ncia que emana daqueles que, em tudo o que fazem, buscam a gl\u00f3ria de Deus.<\/p>\n<p>### A Ess\u00eancia da Vida Crist\u00e3<\/p>\n<p>Que possamos, nesta semana santa, buscar esse perfume em nossas vidas. Que nossas a\u00e7\u00f5es sejam guiadas n\u00e3o pela busca de reconhecimento, mas pelo desejo sincero de agradar a Deus. Que nossas obras sejam um testemunho do amor que recebemos e que devemos compartilhar.<\/p>\n<p>**&#8221;Portanto, quer comais, quer bebais, ou fa\u00e7ais qualquer outra coisa, fazei tudo para a gl\u00f3ria de Deus.&#8221;** (1 Cor\u00edntios 10:31)<\/p>\n<p>Que possamos escrever estas palavras em nossos cora\u00e7\u00f5es, para que cada a\u00e7\u00e3o, cada palavra, cada pensamento seja um aroma agrad\u00e1vel a Deus.<\/p>\n","protected":false},"excerpt":{"rendered":"<p>## A Fragr\u00e2ncia da F\u00e9: Uma Reflex\u00e3o para a Semana Santa A semana que nos conduz ao cora\u00e7\u00e3o da nossa f\u00e9, \u00e0 Paix\u00e3o, Morte e Ressurrei\u00e7\u00e3o de Nosso Senhor, \u00e9 um tempo de profunda introspec\u00e7\u00e3o e renova\u00e7\u00e3o. Que possamos abra\u00e7ar cada dia com um esp\u00edrito de entrega e esperan\u00e7a, buscando a luz divina que ilumina [&hellip;]<\/p>\n","protected":false},"author":1,"featured_media":0,"comment_status":"closed","ping_status":"open","sticky":false,"template":"","format":"standard","meta":{"footnotes":""},"categories":[14],"tags":[],"class_list":["post-6192","post","type-post","status-publish","format-standard","hentry","category-reflexao"],"yoast_head":"<!-- This site is optimized with the Yoast SEO plugin v27.2 - https:\/\/yoast.com\/product\/yoast-seo-wordpress\/ -->\n<title>Semana Santa: O Perfume da F\u00e9 e a Entrega a Deus - Salmos B\u00edblicos<\/title>\n<meta name=\"robots\" content=\"index, follow, max-snippet:-1, max-image-preview:large, max-video-preview:-1\" \/>\n<link rel=\"canonical\" href=\"https:\/\/salmosbiblicos.com.br\/index.php\/2026\/03\/31\/semana-santa-o-perfume-da-fe-e-a-entrega-a-deus\/\" \/>\n<meta property=\"og:locale\" content=\"pt_BR\" \/>\n<meta property=\"og:type\" content=\"article\" \/>\n<meta property=\"og:title\" content=\"Semana Santa: O Perfume da F\u00e9 e a Entrega a Deus - Salmos B\u00edblicos\" \/>\n<meta property=\"og:description\" content=\"## A Fragr\u00e2ncia da F\u00e9: Uma Reflex\u00e3o para a Semana Santa A semana que nos conduz ao cora\u00e7\u00e3o da nossa f\u00e9, \u00e0 Paix\u00e3o, Morte e Ressurrei\u00e7\u00e3o de Nosso Senhor, \u00e9 um tempo de profunda introspec\u00e7\u00e3o e renova\u00e7\u00e3o. Que possamos abra\u00e7ar cada dia com um esp\u00edrito de entrega e esperan\u00e7a, buscando a luz divina que ilumina [&hellip;]\" \/>\n<meta property=\"og:url\" content=\"https:\/\/salmosbiblicos.com.br\/index.php\/2026\/03\/31\/semana-santa-o-perfume-da-fe-e-a-entrega-a-deus\/\" \/>\n<meta property=\"og:site_name\" content=\"Salmos B\u00edblicos\" \/>\n<meta property=\"article:published_time\" content=\"2026-03-31T11:54:56+00:00\" \/>\n<meta name=\"author\" content=\"alextreh@gmail.com\" \/>\n<meta name=\"twitter:card\" content=\"summary_large_image\" \/>\n<meta name=\"twitter:label1\" content=\"Escrito por\" \/>\n\t<meta name=\"twitter:data1\" content=\"alextreh@gmail.com\" \/>\n\t<meta name=\"twitter:label2\" content=\"Est. tempo de leitura\" \/>\n\t<meta name=\"twitter:data2\" content=\"2 minutos\" \/>\n<script type=\"application\/ld+json\" class=\"yoast-schema-graph\">{\"@context\":\"https:\/\/schema.org\",\"@graph\":[{\"@type\":\"Article\",\"@id\":\"https:\/\/salmosbiblicos.com.br\/index.php\/2026\/03\/31\/semana-santa-o-perfume-da-fe-e-a-entrega-a-deus\/#article\",\"isPartOf\":{\"@id\":\"https:\/\/salmosbiblicos.com.br\/index.php\/2026\/03\/31\/semana-santa-o-perfume-da-fe-e-a-entrega-a-deus\/\"},\"author\":{\"name\":\"alextreh@gmail.com\",\"@id\":\"https:\/\/salmosbiblicos.com.br\/#\/schema\/person\/30586d0fb3f3a46b78a3414fc39cc975\"},\"headline\":\"Semana Santa: O Perfume da F\u00e9 e a Entrega a Deus\",\"datePublished\":\"2026-03-31T11:54:56+00:00\",\"mainEntityOfPage\":{\"@id\":\"https:\/\/salmosbiblicos.com.br\/index.php\/2026\/03\/31\/semana-santa-o-perfume-da-fe-e-a-entrega-a-deus\/\"},\"wordCount\":508,\"articleSection\":[\"Reflex\u00e3o\"],\"inLanguage\":\"pt-BR\"},{\"@type\":\"WebPage\",\"@id\":\"https:\/\/salmosbiblicos.com.br\/index.php\/2026\/03\/31\/semana-santa-o-perfume-da-fe-e-a-entrega-a-deus\/\",\"url\":\"https:\/\/salmosbiblicos.com.br\/index.php\/2026\/03\/31\/semana-santa-o-perfume-da-fe-e-a-entrega-a-deus\/\",\"name\":\"Semana Santa: O Perfume da F\u00e9 e a Entrega a Deus - Salmos B\u00edblicos\",\"isPartOf\":{\"@id\":\"https:\/\/salmosbiblicos.com.br\/#website\"},\"datePublished\":\"2026-03-31T11:54:56+00:00\",\"author\":{\"@id\":\"https:\/\/salmosbiblicos.com.br\/#\/schema\/person\/30586d0fb3f3a46b78a3414fc39cc975\"},\"breadcrumb\":{\"@id\":\"https:\/\/salmosbiblicos.com.br\/index.php\/2026\/03\/31\/semana-santa-o-perfume-da-fe-e-a-entrega-a-deus\/#breadcrumb\"},\"inLanguage\":\"pt-BR\",\"potentialAction\":[{\"@type\":\"ReadAction\",\"target\":[\"https:\/\/salmosbiblicos.com.br\/index.php\/2026\/03\/31\/semana-santa-o-perfume-da-fe-e-a-entrega-a-deus\/\"]}]},{\"@type\":\"BreadcrumbList\",\"@id\":\"https:\/\/salmosbiblicos.com.br\/index.php\/2026\/03\/31\/semana-santa-o-perfume-da-fe-e-a-entrega-a-deus\/#breadcrumb\",\"itemListElement\":[{\"@type\":\"ListItem\",\"position\":1,\"name\":\"Home\",\"item\":\"https:\/\/salmosbiblicos.com.br\/\"},{\"@type\":\"ListItem\",\"position\":2,\"name\":\"Semana Santa: O Perfume da F\u00e9 e a Entrega a Deus\"}]},{\"@type\":\"WebSite\",\"@id\":\"https:\/\/salmosbiblicos.com.br\/#website\",\"url\":\"https:\/\/salmosbiblicos.com.br\/\",\"name\":\"Salmos B\u00edblicos\",\"description\":\"Uma e-Livraria com e-Books novos para voc\u00ea refletir.\",\"potentialAction\":[{\"@type\":\"SearchAction\",\"target\":{\"@type\":\"EntryPoint\",\"urlTemplate\":\"https:\/\/salmosbiblicos.com.br\/?s={search_term_string}\"},\"query-input\":{\"@type\":\"PropertyValueSpecification\",\"valueRequired\":true,\"valueName\":\"search_term_string\"}}],\"inLanguage\":\"pt-BR\"},{\"@type\":\"Person\",\"@id\":\"https:\/\/salmosbiblicos.com.br\/#\/schema\/person\/30586d0fb3f3a46b78a3414fc39cc975\",\"name\":\"alextreh@gmail.com\",\"image\":{\"@type\":\"ImageObject\",\"inLanguage\":\"pt-BR\",\"@id\":\"https:\/\/secure.gravatar.com\/avatar\/7cf84d31f581ec97b887c1039d478a7c293086896c84951a86753fb2c2af7527?s=96&d=mm&r=g\",\"url\":\"https:\/\/secure.gravatar.com\/avatar\/7cf84d31f581ec97b887c1039d478a7c293086896c84951a86753fb2c2af7527?s=96&d=mm&r=g\",\"contentUrl\":\"https:\/\/secure.gravatar.com\/avatar\/7cf84d31f581ec97b887c1039d478a7c293086896c84951a86753fb2c2af7527?s=96&d=mm&r=g\",\"caption\":\"alextreh@gmail.com\"},\"sameAs\":[\"http:\/\/salmosbiblicos.com.br\"],\"url\":\"http:\/\/salmosbiblicos.com.br\/index.php\/author\/alextrehgmail-com\/\"}]}<\/script>\n<!-- \/ Yoast SEO plugin. -->","yoast_head_json":{"title":"Semana Santa: O Perfume da F\u00e9 e a Entrega a Deus - Salmos B\u00edblicos","robots":{"index":"index","follow":"follow","max-snippet":"max-snippet:-1","max-image-preview":"max-image-preview:large","max-video-preview":"max-video-preview:-1"},"canonical":"https:\/\/salmosbiblicos.com.br\/index.php\/2026\/03\/31\/semana-santa-o-perfume-da-fe-e-a-entrega-a-deus\/","og_locale":"pt_BR","og_type":"article","og_title":"Semana Santa: O Perfume da F\u00e9 e a Entrega a Deus - Salmos B\u00edblicos","og_description":"## A Fragr\u00e2ncia da F\u00e9: Uma Reflex\u00e3o para a Semana Santa A semana que nos conduz ao cora\u00e7\u00e3o da nossa f\u00e9, \u00e0 Paix\u00e3o, Morte e Ressurrei\u00e7\u00e3o de Nosso Senhor, \u00e9 um tempo de profunda introspec\u00e7\u00e3o e renova\u00e7\u00e3o. Que possamos abra\u00e7ar cada dia com um esp\u00edrito de entrega e esperan\u00e7a, buscando a luz divina que ilumina [&hellip;]","og_url":"https:\/\/salmosbiblicos.com.br\/index.php\/2026\/03\/31\/semana-santa-o-perfume-da-fe-e-a-entrega-a-deus\/","og_site_name":"Salmos B\u00edblicos","article_published_time":"2026-03-31T11:54:56+00:00","author":"alextreh@gmail.com","twitter_card":"summary_large_image","twitter_misc":{"Escrito por":"alextreh@gmail.com","Est. tempo de leitura":"2 minutos"},"schema":{"@context":"https:\/\/schema.org","@graph":[{"@type":"Article","@id":"https:\/\/salmosbiblicos.com.br\/index.php\/2026\/03\/31\/semana-santa-o-perfume-da-fe-e-a-entrega-a-deus\/#article","isPartOf":{"@id":"https:\/\/salmosbiblicos.com.br\/index.php\/2026\/03\/31\/semana-santa-o-perfume-da-fe-e-a-entrega-a-deus\/"},"author":{"name":"alextreh@gmail.com","@id":"https:\/\/salmosbiblicos.com.br\/#\/schema\/person\/30586d0fb3f3a46b78a3414fc39cc975"},"headline":"Semana Santa: O Perfume da F\u00e9 e a Entrega a Deus","datePublished":"2026-03-31T11:54:56+00:00","mainEntityOfPage":{"@id":"https:\/\/salmosbiblicos.com.br\/index.php\/2026\/03\/31\/semana-santa-o-perfume-da-fe-e-a-entrega-a-deus\/"},"wordCount":508,"articleSection":["Reflex\u00e3o"],"inLanguage":"pt-BR"},{"@type":"WebPage","@id":"https:\/\/salmosbiblicos.com.br\/index.php\/2026\/03\/31\/semana-santa-o-perfume-da-fe-e-a-entrega-a-deus\/","url":"https:\/\/salmosbiblicos.com.br\/index.php\/2026\/03\/31\/semana-santa-o-perfume-da-fe-e-a-entrega-a-deus\/","name":"Semana Santa: O Perfume da F\u00e9 e a Entrega a Deus - Salmos B\u00edblicos","isPartOf":{"@id":"https:\/\/salmosbiblicos.com.br\/#website"},"datePublished":"2026-03-31T11:54:56+00:00","author":{"@id":"https:\/\/salmosbiblicos.com.br\/#\/schema\/person\/30586d0fb3f3a46b78a3414fc39cc975"},"breadcrumb":{"@id":"https:\/\/salmosbiblicos.com.br\/index.php\/2026\/03\/31\/semana-santa-o-perfume-da-fe-e-a-entrega-a-deus\/#breadcrumb"},"inLanguage":"pt-BR","potentialAction":[{"@type":"ReadAction","target":["https:\/\/salmosbiblicos.com.br\/index.php\/2026\/03\/31\/semana-santa-o-perfume-da-fe-e-a-entrega-a-deus\/"]}]},{"@type":"BreadcrumbList","@id":"https:\/\/salmosbiblicos.com.br\/index.php\/2026\/03\/31\/semana-santa-o-perfume-da-fe-e-a-entrega-a-deus\/#breadcrumb","itemListElement":[{"@type":"ListItem","position":1,"name":"Home","item":"https:\/\/salmosbiblicos.com.br\/"},{"@type":"ListItem","position":2,"name":"Semana Santa: O Perfume da F\u00e9 e a Entrega a Deus"}]},{"@type":"WebSite","@id":"https:\/\/salmosbiblicos.com.br\/#website","url":"https:\/\/salmosbiblicos.com.br\/","name":"Salmos B\u00edblicos","description":"Uma e-Livraria com e-Books novos para voc\u00ea refletir.","potentialAction":[{"@type":"SearchAction","target":{"@type":"EntryPoint","urlTemplate":"https:\/\/salmosbiblicos.com.br\/?s={search_term_string}"},"query-input":{"@type":"PropertyValueSpecification","valueRequired":true,"valueName":"search_term_string"}}],"inLanguage":"pt-BR"},{"@type":"Person","@id":"https:\/\/salmosbiblicos.com.br\/#\/schema\/person\/30586d0fb3f3a46b78a3414fc39cc975","name":"alextreh@gmail.com","image":{"@type":"ImageObject","inLanguage":"pt-BR","@id":"https:\/\/secure.gravatar.com\/avatar\/7cf84d31f581ec97b887c1039d478a7c293086896c84951a86753fb2c2af7527?s=96&d=mm&r=g","url":"https:\/\/secure.gravatar.com\/avatar\/7cf84d31f581ec97b887c1039d478a7c293086896c84951a86753fb2c2af7527?s=96&d=mm&r=g","contentUrl":"https:\/\/secure.gravatar.com\/avatar\/7cf84d31f581ec97b887c1039d478a7c293086896c84951a86753fb2c2af7527?s=96&d=mm&r=g","caption":"alextreh@gmail.com"},"sameAs":["http:\/\/salmosbiblicos.com.br"],"url":"http:\/\/salmosbiblicos.com.br\/index.php\/author\/alextrehgmail-com\/"}]}},"_links":{"self":[{"href":"http:\/\/salmosbiblicos.com.br\/index.php\/wp-json\/wp\/v2\/posts\/6192","targetHints":{"allow":["GET"]}}],"collection":[{"href":"http:\/\/salmosbiblicos.com.br\/index.php\/wp-json\/wp\/v2\/posts"}],"about":[{"href":"http:\/\/salmosbiblicos.com.br\/index.php\/wp-json\/wp\/v2\/types\/post"}],"author":[{"embeddable":true,"href":"http:\/\/salmosbiblicos.com.br\/index.php\/wp-json\/wp\/v2\/users\/1"}],"replies":[{"embeddable":true,"href":"http:\/\/salmosbiblicos.com.br\/index.php\/wp-json\/wp\/v2\/comments?post=6192"}],"version-history":[{"count":1,"href":"http:\/\/salmosbiblicos.com.br\/index.php\/wp-json\/wp\/v2\/posts\/6192\/revisions"}],"predecessor-version":[{"id":6193,"href":"http:\/\/salmosbiblicos.com.br\/index.php\/wp-json\/wp\/v2\/posts\/6192\/revisions\/6193"}],"wp:attachment":[{"href":"http:\/\/salmosbiblicos.com.br\/index.php\/wp-json\/wp\/v2\/media?parent=6192"}],"wp:term":[{"taxonomy":"category","embeddable":true,"href":"http:\/\/salmosbiblicos.com.br\/index.php\/wp-json\/wp\/v2\/categories?post=6192"},{"taxonomy":"post_tag","embeddable":true,"href":"http:\/\/salmosbiblicos.com.br\/index.php\/wp-json\/wp\/v2\/tags?post=6192"}],"curies":[{"name":"wp","href":"https:\/\/api.w.org\/{rel}","templated":true}]}}