{"id":6218,"date":"2026-03-31T12:46:11","date_gmt":"2026-03-31T15:46:11","guid":{"rendered":"https:\/\/salmosbiblicos.com.br\/?p=6218"},"modified":"2026-03-31T12:46:11","modified_gmt":"2026-03-31T15:46:11","slug":"proclamar-a-fe-coragem-e-fidelidade-em-tempos-dificeis","status":"publish","type":"post","link":"http:\/\/salmosbiblicos.com.br\/index.php\/2026\/03\/31\/proclamar-a-fe-coragem-e-fidelidade-em-tempos-dificeis\/","title":{"rendered":"Proclamar a F\u00e9: Coragem e Fidelidade em Tempos Dif\u00edceis"},"content":{"rendered":"<p>## A Proclama\u00e7\u00e3o da F\u00e9 em Tempos de Adversidade<\/p>\n<p>Em um mundo que, por vezes, parece distanciado da luz da f\u00e9, a pergunta ressoa em nossos cora\u00e7\u00f5es: o que faremos diante da escolha entre proclamar ou negar a presen\u00e7a de Cristo em nossas vidas? \u00c9 um chamado que exige reflex\u00e3o, coragem e um compromisso inabal\u00e1vel com os ensinamentos do Senhor.<\/p>\n<p>### A Lealdade ao Mestre<\/p>\n<p>As palavras de Jesus nos lembram: **&#8221;O disc\u00edpulo n\u00e3o est\u00e1 acima do mestre, nem o servo acima do seu Senhor.&#8221;** A verdadeira f\u00e9 n\u00e3o se manifesta em grandiosidade ou superioridade, mas na imita\u00e7\u00e3o humilde e perseverante do exemplo do Cristo. Assim como a casa \u00e9 chamada por um nome, tamb\u00e9m n\u00f3s, seus seguidores, devemos estar dispostos a receber o escrut\u00ednio e a persegui\u00e7\u00e3o.<\/p>\n<p>Jesus nos encoraja a proclamar a verdade, mesmo diante do medo. **&#8221;O que vos digo na escurid\u00e3o, dizia-lo ao sol; o que escutais ao ouvido, proclamai-o sobre os telhados.&#8221;** Que a luz da esperan\u00e7a brilhe em meio \u00e0 escurid\u00e3o, iluminando o caminho para aqueles que buscam a verdade.<\/p>\n<p>### O Pre\u00e7o da Fidelidade<\/p>\n<p>\u00c9 ineg\u00e1vel que a fidelidade a Cristo pode acarretar desafios. A persegui\u00e7\u00e3o e a incompreens\u00e3o s\u00e3o companheiras constantes no caminho do disc\u00edpulo. Contudo, Jesus nos assegura que **&#8221;n\u00e3o h\u00e1 nada de encoberto que n\u00e3o seja revelado, nem nada de escondido que n\u00e3o seja conhecido.&#8221;** A transpar\u00eancia da f\u00e9 \u00e9 um testemunho poderoso, capaz de tocar a vida de muitos.<\/p>\n<p>**&#8221;N\u00e3o temam aquele que pode destruir a alma e o corpo no inferno.&#8221;** A nossa confian\u00e7a deve estar no Criador, que \u00e9 capaz de proteger e guiar os seus filhos. N\u00e3o nos prendamos a bens materiais ou a medos mundanos, pois eles s\u00e3o passageiros.<\/p>\n<p>### A Import\u00e2ncia da Declara\u00e7\u00e3o<\/p>\n<p>A mensagem \u00e9 clara: **&#8221;Se voc\u00eas se declararem o meu favor, eu me declararei em favor de voc\u00eas.&#8221;** A declara\u00e7\u00e3o de f\u00e9 \u00e9 um ato de compromisso, uma alian\u00e7a entre o indiv\u00edduo e o divino. Essa escolha reverberar\u00e1 para sempre, impactando a vida do indiv\u00edduo e sua rela\u00e7\u00e3o com o Pai.<\/p>\n<p>Ao negar a nossa f\u00e9, ao nos envergonharmos de Cristo, corremos o risco de nos distanciarmos da gra\u00e7a divina. **&#8221;Se por\u00e9m um nos renegar, ele nos renegar\u00e1.&#8221;** Que a nossa fidelidade seja inabal\u00e1vel, mesmo diante das adversidades.<\/p>\n<p>### Um Chamado \u00e0 Coragem<\/p>\n<p>Que a coragem de Pedro, que negou tr\u00eas vezes, inspire-nos a perseverar em nossa f\u00e9. **&#8221;Antes que o galo cante, tu, tr\u00eas vezes, me negar\u00e1s.&#8221;** Reconhecer a nossa falibilidade e buscar o perd\u00e3o \u00e9 um passo fundamental no caminho da reden\u00e7\u00e3o.<\/p>\n<p>Que a promessa de Apocalipse nos fortale\u00e7a: **&#8221;Apesar da sua fraqueza, voc\u00ea n\u00e3o renegou o meu nome.&#8221;** Que a nossa f\u00e9 seja inabal\u00e1vel, que a nossa esperan\u00e7a seja constante e que o nosso amor por Cristo seja a for\u00e7a que nos guia.<\/p>\n<p>### A Porta Aberta para o que Persevera<\/p>\n<p>Aquele que permanece fiel, mesmo diante das prova\u00e7\u00f5es, ter\u00e1 uma porta aberta para si. **&#8221;Conhe\u00e7o as suas obras e eu puse diante de ti uma porta fechada que ningu\u00e9m pode fechar, porque apesar das tuas fraquezas, guardaste a minha palavra e n\u00e3o renegaste o meu nome.&#8221;** Que esta seja a nossa meta, o nosso objetivo, a nossa promessa.<\/p>\n<p>Que a nossa resposta ecoe em todos os lugares, em todas as situa\u00e7\u00f5es: **&#8221;Eu n\u00e3o vou negar a Deus neste mundo!&#8221;** Que a f\u00e9 seja a nossa armadura, a nossa esperan\u00e7a, a nossa for\u00e7a.<\/p>\n","protected":false},"excerpt":{"rendered":"<p>## A Proclama\u00e7\u00e3o da F\u00e9 em Tempos de Adversidade Em um mundo que, por vezes, parece distanciado da luz da f\u00e9, a pergunta ressoa em nossos cora\u00e7\u00f5es: o que faremos diante da escolha entre proclamar ou negar a presen\u00e7a de Cristo em nossas vidas? \u00c9 um chamado que exige reflex\u00e3o, coragem e um compromisso inabal\u00e1vel [&hellip;]<\/p>\n","protected":false},"author":1,"featured_media":0,"comment_status":"closed","ping_status":"open","sticky":false,"template":"","format":"standard","meta":{"footnotes":""},"categories":[14],"tags":[],"class_list":["post-6218","post","type-post","status-publish","format-standard","hentry","category-reflexao"],"yoast_head":"<!-- This site is optimized with the Yoast SEO plugin v27.2 - https:\/\/yoast.com\/product\/yoast-seo-wordpress\/ -->\n<title>Proclamar a F\u00e9: Coragem e Fidelidade em Tempos Dif\u00edceis - Salmos B\u00edblicos<\/title>\n<meta name=\"robots\" content=\"index, follow, max-snippet:-1, max-image-preview:large, max-video-preview:-1\" \/>\n<link rel=\"canonical\" href=\"http:\/\/salmosbiblicos.com.br\/index.php\/2026\/03\/31\/proclamar-a-fe-coragem-e-fidelidade-em-tempos-dificeis\/\" \/>\n<meta property=\"og:locale\" content=\"pt_BR\" \/>\n<meta property=\"og:type\" content=\"article\" \/>\n<meta property=\"og:title\" content=\"Proclamar a F\u00e9: Coragem e Fidelidade em Tempos Dif\u00edceis - Salmos B\u00edblicos\" \/>\n<meta property=\"og:description\" content=\"## A Proclama\u00e7\u00e3o da F\u00e9 em Tempos de Adversidade Em um mundo que, por vezes, parece distanciado da luz da f\u00e9, a pergunta ressoa em nossos cora\u00e7\u00f5es: o que faremos diante da escolha entre proclamar ou negar a presen\u00e7a de Cristo em nossas vidas? \u00c9 um chamado que exige reflex\u00e3o, coragem e um compromisso inabal\u00e1vel [&hellip;]\" \/>\n<meta property=\"og:url\" content=\"http:\/\/salmosbiblicos.com.br\/index.php\/2026\/03\/31\/proclamar-a-fe-coragem-e-fidelidade-em-tempos-dificeis\/\" \/>\n<meta property=\"og:site_name\" content=\"Salmos B\u00edblicos\" \/>\n<meta property=\"article:published_time\" content=\"2026-03-31T15:46:11+00:00\" \/>\n<meta name=\"author\" content=\"alextreh@gmail.com\" \/>\n<meta name=\"twitter:card\" content=\"summary_large_image\" \/>\n<meta name=\"twitter:label1\" content=\"Escrito por\" \/>\n\t<meta name=\"twitter:data1\" content=\"alextreh@gmail.com\" \/>\n\t<meta name=\"twitter:label2\" content=\"Est. tempo de leitura\" \/>\n\t<meta name=\"twitter:data2\" content=\"3 minutos\" \/>\n<script type=\"application\/ld+json\" class=\"yoast-schema-graph\">{\"@context\":\"https:\/\/schema.org\",\"@graph\":[{\"@type\":\"Article\",\"@id\":\"http:\/\/salmosbiblicos.com.br\/index.php\/2026\/03\/31\/proclamar-a-fe-coragem-e-fidelidade-em-tempos-dificeis\/#article\",\"isPartOf\":{\"@id\":\"http:\/\/salmosbiblicos.com.br\/index.php\/2026\/03\/31\/proclamar-a-fe-coragem-e-fidelidade-em-tempos-dificeis\/\"},\"author\":{\"name\":\"alextreh@gmail.com\",\"@id\":\"https:\/\/salmosbiblicos.com.br\/#\/schema\/person\/30586d0fb3f3a46b78a3414fc39cc975\"},\"headline\":\"Proclamar a F\u00e9: Coragem e Fidelidade em Tempos Dif\u00edceis\",\"datePublished\":\"2026-03-31T15:46:11+00:00\",\"mainEntityOfPage\":{\"@id\":\"http:\/\/salmosbiblicos.com.br\/index.php\/2026\/03\/31\/proclamar-a-fe-coragem-e-fidelidade-em-tempos-dificeis\/\"},\"wordCount\":619,\"articleSection\":[\"Reflex\u00e3o\"],\"inLanguage\":\"pt-BR\"},{\"@type\":\"WebPage\",\"@id\":\"http:\/\/salmosbiblicos.com.br\/index.php\/2026\/03\/31\/proclamar-a-fe-coragem-e-fidelidade-em-tempos-dificeis\/\",\"url\":\"http:\/\/salmosbiblicos.com.br\/index.php\/2026\/03\/31\/proclamar-a-fe-coragem-e-fidelidade-em-tempos-dificeis\/\",\"name\":\"Proclamar a F\u00e9: Coragem e Fidelidade em Tempos Dif\u00edceis - Salmos B\u00edblicos\",\"isPartOf\":{\"@id\":\"https:\/\/salmosbiblicos.com.br\/#website\"},\"datePublished\":\"2026-03-31T15:46:11+00:00\",\"author\":{\"@id\":\"https:\/\/salmosbiblicos.com.br\/#\/schema\/person\/30586d0fb3f3a46b78a3414fc39cc975\"},\"breadcrumb\":{\"@id\":\"http:\/\/salmosbiblicos.com.br\/index.php\/2026\/03\/31\/proclamar-a-fe-coragem-e-fidelidade-em-tempos-dificeis\/#breadcrumb\"},\"inLanguage\":\"pt-BR\",\"potentialAction\":[{\"@type\":\"ReadAction\",\"target\":[\"http:\/\/salmosbiblicos.com.br\/index.php\/2026\/03\/31\/proclamar-a-fe-coragem-e-fidelidade-em-tempos-dificeis\/\"]}]},{\"@type\":\"BreadcrumbList\",\"@id\":\"http:\/\/salmosbiblicos.com.br\/index.php\/2026\/03\/31\/proclamar-a-fe-coragem-e-fidelidade-em-tempos-dificeis\/#breadcrumb\",\"itemListElement\":[{\"@type\":\"ListItem\",\"position\":1,\"name\":\"Home\",\"item\":\"https:\/\/salmosbiblicos.com.br\/\"},{\"@type\":\"ListItem\",\"position\":2,\"name\":\"Proclamar a F\u00e9: Coragem e Fidelidade em Tempos Dif\u00edceis\"}]},{\"@type\":\"WebSite\",\"@id\":\"https:\/\/salmosbiblicos.com.br\/#website\",\"url\":\"https:\/\/salmosbiblicos.com.br\/\",\"name\":\"Salmos B\u00edblicos\",\"description\":\"Uma e-Livraria com e-Books novos para voc\u00ea refletir.\",\"potentialAction\":[{\"@type\":\"SearchAction\",\"target\":{\"@type\":\"EntryPoint\",\"urlTemplate\":\"https:\/\/salmosbiblicos.com.br\/?s={search_term_string}\"},\"query-input\":{\"@type\":\"PropertyValueSpecification\",\"valueRequired\":true,\"valueName\":\"search_term_string\"}}],\"inLanguage\":\"pt-BR\"},{\"@type\":\"Person\",\"@id\":\"https:\/\/salmosbiblicos.com.br\/#\/schema\/person\/30586d0fb3f3a46b78a3414fc39cc975\",\"name\":\"alextreh@gmail.com\",\"image\":{\"@type\":\"ImageObject\",\"inLanguage\":\"pt-BR\",\"@id\":\"https:\/\/secure.gravatar.com\/avatar\/7cf84d31f581ec97b887c1039d478a7c293086896c84951a86753fb2c2af7527?s=96&d=mm&r=g\",\"url\":\"https:\/\/secure.gravatar.com\/avatar\/7cf84d31f581ec97b887c1039d478a7c293086896c84951a86753fb2c2af7527?s=96&d=mm&r=g\",\"contentUrl\":\"https:\/\/secure.gravatar.com\/avatar\/7cf84d31f581ec97b887c1039d478a7c293086896c84951a86753fb2c2af7527?s=96&d=mm&r=g\",\"caption\":\"alextreh@gmail.com\"},\"sameAs\":[\"http:\/\/salmosbiblicos.com.br\"],\"url\":\"http:\/\/salmosbiblicos.com.br\/index.php\/author\/alextrehgmail-com\/\"}]}<\/script>\n<!-- \/ Yoast SEO plugin. -->","yoast_head_json":{"title":"Proclamar a F\u00e9: Coragem e Fidelidade em Tempos Dif\u00edceis - Salmos B\u00edblicos","robots":{"index":"index","follow":"follow","max-snippet":"max-snippet:-1","max-image-preview":"max-image-preview:large","max-video-preview":"max-video-preview:-1"},"canonical":"http:\/\/salmosbiblicos.com.br\/index.php\/2026\/03\/31\/proclamar-a-fe-coragem-e-fidelidade-em-tempos-dificeis\/","og_locale":"pt_BR","og_type":"article","og_title":"Proclamar a F\u00e9: Coragem e Fidelidade em Tempos Dif\u00edceis - Salmos B\u00edblicos","og_description":"## A Proclama\u00e7\u00e3o da F\u00e9 em Tempos de Adversidade Em um mundo que, por vezes, parece distanciado da luz da f\u00e9, a pergunta ressoa em nossos cora\u00e7\u00f5es: o que faremos diante da escolha entre proclamar ou negar a presen\u00e7a de Cristo em nossas vidas? \u00c9 um chamado que exige reflex\u00e3o, coragem e um compromisso inabal\u00e1vel [&hellip;]","og_url":"http:\/\/salmosbiblicos.com.br\/index.php\/2026\/03\/31\/proclamar-a-fe-coragem-e-fidelidade-em-tempos-dificeis\/","og_site_name":"Salmos B\u00edblicos","article_published_time":"2026-03-31T15:46:11+00:00","author":"alextreh@gmail.com","twitter_card":"summary_large_image","twitter_misc":{"Escrito por":"alextreh@gmail.com","Est. tempo de leitura":"3 minutos"},"schema":{"@context":"https:\/\/schema.org","@graph":[{"@type":"Article","@id":"http:\/\/salmosbiblicos.com.br\/index.php\/2026\/03\/31\/proclamar-a-fe-coragem-e-fidelidade-em-tempos-dificeis\/#article","isPartOf":{"@id":"http:\/\/salmosbiblicos.com.br\/index.php\/2026\/03\/31\/proclamar-a-fe-coragem-e-fidelidade-em-tempos-dificeis\/"},"author":{"name":"alextreh@gmail.com","@id":"https:\/\/salmosbiblicos.com.br\/#\/schema\/person\/30586d0fb3f3a46b78a3414fc39cc975"},"headline":"Proclamar a F\u00e9: Coragem e Fidelidade em Tempos Dif\u00edceis","datePublished":"2026-03-31T15:46:11+00:00","mainEntityOfPage":{"@id":"http:\/\/salmosbiblicos.com.br\/index.php\/2026\/03\/31\/proclamar-a-fe-coragem-e-fidelidade-em-tempos-dificeis\/"},"wordCount":619,"articleSection":["Reflex\u00e3o"],"inLanguage":"pt-BR"},{"@type":"WebPage","@id":"http:\/\/salmosbiblicos.com.br\/index.php\/2026\/03\/31\/proclamar-a-fe-coragem-e-fidelidade-em-tempos-dificeis\/","url":"http:\/\/salmosbiblicos.com.br\/index.php\/2026\/03\/31\/proclamar-a-fe-coragem-e-fidelidade-em-tempos-dificeis\/","name":"Proclamar a F\u00e9: Coragem e Fidelidade em Tempos Dif\u00edceis - Salmos B\u00edblicos","isPartOf":{"@id":"https:\/\/salmosbiblicos.com.br\/#website"},"datePublished":"2026-03-31T15:46:11+00:00","author":{"@id":"https:\/\/salmosbiblicos.com.br\/#\/schema\/person\/30586d0fb3f3a46b78a3414fc39cc975"},"breadcrumb":{"@id":"http:\/\/salmosbiblicos.com.br\/index.php\/2026\/03\/31\/proclamar-a-fe-coragem-e-fidelidade-em-tempos-dificeis\/#breadcrumb"},"inLanguage":"pt-BR","potentialAction":[{"@type":"ReadAction","target":["http:\/\/salmosbiblicos.com.br\/index.php\/2026\/03\/31\/proclamar-a-fe-coragem-e-fidelidade-em-tempos-dificeis\/"]}]},{"@type":"BreadcrumbList","@id":"http:\/\/salmosbiblicos.com.br\/index.php\/2026\/03\/31\/proclamar-a-fe-coragem-e-fidelidade-em-tempos-dificeis\/#breadcrumb","itemListElement":[{"@type":"ListItem","position":1,"name":"Home","item":"https:\/\/salmosbiblicos.com.br\/"},{"@type":"ListItem","position":2,"name":"Proclamar a F\u00e9: Coragem e Fidelidade em Tempos Dif\u00edceis"}]},{"@type":"WebSite","@id":"https:\/\/salmosbiblicos.com.br\/#website","url":"https:\/\/salmosbiblicos.com.br\/","name":"Salmos B\u00edblicos","description":"Uma e-Livraria com e-Books novos para voc\u00ea refletir.","potentialAction":[{"@type":"SearchAction","target":{"@type":"EntryPoint","urlTemplate":"https:\/\/salmosbiblicos.com.br\/?s={search_term_string}"},"query-input":{"@type":"PropertyValueSpecification","valueRequired":true,"valueName":"search_term_string"}}],"inLanguage":"pt-BR"},{"@type":"Person","@id":"https:\/\/salmosbiblicos.com.br\/#\/schema\/person\/30586d0fb3f3a46b78a3414fc39cc975","name":"alextreh@gmail.com","image":{"@type":"ImageObject","inLanguage":"pt-BR","@id":"https:\/\/secure.gravatar.com\/avatar\/7cf84d31f581ec97b887c1039d478a7c293086896c84951a86753fb2c2af7527?s=96&d=mm&r=g","url":"https:\/\/secure.gravatar.com\/avatar\/7cf84d31f581ec97b887c1039d478a7c293086896c84951a86753fb2c2af7527?s=96&d=mm&r=g","contentUrl":"https:\/\/secure.gravatar.com\/avatar\/7cf84d31f581ec97b887c1039d478a7c293086896c84951a86753fb2c2af7527?s=96&d=mm&r=g","caption":"alextreh@gmail.com"},"sameAs":["http:\/\/salmosbiblicos.com.br"],"url":"http:\/\/salmosbiblicos.com.br\/index.php\/author\/alextrehgmail-com\/"}]}},"_links":{"self":[{"href":"http:\/\/salmosbiblicos.com.br\/index.php\/wp-json\/wp\/v2\/posts\/6218","targetHints":{"allow":["GET"]}}],"collection":[{"href":"http:\/\/salmosbiblicos.com.br\/index.php\/wp-json\/wp\/v2\/posts"}],"about":[{"href":"http:\/\/salmosbiblicos.com.br\/index.php\/wp-json\/wp\/v2\/types\/post"}],"author":[{"embeddable":true,"href":"http:\/\/salmosbiblicos.com.br\/index.php\/wp-json\/wp\/v2\/users\/1"}],"replies":[{"embeddable":true,"href":"http:\/\/salmosbiblicos.com.br\/index.php\/wp-json\/wp\/v2\/comments?post=6218"}],"version-history":[{"count":1,"href":"http:\/\/salmosbiblicos.com.br\/index.php\/wp-json\/wp\/v2\/posts\/6218\/revisions"}],"predecessor-version":[{"id":6219,"href":"http:\/\/salmosbiblicos.com.br\/index.php\/wp-json\/wp\/v2\/posts\/6218\/revisions\/6219"}],"wp:attachment":[{"href":"http:\/\/salmosbiblicos.com.br\/index.php\/wp-json\/wp\/v2\/media?parent=6218"}],"wp:term":[{"taxonomy":"category","embeddable":true,"href":"http:\/\/salmosbiblicos.com.br\/index.php\/wp-json\/wp\/v2\/categories?post=6218"},{"taxonomy":"post_tag","embeddable":true,"href":"http:\/\/salmosbiblicos.com.br\/index.php\/wp-json\/wp\/v2\/tags?post=6218"}],"curies":[{"name":"wp","href":"https:\/\/api.w.org\/{rel}","templated":true}]}}