{"id":6230,"date":"2026-03-31T16:09:14","date_gmt":"2026-03-31T19:09:14","guid":{"rendered":"https:\/\/salmosbiblicos.com.br\/?p=6230"},"modified":"2026-03-31T16:09:14","modified_gmt":"2026-03-31T19:09:14","slug":"coracao-endurecido-reflexoes-sobre-a-rejeicao-e-conversao","status":"publish","type":"post","link":"http:\/\/salmosbiblicos.com.br\/index.php\/2026\/03\/31\/coracao-endurecido-reflexoes-sobre-a-rejeicao-e-conversao\/","title":{"rendered":"Cora\u00e7\u00e3o Endurecido: Reflex\u00f5es sobre a Rejei\u00e7\u00e3o e Convers\u00e3o"},"content":{"rendered":"<p>## A Dureza do Cora\u00e7\u00e3o: Um Chamado \u00e0 Convers\u00e3o<\/p>\n<p>Existe uma ang\u00fastia que permeia a alma humana, um sofrimento que ecoa atrav\u00e9s dos s\u00e9culos. \u00c9 a ang\u00fastia de um cora\u00e7\u00e3o endurecido, imperme\u00e1vel \u00e0 gra\u00e7a divina. Jesus sentiu essa dor profundamente, e o testemunho das Escrituras nos convida a refletir sobre as consequ\u00eancias dessa escolha. Que possamos, em sil\u00eancio e humildade, permitir que a Palavra de Deus ilumine a escurid\u00e3o de nossas vidas.<\/p>\n<p>### O Desabafo do Mestre<\/p>\n<p>Contemplamos as Escrituras e somos confrontados com a lamenta\u00e7\u00e3o de Jesus diante de uma gera\u00e7\u00e3o cega e surda. **&#8221;A gera\u00e7\u00e3o \u00e9 uma gera\u00e7\u00e3o m\u00e1,&#8221;** Ele diz, observando a busca incessante por sinais, a recusa em acolher a verdade que se manifesta diante de seus olhos. Assim como Jonas foi um instrumento de salva\u00e7\u00e3o para os habitantes de N\u00ednive, Jesus se apresenta como a maior revela\u00e7\u00e3o, mas a resposta \u00e9 a da rejei\u00e7\u00e3o. <\/p>\n<p>A compara\u00e7\u00e3o \u00e9 implac\u00e1vel. Um povo que, outrora, acolheu a mensagem de Jonas, abrindo seus cora\u00e7\u00f5es \u00e0 convers\u00e3o, agora se recusa a reconhecer a divindade que se manifesta diante deles. \u00c9 um retrato da condi\u00e7\u00e3o humana, da nossa capacidade de nos fecharmos ao amor, de nos endurecermos diante da luz.<\/p>\n<p>### A Sedu\u00e7\u00e3o do Pecado e o Cora\u00e7\u00e3o Fechado<\/p>\n<p>A raiz da dureza de cora\u00e7\u00e3o reside na persist\u00eancia no pecado. \u00c9 a nossa avers\u00e3o \u00e0 verdade que nos impede de nos render \u00e0 gra\u00e7a. Quando a Palavra de Deus se revela, ela exp\u00f5e a nossa condi\u00e7\u00e3o, desmascara os nossos erros e nos convida \u00e0 transforma\u00e7\u00e3o. Mas o orgulho, a vaidade, o apego ao mundo, erguem barreiras que nos impedem de acolher essa mensagem libertadora.<\/p>\n<p>**\u201cAntes animais-vos, mutualmente, cada dia durante todo o tempo compreendido na palavra hoje, para n\u00e3o acontecer que algu\u00e9m se torne em perder nido com a sedu\u00e7\u00e3o do pecado.\u201d** (Hebreus 3:13). Devemos estar sempre vigilantes, constantemente examinando nossas a\u00e7\u00f5es e atitudes, para n\u00e3o sucumbirmos \u00e0 emboscada do pecado, que endurece o cora\u00e7\u00e3o e nos afasta de Deus.<\/p>\n<p>### As Consequ\u00eancias da Imutabilidade<\/p>\n<p>A obstina\u00e7\u00e3o, a falta de arrependimento, a recusa em mudar de vida, n\u00e3o passam impunes. Romanos 2 nos adverte: **&#8221;Mas pela tua obstina\u00e7\u00e3o e cora\u00e7\u00e3o impenitente, vejo uma pessoa que n\u00e3o quer mudar. Cora\u00e7\u00e3o impenitente, vai acumulando e ir a contradi. Para o dia da c\u00f3lera e da revela\u00e7\u00e3o do justo ju\u00edzo de Deus. Perciclo 6, que retribuir\u00e1 a cada um, segundo as suas obras.&#8221;**<\/p>\n<p>A ira de Deus n\u00e3o \u00e9 um desejo de vingan\u00e7a, mas a consequ\u00eancia inevit\u00e1vel do pecado. N\u00ednive escapou da destrui\u00e7\u00e3o por causa do arrependimento de seu povo. Mas aqueles que se fecham \u00e0 gra\u00e7a, que persistem na iniquidade, estar\u00e3o sujeitos ao julgamento.<\/p>\n<p>### Um Chamado \u00e0 Abertura<\/p>\n<p>A boa not\u00edcia \u00e9 que a porta da gra\u00e7a permanece aberta. Jesus nos convida a romper com a dureza do cora\u00e7\u00e3o, a nos render ao amor divino. \u00c9 um chamado \u00e0 convers\u00e3o, a um novo come\u00e7o, a uma vida transformada pela Palavra.<\/p>\n<p>**&#8221;Eis que estou \u00e0 porta e bato,&#8221;** Ele nos diz. Que possamos responder a esse chamado com humildade e f\u00e9, abrindo as portas do nosso cora\u00e7\u00e3o para a luz da gra\u00e7a, para a esperan\u00e7a da salva\u00e7\u00e3o. Que possamos, em esp\u00edrito de contri\u00e7\u00e3o, clamar: \u201cEu abro meu cora\u00e7\u00e3o para Jesus.\u201d<\/p>\n<p>Que a Palavra de Deus continue a ressoar em nossos cora\u00e7\u00f5es, iluminando o caminho da f\u00e9 e da esperan\u00e7a.<\/p>\n","protected":false},"excerpt":{"rendered":"<p>## A Dureza do Cora\u00e7\u00e3o: Um Chamado \u00e0 Convers\u00e3o Existe uma ang\u00fastia que permeia a alma humana, um sofrimento que ecoa atrav\u00e9s dos s\u00e9culos. \u00c9 a ang\u00fastia de um cora\u00e7\u00e3o endurecido, imperme\u00e1vel \u00e0 gra\u00e7a divina. Jesus sentiu essa dor profundamente, e o testemunho das Escrituras nos convida a refletir sobre as consequ\u00eancias dessa escolha. Que [&hellip;]<\/p>\n","protected":false},"author":1,"featured_media":0,"comment_status":"closed","ping_status":"open","sticky":false,"template":"","format":"standard","meta":{"footnotes":""},"categories":[14],"tags":[],"class_list":["post-6230","post","type-post","status-publish","format-standard","hentry","category-reflexao"],"yoast_head":"<!-- This site is optimized with the Yoast SEO plugin v27.2 - https:\/\/yoast.com\/product\/yoast-seo-wordpress\/ -->\n<title>Cora\u00e7\u00e3o Endurecido: Reflex\u00f5es sobre a Rejei\u00e7\u00e3o e Convers\u00e3o - Salmos B\u00edblicos<\/title>\n<meta name=\"robots\" content=\"index, follow, max-snippet:-1, max-image-preview:large, max-video-preview:-1\" \/>\n<link rel=\"canonical\" href=\"http:\/\/salmosbiblicos.com.br\/index.php\/2026\/03\/31\/coracao-endurecido-reflexoes-sobre-a-rejeicao-e-conversao\/\" \/>\n<meta property=\"og:locale\" content=\"pt_BR\" \/>\n<meta property=\"og:type\" content=\"article\" \/>\n<meta property=\"og:title\" content=\"Cora\u00e7\u00e3o Endurecido: Reflex\u00f5es sobre a Rejei\u00e7\u00e3o e Convers\u00e3o - Salmos B\u00edblicos\" \/>\n<meta property=\"og:description\" content=\"## A Dureza do Cora\u00e7\u00e3o: Um Chamado \u00e0 Convers\u00e3o Existe uma ang\u00fastia que permeia a alma humana, um sofrimento que ecoa atrav\u00e9s dos s\u00e9culos. \u00c9 a ang\u00fastia de um cora\u00e7\u00e3o endurecido, imperme\u00e1vel \u00e0 gra\u00e7a divina. Jesus sentiu essa dor profundamente, e o testemunho das Escrituras nos convida a refletir sobre as consequ\u00eancias dessa escolha. Que [&hellip;]\" \/>\n<meta property=\"og:url\" content=\"http:\/\/salmosbiblicos.com.br\/index.php\/2026\/03\/31\/coracao-endurecido-reflexoes-sobre-a-rejeicao-e-conversao\/\" \/>\n<meta property=\"og:site_name\" content=\"Salmos B\u00edblicos\" \/>\n<meta property=\"article:published_time\" content=\"2026-03-31T19:09:14+00:00\" \/>\n<meta name=\"author\" content=\"alextreh@gmail.com\" \/>\n<meta name=\"twitter:card\" content=\"summary_large_image\" \/>\n<meta name=\"twitter:label1\" content=\"Escrito por\" \/>\n\t<meta name=\"twitter:data1\" content=\"alextreh@gmail.com\" \/>\n\t<meta name=\"twitter:label2\" content=\"Est. tempo de leitura\" \/>\n\t<meta name=\"twitter:data2\" content=\"3 minutos\" \/>\n<script type=\"application\/ld+json\" class=\"yoast-schema-graph\">{\"@context\":\"https:\/\/schema.org\",\"@graph\":[{\"@type\":\"Article\",\"@id\":\"http:\/\/salmosbiblicos.com.br\/index.php\/2026\/03\/31\/coracao-endurecido-reflexoes-sobre-a-rejeicao-e-conversao\/#article\",\"isPartOf\":{\"@id\":\"http:\/\/salmosbiblicos.com.br\/index.php\/2026\/03\/31\/coracao-endurecido-reflexoes-sobre-a-rejeicao-e-conversao\/\"},\"author\":{\"name\":\"alextreh@gmail.com\",\"@id\":\"https:\/\/salmosbiblicos.com.br\/#\/schema\/person\/30586d0fb3f3a46b78a3414fc39cc975\"},\"headline\":\"Cora\u00e7\u00e3o Endurecido: Reflex\u00f5es sobre a Rejei\u00e7\u00e3o e Convers\u00e3o\",\"datePublished\":\"2026-03-31T19:09:14+00:00\",\"mainEntityOfPage\":{\"@id\":\"http:\/\/salmosbiblicos.com.br\/index.php\/2026\/03\/31\/coracao-endurecido-reflexoes-sobre-a-rejeicao-e-conversao\/\"},\"wordCount\":612,\"articleSection\":[\"Reflex\u00e3o\"],\"inLanguage\":\"pt-BR\"},{\"@type\":\"WebPage\",\"@id\":\"http:\/\/salmosbiblicos.com.br\/index.php\/2026\/03\/31\/coracao-endurecido-reflexoes-sobre-a-rejeicao-e-conversao\/\",\"url\":\"http:\/\/salmosbiblicos.com.br\/index.php\/2026\/03\/31\/coracao-endurecido-reflexoes-sobre-a-rejeicao-e-conversao\/\",\"name\":\"Cora\u00e7\u00e3o Endurecido: Reflex\u00f5es sobre a Rejei\u00e7\u00e3o e Convers\u00e3o - Salmos B\u00edblicos\",\"isPartOf\":{\"@id\":\"https:\/\/salmosbiblicos.com.br\/#website\"},\"datePublished\":\"2026-03-31T19:09:14+00:00\",\"author\":{\"@id\":\"https:\/\/salmosbiblicos.com.br\/#\/schema\/person\/30586d0fb3f3a46b78a3414fc39cc975\"},\"breadcrumb\":{\"@id\":\"http:\/\/salmosbiblicos.com.br\/index.php\/2026\/03\/31\/coracao-endurecido-reflexoes-sobre-a-rejeicao-e-conversao\/#breadcrumb\"},\"inLanguage\":\"pt-BR\",\"potentialAction\":[{\"@type\":\"ReadAction\",\"target\":[\"http:\/\/salmosbiblicos.com.br\/index.php\/2026\/03\/31\/coracao-endurecido-reflexoes-sobre-a-rejeicao-e-conversao\/\"]}]},{\"@type\":\"BreadcrumbList\",\"@id\":\"http:\/\/salmosbiblicos.com.br\/index.php\/2026\/03\/31\/coracao-endurecido-reflexoes-sobre-a-rejeicao-e-conversao\/#breadcrumb\",\"itemListElement\":[{\"@type\":\"ListItem\",\"position\":1,\"name\":\"Home\",\"item\":\"https:\/\/salmosbiblicos.com.br\/\"},{\"@type\":\"ListItem\",\"position\":2,\"name\":\"Cora\u00e7\u00e3o Endurecido: Reflex\u00f5es sobre a Rejei\u00e7\u00e3o e Convers\u00e3o\"}]},{\"@type\":\"WebSite\",\"@id\":\"https:\/\/salmosbiblicos.com.br\/#website\",\"url\":\"https:\/\/salmosbiblicos.com.br\/\",\"name\":\"Salmos B\u00edblicos\",\"description\":\"Uma e-Livraria com e-Books novos para voc\u00ea refletir.\",\"potentialAction\":[{\"@type\":\"SearchAction\",\"target\":{\"@type\":\"EntryPoint\",\"urlTemplate\":\"https:\/\/salmosbiblicos.com.br\/?s={search_term_string}\"},\"query-input\":{\"@type\":\"PropertyValueSpecification\",\"valueRequired\":true,\"valueName\":\"search_term_string\"}}],\"inLanguage\":\"pt-BR\"},{\"@type\":\"Person\",\"@id\":\"https:\/\/salmosbiblicos.com.br\/#\/schema\/person\/30586d0fb3f3a46b78a3414fc39cc975\",\"name\":\"alextreh@gmail.com\",\"image\":{\"@type\":\"ImageObject\",\"inLanguage\":\"pt-BR\",\"@id\":\"https:\/\/secure.gravatar.com\/avatar\/7cf84d31f581ec97b887c1039d478a7c293086896c84951a86753fb2c2af7527?s=96&d=mm&r=g\",\"url\":\"https:\/\/secure.gravatar.com\/avatar\/7cf84d31f581ec97b887c1039d478a7c293086896c84951a86753fb2c2af7527?s=96&d=mm&r=g\",\"contentUrl\":\"https:\/\/secure.gravatar.com\/avatar\/7cf84d31f581ec97b887c1039d478a7c293086896c84951a86753fb2c2af7527?s=96&d=mm&r=g\",\"caption\":\"alextreh@gmail.com\"},\"sameAs\":[\"http:\/\/salmosbiblicos.com.br\"],\"url\":\"http:\/\/salmosbiblicos.com.br\/index.php\/author\/alextrehgmail-com\/\"}]}<\/script>\n<!-- \/ Yoast SEO plugin. -->","yoast_head_json":{"title":"Cora\u00e7\u00e3o Endurecido: Reflex\u00f5es sobre a Rejei\u00e7\u00e3o e Convers\u00e3o - Salmos B\u00edblicos","robots":{"index":"index","follow":"follow","max-snippet":"max-snippet:-1","max-image-preview":"max-image-preview:large","max-video-preview":"max-video-preview:-1"},"canonical":"http:\/\/salmosbiblicos.com.br\/index.php\/2026\/03\/31\/coracao-endurecido-reflexoes-sobre-a-rejeicao-e-conversao\/","og_locale":"pt_BR","og_type":"article","og_title":"Cora\u00e7\u00e3o Endurecido: Reflex\u00f5es sobre a Rejei\u00e7\u00e3o e Convers\u00e3o - Salmos B\u00edblicos","og_description":"## A Dureza do Cora\u00e7\u00e3o: Um Chamado \u00e0 Convers\u00e3o Existe uma ang\u00fastia que permeia a alma humana, um sofrimento que ecoa atrav\u00e9s dos s\u00e9culos. \u00c9 a ang\u00fastia de um cora\u00e7\u00e3o endurecido, imperme\u00e1vel \u00e0 gra\u00e7a divina. Jesus sentiu essa dor profundamente, e o testemunho das Escrituras nos convida a refletir sobre as consequ\u00eancias dessa escolha. Que [&hellip;]","og_url":"http:\/\/salmosbiblicos.com.br\/index.php\/2026\/03\/31\/coracao-endurecido-reflexoes-sobre-a-rejeicao-e-conversao\/","og_site_name":"Salmos B\u00edblicos","article_published_time":"2026-03-31T19:09:14+00:00","author":"alextreh@gmail.com","twitter_card":"summary_large_image","twitter_misc":{"Escrito por":"alextreh@gmail.com","Est. tempo de leitura":"3 minutos"},"schema":{"@context":"https:\/\/schema.org","@graph":[{"@type":"Article","@id":"http:\/\/salmosbiblicos.com.br\/index.php\/2026\/03\/31\/coracao-endurecido-reflexoes-sobre-a-rejeicao-e-conversao\/#article","isPartOf":{"@id":"http:\/\/salmosbiblicos.com.br\/index.php\/2026\/03\/31\/coracao-endurecido-reflexoes-sobre-a-rejeicao-e-conversao\/"},"author":{"name":"alextreh@gmail.com","@id":"https:\/\/salmosbiblicos.com.br\/#\/schema\/person\/30586d0fb3f3a46b78a3414fc39cc975"},"headline":"Cora\u00e7\u00e3o Endurecido: Reflex\u00f5es sobre a Rejei\u00e7\u00e3o e Convers\u00e3o","datePublished":"2026-03-31T19:09:14+00:00","mainEntityOfPage":{"@id":"http:\/\/salmosbiblicos.com.br\/index.php\/2026\/03\/31\/coracao-endurecido-reflexoes-sobre-a-rejeicao-e-conversao\/"},"wordCount":612,"articleSection":["Reflex\u00e3o"],"inLanguage":"pt-BR"},{"@type":"WebPage","@id":"http:\/\/salmosbiblicos.com.br\/index.php\/2026\/03\/31\/coracao-endurecido-reflexoes-sobre-a-rejeicao-e-conversao\/","url":"http:\/\/salmosbiblicos.com.br\/index.php\/2026\/03\/31\/coracao-endurecido-reflexoes-sobre-a-rejeicao-e-conversao\/","name":"Cora\u00e7\u00e3o Endurecido: Reflex\u00f5es sobre a Rejei\u00e7\u00e3o e Convers\u00e3o - Salmos B\u00edblicos","isPartOf":{"@id":"https:\/\/salmosbiblicos.com.br\/#website"},"datePublished":"2026-03-31T19:09:14+00:00","author":{"@id":"https:\/\/salmosbiblicos.com.br\/#\/schema\/person\/30586d0fb3f3a46b78a3414fc39cc975"},"breadcrumb":{"@id":"http:\/\/salmosbiblicos.com.br\/index.php\/2026\/03\/31\/coracao-endurecido-reflexoes-sobre-a-rejeicao-e-conversao\/#breadcrumb"},"inLanguage":"pt-BR","potentialAction":[{"@type":"ReadAction","target":["http:\/\/salmosbiblicos.com.br\/index.php\/2026\/03\/31\/coracao-endurecido-reflexoes-sobre-a-rejeicao-e-conversao\/"]}]},{"@type":"BreadcrumbList","@id":"http:\/\/salmosbiblicos.com.br\/index.php\/2026\/03\/31\/coracao-endurecido-reflexoes-sobre-a-rejeicao-e-conversao\/#breadcrumb","itemListElement":[{"@type":"ListItem","position":1,"name":"Home","item":"https:\/\/salmosbiblicos.com.br\/"},{"@type":"ListItem","position":2,"name":"Cora\u00e7\u00e3o Endurecido: Reflex\u00f5es sobre a Rejei\u00e7\u00e3o e Convers\u00e3o"}]},{"@type":"WebSite","@id":"https:\/\/salmosbiblicos.com.br\/#website","url":"https:\/\/salmosbiblicos.com.br\/","name":"Salmos B\u00edblicos","description":"Uma e-Livraria com e-Books novos para voc\u00ea refletir.","potentialAction":[{"@type":"SearchAction","target":{"@type":"EntryPoint","urlTemplate":"https:\/\/salmosbiblicos.com.br\/?s={search_term_string}"},"query-input":{"@type":"PropertyValueSpecification","valueRequired":true,"valueName":"search_term_string"}}],"inLanguage":"pt-BR"},{"@type":"Person","@id":"https:\/\/salmosbiblicos.com.br\/#\/schema\/person\/30586d0fb3f3a46b78a3414fc39cc975","name":"alextreh@gmail.com","image":{"@type":"ImageObject","inLanguage":"pt-BR","@id":"https:\/\/secure.gravatar.com\/avatar\/7cf84d31f581ec97b887c1039d478a7c293086896c84951a86753fb2c2af7527?s=96&d=mm&r=g","url":"https:\/\/secure.gravatar.com\/avatar\/7cf84d31f581ec97b887c1039d478a7c293086896c84951a86753fb2c2af7527?s=96&d=mm&r=g","contentUrl":"https:\/\/secure.gravatar.com\/avatar\/7cf84d31f581ec97b887c1039d478a7c293086896c84951a86753fb2c2af7527?s=96&d=mm&r=g","caption":"alextreh@gmail.com"},"sameAs":["http:\/\/salmosbiblicos.com.br"],"url":"http:\/\/salmosbiblicos.com.br\/index.php\/author\/alextrehgmail-com\/"}]}},"_links":{"self":[{"href":"http:\/\/salmosbiblicos.com.br\/index.php\/wp-json\/wp\/v2\/posts\/6230","targetHints":{"allow":["GET"]}}],"collection":[{"href":"http:\/\/salmosbiblicos.com.br\/index.php\/wp-json\/wp\/v2\/posts"}],"about":[{"href":"http:\/\/salmosbiblicos.com.br\/index.php\/wp-json\/wp\/v2\/types\/post"}],"author":[{"embeddable":true,"href":"http:\/\/salmosbiblicos.com.br\/index.php\/wp-json\/wp\/v2\/users\/1"}],"replies":[{"embeddable":true,"href":"http:\/\/salmosbiblicos.com.br\/index.php\/wp-json\/wp\/v2\/comments?post=6230"}],"version-history":[{"count":1,"href":"http:\/\/salmosbiblicos.com.br\/index.php\/wp-json\/wp\/v2\/posts\/6230\/revisions"}],"predecessor-version":[{"id":6231,"href":"http:\/\/salmosbiblicos.com.br\/index.php\/wp-json\/wp\/v2\/posts\/6230\/revisions\/6231"}],"wp:attachment":[{"href":"http:\/\/salmosbiblicos.com.br\/index.php\/wp-json\/wp\/v2\/media?parent=6230"}],"wp:term":[{"taxonomy":"category","embeddable":true,"href":"http:\/\/salmosbiblicos.com.br\/index.php\/wp-json\/wp\/v2\/categories?post=6230"},{"taxonomy":"post_tag","embeddable":true,"href":"http:\/\/salmosbiblicos.com.br\/index.php\/wp-json\/wp\/v2\/tags?post=6230"}],"curies":[{"name":"wp","href":"https:\/\/api.w.org\/{rel}","templated":true}]}}