{"id":6234,"date":"2026-03-31T16:22:59","date_gmt":"2026-03-31T19:22:59","guid":{"rendered":"https:\/\/salmosbiblicos.com.br\/?p=6234"},"modified":"2026-03-31T16:22:59","modified_gmt":"2026-03-31T19:22:59","slug":"amar-o-proximo-reflexoes-sobre-fe-e-acoes-diarias","status":"publish","type":"post","link":"http:\/\/salmosbiblicos.com.br\/index.php\/2026\/03\/31\/amar-o-proximo-reflexoes-sobre-fe-e-acoes-diarias\/","title":{"rendered":"Amar o Pr\u00f3ximo: Reflex\u00f5es Sobre F\u00e9 e A\u00e7\u00f5es Di\u00e1rias"},"content":{"rendered":"<p>## O Reino Revelado no Pr\u00f3ximo<\/p>\n<p>\u00c9 not\u00e1vel como a jornada da f\u00e9 se revela, por vezes, n\u00e3o nos grandes sinais ou nas grandiosas manifesta\u00e7\u00f5es, mas nos gestos mais singelos do dia a dia. Observamos o mundo ao nosso redor, imersos em nossas preocupa\u00e7\u00f5es, e esquecemos que a ess\u00eancia do divino pode estar presente na pessoa que encontramos em nosso caminho.<\/p>\n<p>### A Revela\u00e7\u00e3o do Ju\u00edzo<\/p>\n<p>As escrituras nos apresentam uma poderosa imagem: o Filho do Homem, em sua gl\u00f3ria, separando as na\u00e7\u00f5es, como um pastor distingue as ovelhas dos cabritos. Aquele que se apresenta em nome do amor e da compaix\u00e3o n\u00e3o busca louvores ou reconhecimento, mas um reflexo da pr\u00f3pria miseric\u00f3rdia em suas a\u00e7\u00f5es. **A recompensa e o castigo n\u00e3o dependem de rituais ou palavras, mas da forma como tratamos o pr\u00f3ximo.**<\/p>\n<p>### O Pr\u00f3ximo, Um Espelho Divino<\/p>\n<p>Jesus nos revela um mist\u00e9rio profundo: Ele se esconde no outro. Naquele que tem fome, na sede que clama por al\u00edvio, no estrangeiro que busca acolhimento, no nu que anseia por vestes, no doente que necessita de cuidado, no preso que almeja um gesto de esperan\u00e7a. **Cada encontro \u00e9 uma oportunidade de tocar a face de Deus.**<\/p>\n<p>Quando questionamos por que n\u00e3o o ajudamos em suas necessidades, a resposta \u00e9 clara: \u201cEm verdade, eu vos digo, que todas as vezes que fizesteis isso a um dos menores de meus irm\u00e3os, foi a mim que fistes\u201d. A humildade nos ensina que a verdadeira f\u00e9 se manifesta na pr\u00e1tica da caridade, no amor incondicional ao pr\u00f3ximo.<\/p>\n<p>### O Amor em A\u00e7\u00e3o<\/p>\n<p>N\u00e3o basta declarar o amor a Deus com palavras. Precisamos demonstr\u00e1-lo em atos concretos, em gestos de bondade e compaix\u00e3o. Como podemos afirmar amar o Deus que n\u00e3o vemos, se ignoramos o amor que se manifesta no nosso irm\u00e3o? **A f\u00e9 genu\u00edna se traduz em servi\u00e7o ao pr\u00f3ximo.**<\/p>\n<p>1 Jo\u00e3o nos lembra que a falta de amor \u00e9 sinal de morte espiritual. Se negligenciamos o sofrimento do outro, permanecemos presos \u00e0 escurid\u00e3o, incapazes de alcan\u00e7ar a luz da gra\u00e7a divina.<\/p>\n<p>### A Vida na Conex\u00e3o<\/p>\n<p>A verdadeira vida se encontra na conex\u00e3o com o pr\u00f3ximo, na partilha de alegrias e tristezas. **Amar o irm\u00e3o \u00e9 amar a si mesmo, pois em cada um encontramos um reflexo da imagem divina.**<\/p>\n<p>Que possamos, a cada dia, nos esfor\u00e7ar para reconhecer a presen\u00e7a de Jesus em cada pessoa que cruzarmos. Que a compaix\u00e3o seja a b\u00fassola que guia nossos passos e o amor, a for\u00e7a que nos impulsiona a servir ao pr\u00f3ximo com humildade e generosidade. Lembremo-nos sempre: em cada rosto que encontramos, em cada necessidade que testemunhamos, reside a oportunidade de revelar o Reino de Deus.<\/p>\n","protected":false},"excerpt":{"rendered":"<p>## O Reino Revelado no Pr\u00f3ximo \u00c9 not\u00e1vel como a jornada da f\u00e9 se revela, por vezes, n\u00e3o nos grandes sinais ou nas grandiosas manifesta\u00e7\u00f5es, mas nos gestos mais singelos do dia a dia. Observamos o mundo ao nosso redor, imersos em nossas preocupa\u00e7\u00f5es, e esquecemos que a ess\u00eancia do divino pode estar presente na [&hellip;]<\/p>\n","protected":false},"author":1,"featured_media":0,"comment_status":"closed","ping_status":"open","sticky":false,"template":"","format":"standard","meta":{"footnotes":""},"categories":[14],"tags":[],"class_list":["post-6234","post","type-post","status-publish","format-standard","hentry","category-reflexao"],"yoast_head":"<!-- This site is optimized with the Yoast SEO plugin v27.2 - https:\/\/yoast.com\/product\/yoast-seo-wordpress\/ -->\n<title>Amar o Pr\u00f3ximo: Reflex\u00f5es Sobre F\u00e9 e A\u00e7\u00f5es Di\u00e1rias - Salmos B\u00edblicos<\/title>\n<meta name=\"robots\" content=\"index, follow, max-snippet:-1, max-image-preview:large, max-video-preview:-1\" \/>\n<link rel=\"canonical\" href=\"http:\/\/salmosbiblicos.com.br\/index.php\/2026\/03\/31\/amar-o-proximo-reflexoes-sobre-fe-e-acoes-diarias\/\" \/>\n<meta property=\"og:locale\" content=\"pt_BR\" \/>\n<meta property=\"og:type\" content=\"article\" \/>\n<meta property=\"og:title\" content=\"Amar o Pr\u00f3ximo: Reflex\u00f5es Sobre F\u00e9 e A\u00e7\u00f5es Di\u00e1rias - Salmos B\u00edblicos\" \/>\n<meta property=\"og:description\" content=\"## O Reino Revelado no Pr\u00f3ximo \u00c9 not\u00e1vel como a jornada da f\u00e9 se revela, por vezes, n\u00e3o nos grandes sinais ou nas grandiosas manifesta\u00e7\u00f5es, mas nos gestos mais singelos do dia a dia. Observamos o mundo ao nosso redor, imersos em nossas preocupa\u00e7\u00f5es, e esquecemos que a ess\u00eancia do divino pode estar presente na [&hellip;]\" \/>\n<meta property=\"og:url\" content=\"http:\/\/salmosbiblicos.com.br\/index.php\/2026\/03\/31\/amar-o-proximo-reflexoes-sobre-fe-e-acoes-diarias\/\" \/>\n<meta property=\"og:site_name\" content=\"Salmos B\u00edblicos\" \/>\n<meta property=\"article:published_time\" content=\"2026-03-31T19:22:59+00:00\" \/>\n<meta name=\"author\" content=\"alextreh@gmail.com\" \/>\n<meta name=\"twitter:card\" content=\"summary_large_image\" \/>\n<meta name=\"twitter:label1\" content=\"Escrito por\" \/>\n\t<meta name=\"twitter:data1\" content=\"alextreh@gmail.com\" \/>\n\t<meta name=\"twitter:label2\" content=\"Est. tempo de leitura\" \/>\n\t<meta name=\"twitter:data2\" content=\"2 minutos\" \/>\n<script type=\"application\/ld+json\" class=\"yoast-schema-graph\">{\"@context\":\"https:\/\/schema.org\",\"@graph\":[{\"@type\":\"Article\",\"@id\":\"http:\/\/salmosbiblicos.com.br\/index.php\/2026\/03\/31\/amar-o-proximo-reflexoes-sobre-fe-e-acoes-diarias\/#article\",\"isPartOf\":{\"@id\":\"http:\/\/salmosbiblicos.com.br\/index.php\/2026\/03\/31\/amar-o-proximo-reflexoes-sobre-fe-e-acoes-diarias\/\"},\"author\":{\"name\":\"alextreh@gmail.com\",\"@id\":\"https:\/\/salmosbiblicos.com.br\/#\/schema\/person\/30586d0fb3f3a46b78a3414fc39cc975\"},\"headline\":\"Amar o Pr\u00f3ximo: Reflex\u00f5es Sobre F\u00e9 e A\u00e7\u00f5es Di\u00e1rias\",\"datePublished\":\"2026-03-31T19:22:59+00:00\",\"mainEntityOfPage\":{\"@id\":\"http:\/\/salmosbiblicos.com.br\/index.php\/2026\/03\/31\/amar-o-proximo-reflexoes-sobre-fe-e-acoes-diarias\/\"},\"wordCount\":492,\"articleSection\":[\"Reflex\u00e3o\"],\"inLanguage\":\"pt-BR\"},{\"@type\":\"WebPage\",\"@id\":\"http:\/\/salmosbiblicos.com.br\/index.php\/2026\/03\/31\/amar-o-proximo-reflexoes-sobre-fe-e-acoes-diarias\/\",\"url\":\"http:\/\/salmosbiblicos.com.br\/index.php\/2026\/03\/31\/amar-o-proximo-reflexoes-sobre-fe-e-acoes-diarias\/\",\"name\":\"Amar o Pr\u00f3ximo: Reflex\u00f5es Sobre F\u00e9 e A\u00e7\u00f5es Di\u00e1rias - Salmos B\u00edblicos\",\"isPartOf\":{\"@id\":\"https:\/\/salmosbiblicos.com.br\/#website\"},\"datePublished\":\"2026-03-31T19:22:59+00:00\",\"author\":{\"@id\":\"https:\/\/salmosbiblicos.com.br\/#\/schema\/person\/30586d0fb3f3a46b78a3414fc39cc975\"},\"breadcrumb\":{\"@id\":\"http:\/\/salmosbiblicos.com.br\/index.php\/2026\/03\/31\/amar-o-proximo-reflexoes-sobre-fe-e-acoes-diarias\/#breadcrumb\"},\"inLanguage\":\"pt-BR\",\"potentialAction\":[{\"@type\":\"ReadAction\",\"target\":[\"http:\/\/salmosbiblicos.com.br\/index.php\/2026\/03\/31\/amar-o-proximo-reflexoes-sobre-fe-e-acoes-diarias\/\"]}]},{\"@type\":\"BreadcrumbList\",\"@id\":\"http:\/\/salmosbiblicos.com.br\/index.php\/2026\/03\/31\/amar-o-proximo-reflexoes-sobre-fe-e-acoes-diarias\/#breadcrumb\",\"itemListElement\":[{\"@type\":\"ListItem\",\"position\":1,\"name\":\"Home\",\"item\":\"https:\/\/salmosbiblicos.com.br\/\"},{\"@type\":\"ListItem\",\"position\":2,\"name\":\"Amar o Pr\u00f3ximo: Reflex\u00f5es Sobre F\u00e9 e A\u00e7\u00f5es Di\u00e1rias\"}]},{\"@type\":\"WebSite\",\"@id\":\"https:\/\/salmosbiblicos.com.br\/#website\",\"url\":\"https:\/\/salmosbiblicos.com.br\/\",\"name\":\"Salmos B\u00edblicos\",\"description\":\"Uma e-Livraria com e-Books novos para voc\u00ea refletir.\",\"potentialAction\":[{\"@type\":\"SearchAction\",\"target\":{\"@type\":\"EntryPoint\",\"urlTemplate\":\"https:\/\/salmosbiblicos.com.br\/?s={search_term_string}\"},\"query-input\":{\"@type\":\"PropertyValueSpecification\",\"valueRequired\":true,\"valueName\":\"search_term_string\"}}],\"inLanguage\":\"pt-BR\"},{\"@type\":\"Person\",\"@id\":\"https:\/\/salmosbiblicos.com.br\/#\/schema\/person\/30586d0fb3f3a46b78a3414fc39cc975\",\"name\":\"alextreh@gmail.com\",\"image\":{\"@type\":\"ImageObject\",\"inLanguage\":\"pt-BR\",\"@id\":\"https:\/\/secure.gravatar.com\/avatar\/7cf84d31f581ec97b887c1039d478a7c293086896c84951a86753fb2c2af7527?s=96&d=mm&r=g\",\"url\":\"https:\/\/secure.gravatar.com\/avatar\/7cf84d31f581ec97b887c1039d478a7c293086896c84951a86753fb2c2af7527?s=96&d=mm&r=g\",\"contentUrl\":\"https:\/\/secure.gravatar.com\/avatar\/7cf84d31f581ec97b887c1039d478a7c293086896c84951a86753fb2c2af7527?s=96&d=mm&r=g\",\"caption\":\"alextreh@gmail.com\"},\"sameAs\":[\"http:\/\/salmosbiblicos.com.br\"],\"url\":\"http:\/\/salmosbiblicos.com.br\/index.php\/author\/alextrehgmail-com\/\"}]}<\/script>\n<!-- \/ Yoast SEO plugin. -->","yoast_head_json":{"title":"Amar o Pr\u00f3ximo: Reflex\u00f5es Sobre F\u00e9 e A\u00e7\u00f5es Di\u00e1rias - Salmos B\u00edblicos","robots":{"index":"index","follow":"follow","max-snippet":"max-snippet:-1","max-image-preview":"max-image-preview:large","max-video-preview":"max-video-preview:-1"},"canonical":"http:\/\/salmosbiblicos.com.br\/index.php\/2026\/03\/31\/amar-o-proximo-reflexoes-sobre-fe-e-acoes-diarias\/","og_locale":"pt_BR","og_type":"article","og_title":"Amar o Pr\u00f3ximo: Reflex\u00f5es Sobre F\u00e9 e A\u00e7\u00f5es Di\u00e1rias - Salmos B\u00edblicos","og_description":"## O Reino Revelado no Pr\u00f3ximo \u00c9 not\u00e1vel como a jornada da f\u00e9 se revela, por vezes, n\u00e3o nos grandes sinais ou nas grandiosas manifesta\u00e7\u00f5es, mas nos gestos mais singelos do dia a dia. Observamos o mundo ao nosso redor, imersos em nossas preocupa\u00e7\u00f5es, e esquecemos que a ess\u00eancia do divino pode estar presente na [&hellip;]","og_url":"http:\/\/salmosbiblicos.com.br\/index.php\/2026\/03\/31\/amar-o-proximo-reflexoes-sobre-fe-e-acoes-diarias\/","og_site_name":"Salmos B\u00edblicos","article_published_time":"2026-03-31T19:22:59+00:00","author":"alextreh@gmail.com","twitter_card":"summary_large_image","twitter_misc":{"Escrito por":"alextreh@gmail.com","Est. tempo de leitura":"2 minutos"},"schema":{"@context":"https:\/\/schema.org","@graph":[{"@type":"Article","@id":"http:\/\/salmosbiblicos.com.br\/index.php\/2026\/03\/31\/amar-o-proximo-reflexoes-sobre-fe-e-acoes-diarias\/#article","isPartOf":{"@id":"http:\/\/salmosbiblicos.com.br\/index.php\/2026\/03\/31\/amar-o-proximo-reflexoes-sobre-fe-e-acoes-diarias\/"},"author":{"name":"alextreh@gmail.com","@id":"https:\/\/salmosbiblicos.com.br\/#\/schema\/person\/30586d0fb3f3a46b78a3414fc39cc975"},"headline":"Amar o Pr\u00f3ximo: Reflex\u00f5es Sobre F\u00e9 e A\u00e7\u00f5es Di\u00e1rias","datePublished":"2026-03-31T19:22:59+00:00","mainEntityOfPage":{"@id":"http:\/\/salmosbiblicos.com.br\/index.php\/2026\/03\/31\/amar-o-proximo-reflexoes-sobre-fe-e-acoes-diarias\/"},"wordCount":492,"articleSection":["Reflex\u00e3o"],"inLanguage":"pt-BR"},{"@type":"WebPage","@id":"http:\/\/salmosbiblicos.com.br\/index.php\/2026\/03\/31\/amar-o-proximo-reflexoes-sobre-fe-e-acoes-diarias\/","url":"http:\/\/salmosbiblicos.com.br\/index.php\/2026\/03\/31\/amar-o-proximo-reflexoes-sobre-fe-e-acoes-diarias\/","name":"Amar o Pr\u00f3ximo: Reflex\u00f5es Sobre F\u00e9 e A\u00e7\u00f5es Di\u00e1rias - Salmos B\u00edblicos","isPartOf":{"@id":"https:\/\/salmosbiblicos.com.br\/#website"},"datePublished":"2026-03-31T19:22:59+00:00","author":{"@id":"https:\/\/salmosbiblicos.com.br\/#\/schema\/person\/30586d0fb3f3a46b78a3414fc39cc975"},"breadcrumb":{"@id":"http:\/\/salmosbiblicos.com.br\/index.php\/2026\/03\/31\/amar-o-proximo-reflexoes-sobre-fe-e-acoes-diarias\/#breadcrumb"},"inLanguage":"pt-BR","potentialAction":[{"@type":"ReadAction","target":["http:\/\/salmosbiblicos.com.br\/index.php\/2026\/03\/31\/amar-o-proximo-reflexoes-sobre-fe-e-acoes-diarias\/"]}]},{"@type":"BreadcrumbList","@id":"http:\/\/salmosbiblicos.com.br\/index.php\/2026\/03\/31\/amar-o-proximo-reflexoes-sobre-fe-e-acoes-diarias\/#breadcrumb","itemListElement":[{"@type":"ListItem","position":1,"name":"Home","item":"https:\/\/salmosbiblicos.com.br\/"},{"@type":"ListItem","position":2,"name":"Amar o Pr\u00f3ximo: Reflex\u00f5es Sobre F\u00e9 e A\u00e7\u00f5es Di\u00e1rias"}]},{"@type":"WebSite","@id":"https:\/\/salmosbiblicos.com.br\/#website","url":"https:\/\/salmosbiblicos.com.br\/","name":"Salmos B\u00edblicos","description":"Uma e-Livraria com e-Books novos para voc\u00ea refletir.","potentialAction":[{"@type":"SearchAction","target":{"@type":"EntryPoint","urlTemplate":"https:\/\/salmosbiblicos.com.br\/?s={search_term_string}"},"query-input":{"@type":"PropertyValueSpecification","valueRequired":true,"valueName":"search_term_string"}}],"inLanguage":"pt-BR"},{"@type":"Person","@id":"https:\/\/salmosbiblicos.com.br\/#\/schema\/person\/30586d0fb3f3a46b78a3414fc39cc975","name":"alextreh@gmail.com","image":{"@type":"ImageObject","inLanguage":"pt-BR","@id":"https:\/\/secure.gravatar.com\/avatar\/7cf84d31f581ec97b887c1039d478a7c293086896c84951a86753fb2c2af7527?s=96&d=mm&r=g","url":"https:\/\/secure.gravatar.com\/avatar\/7cf84d31f581ec97b887c1039d478a7c293086896c84951a86753fb2c2af7527?s=96&d=mm&r=g","contentUrl":"https:\/\/secure.gravatar.com\/avatar\/7cf84d31f581ec97b887c1039d478a7c293086896c84951a86753fb2c2af7527?s=96&d=mm&r=g","caption":"alextreh@gmail.com"},"sameAs":["http:\/\/salmosbiblicos.com.br"],"url":"http:\/\/salmosbiblicos.com.br\/index.php\/author\/alextrehgmail-com\/"}]}},"_links":{"self":[{"href":"http:\/\/salmosbiblicos.com.br\/index.php\/wp-json\/wp\/v2\/posts\/6234","targetHints":{"allow":["GET"]}}],"collection":[{"href":"http:\/\/salmosbiblicos.com.br\/index.php\/wp-json\/wp\/v2\/posts"}],"about":[{"href":"http:\/\/salmosbiblicos.com.br\/index.php\/wp-json\/wp\/v2\/types\/post"}],"author":[{"embeddable":true,"href":"http:\/\/salmosbiblicos.com.br\/index.php\/wp-json\/wp\/v2\/users\/1"}],"replies":[{"embeddable":true,"href":"http:\/\/salmosbiblicos.com.br\/index.php\/wp-json\/wp\/v2\/comments?post=6234"}],"version-history":[{"count":1,"href":"http:\/\/salmosbiblicos.com.br\/index.php\/wp-json\/wp\/v2\/posts\/6234\/revisions"}],"predecessor-version":[{"id":6235,"href":"http:\/\/salmosbiblicos.com.br\/index.php\/wp-json\/wp\/v2\/posts\/6234\/revisions\/6235"}],"wp:attachment":[{"href":"http:\/\/salmosbiblicos.com.br\/index.php\/wp-json\/wp\/v2\/media?parent=6234"}],"wp:term":[{"taxonomy":"category","embeddable":true,"href":"http:\/\/salmosbiblicos.com.br\/index.php\/wp-json\/wp\/v2\/categories?post=6234"},{"taxonomy":"post_tag","embeddable":true,"href":"http:\/\/salmosbiblicos.com.br\/index.php\/wp-json\/wp\/v2\/tags?post=6234"}],"curies":[{"name":"wp","href":"https:\/\/api.w.org\/{rel}","templated":true}]}}