{"id":6288,"date":"2026-04-01T07:32:30","date_gmt":"2026-04-01T10:32:30","guid":{"rendered":"https:\/\/salmosbiblicos.com.br\/?p=6288"},"modified":"2026-04-01T07:32:30","modified_gmt":"2026-04-01T10:32:30","slug":"proclame-a-fe-coragem-e-revelacao-em-tempos-dificeis","status":"publish","type":"post","link":"http:\/\/salmosbiblicos.com.br\/index.php\/2026\/04\/01\/proclame-a-fe-coragem-e-revelacao-em-tempos-dificeis\/","title":{"rendered":"Proclame a F\u00e9: Coragem e Revela\u00e7\u00e3o em Tempos Dif\u00edceis"},"content":{"rendered":"<p>## A Coragem da Proclama\u00e7\u00e3o: Um Chamado \u00e0 F\u00e9 em Tempos de Adversidade<\/p>\n<p>A ess\u00eancia do nosso caminho espiritual reside na compreens\u00e3o de que a verdade, por vezes, \u00e9 sussurrada no sil\u00eancio, no \u00edntimo, para ser proclamada ao mundo com ousadia. Jesus nos ensina, de forma clara e direta: \u201cO disc\u00edpulo n\u00e3o est\u00e1 acima do mestre\u201d. Uma li\u00e7\u00e3o que nos convida a perseverar, mesmo quando o caminho se torna \u00e1rduo e a persegui\u00e7\u00e3o se manifesta.<\/p>\n<p>### O Valor da Palavra Revelada<\/p>\n<p>Existe um momento crucial na jornada espiritual, um instante em que a revela\u00e7\u00e3o divina se torna palp\u00e1vel, presente em nosso cora\u00e7\u00e3o. O que \u00e9 dito em particular, no sil\u00eancio da contempla\u00e7\u00e3o, deve ser compartilhado com a comunidade, anunciado com clareza e convic\u00e7\u00e3o. **A luz que recebemos deve iluminar as trevas.**<\/p>\n<p>N\u00e3o se intimide com a possibilidade de cr\u00edticas ou oposi\u00e7\u00e3o. Se o pr\u00f3prio Lar foi julgado, quanto mais aqueles que buscam seguir seus passos? A verdade, quando revelada, pode gerar desconforto e resist\u00eancia. Mas a perseveran\u00e7a na f\u00e9 reside na coragem de proclamar a mensagem, mesmo quando a voz se eleva em meio ao turbilh\u00e3o.<\/p>\n<p>### O Pre\u00e7o da Fidelidade<\/p>\n<p>A f\u00e9 aut\u00eantica exige entrega. **A coragem de defender a verdade, mesmo diante da adversidade, \u00e9 um testemunho poderoso da nossa devo\u00e7\u00e3o.** Devemos estar dispostos a enfrentar desafios e a suportar perdas, pois a verdadeira riqueza reside na salva\u00e7\u00e3o da alma, n\u00e3o nas gl\u00f3rias passageiras deste mundo. A vida do Evangelho \u00e9 um caminho de sacrif\u00edcio, onde a recompensa se encontra na vida eterna.<\/p>\n<p>### O Valor Inestim\u00e1vel da Alma<\/p>\n<p>Cada indiv\u00edduo possui um valor infinito aos olhos de Deus. **A compara\u00e7\u00e3o com o humilde pardal nos lembra que nada escapa \u00e0 sua prote\u00e7\u00e3o e cuidado.** Por isso, n\u00e3o se deixe abalar pelo medo. Acredite na promessa de que, mesmo nos momentos de maior fragilidade, voc\u00ea n\u00e3o est\u00e1 sozinho.<\/p>\n<p>### A Declara\u00e7\u00e3o P\u00fablica da F\u00e9<\/p>\n<p>A postura diante do mundo \u00e9 um reflexo da nossa f\u00e9 interior. Aquele que professa publicamente o amor a Deus, receber\u00e1 a sua b\u00ean\u00e7\u00e3o e o reconhecimento do Pai Celestial. Mas, da mesma forma, a nega\u00e7\u00e3o da f\u00e9, a omiss\u00e3o diante da necessidade, acarreta a perda da gra\u00e7a divina. **Lembre-se: \u00e0s vezes, o sil\u00eancio \u00e9 uma forma de nega\u00e7\u00e3o.**<\/p>\n<p>### A Coragem de Proclamar<\/p>\n<p>Chegou o momento de romper com o medo e a timidez. \u00c9 hora de subir ao \u201ctelhado\u201d da nossa vida, de anunciar a Boa Nova com ousadia e fervor. **N\u00e3o se preocupe com a opini\u00e3o alheia; concentre-se em cumprir a miss\u00e3o que nos foi confiada.** Mesmo que apenas uma alma seja alcan\u00e7ada pela sua palavra, essa ser\u00e1 a sua maior recompensa.<\/p>\n<p>N\u00e3o se intimide com as persegui\u00e7\u00f5es ou a rejei\u00e7\u00e3o. **O Mestre nos ensina a temer aquele que pode destruir a alma e o corpo no inferno.**  A verdadeira coragem reside em enfrentar a oposi\u00e7\u00e3o com amor, paci\u00eancia e perseveran\u00e7a. Que a for\u00e7a do Esp\u00edrito Santo nos guie e nos fortale\u00e7a nesse prop\u00f3sito.<\/p>\n<p>Que a nossa f\u00e9 seja inabal\u00e1vel, a nossa coragem, inesgot\u00e1vel e a nossa voz, um eco da mensagem de amor e salva\u00e7\u00e3o que nos foi confiada.<\/p>\n","protected":false},"excerpt":{"rendered":"<p>## A Coragem da Proclama\u00e7\u00e3o: Um Chamado \u00e0 F\u00e9 em Tempos de Adversidade A ess\u00eancia do nosso caminho espiritual reside na compreens\u00e3o de que a verdade, por vezes, \u00e9 sussurrada no sil\u00eancio, no \u00edntimo, para ser proclamada ao mundo com ousadia. Jesus nos ensina, de forma clara e direta: \u201cO disc\u00edpulo n\u00e3o est\u00e1 acima do [&hellip;]<\/p>\n","protected":false},"author":1,"featured_media":0,"comment_status":"closed","ping_status":"open","sticky":false,"template":"","format":"standard","meta":{"footnotes":""},"categories":[14],"tags":[],"class_list":["post-6288","post","type-post","status-publish","format-standard","hentry","category-reflexao"],"yoast_head":"<!-- This site is optimized with the Yoast SEO plugin v27.2 - https:\/\/yoast.com\/product\/yoast-seo-wordpress\/ -->\n<title>Proclame a F\u00e9: Coragem e Revela\u00e7\u00e3o em Tempos Dif\u00edceis - Salmos B\u00edblicos<\/title>\n<meta name=\"robots\" content=\"index, follow, max-snippet:-1, max-image-preview:large, max-video-preview:-1\" \/>\n<link rel=\"canonical\" href=\"https:\/\/salmosbiblicos.com.br\/index.php\/2026\/04\/01\/proclame-a-fe-coragem-e-revelacao-em-tempos-dificeis\/\" \/>\n<meta property=\"og:locale\" content=\"pt_BR\" \/>\n<meta property=\"og:type\" content=\"article\" \/>\n<meta property=\"og:title\" content=\"Proclame a F\u00e9: Coragem e Revela\u00e7\u00e3o em Tempos Dif\u00edceis - Salmos B\u00edblicos\" \/>\n<meta property=\"og:description\" content=\"## A Coragem da Proclama\u00e7\u00e3o: Um Chamado \u00e0 F\u00e9 em Tempos de Adversidade A ess\u00eancia do nosso caminho espiritual reside na compreens\u00e3o de que a verdade, por vezes, \u00e9 sussurrada no sil\u00eancio, no \u00edntimo, para ser proclamada ao mundo com ousadia. Jesus nos ensina, de forma clara e direta: \u201cO disc\u00edpulo n\u00e3o est\u00e1 acima do [&hellip;]\" \/>\n<meta property=\"og:url\" content=\"https:\/\/salmosbiblicos.com.br\/index.php\/2026\/04\/01\/proclame-a-fe-coragem-e-revelacao-em-tempos-dificeis\/\" \/>\n<meta property=\"og:site_name\" content=\"Salmos B\u00edblicos\" \/>\n<meta property=\"article:published_time\" content=\"2026-04-01T10:32:30+00:00\" \/>\n<meta name=\"author\" content=\"alextreh@gmail.com\" \/>\n<meta name=\"twitter:card\" content=\"summary_large_image\" \/>\n<meta name=\"twitter:label1\" content=\"Escrito por\" \/>\n\t<meta name=\"twitter:data1\" content=\"alextreh@gmail.com\" \/>\n\t<meta name=\"twitter:label2\" content=\"Est. tempo de leitura\" \/>\n\t<meta name=\"twitter:data2\" content=\"3 minutos\" \/>\n<script type=\"application\/ld+json\" class=\"yoast-schema-graph\">{\"@context\":\"https:\/\/schema.org\",\"@graph\":[{\"@type\":\"Article\",\"@id\":\"https:\/\/salmosbiblicos.com.br\/index.php\/2026\/04\/01\/proclame-a-fe-coragem-e-revelacao-em-tempos-dificeis\/#article\",\"isPartOf\":{\"@id\":\"https:\/\/salmosbiblicos.com.br\/index.php\/2026\/04\/01\/proclame-a-fe-coragem-e-revelacao-em-tempos-dificeis\/\"},\"author\":{\"name\":\"alextreh@gmail.com\",\"@id\":\"https:\/\/salmosbiblicos.com.br\/#\/schema\/person\/30586d0fb3f3a46b78a3414fc39cc975\"},\"headline\":\"Proclame a F\u00e9: Coragem e Revela\u00e7\u00e3o em Tempos Dif\u00edceis\",\"datePublished\":\"2026-04-01T10:32:30+00:00\",\"mainEntityOfPage\":{\"@id\":\"https:\/\/salmosbiblicos.com.br\/index.php\/2026\/04\/01\/proclame-a-fe-coragem-e-revelacao-em-tempos-dificeis\/\"},\"wordCount\":575,\"articleSection\":[\"Reflex\u00e3o\"],\"inLanguage\":\"pt-BR\"},{\"@type\":\"WebPage\",\"@id\":\"https:\/\/salmosbiblicos.com.br\/index.php\/2026\/04\/01\/proclame-a-fe-coragem-e-revelacao-em-tempos-dificeis\/\",\"url\":\"https:\/\/salmosbiblicos.com.br\/index.php\/2026\/04\/01\/proclame-a-fe-coragem-e-revelacao-em-tempos-dificeis\/\",\"name\":\"Proclame a F\u00e9: Coragem e Revela\u00e7\u00e3o em Tempos Dif\u00edceis - Salmos B\u00edblicos\",\"isPartOf\":{\"@id\":\"https:\/\/salmosbiblicos.com.br\/#website\"},\"datePublished\":\"2026-04-01T10:32:30+00:00\",\"author\":{\"@id\":\"https:\/\/salmosbiblicos.com.br\/#\/schema\/person\/30586d0fb3f3a46b78a3414fc39cc975\"},\"breadcrumb\":{\"@id\":\"https:\/\/salmosbiblicos.com.br\/index.php\/2026\/04\/01\/proclame-a-fe-coragem-e-revelacao-em-tempos-dificeis\/#breadcrumb\"},\"inLanguage\":\"pt-BR\",\"potentialAction\":[{\"@type\":\"ReadAction\",\"target\":[\"https:\/\/salmosbiblicos.com.br\/index.php\/2026\/04\/01\/proclame-a-fe-coragem-e-revelacao-em-tempos-dificeis\/\"]}]},{\"@type\":\"BreadcrumbList\",\"@id\":\"https:\/\/salmosbiblicos.com.br\/index.php\/2026\/04\/01\/proclame-a-fe-coragem-e-revelacao-em-tempos-dificeis\/#breadcrumb\",\"itemListElement\":[{\"@type\":\"ListItem\",\"position\":1,\"name\":\"Home\",\"item\":\"https:\/\/salmosbiblicos.com.br\/\"},{\"@type\":\"ListItem\",\"position\":2,\"name\":\"Proclame a F\u00e9: Coragem e Revela\u00e7\u00e3o em Tempos Dif\u00edceis\"}]},{\"@type\":\"WebSite\",\"@id\":\"https:\/\/salmosbiblicos.com.br\/#website\",\"url\":\"https:\/\/salmosbiblicos.com.br\/\",\"name\":\"Salmos B\u00edblicos\",\"description\":\"Uma e-Livraria com e-Books novos para voc\u00ea refletir.\",\"potentialAction\":[{\"@type\":\"SearchAction\",\"target\":{\"@type\":\"EntryPoint\",\"urlTemplate\":\"https:\/\/salmosbiblicos.com.br\/?s={search_term_string}\"},\"query-input\":{\"@type\":\"PropertyValueSpecification\",\"valueRequired\":true,\"valueName\":\"search_term_string\"}}],\"inLanguage\":\"pt-BR\"},{\"@type\":\"Person\",\"@id\":\"https:\/\/salmosbiblicos.com.br\/#\/schema\/person\/30586d0fb3f3a46b78a3414fc39cc975\",\"name\":\"alextreh@gmail.com\",\"image\":{\"@type\":\"ImageObject\",\"inLanguage\":\"pt-BR\",\"@id\":\"https:\/\/secure.gravatar.com\/avatar\/7cf84d31f581ec97b887c1039d478a7c293086896c84951a86753fb2c2af7527?s=96&d=mm&r=g\",\"url\":\"https:\/\/secure.gravatar.com\/avatar\/7cf84d31f581ec97b887c1039d478a7c293086896c84951a86753fb2c2af7527?s=96&d=mm&r=g\",\"contentUrl\":\"https:\/\/secure.gravatar.com\/avatar\/7cf84d31f581ec97b887c1039d478a7c293086896c84951a86753fb2c2af7527?s=96&d=mm&r=g\",\"caption\":\"alextreh@gmail.com\"},\"sameAs\":[\"http:\/\/salmosbiblicos.com.br\"],\"url\":\"http:\/\/salmosbiblicos.com.br\/index.php\/author\/alextrehgmail-com\/\"}]}<\/script>\n<!-- \/ Yoast SEO plugin. -->","yoast_head_json":{"title":"Proclame a F\u00e9: Coragem e Revela\u00e7\u00e3o em Tempos Dif\u00edceis - Salmos B\u00edblicos","robots":{"index":"index","follow":"follow","max-snippet":"max-snippet:-1","max-image-preview":"max-image-preview:large","max-video-preview":"max-video-preview:-1"},"canonical":"https:\/\/salmosbiblicos.com.br\/index.php\/2026\/04\/01\/proclame-a-fe-coragem-e-revelacao-em-tempos-dificeis\/","og_locale":"pt_BR","og_type":"article","og_title":"Proclame a F\u00e9: Coragem e Revela\u00e7\u00e3o em Tempos Dif\u00edceis - Salmos B\u00edblicos","og_description":"## A Coragem da Proclama\u00e7\u00e3o: Um Chamado \u00e0 F\u00e9 em Tempos de Adversidade A ess\u00eancia do nosso caminho espiritual reside na compreens\u00e3o de que a verdade, por vezes, \u00e9 sussurrada no sil\u00eancio, no \u00edntimo, para ser proclamada ao mundo com ousadia. Jesus nos ensina, de forma clara e direta: \u201cO disc\u00edpulo n\u00e3o est\u00e1 acima do [&hellip;]","og_url":"https:\/\/salmosbiblicos.com.br\/index.php\/2026\/04\/01\/proclame-a-fe-coragem-e-revelacao-em-tempos-dificeis\/","og_site_name":"Salmos B\u00edblicos","article_published_time":"2026-04-01T10:32:30+00:00","author":"alextreh@gmail.com","twitter_card":"summary_large_image","twitter_misc":{"Escrito por":"alextreh@gmail.com","Est. tempo de leitura":"3 minutos"},"schema":{"@context":"https:\/\/schema.org","@graph":[{"@type":"Article","@id":"https:\/\/salmosbiblicos.com.br\/index.php\/2026\/04\/01\/proclame-a-fe-coragem-e-revelacao-em-tempos-dificeis\/#article","isPartOf":{"@id":"https:\/\/salmosbiblicos.com.br\/index.php\/2026\/04\/01\/proclame-a-fe-coragem-e-revelacao-em-tempos-dificeis\/"},"author":{"name":"alextreh@gmail.com","@id":"https:\/\/salmosbiblicos.com.br\/#\/schema\/person\/30586d0fb3f3a46b78a3414fc39cc975"},"headline":"Proclame a F\u00e9: Coragem e Revela\u00e7\u00e3o em Tempos Dif\u00edceis","datePublished":"2026-04-01T10:32:30+00:00","mainEntityOfPage":{"@id":"https:\/\/salmosbiblicos.com.br\/index.php\/2026\/04\/01\/proclame-a-fe-coragem-e-revelacao-em-tempos-dificeis\/"},"wordCount":575,"articleSection":["Reflex\u00e3o"],"inLanguage":"pt-BR"},{"@type":"WebPage","@id":"https:\/\/salmosbiblicos.com.br\/index.php\/2026\/04\/01\/proclame-a-fe-coragem-e-revelacao-em-tempos-dificeis\/","url":"https:\/\/salmosbiblicos.com.br\/index.php\/2026\/04\/01\/proclame-a-fe-coragem-e-revelacao-em-tempos-dificeis\/","name":"Proclame a F\u00e9: Coragem e Revela\u00e7\u00e3o em Tempos Dif\u00edceis - Salmos B\u00edblicos","isPartOf":{"@id":"https:\/\/salmosbiblicos.com.br\/#website"},"datePublished":"2026-04-01T10:32:30+00:00","author":{"@id":"https:\/\/salmosbiblicos.com.br\/#\/schema\/person\/30586d0fb3f3a46b78a3414fc39cc975"},"breadcrumb":{"@id":"https:\/\/salmosbiblicos.com.br\/index.php\/2026\/04\/01\/proclame-a-fe-coragem-e-revelacao-em-tempos-dificeis\/#breadcrumb"},"inLanguage":"pt-BR","potentialAction":[{"@type":"ReadAction","target":["https:\/\/salmosbiblicos.com.br\/index.php\/2026\/04\/01\/proclame-a-fe-coragem-e-revelacao-em-tempos-dificeis\/"]}]},{"@type":"BreadcrumbList","@id":"https:\/\/salmosbiblicos.com.br\/index.php\/2026\/04\/01\/proclame-a-fe-coragem-e-revelacao-em-tempos-dificeis\/#breadcrumb","itemListElement":[{"@type":"ListItem","position":1,"name":"Home","item":"https:\/\/salmosbiblicos.com.br\/"},{"@type":"ListItem","position":2,"name":"Proclame a F\u00e9: Coragem e Revela\u00e7\u00e3o em Tempos Dif\u00edceis"}]},{"@type":"WebSite","@id":"https:\/\/salmosbiblicos.com.br\/#website","url":"https:\/\/salmosbiblicos.com.br\/","name":"Salmos B\u00edblicos","description":"Uma e-Livraria com e-Books novos para voc\u00ea refletir.","potentialAction":[{"@type":"SearchAction","target":{"@type":"EntryPoint","urlTemplate":"https:\/\/salmosbiblicos.com.br\/?s={search_term_string}"},"query-input":{"@type":"PropertyValueSpecification","valueRequired":true,"valueName":"search_term_string"}}],"inLanguage":"pt-BR"},{"@type":"Person","@id":"https:\/\/salmosbiblicos.com.br\/#\/schema\/person\/30586d0fb3f3a46b78a3414fc39cc975","name":"alextreh@gmail.com","image":{"@type":"ImageObject","inLanguage":"pt-BR","@id":"https:\/\/secure.gravatar.com\/avatar\/7cf84d31f581ec97b887c1039d478a7c293086896c84951a86753fb2c2af7527?s=96&d=mm&r=g","url":"https:\/\/secure.gravatar.com\/avatar\/7cf84d31f581ec97b887c1039d478a7c293086896c84951a86753fb2c2af7527?s=96&d=mm&r=g","contentUrl":"https:\/\/secure.gravatar.com\/avatar\/7cf84d31f581ec97b887c1039d478a7c293086896c84951a86753fb2c2af7527?s=96&d=mm&r=g","caption":"alextreh@gmail.com"},"sameAs":["http:\/\/salmosbiblicos.com.br"],"url":"http:\/\/salmosbiblicos.com.br\/index.php\/author\/alextrehgmail-com\/"}]}},"_links":{"self":[{"href":"http:\/\/salmosbiblicos.com.br\/index.php\/wp-json\/wp\/v2\/posts\/6288","targetHints":{"allow":["GET"]}}],"collection":[{"href":"http:\/\/salmosbiblicos.com.br\/index.php\/wp-json\/wp\/v2\/posts"}],"about":[{"href":"http:\/\/salmosbiblicos.com.br\/index.php\/wp-json\/wp\/v2\/types\/post"}],"author":[{"embeddable":true,"href":"http:\/\/salmosbiblicos.com.br\/index.php\/wp-json\/wp\/v2\/users\/1"}],"replies":[{"embeddable":true,"href":"http:\/\/salmosbiblicos.com.br\/index.php\/wp-json\/wp\/v2\/comments?post=6288"}],"version-history":[{"count":1,"href":"http:\/\/salmosbiblicos.com.br\/index.php\/wp-json\/wp\/v2\/posts\/6288\/revisions"}],"predecessor-version":[{"id":6289,"href":"http:\/\/salmosbiblicos.com.br\/index.php\/wp-json\/wp\/v2\/posts\/6288\/revisions\/6289"}],"wp:attachment":[{"href":"http:\/\/salmosbiblicos.com.br\/index.php\/wp-json\/wp\/v2\/media?parent=6288"}],"wp:term":[{"taxonomy":"category","embeddable":true,"href":"http:\/\/salmosbiblicos.com.br\/index.php\/wp-json\/wp\/v2\/categories?post=6288"},{"taxonomy":"post_tag","embeddable":true,"href":"http:\/\/salmosbiblicos.com.br\/index.php\/wp-json\/wp\/v2\/tags?post=6288"}],"curies":[{"name":"wp","href":"https:\/\/api.w.org\/{rel}","templated":true}]}}