{"id":6290,"date":"2026-04-01T07:39:29","date_gmt":"2026-04-01T10:39:29","guid":{"rendered":"https:\/\/salmosbiblicos.com.br\/?p=6290"},"modified":"2026-04-01T07:39:29","modified_gmt":"2026-04-01T10:39:29","slug":"fe-em-tempos-dificeis-coragem-prudencia-e-a-voz-divina","status":"publish","type":"post","link":"http:\/\/salmosbiblicos.com.br\/index.php\/2026\/04\/01\/fe-em-tempos-dificeis-coragem-prudencia-e-a-voz-divina\/","title":{"rendered":"F\u00e9 em Tempos Dif\u00edceis: Coragem, Prud\u00eancia e a Voz Divina"},"content":{"rendered":"<p>## A Coragem da F\u00e9 em Tempos Desafiadores<\/p>\n<p>O chamado que recebemos \u00e9 claro: somos convidados a ser luz em um mundo que, por vezes, parece envolto em trevas. Jesus nos adverte, por\u00e9m, que este caminho n\u00e3o ser\u00e1 isento de perigos. **&#8221;Eis que eu vos envio como ovelhas no meio de lobos.&#8221;** Estas palavras ressoam em nossos cora\u00e7\u00f5es, nos alertando para a realidade da oposi\u00e7\u00e3o que podemos enfrentar ao testemunharmos a nossa f\u00e9.<\/p>\n<p>### A Prud\u00eancia e a Simplicidade<\/p>\n<p>O Mestre nos exorta a sermos **prudentes como serpentes e simples como pombas.** A prud\u00eancia nos guia para discernir os tempos, para avaliar as situa\u00e7\u00f5es e agir com sabedoria. A simplicidade nos lembra da pureza do nosso cora\u00e7\u00e3o, da transpar\u00eancia do nosso testemunho. N\u00e3o se trata de ingenuidade, mas de uma f\u00e9 aut\u00eantica, que irradia a verdade do Evangelho sem subterf\u00fagios.<\/p>\n<p>### A Voz do Esp\u00edrito<\/p>\n<p>Em momentos de incerteza, quando as palavras nos faltam, **o Esp\u00edrito do Pai falar\u00e1 atrav\u00e9s de n\u00f3s.** N\u00e3o dependemos da eloqu\u00eancia humana, mas da for\u00e7a do divino que nos capacita a proclamar a mensagem de esperan\u00e7a e salva\u00e7\u00e3o. Que possamos nos abrir a essa guia, permitindo que a Palavra de Deus seja a for\u00e7a motriz do nosso testemunho.<\/p>\n<p>### Enfrentando a Rejei\u00e7\u00e3o<\/p>\n<p>O caminho do disc\u00edpulo pode ser doloroso. A entrega, a persegui\u00e7\u00e3o, a rejei\u00e7\u00e3o familiar&#8230; Jesus nos alerta que esses desafios podem se manifestar em nossas vidas. **&#8221;O irm\u00e3o entregar\u00e1 a morte o pr\u00f3prio irm\u00e3o, o Pai entregar\u00e1 o filho.&#8221;**  Essas palavras nos lembram que o amor a Deus pode nos colocar em conflito com aqueles que nos s\u00e3o mais pr\u00f3ximos.<\/p>\n<p>### A F\u00e9 Inabal\u00e1vel<\/p>\n<p>Mesmo diante da persegui\u00e7\u00e3o e da rejei\u00e7\u00e3o, somos chamados a manter a f\u00e9 inabal\u00e1vel. **&#8221;Quem perseverar at\u00e9 o fim este ser\u00e1 salvo.&#8221;** A perseveran\u00e7a n\u00e3o \u00e9 uma virtude f\u00e1cil, mas \u00e9 essencial para aqueles que desejam seguir os passos de Cristo. Que a for\u00e7a do Senhor nos sustente em momentos de prova\u00e7\u00e3o.<\/p>\n<p>### A Liberdade de Proclamar<\/p>\n<p>Vivemos em tempos em que a liberdade de express\u00e3o \u00e9, por vezes, limitada. Alguns podem tentar nos silenciar, nos intimidar a n\u00e3o falar sobre Jesus. Mas a nossa miss\u00e3o \u00e9 clara: **&#8221;Mesmo que tirem de n\u00f3s o direito de falar de Jesus, n\u00f3s vamos falar.&#8221;**  N\u00e3o permitamos que o medo nos paralise. Que a coragem da f\u00e9 nos impulsione a proclamar a verdade do Evangelho, sem receio.<\/p>\n<p>### Uma Miss\u00e3o Urgente<\/p>\n<p>A propaga\u00e7\u00e3o da Palavra \u00e9 uma miss\u00e3o urgente. O mundo nos cerca com vozes que confundem e desviam do caminho da verdade. **&#8221;\u00c9 nossa miss\u00e3o evangelizar. \u00c9 nossa miss\u00e3o falar de Jesus para este mundo.&#8221;**  Que possamos nos levantar com ousadia, proclamando a mensagem de amor e reden\u00e7\u00e3o a todos os que a necessitam.<\/p>\n<p>### A Esperan\u00e7a Persiste<\/p>\n<p>A mensagem de esperan\u00e7a transcende as dificuldades, as persegui\u00e7\u00f5es e a rejei\u00e7\u00e3o. Que possamos, com coragem e f\u00e9, seguir os passos de Jesus, **sabe que a porta se abrir\u00e1, mesmo quando uma se fechar.** Que possamos perseverar, testemunhando o amor de Deus a cada dia.<\/p>\n","protected":false},"excerpt":{"rendered":"<p>## A Coragem da F\u00e9 em Tempos Desafiadores O chamado que recebemos \u00e9 claro: somos convidados a ser luz em um mundo que, por vezes, parece envolto em trevas. Jesus nos adverte, por\u00e9m, que este caminho n\u00e3o ser\u00e1 isento de perigos. **&#8221;Eis que eu vos envio como ovelhas no meio de lobos.&#8221;** Estas palavras ressoam [&hellip;]<\/p>\n","protected":false},"author":1,"featured_media":0,"comment_status":"closed","ping_status":"open","sticky":false,"template":"","format":"standard","meta":{"footnotes":""},"categories":[14],"tags":[],"class_list":["post-6290","post","type-post","status-publish","format-standard","hentry","category-reflexao"],"yoast_head":"<!-- This site is optimized with the Yoast SEO plugin v27.2 - https:\/\/yoast.com\/product\/yoast-seo-wordpress\/ -->\n<title>F\u00e9 em Tempos Dif\u00edceis: Coragem, Prud\u00eancia e a Voz Divina - Salmos B\u00edblicos<\/title>\n<meta name=\"robots\" content=\"index, follow, max-snippet:-1, max-image-preview:large, max-video-preview:-1\" \/>\n<link rel=\"canonical\" href=\"http:\/\/salmosbiblicos.com.br\/index.php\/2026\/04\/01\/fe-em-tempos-dificeis-coragem-prudencia-e-a-voz-divina\/\" \/>\n<meta property=\"og:locale\" content=\"pt_BR\" \/>\n<meta property=\"og:type\" content=\"article\" \/>\n<meta property=\"og:title\" content=\"F\u00e9 em Tempos Dif\u00edceis: Coragem, Prud\u00eancia e a Voz Divina - Salmos B\u00edblicos\" \/>\n<meta property=\"og:description\" content=\"## A Coragem da F\u00e9 em Tempos Desafiadores O chamado que recebemos \u00e9 claro: somos convidados a ser luz em um mundo que, por vezes, parece envolto em trevas. Jesus nos adverte, por\u00e9m, que este caminho n\u00e3o ser\u00e1 isento de perigos. **&#8221;Eis que eu vos envio como ovelhas no meio de lobos.&#8221;** Estas palavras ressoam [&hellip;]\" \/>\n<meta property=\"og:url\" content=\"http:\/\/salmosbiblicos.com.br\/index.php\/2026\/04\/01\/fe-em-tempos-dificeis-coragem-prudencia-e-a-voz-divina\/\" \/>\n<meta property=\"og:site_name\" content=\"Salmos B\u00edblicos\" \/>\n<meta property=\"article:published_time\" content=\"2026-04-01T10:39:29+00:00\" \/>\n<meta name=\"author\" content=\"alextreh@gmail.com\" \/>\n<meta name=\"twitter:card\" content=\"summary_large_image\" \/>\n<meta name=\"twitter:label1\" content=\"Escrito por\" \/>\n\t<meta name=\"twitter:data1\" content=\"alextreh@gmail.com\" \/>\n\t<meta name=\"twitter:label2\" content=\"Est. tempo de leitura\" \/>\n\t<meta name=\"twitter:data2\" content=\"3 minutos\" \/>\n<script type=\"application\/ld+json\" class=\"yoast-schema-graph\">{\"@context\":\"https:\/\/schema.org\",\"@graph\":[{\"@type\":\"Article\",\"@id\":\"http:\/\/salmosbiblicos.com.br\/index.php\/2026\/04\/01\/fe-em-tempos-dificeis-coragem-prudencia-e-a-voz-divina\/#article\",\"isPartOf\":{\"@id\":\"http:\/\/salmosbiblicos.com.br\/index.php\/2026\/04\/01\/fe-em-tempos-dificeis-coragem-prudencia-e-a-voz-divina\/\"},\"author\":{\"name\":\"alextreh@gmail.com\",\"@id\":\"https:\/\/salmosbiblicos.com.br\/#\/schema\/person\/30586d0fb3f3a46b78a3414fc39cc975\"},\"headline\":\"F\u00e9 em Tempos Dif\u00edceis: Coragem, Prud\u00eancia e a Voz Divina\",\"datePublished\":\"2026-04-01T10:39:29+00:00\",\"mainEntityOfPage\":{\"@id\":\"http:\/\/salmosbiblicos.com.br\/index.php\/2026\/04\/01\/fe-em-tempos-dificeis-coragem-prudencia-e-a-voz-divina\/\"},\"wordCount\":554,\"articleSection\":[\"Reflex\u00e3o\"],\"inLanguage\":\"pt-BR\"},{\"@type\":\"WebPage\",\"@id\":\"http:\/\/salmosbiblicos.com.br\/index.php\/2026\/04\/01\/fe-em-tempos-dificeis-coragem-prudencia-e-a-voz-divina\/\",\"url\":\"http:\/\/salmosbiblicos.com.br\/index.php\/2026\/04\/01\/fe-em-tempos-dificeis-coragem-prudencia-e-a-voz-divina\/\",\"name\":\"F\u00e9 em Tempos Dif\u00edceis: Coragem, Prud\u00eancia e a Voz Divina - Salmos B\u00edblicos\",\"isPartOf\":{\"@id\":\"https:\/\/salmosbiblicos.com.br\/#website\"},\"datePublished\":\"2026-04-01T10:39:29+00:00\",\"author\":{\"@id\":\"https:\/\/salmosbiblicos.com.br\/#\/schema\/person\/30586d0fb3f3a46b78a3414fc39cc975\"},\"breadcrumb\":{\"@id\":\"http:\/\/salmosbiblicos.com.br\/index.php\/2026\/04\/01\/fe-em-tempos-dificeis-coragem-prudencia-e-a-voz-divina\/#breadcrumb\"},\"inLanguage\":\"pt-BR\",\"potentialAction\":[{\"@type\":\"ReadAction\",\"target\":[\"http:\/\/salmosbiblicos.com.br\/index.php\/2026\/04\/01\/fe-em-tempos-dificeis-coragem-prudencia-e-a-voz-divina\/\"]}]},{\"@type\":\"BreadcrumbList\",\"@id\":\"http:\/\/salmosbiblicos.com.br\/index.php\/2026\/04\/01\/fe-em-tempos-dificeis-coragem-prudencia-e-a-voz-divina\/#breadcrumb\",\"itemListElement\":[{\"@type\":\"ListItem\",\"position\":1,\"name\":\"Home\",\"item\":\"https:\/\/salmosbiblicos.com.br\/\"},{\"@type\":\"ListItem\",\"position\":2,\"name\":\"F\u00e9 em Tempos Dif\u00edceis: Coragem, Prud\u00eancia e a Voz Divina\"}]},{\"@type\":\"WebSite\",\"@id\":\"https:\/\/salmosbiblicos.com.br\/#website\",\"url\":\"https:\/\/salmosbiblicos.com.br\/\",\"name\":\"Salmos B\u00edblicos\",\"description\":\"Uma e-Livraria com e-Books novos para voc\u00ea refletir.\",\"potentialAction\":[{\"@type\":\"SearchAction\",\"target\":{\"@type\":\"EntryPoint\",\"urlTemplate\":\"https:\/\/salmosbiblicos.com.br\/?s={search_term_string}\"},\"query-input\":{\"@type\":\"PropertyValueSpecification\",\"valueRequired\":true,\"valueName\":\"search_term_string\"}}],\"inLanguage\":\"pt-BR\"},{\"@type\":\"Person\",\"@id\":\"https:\/\/salmosbiblicos.com.br\/#\/schema\/person\/30586d0fb3f3a46b78a3414fc39cc975\",\"name\":\"alextreh@gmail.com\",\"image\":{\"@type\":\"ImageObject\",\"inLanguage\":\"pt-BR\",\"@id\":\"https:\/\/secure.gravatar.com\/avatar\/7cf84d31f581ec97b887c1039d478a7c293086896c84951a86753fb2c2af7527?s=96&d=mm&r=g\",\"url\":\"https:\/\/secure.gravatar.com\/avatar\/7cf84d31f581ec97b887c1039d478a7c293086896c84951a86753fb2c2af7527?s=96&d=mm&r=g\",\"contentUrl\":\"https:\/\/secure.gravatar.com\/avatar\/7cf84d31f581ec97b887c1039d478a7c293086896c84951a86753fb2c2af7527?s=96&d=mm&r=g\",\"caption\":\"alextreh@gmail.com\"},\"sameAs\":[\"http:\/\/salmosbiblicos.com.br\"],\"url\":\"http:\/\/salmosbiblicos.com.br\/index.php\/author\/alextrehgmail-com\/\"}]}<\/script>\n<!-- \/ Yoast SEO plugin. -->","yoast_head_json":{"title":"F\u00e9 em Tempos Dif\u00edceis: Coragem, Prud\u00eancia e a Voz Divina - Salmos B\u00edblicos","robots":{"index":"index","follow":"follow","max-snippet":"max-snippet:-1","max-image-preview":"max-image-preview:large","max-video-preview":"max-video-preview:-1"},"canonical":"http:\/\/salmosbiblicos.com.br\/index.php\/2026\/04\/01\/fe-em-tempos-dificeis-coragem-prudencia-e-a-voz-divina\/","og_locale":"pt_BR","og_type":"article","og_title":"F\u00e9 em Tempos Dif\u00edceis: Coragem, Prud\u00eancia e a Voz Divina - Salmos B\u00edblicos","og_description":"## A Coragem da F\u00e9 em Tempos Desafiadores O chamado que recebemos \u00e9 claro: somos convidados a ser luz em um mundo que, por vezes, parece envolto em trevas. Jesus nos adverte, por\u00e9m, que este caminho n\u00e3o ser\u00e1 isento de perigos. **&#8221;Eis que eu vos envio como ovelhas no meio de lobos.&#8221;** Estas palavras ressoam [&hellip;]","og_url":"http:\/\/salmosbiblicos.com.br\/index.php\/2026\/04\/01\/fe-em-tempos-dificeis-coragem-prudencia-e-a-voz-divina\/","og_site_name":"Salmos B\u00edblicos","article_published_time":"2026-04-01T10:39:29+00:00","author":"alextreh@gmail.com","twitter_card":"summary_large_image","twitter_misc":{"Escrito por":"alextreh@gmail.com","Est. tempo de leitura":"3 minutos"},"schema":{"@context":"https:\/\/schema.org","@graph":[{"@type":"Article","@id":"http:\/\/salmosbiblicos.com.br\/index.php\/2026\/04\/01\/fe-em-tempos-dificeis-coragem-prudencia-e-a-voz-divina\/#article","isPartOf":{"@id":"http:\/\/salmosbiblicos.com.br\/index.php\/2026\/04\/01\/fe-em-tempos-dificeis-coragem-prudencia-e-a-voz-divina\/"},"author":{"name":"alextreh@gmail.com","@id":"https:\/\/salmosbiblicos.com.br\/#\/schema\/person\/30586d0fb3f3a46b78a3414fc39cc975"},"headline":"F\u00e9 em Tempos Dif\u00edceis: Coragem, Prud\u00eancia e a Voz Divina","datePublished":"2026-04-01T10:39:29+00:00","mainEntityOfPage":{"@id":"http:\/\/salmosbiblicos.com.br\/index.php\/2026\/04\/01\/fe-em-tempos-dificeis-coragem-prudencia-e-a-voz-divina\/"},"wordCount":554,"articleSection":["Reflex\u00e3o"],"inLanguage":"pt-BR"},{"@type":"WebPage","@id":"http:\/\/salmosbiblicos.com.br\/index.php\/2026\/04\/01\/fe-em-tempos-dificeis-coragem-prudencia-e-a-voz-divina\/","url":"http:\/\/salmosbiblicos.com.br\/index.php\/2026\/04\/01\/fe-em-tempos-dificeis-coragem-prudencia-e-a-voz-divina\/","name":"F\u00e9 em Tempos Dif\u00edceis: Coragem, Prud\u00eancia e a Voz Divina - Salmos B\u00edblicos","isPartOf":{"@id":"https:\/\/salmosbiblicos.com.br\/#website"},"datePublished":"2026-04-01T10:39:29+00:00","author":{"@id":"https:\/\/salmosbiblicos.com.br\/#\/schema\/person\/30586d0fb3f3a46b78a3414fc39cc975"},"breadcrumb":{"@id":"http:\/\/salmosbiblicos.com.br\/index.php\/2026\/04\/01\/fe-em-tempos-dificeis-coragem-prudencia-e-a-voz-divina\/#breadcrumb"},"inLanguage":"pt-BR","potentialAction":[{"@type":"ReadAction","target":["http:\/\/salmosbiblicos.com.br\/index.php\/2026\/04\/01\/fe-em-tempos-dificeis-coragem-prudencia-e-a-voz-divina\/"]}]},{"@type":"BreadcrumbList","@id":"http:\/\/salmosbiblicos.com.br\/index.php\/2026\/04\/01\/fe-em-tempos-dificeis-coragem-prudencia-e-a-voz-divina\/#breadcrumb","itemListElement":[{"@type":"ListItem","position":1,"name":"Home","item":"https:\/\/salmosbiblicos.com.br\/"},{"@type":"ListItem","position":2,"name":"F\u00e9 em Tempos Dif\u00edceis: Coragem, Prud\u00eancia e a Voz Divina"}]},{"@type":"WebSite","@id":"https:\/\/salmosbiblicos.com.br\/#website","url":"https:\/\/salmosbiblicos.com.br\/","name":"Salmos B\u00edblicos","description":"Uma e-Livraria com e-Books novos para voc\u00ea refletir.","potentialAction":[{"@type":"SearchAction","target":{"@type":"EntryPoint","urlTemplate":"https:\/\/salmosbiblicos.com.br\/?s={search_term_string}"},"query-input":{"@type":"PropertyValueSpecification","valueRequired":true,"valueName":"search_term_string"}}],"inLanguage":"pt-BR"},{"@type":"Person","@id":"https:\/\/salmosbiblicos.com.br\/#\/schema\/person\/30586d0fb3f3a46b78a3414fc39cc975","name":"alextreh@gmail.com","image":{"@type":"ImageObject","inLanguage":"pt-BR","@id":"https:\/\/secure.gravatar.com\/avatar\/7cf84d31f581ec97b887c1039d478a7c293086896c84951a86753fb2c2af7527?s=96&d=mm&r=g","url":"https:\/\/secure.gravatar.com\/avatar\/7cf84d31f581ec97b887c1039d478a7c293086896c84951a86753fb2c2af7527?s=96&d=mm&r=g","contentUrl":"https:\/\/secure.gravatar.com\/avatar\/7cf84d31f581ec97b887c1039d478a7c293086896c84951a86753fb2c2af7527?s=96&d=mm&r=g","caption":"alextreh@gmail.com"},"sameAs":["http:\/\/salmosbiblicos.com.br"],"url":"http:\/\/salmosbiblicos.com.br\/index.php\/author\/alextrehgmail-com\/"}]}},"_links":{"self":[{"href":"http:\/\/salmosbiblicos.com.br\/index.php\/wp-json\/wp\/v2\/posts\/6290","targetHints":{"allow":["GET"]}}],"collection":[{"href":"http:\/\/salmosbiblicos.com.br\/index.php\/wp-json\/wp\/v2\/posts"}],"about":[{"href":"http:\/\/salmosbiblicos.com.br\/index.php\/wp-json\/wp\/v2\/types\/post"}],"author":[{"embeddable":true,"href":"http:\/\/salmosbiblicos.com.br\/index.php\/wp-json\/wp\/v2\/users\/1"}],"replies":[{"embeddable":true,"href":"http:\/\/salmosbiblicos.com.br\/index.php\/wp-json\/wp\/v2\/comments?post=6290"}],"version-history":[{"count":1,"href":"http:\/\/salmosbiblicos.com.br\/index.php\/wp-json\/wp\/v2\/posts\/6290\/revisions"}],"predecessor-version":[{"id":6291,"href":"http:\/\/salmosbiblicos.com.br\/index.php\/wp-json\/wp\/v2\/posts\/6290\/revisions\/6291"}],"wp:attachment":[{"href":"http:\/\/salmosbiblicos.com.br\/index.php\/wp-json\/wp\/v2\/media?parent=6290"}],"wp:term":[{"taxonomy":"category","embeddable":true,"href":"http:\/\/salmosbiblicos.com.br\/index.php\/wp-json\/wp\/v2\/categories?post=6290"},{"taxonomy":"post_tag","embeddable":true,"href":"http:\/\/salmosbiblicos.com.br\/index.php\/wp-json\/wp\/v2\/tags?post=6290"}],"curies":[{"name":"wp","href":"https:\/\/api.w.org\/{rel}","templated":true}]}}