{"id":6296,"date":"2026-04-01T08:15:44","date_gmt":"2026-04-01T11:15:44","guid":{"rendered":"https:\/\/salmosbiblicos.com.br\/?p=6296"},"modified":"2026-04-01T08:15:44","modified_gmt":"2026-04-01T11:15:44","slug":"alegria-da-presenca-reflexoes-sobre-fe-jejum-e-celebracao","status":"publish","type":"post","link":"http:\/\/salmosbiblicos.com.br\/index.php\/2026\/04\/01\/alegria-da-presenca-reflexoes-sobre-fe-jejum-e-celebracao\/","title":{"rendered":"Alegria da Presen\u00e7a: Reflex\u00f5es sobre F\u00e9, Jejum e Celebra\u00e7\u00e3o"},"content":{"rendered":"<p>## A Alegria da Presen\u00e7a: Um Convite \u00e0 Celebra\u00e7\u00e3o<\/p>\n<p>Quantas vezes nos encontramos presos em rituais vazios, em pr\u00e1ticas religiosas desprovidas de significado? Quantas vezes confundimos a apar\u00eancia com a ess\u00eancia, a forma com a subst\u00e2ncia? Uma quest\u00e3o perturbadora ecoa nos cora\u00e7\u00f5es daqueles que buscam a verdade: &#8220;Por que n\u00f3s e os fariseus jejuamos, mas os seus disc\u00edpulos n\u00e3o?&#8221;. Uma pergunta que nos convida a uma profunda reflex\u00e3o sobre a verdadeira natureza da f\u00e9.<\/p>\n<p>### O Noivo e a Festa<\/p>\n<p>A resposta, como nos revela a sabedoria divina, reside em uma imagem poderosa: a do Noivo e da Noiva. **Jesus, o Noivo, est\u00e1 entre n\u00f3s.** A Igreja, a Noiva, \u00e9 agraciada com a Sua presen\u00e7a. Enquanto o Noivo est\u00e1 presente, a alegria deve reinar. O luto e a abstin\u00eancia ceder\u00e3o lugar \u00e0 celebra\u00e7\u00e3o, \u00e0 gratid\u00e3o e ao amor.<\/p>\n<p>Dias vir\u00e3o, inevitavelmente, em que o Noivo ser\u00e1 afastado, e a tristeza se far\u00e1 sentir. Mas, por ora, **aproveitemos cada momento na Sua presen\u00e7a.** N\u00e3o nos entreguemos a pr\u00e1ticas religiosas meramente por tradi\u00e7\u00e3o ou obriga\u00e7\u00e3o, mas deixemos que a alegria da Sua companhia inunde as nossas almas.<\/p>\n<p>### A Ess\u00eancia do Jejum<\/p>\n<p>O jejum, em si, \u00e9 uma ferramenta valiosa. Mas, se praticado sem o devido discernimento, torna-se um ato vazio, uma demonstra\u00e7\u00e3o de apar\u00eancia, e n\u00e3o de verdadeiro arrependimento. O jejum n\u00e3o \u00e9 um fim em si mesmo, mas um meio para nos aproximarmos de Deus, para nos unirmos ao nosso pr\u00f3ximo.<\/p>\n<p>*   **O jejum deve alimentar a alma, n\u00e3o a vaidade.**<br \/>*   **O jejum deve fortalecer os la\u00e7os de amor, n\u00e3o criar dist\u00e2ncias.**<br \/>*   **O jejum deve ser uma resposta ao chamado de Deus, n\u00e3o uma imposi\u00e7\u00e3o legalista.**<\/p>\n<p>### Uma F\u00e9 de Relacionamento<\/p>\n<p>\u00c9 f\u00e1cil nos perdermos em um labirinto de regras e regulamentos, transformando a f\u00e9 em uma mera lista de obriga\u00e7\u00f5es a serem cumpridas. **A verdadeira f\u00e9 reside no relacionamento.** \u00c9 um encontro \u00edntimo com o Noivo, uma comunh\u00e3o profunda com o Autor da Lei.<\/p>\n<p>A Lei, o ensinamento, serve como guia, como combust\u00edvel para a nossa jornada. Mas a ess\u00eancia da f\u00e9 reside em abrir o cora\u00e7\u00e3o para o Novo, para a gra\u00e7a divina que se manifesta em Jesus. **Abra-se ao vinho novo, ao amor transformador que Ele oferece.**<\/p>\n<p>### Rompendo com o Velho<\/p>\n<p>Jesus nos convida a romper com o velho, com as pr\u00e1ticas religiosas r\u00edgidas e sem vida que nos aprisionam. A legalidade, a observ\u00e2ncia cega das leis, nos impede de experimentar a plenitude da Sua presen\u00e7a.<\/p>\n<p>Que possamos nos libertar do peso do passado, abra\u00e7ando a novidade da gra\u00e7a, a alegria do amor que nos envolve. **Que Jesus seja o vinho novo que enche a ta\u00e7a da nossa vida, a roupa nova que nos veste de esperan\u00e7a e transforma\u00e7\u00e3o.**<\/p>\n<p>Que a nossa f\u00e9 seja um testemunho vivo do amor de Deus, uma express\u00e3o de alegria e gratid\u00e3o pela Sua presen\u00e7a constante em nossas vidas. Que possamos, enfim, compreender que o verdadeiro jejum \u00e9 aquele que nos aproxima do Noivo, do amor que nos salva e nos transforma.<\/p>\n<p>Am\u00e9m.<\/p>\n","protected":false},"excerpt":{"rendered":"<p>## A Alegria da Presen\u00e7a: Um Convite \u00e0 Celebra\u00e7\u00e3o Quantas vezes nos encontramos presos em rituais vazios, em pr\u00e1ticas religiosas desprovidas de significado? Quantas vezes confundimos a apar\u00eancia com a ess\u00eancia, a forma com a subst\u00e2ncia? Uma quest\u00e3o perturbadora ecoa nos cora\u00e7\u00f5es daqueles que buscam a verdade: &#8220;Por que n\u00f3s e os fariseus jejuamos, mas [&hellip;]<\/p>\n","protected":false},"author":1,"featured_media":0,"comment_status":"closed","ping_status":"open","sticky":false,"template":"","format":"standard","meta":{"footnotes":""},"categories":[14],"tags":[],"class_list":["post-6296","post","type-post","status-publish","format-standard","hentry","category-reflexao"],"yoast_head":"<!-- This site is optimized with the Yoast SEO plugin v27.2 - https:\/\/yoast.com\/product\/yoast-seo-wordpress\/ -->\n<title>Alegria da Presen\u00e7a: Reflex\u00f5es sobre F\u00e9, Jejum e Celebra\u00e7\u00e3o - Salmos B\u00edblicos<\/title>\n<meta name=\"robots\" content=\"index, follow, max-snippet:-1, max-image-preview:large, max-video-preview:-1\" \/>\n<link rel=\"canonical\" href=\"http:\/\/salmosbiblicos.com.br\/index.php\/2026\/04\/01\/alegria-da-presenca-reflexoes-sobre-fe-jejum-e-celebracao\/\" \/>\n<meta property=\"og:locale\" content=\"pt_BR\" \/>\n<meta property=\"og:type\" content=\"article\" \/>\n<meta property=\"og:title\" content=\"Alegria da Presen\u00e7a: Reflex\u00f5es sobre F\u00e9, Jejum e Celebra\u00e7\u00e3o - Salmos B\u00edblicos\" \/>\n<meta property=\"og:description\" content=\"## A Alegria da Presen\u00e7a: Um Convite \u00e0 Celebra\u00e7\u00e3o Quantas vezes nos encontramos presos em rituais vazios, em pr\u00e1ticas religiosas desprovidas de significado? Quantas vezes confundimos a apar\u00eancia com a ess\u00eancia, a forma com a subst\u00e2ncia? Uma quest\u00e3o perturbadora ecoa nos cora\u00e7\u00f5es daqueles que buscam a verdade: &#8220;Por que n\u00f3s e os fariseus jejuamos, mas [&hellip;]\" \/>\n<meta property=\"og:url\" content=\"http:\/\/salmosbiblicos.com.br\/index.php\/2026\/04\/01\/alegria-da-presenca-reflexoes-sobre-fe-jejum-e-celebracao\/\" \/>\n<meta property=\"og:site_name\" content=\"Salmos B\u00edblicos\" \/>\n<meta property=\"article:published_time\" content=\"2026-04-01T11:15:44+00:00\" \/>\n<meta name=\"author\" content=\"alextreh@gmail.com\" \/>\n<meta name=\"twitter:card\" content=\"summary_large_image\" \/>\n<meta name=\"twitter:label1\" content=\"Escrito por\" \/>\n\t<meta name=\"twitter:data1\" content=\"alextreh@gmail.com\" \/>\n\t<meta name=\"twitter:label2\" content=\"Est. tempo de leitura\" \/>\n\t<meta name=\"twitter:data2\" content=\"3 minutos\" \/>\n<script type=\"application\/ld+json\" class=\"yoast-schema-graph\">{\"@context\":\"https:\/\/schema.org\",\"@graph\":[{\"@type\":\"Article\",\"@id\":\"http:\/\/salmosbiblicos.com.br\/index.php\/2026\/04\/01\/alegria-da-presenca-reflexoes-sobre-fe-jejum-e-celebracao\/#article\",\"isPartOf\":{\"@id\":\"http:\/\/salmosbiblicos.com.br\/index.php\/2026\/04\/01\/alegria-da-presenca-reflexoes-sobre-fe-jejum-e-celebracao\/\"},\"author\":{\"name\":\"alextreh@gmail.com\",\"@id\":\"https:\/\/salmosbiblicos.com.br\/#\/schema\/person\/30586d0fb3f3a46b78a3414fc39cc975\"},\"headline\":\"Alegria da Presen\u00e7a: Reflex\u00f5es sobre F\u00e9, Jejum e Celebra\u00e7\u00e3o\",\"datePublished\":\"2026-04-01T11:15:44+00:00\",\"mainEntityOfPage\":{\"@id\":\"http:\/\/salmosbiblicos.com.br\/index.php\/2026\/04\/01\/alegria-da-presenca-reflexoes-sobre-fe-jejum-e-celebracao\/\"},\"wordCount\":555,\"articleSection\":[\"Reflex\u00e3o\"],\"inLanguage\":\"pt-BR\"},{\"@type\":\"WebPage\",\"@id\":\"http:\/\/salmosbiblicos.com.br\/index.php\/2026\/04\/01\/alegria-da-presenca-reflexoes-sobre-fe-jejum-e-celebracao\/\",\"url\":\"http:\/\/salmosbiblicos.com.br\/index.php\/2026\/04\/01\/alegria-da-presenca-reflexoes-sobre-fe-jejum-e-celebracao\/\",\"name\":\"Alegria da Presen\u00e7a: Reflex\u00f5es sobre F\u00e9, Jejum e Celebra\u00e7\u00e3o - Salmos B\u00edblicos\",\"isPartOf\":{\"@id\":\"https:\/\/salmosbiblicos.com.br\/#website\"},\"datePublished\":\"2026-04-01T11:15:44+00:00\",\"author\":{\"@id\":\"https:\/\/salmosbiblicos.com.br\/#\/schema\/person\/30586d0fb3f3a46b78a3414fc39cc975\"},\"breadcrumb\":{\"@id\":\"http:\/\/salmosbiblicos.com.br\/index.php\/2026\/04\/01\/alegria-da-presenca-reflexoes-sobre-fe-jejum-e-celebracao\/#breadcrumb\"},\"inLanguage\":\"pt-BR\",\"potentialAction\":[{\"@type\":\"ReadAction\",\"target\":[\"http:\/\/salmosbiblicos.com.br\/index.php\/2026\/04\/01\/alegria-da-presenca-reflexoes-sobre-fe-jejum-e-celebracao\/\"]}]},{\"@type\":\"BreadcrumbList\",\"@id\":\"http:\/\/salmosbiblicos.com.br\/index.php\/2026\/04\/01\/alegria-da-presenca-reflexoes-sobre-fe-jejum-e-celebracao\/#breadcrumb\",\"itemListElement\":[{\"@type\":\"ListItem\",\"position\":1,\"name\":\"Home\",\"item\":\"https:\/\/salmosbiblicos.com.br\/\"},{\"@type\":\"ListItem\",\"position\":2,\"name\":\"Alegria da Presen\u00e7a: Reflex\u00f5es sobre F\u00e9, Jejum e Celebra\u00e7\u00e3o\"}]},{\"@type\":\"WebSite\",\"@id\":\"https:\/\/salmosbiblicos.com.br\/#website\",\"url\":\"https:\/\/salmosbiblicos.com.br\/\",\"name\":\"Salmos B\u00edblicos\",\"description\":\"Uma e-Livraria com e-Books novos para voc\u00ea refletir.\",\"potentialAction\":[{\"@type\":\"SearchAction\",\"target\":{\"@type\":\"EntryPoint\",\"urlTemplate\":\"https:\/\/salmosbiblicos.com.br\/?s={search_term_string}\"},\"query-input\":{\"@type\":\"PropertyValueSpecification\",\"valueRequired\":true,\"valueName\":\"search_term_string\"}}],\"inLanguage\":\"pt-BR\"},{\"@type\":\"Person\",\"@id\":\"https:\/\/salmosbiblicos.com.br\/#\/schema\/person\/30586d0fb3f3a46b78a3414fc39cc975\",\"name\":\"alextreh@gmail.com\",\"image\":{\"@type\":\"ImageObject\",\"inLanguage\":\"pt-BR\",\"@id\":\"https:\/\/secure.gravatar.com\/avatar\/7cf84d31f581ec97b887c1039d478a7c293086896c84951a86753fb2c2af7527?s=96&d=mm&r=g\",\"url\":\"https:\/\/secure.gravatar.com\/avatar\/7cf84d31f581ec97b887c1039d478a7c293086896c84951a86753fb2c2af7527?s=96&d=mm&r=g\",\"contentUrl\":\"https:\/\/secure.gravatar.com\/avatar\/7cf84d31f581ec97b887c1039d478a7c293086896c84951a86753fb2c2af7527?s=96&d=mm&r=g\",\"caption\":\"alextreh@gmail.com\"},\"sameAs\":[\"http:\/\/salmosbiblicos.com.br\"],\"url\":\"http:\/\/salmosbiblicos.com.br\/index.php\/author\/alextrehgmail-com\/\"}]}<\/script>\n<!-- \/ Yoast SEO plugin. -->","yoast_head_json":{"title":"Alegria da Presen\u00e7a: Reflex\u00f5es sobre F\u00e9, Jejum e Celebra\u00e7\u00e3o - Salmos B\u00edblicos","robots":{"index":"index","follow":"follow","max-snippet":"max-snippet:-1","max-image-preview":"max-image-preview:large","max-video-preview":"max-video-preview:-1"},"canonical":"http:\/\/salmosbiblicos.com.br\/index.php\/2026\/04\/01\/alegria-da-presenca-reflexoes-sobre-fe-jejum-e-celebracao\/","og_locale":"pt_BR","og_type":"article","og_title":"Alegria da Presen\u00e7a: Reflex\u00f5es sobre F\u00e9, Jejum e Celebra\u00e7\u00e3o - Salmos B\u00edblicos","og_description":"## A Alegria da Presen\u00e7a: Um Convite \u00e0 Celebra\u00e7\u00e3o Quantas vezes nos encontramos presos em rituais vazios, em pr\u00e1ticas religiosas desprovidas de significado? Quantas vezes confundimos a apar\u00eancia com a ess\u00eancia, a forma com a subst\u00e2ncia? Uma quest\u00e3o perturbadora ecoa nos cora\u00e7\u00f5es daqueles que buscam a verdade: &#8220;Por que n\u00f3s e os fariseus jejuamos, mas [&hellip;]","og_url":"http:\/\/salmosbiblicos.com.br\/index.php\/2026\/04\/01\/alegria-da-presenca-reflexoes-sobre-fe-jejum-e-celebracao\/","og_site_name":"Salmos B\u00edblicos","article_published_time":"2026-04-01T11:15:44+00:00","author":"alextreh@gmail.com","twitter_card":"summary_large_image","twitter_misc":{"Escrito por":"alextreh@gmail.com","Est. tempo de leitura":"3 minutos"},"schema":{"@context":"https:\/\/schema.org","@graph":[{"@type":"Article","@id":"http:\/\/salmosbiblicos.com.br\/index.php\/2026\/04\/01\/alegria-da-presenca-reflexoes-sobre-fe-jejum-e-celebracao\/#article","isPartOf":{"@id":"http:\/\/salmosbiblicos.com.br\/index.php\/2026\/04\/01\/alegria-da-presenca-reflexoes-sobre-fe-jejum-e-celebracao\/"},"author":{"name":"alextreh@gmail.com","@id":"https:\/\/salmosbiblicos.com.br\/#\/schema\/person\/30586d0fb3f3a46b78a3414fc39cc975"},"headline":"Alegria da Presen\u00e7a: Reflex\u00f5es sobre F\u00e9, Jejum e Celebra\u00e7\u00e3o","datePublished":"2026-04-01T11:15:44+00:00","mainEntityOfPage":{"@id":"http:\/\/salmosbiblicos.com.br\/index.php\/2026\/04\/01\/alegria-da-presenca-reflexoes-sobre-fe-jejum-e-celebracao\/"},"wordCount":555,"articleSection":["Reflex\u00e3o"],"inLanguage":"pt-BR"},{"@type":"WebPage","@id":"http:\/\/salmosbiblicos.com.br\/index.php\/2026\/04\/01\/alegria-da-presenca-reflexoes-sobre-fe-jejum-e-celebracao\/","url":"http:\/\/salmosbiblicos.com.br\/index.php\/2026\/04\/01\/alegria-da-presenca-reflexoes-sobre-fe-jejum-e-celebracao\/","name":"Alegria da Presen\u00e7a: Reflex\u00f5es sobre F\u00e9, Jejum e Celebra\u00e7\u00e3o - Salmos B\u00edblicos","isPartOf":{"@id":"https:\/\/salmosbiblicos.com.br\/#website"},"datePublished":"2026-04-01T11:15:44+00:00","author":{"@id":"https:\/\/salmosbiblicos.com.br\/#\/schema\/person\/30586d0fb3f3a46b78a3414fc39cc975"},"breadcrumb":{"@id":"http:\/\/salmosbiblicos.com.br\/index.php\/2026\/04\/01\/alegria-da-presenca-reflexoes-sobre-fe-jejum-e-celebracao\/#breadcrumb"},"inLanguage":"pt-BR","potentialAction":[{"@type":"ReadAction","target":["http:\/\/salmosbiblicos.com.br\/index.php\/2026\/04\/01\/alegria-da-presenca-reflexoes-sobre-fe-jejum-e-celebracao\/"]}]},{"@type":"BreadcrumbList","@id":"http:\/\/salmosbiblicos.com.br\/index.php\/2026\/04\/01\/alegria-da-presenca-reflexoes-sobre-fe-jejum-e-celebracao\/#breadcrumb","itemListElement":[{"@type":"ListItem","position":1,"name":"Home","item":"https:\/\/salmosbiblicos.com.br\/"},{"@type":"ListItem","position":2,"name":"Alegria da Presen\u00e7a: Reflex\u00f5es sobre F\u00e9, Jejum e Celebra\u00e7\u00e3o"}]},{"@type":"WebSite","@id":"https:\/\/salmosbiblicos.com.br\/#website","url":"https:\/\/salmosbiblicos.com.br\/","name":"Salmos B\u00edblicos","description":"Uma e-Livraria com e-Books novos para voc\u00ea refletir.","potentialAction":[{"@type":"SearchAction","target":{"@type":"EntryPoint","urlTemplate":"https:\/\/salmosbiblicos.com.br\/?s={search_term_string}"},"query-input":{"@type":"PropertyValueSpecification","valueRequired":true,"valueName":"search_term_string"}}],"inLanguage":"pt-BR"},{"@type":"Person","@id":"https:\/\/salmosbiblicos.com.br\/#\/schema\/person\/30586d0fb3f3a46b78a3414fc39cc975","name":"alextreh@gmail.com","image":{"@type":"ImageObject","inLanguage":"pt-BR","@id":"https:\/\/secure.gravatar.com\/avatar\/7cf84d31f581ec97b887c1039d478a7c293086896c84951a86753fb2c2af7527?s=96&d=mm&r=g","url":"https:\/\/secure.gravatar.com\/avatar\/7cf84d31f581ec97b887c1039d478a7c293086896c84951a86753fb2c2af7527?s=96&d=mm&r=g","contentUrl":"https:\/\/secure.gravatar.com\/avatar\/7cf84d31f581ec97b887c1039d478a7c293086896c84951a86753fb2c2af7527?s=96&d=mm&r=g","caption":"alextreh@gmail.com"},"sameAs":["http:\/\/salmosbiblicos.com.br"],"url":"http:\/\/salmosbiblicos.com.br\/index.php\/author\/alextrehgmail-com\/"}]}},"_links":{"self":[{"href":"http:\/\/salmosbiblicos.com.br\/index.php\/wp-json\/wp\/v2\/posts\/6296","targetHints":{"allow":["GET"]}}],"collection":[{"href":"http:\/\/salmosbiblicos.com.br\/index.php\/wp-json\/wp\/v2\/posts"}],"about":[{"href":"http:\/\/salmosbiblicos.com.br\/index.php\/wp-json\/wp\/v2\/types\/post"}],"author":[{"embeddable":true,"href":"http:\/\/salmosbiblicos.com.br\/index.php\/wp-json\/wp\/v2\/users\/1"}],"replies":[{"embeddable":true,"href":"http:\/\/salmosbiblicos.com.br\/index.php\/wp-json\/wp\/v2\/comments?post=6296"}],"version-history":[{"count":1,"href":"http:\/\/salmosbiblicos.com.br\/index.php\/wp-json\/wp\/v2\/posts\/6296\/revisions"}],"predecessor-version":[{"id":6297,"href":"http:\/\/salmosbiblicos.com.br\/index.php\/wp-json\/wp\/v2\/posts\/6296\/revisions\/6297"}],"wp:attachment":[{"href":"http:\/\/salmosbiblicos.com.br\/index.php\/wp-json\/wp\/v2\/media?parent=6296"}],"wp:term":[{"taxonomy":"category","embeddable":true,"href":"http:\/\/salmosbiblicos.com.br\/index.php\/wp-json\/wp\/v2\/categories?post=6296"},{"taxonomy":"post_tag","embeddable":true,"href":"http:\/\/salmosbiblicos.com.br\/index.php\/wp-json\/wp\/v2\/tags?post=6296"}],"curies":[{"name":"wp","href":"https:\/\/api.w.org\/{rel}","templated":true}]}}