{"id":6462,"date":"2026-04-02T14:59:54","date_gmt":"2026-04-02T17:59:54","guid":{"rendered":"https:\/\/salmosbiblicos.com.br\/?p=6462"},"modified":"2026-04-02T14:59:54","modified_gmt":"2026-04-02T17:59:54","slug":"familia-de-deus-reflexoes-sobre-pertencimento-e-fe-crista","status":"publish","type":"post","link":"http:\/\/salmosbiblicos.com.br\/index.php\/2026\/04\/02\/familia-de-deus-reflexoes-sobre-pertencimento-e-fe-crista\/","title":{"rendered":"Fam\u00edlia de Deus: Reflex\u00f5es sobre Pertencimento e F\u00e9 Crist\u00e3"},"content":{"rendered":"<p>## A Beleza de Pertencer: Uma Reflex\u00e3o sobre a Fam\u00edlia de Deus<\/p>\n<p>H\u00e1 uma alegria profunda em reconhecer a nossa origem, em entender a quem pertencemos. E a mensagem que a Palavra nos traz hoje \u00e9 um convite a contemplar a beleza e a for\u00e7a de pertencer \u00e0 fam\u00edlia de Deus. Uma fam\u00edlia fundada em amor, esperan\u00e7a e na certeza de um v\u00ednculo eterno.<\/p>\n<p>### Uma Acolhida Sagrada<\/p>\n<p>A carta aos Ef\u00e9sios nos recorda que j\u00e1 n\u00e3o somos estranhos, mas sim **considerados cidad\u00e3os do Reino**. N\u00e3o somos meros visitantes, mas membros plenos de uma comunidade que transcende o tempo e o espa\u00e7o. Somos, em ess\u00eancia, **da fam\u00edlia de Deus**.<\/p>\n<p>Este \u00e9 um presente inestim\u00e1vel, um dom que se manifesta de forma particular no sacramento do Batismo. \u00c9 nesse momento que a gra\u00e7a divina nos envolve, nos introduzindo a essa fam\u00edlia celestial e nos tornando filhos e filhas de Deus.<\/p>\n<p>### O Alicerce da F\u00e9<\/p>\n<p>A fam\u00edlia de Deus \u00e9 constru\u00edda sobre **fundamentos s\u00f3lidos**: os ap\u00f3stolos, os profetas e, acima de tudo, Jesus Cristo, a **pedra principal**. \u00c9 sobre ele que a f\u00e9 se apoia, \u00e9 em seu amor que a esperan\u00e7a se renova.<\/p>\n<p>Ao nos unirmos a essa fam\u00edlia, somos integrados a essa constru\u00e7\u00e3o grandiosa, tornando-nos **morada do Esp\u00edrito Santo**. \u00c9 um privil\u00e9gio imenso fazer parte da mesma linhagem dos ap\u00f3stolos e dos profetas, e \u00e9 em Cristo que encontramos a for\u00e7a para perseverar no caminho da f\u00e9.<\/p>\n<p>### Uma Fam\u00edlia de Santos<\/p>\n<p>A beleza da fam\u00edlia de Deus reside tamb\u00e9m na sua diversidade. Somos chamados a ser **santos**, a refletir a luz de Cristo em nossas vidas. Cada um, com suas particularidades e dons, contribui para a riqueza e a plenitude desse corpo m\u00edstico.<\/p>\n<p>O mundo, por vezes, questiona a import\u00e2ncia da fam\u00edlia, buscando modelos ef\u00eameros e inst\u00e1veis. Mas a verdadeira fam\u00edlia, aquela que resiste \u00e0s tempestades e encontra a felicidade, \u00e9 aquela que tem como **fundamento Jesus Cristo**.<\/p>\n<p>### A Morada Divina em N\u00f3s<\/p>\n<p>O Batismo n\u00e3o apenas nos introduz \u00e0 fam\u00edlia de Deus, mas tamb\u00e9m nos transforma em **morada do Esp\u00edrito Santo**. \u00c9 um dom sublime, uma gra\u00e7a que nos impulsiona a viver em conson\u00e2ncia com os ensinamentos de Cristo.<\/p>\n<p>Que possamos, ent\u00e3o, viver com dignidade, reconhecendo a beleza e a for\u00e7a desse v\u00ednculo sagrado. Que a nossa vida seja um testemunho da nossa perten\u00e7a \u00e0 fam\u00edlia de Deus, um reflexo do amor e da esperan\u00e7a que nos s\u00e3o oferecidos.<\/p>\n<p>**Lembremos:**<\/p>\n<p>*   Somos parte da fam\u00edlia de Deus, um presente inestim\u00e1vel.<br \/>*   Jesus Cristo \u00e9 a pedra principal, o alicerce da nossa f\u00e9.<br \/>*   O Batismo nos transforma em morada do Esp\u00edrito Santo.<br \/>*   A verdadeira fam\u00edlia \u00e9 aquela que tem Jesus Cristo como fundamento.<\/p>\n<p>Que a gra\u00e7a de Deus nos fortale\u00e7a e nos guie em nosso caminho.<\/p>\n","protected":false},"excerpt":{"rendered":"<p>## A Beleza de Pertencer: Uma Reflex\u00e3o sobre a Fam\u00edlia de Deus H\u00e1 uma alegria profunda em reconhecer a nossa origem, em entender a quem pertencemos. E a mensagem que a Palavra nos traz hoje \u00e9 um convite a contemplar a beleza e a for\u00e7a de pertencer \u00e0 fam\u00edlia de Deus. Uma fam\u00edlia fundada em [&hellip;]<\/p>\n","protected":false},"author":1,"featured_media":0,"comment_status":"closed","ping_status":"open","sticky":false,"template":"","format":"standard","meta":{"footnotes":""},"categories":[14],"tags":[],"class_list":["post-6462","post","type-post","status-publish","format-standard","hentry","category-reflexao"],"yoast_head":"<!-- This site is optimized with the Yoast SEO plugin v27.2 - https:\/\/yoast.com\/product\/yoast-seo-wordpress\/ -->\n<title>Fam\u00edlia de Deus: Reflex\u00f5es sobre Pertencimento e F\u00e9 Crist\u00e3 - Salmos B\u00edblicos<\/title>\n<meta name=\"robots\" content=\"index, follow, max-snippet:-1, max-image-preview:large, max-video-preview:-1\" \/>\n<link rel=\"canonical\" href=\"http:\/\/salmosbiblicos.com.br\/index.php\/2026\/04\/02\/familia-de-deus-reflexoes-sobre-pertencimento-e-fe-crista\/\" \/>\n<meta property=\"og:locale\" content=\"pt_BR\" \/>\n<meta property=\"og:type\" content=\"article\" \/>\n<meta property=\"og:title\" content=\"Fam\u00edlia de Deus: Reflex\u00f5es sobre Pertencimento e F\u00e9 Crist\u00e3 - Salmos B\u00edblicos\" \/>\n<meta property=\"og:description\" content=\"## A Beleza de Pertencer: Uma Reflex\u00e3o sobre a Fam\u00edlia de Deus H\u00e1 uma alegria profunda em reconhecer a nossa origem, em entender a quem pertencemos. E a mensagem que a Palavra nos traz hoje \u00e9 um convite a contemplar a beleza e a for\u00e7a de pertencer \u00e0 fam\u00edlia de Deus. Uma fam\u00edlia fundada em [&hellip;]\" \/>\n<meta property=\"og:url\" content=\"http:\/\/salmosbiblicos.com.br\/index.php\/2026\/04\/02\/familia-de-deus-reflexoes-sobre-pertencimento-e-fe-crista\/\" \/>\n<meta property=\"og:site_name\" content=\"Salmos B\u00edblicos\" \/>\n<meta property=\"article:published_time\" content=\"2026-04-02T17:59:54+00:00\" \/>\n<meta name=\"author\" content=\"alextreh@gmail.com\" \/>\n<meta name=\"twitter:card\" content=\"summary_large_image\" \/>\n<meta name=\"twitter:label1\" content=\"Escrito por\" \/>\n\t<meta name=\"twitter:data1\" content=\"alextreh@gmail.com\" \/>\n\t<meta name=\"twitter:label2\" content=\"Est. tempo de leitura\" \/>\n\t<meta name=\"twitter:data2\" content=\"2 minutos\" \/>\n<script type=\"application\/ld+json\" class=\"yoast-schema-graph\">{\"@context\":\"https:\/\/schema.org\",\"@graph\":[{\"@type\":\"Article\",\"@id\":\"http:\/\/salmosbiblicos.com.br\/index.php\/2026\/04\/02\/familia-de-deus-reflexoes-sobre-pertencimento-e-fe-crista\/#article\",\"isPartOf\":{\"@id\":\"http:\/\/salmosbiblicos.com.br\/index.php\/2026\/04\/02\/familia-de-deus-reflexoes-sobre-pertencimento-e-fe-crista\/\"},\"author\":{\"name\":\"alextreh@gmail.com\",\"@id\":\"https:\/\/salmosbiblicos.com.br\/#\/schema\/person\/30586d0fb3f3a46b78a3414fc39cc975\"},\"headline\":\"Fam\u00edlia de Deus: Reflex\u00f5es sobre Pertencimento e F\u00e9 Crist\u00e3\",\"datePublished\":\"2026-04-02T17:59:54+00:00\",\"mainEntityOfPage\":{\"@id\":\"http:\/\/salmosbiblicos.com.br\/index.php\/2026\/04\/02\/familia-de-deus-reflexoes-sobre-pertencimento-e-fe-crista\/\"},\"wordCount\":505,\"articleSection\":[\"Reflex\u00e3o\"],\"inLanguage\":\"pt-BR\"},{\"@type\":\"WebPage\",\"@id\":\"http:\/\/salmosbiblicos.com.br\/index.php\/2026\/04\/02\/familia-de-deus-reflexoes-sobre-pertencimento-e-fe-crista\/\",\"url\":\"http:\/\/salmosbiblicos.com.br\/index.php\/2026\/04\/02\/familia-de-deus-reflexoes-sobre-pertencimento-e-fe-crista\/\",\"name\":\"Fam\u00edlia de Deus: Reflex\u00f5es sobre Pertencimento e F\u00e9 Crist\u00e3 - Salmos B\u00edblicos\",\"isPartOf\":{\"@id\":\"https:\/\/salmosbiblicos.com.br\/#website\"},\"datePublished\":\"2026-04-02T17:59:54+00:00\",\"author\":{\"@id\":\"https:\/\/salmosbiblicos.com.br\/#\/schema\/person\/30586d0fb3f3a46b78a3414fc39cc975\"},\"breadcrumb\":{\"@id\":\"http:\/\/salmosbiblicos.com.br\/index.php\/2026\/04\/02\/familia-de-deus-reflexoes-sobre-pertencimento-e-fe-crista\/#breadcrumb\"},\"inLanguage\":\"pt-BR\",\"potentialAction\":[{\"@type\":\"ReadAction\",\"target\":[\"http:\/\/salmosbiblicos.com.br\/index.php\/2026\/04\/02\/familia-de-deus-reflexoes-sobre-pertencimento-e-fe-crista\/\"]}]},{\"@type\":\"BreadcrumbList\",\"@id\":\"http:\/\/salmosbiblicos.com.br\/index.php\/2026\/04\/02\/familia-de-deus-reflexoes-sobre-pertencimento-e-fe-crista\/#breadcrumb\",\"itemListElement\":[{\"@type\":\"ListItem\",\"position\":1,\"name\":\"Home\",\"item\":\"https:\/\/salmosbiblicos.com.br\/\"},{\"@type\":\"ListItem\",\"position\":2,\"name\":\"Fam\u00edlia de Deus: Reflex\u00f5es sobre Pertencimento e F\u00e9 Crist\u00e3\"}]},{\"@type\":\"WebSite\",\"@id\":\"https:\/\/salmosbiblicos.com.br\/#website\",\"url\":\"https:\/\/salmosbiblicos.com.br\/\",\"name\":\"Salmos B\u00edblicos\",\"description\":\"Uma e-Livraria com e-Books novos para voc\u00ea refletir.\",\"potentialAction\":[{\"@type\":\"SearchAction\",\"target\":{\"@type\":\"EntryPoint\",\"urlTemplate\":\"https:\/\/salmosbiblicos.com.br\/?s={search_term_string}\"},\"query-input\":{\"@type\":\"PropertyValueSpecification\",\"valueRequired\":true,\"valueName\":\"search_term_string\"}}],\"inLanguage\":\"pt-BR\"},{\"@type\":\"Person\",\"@id\":\"https:\/\/salmosbiblicos.com.br\/#\/schema\/person\/30586d0fb3f3a46b78a3414fc39cc975\",\"name\":\"alextreh@gmail.com\",\"image\":{\"@type\":\"ImageObject\",\"inLanguage\":\"pt-BR\",\"@id\":\"https:\/\/secure.gravatar.com\/avatar\/7cf84d31f581ec97b887c1039d478a7c293086896c84951a86753fb2c2af7527?s=96&d=mm&r=g\",\"url\":\"https:\/\/secure.gravatar.com\/avatar\/7cf84d31f581ec97b887c1039d478a7c293086896c84951a86753fb2c2af7527?s=96&d=mm&r=g\",\"contentUrl\":\"https:\/\/secure.gravatar.com\/avatar\/7cf84d31f581ec97b887c1039d478a7c293086896c84951a86753fb2c2af7527?s=96&d=mm&r=g\",\"caption\":\"alextreh@gmail.com\"},\"sameAs\":[\"http:\/\/salmosbiblicos.com.br\"],\"url\":\"http:\/\/salmosbiblicos.com.br\/index.php\/author\/alextrehgmail-com\/\"}]}<\/script>\n<!-- \/ Yoast SEO plugin. -->","yoast_head_json":{"title":"Fam\u00edlia de Deus: Reflex\u00f5es sobre Pertencimento e F\u00e9 Crist\u00e3 - Salmos B\u00edblicos","robots":{"index":"index","follow":"follow","max-snippet":"max-snippet:-1","max-image-preview":"max-image-preview:large","max-video-preview":"max-video-preview:-1"},"canonical":"http:\/\/salmosbiblicos.com.br\/index.php\/2026\/04\/02\/familia-de-deus-reflexoes-sobre-pertencimento-e-fe-crista\/","og_locale":"pt_BR","og_type":"article","og_title":"Fam\u00edlia de Deus: Reflex\u00f5es sobre Pertencimento e F\u00e9 Crist\u00e3 - Salmos B\u00edblicos","og_description":"## A Beleza de Pertencer: Uma Reflex\u00e3o sobre a Fam\u00edlia de Deus H\u00e1 uma alegria profunda em reconhecer a nossa origem, em entender a quem pertencemos. E a mensagem que a Palavra nos traz hoje \u00e9 um convite a contemplar a beleza e a for\u00e7a de pertencer \u00e0 fam\u00edlia de Deus. Uma fam\u00edlia fundada em [&hellip;]","og_url":"http:\/\/salmosbiblicos.com.br\/index.php\/2026\/04\/02\/familia-de-deus-reflexoes-sobre-pertencimento-e-fe-crista\/","og_site_name":"Salmos B\u00edblicos","article_published_time":"2026-04-02T17:59:54+00:00","author":"alextreh@gmail.com","twitter_card":"summary_large_image","twitter_misc":{"Escrito por":"alextreh@gmail.com","Est. tempo de leitura":"2 minutos"},"schema":{"@context":"https:\/\/schema.org","@graph":[{"@type":"Article","@id":"http:\/\/salmosbiblicos.com.br\/index.php\/2026\/04\/02\/familia-de-deus-reflexoes-sobre-pertencimento-e-fe-crista\/#article","isPartOf":{"@id":"http:\/\/salmosbiblicos.com.br\/index.php\/2026\/04\/02\/familia-de-deus-reflexoes-sobre-pertencimento-e-fe-crista\/"},"author":{"name":"alextreh@gmail.com","@id":"https:\/\/salmosbiblicos.com.br\/#\/schema\/person\/30586d0fb3f3a46b78a3414fc39cc975"},"headline":"Fam\u00edlia de Deus: Reflex\u00f5es sobre Pertencimento e F\u00e9 Crist\u00e3","datePublished":"2026-04-02T17:59:54+00:00","mainEntityOfPage":{"@id":"http:\/\/salmosbiblicos.com.br\/index.php\/2026\/04\/02\/familia-de-deus-reflexoes-sobre-pertencimento-e-fe-crista\/"},"wordCount":505,"articleSection":["Reflex\u00e3o"],"inLanguage":"pt-BR"},{"@type":"WebPage","@id":"http:\/\/salmosbiblicos.com.br\/index.php\/2026\/04\/02\/familia-de-deus-reflexoes-sobre-pertencimento-e-fe-crista\/","url":"http:\/\/salmosbiblicos.com.br\/index.php\/2026\/04\/02\/familia-de-deus-reflexoes-sobre-pertencimento-e-fe-crista\/","name":"Fam\u00edlia de Deus: Reflex\u00f5es sobre Pertencimento e F\u00e9 Crist\u00e3 - Salmos B\u00edblicos","isPartOf":{"@id":"https:\/\/salmosbiblicos.com.br\/#website"},"datePublished":"2026-04-02T17:59:54+00:00","author":{"@id":"https:\/\/salmosbiblicos.com.br\/#\/schema\/person\/30586d0fb3f3a46b78a3414fc39cc975"},"breadcrumb":{"@id":"http:\/\/salmosbiblicos.com.br\/index.php\/2026\/04\/02\/familia-de-deus-reflexoes-sobre-pertencimento-e-fe-crista\/#breadcrumb"},"inLanguage":"pt-BR","potentialAction":[{"@type":"ReadAction","target":["http:\/\/salmosbiblicos.com.br\/index.php\/2026\/04\/02\/familia-de-deus-reflexoes-sobre-pertencimento-e-fe-crista\/"]}]},{"@type":"BreadcrumbList","@id":"http:\/\/salmosbiblicos.com.br\/index.php\/2026\/04\/02\/familia-de-deus-reflexoes-sobre-pertencimento-e-fe-crista\/#breadcrumb","itemListElement":[{"@type":"ListItem","position":1,"name":"Home","item":"https:\/\/salmosbiblicos.com.br\/"},{"@type":"ListItem","position":2,"name":"Fam\u00edlia de Deus: Reflex\u00f5es sobre Pertencimento e F\u00e9 Crist\u00e3"}]},{"@type":"WebSite","@id":"https:\/\/salmosbiblicos.com.br\/#website","url":"https:\/\/salmosbiblicos.com.br\/","name":"Salmos B\u00edblicos","description":"Uma e-Livraria com e-Books novos para voc\u00ea refletir.","potentialAction":[{"@type":"SearchAction","target":{"@type":"EntryPoint","urlTemplate":"https:\/\/salmosbiblicos.com.br\/?s={search_term_string}"},"query-input":{"@type":"PropertyValueSpecification","valueRequired":true,"valueName":"search_term_string"}}],"inLanguage":"pt-BR"},{"@type":"Person","@id":"https:\/\/salmosbiblicos.com.br\/#\/schema\/person\/30586d0fb3f3a46b78a3414fc39cc975","name":"alextreh@gmail.com","image":{"@type":"ImageObject","inLanguage":"pt-BR","@id":"https:\/\/secure.gravatar.com\/avatar\/7cf84d31f581ec97b887c1039d478a7c293086896c84951a86753fb2c2af7527?s=96&d=mm&r=g","url":"https:\/\/secure.gravatar.com\/avatar\/7cf84d31f581ec97b887c1039d478a7c293086896c84951a86753fb2c2af7527?s=96&d=mm&r=g","contentUrl":"https:\/\/secure.gravatar.com\/avatar\/7cf84d31f581ec97b887c1039d478a7c293086896c84951a86753fb2c2af7527?s=96&d=mm&r=g","caption":"alextreh@gmail.com"},"sameAs":["http:\/\/salmosbiblicos.com.br"],"url":"http:\/\/salmosbiblicos.com.br\/index.php\/author\/alextrehgmail-com\/"}]}},"_links":{"self":[{"href":"http:\/\/salmosbiblicos.com.br\/index.php\/wp-json\/wp\/v2\/posts\/6462","targetHints":{"allow":["GET"]}}],"collection":[{"href":"http:\/\/salmosbiblicos.com.br\/index.php\/wp-json\/wp\/v2\/posts"}],"about":[{"href":"http:\/\/salmosbiblicos.com.br\/index.php\/wp-json\/wp\/v2\/types\/post"}],"author":[{"embeddable":true,"href":"http:\/\/salmosbiblicos.com.br\/index.php\/wp-json\/wp\/v2\/users\/1"}],"replies":[{"embeddable":true,"href":"http:\/\/salmosbiblicos.com.br\/index.php\/wp-json\/wp\/v2\/comments?post=6462"}],"version-history":[{"count":1,"href":"http:\/\/salmosbiblicos.com.br\/index.php\/wp-json\/wp\/v2\/posts\/6462\/revisions"}],"predecessor-version":[{"id":6463,"href":"http:\/\/salmosbiblicos.com.br\/index.php\/wp-json\/wp\/v2\/posts\/6462\/revisions\/6463"}],"wp:attachment":[{"href":"http:\/\/salmosbiblicos.com.br\/index.php\/wp-json\/wp\/v2\/media?parent=6462"}],"wp:term":[{"taxonomy":"category","embeddable":true,"href":"http:\/\/salmosbiblicos.com.br\/index.php\/wp-json\/wp\/v2\/categories?post=6462"},{"taxonomy":"post_tag","embeddable":true,"href":"http:\/\/salmosbiblicos.com.br\/index.php\/wp-json\/wp\/v2\/tags?post=6462"}],"curies":[{"name":"wp","href":"https:\/\/api.w.org\/{rel}","templated":true}]}}