{"id":6539,"date":"2026-04-04T00:20:52","date_gmt":"2026-04-04T03:20:52","guid":{"rendered":"https:\/\/salmosbiblicos.com.br\/?p=6539"},"modified":"2026-04-04T00:20:52","modified_gmt":"2026-04-04T03:20:52","slug":"ira-e-reconciliacao-causas-impactos-e-caminhos-para-a-paz","status":"publish","type":"post","link":"http:\/\/salmosbiblicos.com.br\/index.php\/2026\/04\/04\/ira-e-reconciliacao-causas-impactos-e-caminhos-para-a-paz\/","title":{"rendered":"Ira e Reconcilia\u00e7\u00e3o: Causas, Impactos e Caminhos para a Paz"},"content":{"rendered":"<p>## O Peso da Ira e a Necessidade da Reconcilia\u00e7\u00e3o<\/p>\n<p>**O fogo da raiva pode arder intensamente em nosso peito**, transformando o que era paz em um turbilh\u00e3o de palavras amargas e gestos impetuosos. Muitas vezes, o conflito n\u00e3o se manifesta apenas na agress\u00e3o f\u00edsica, mas no veneno de uma palavra dita com desprezo ou no grito que ecoa em um momento de descontrole. **A verdadeira quest\u00e3o n\u00e3o \u00e9 apenas o que fazemos, mas o estado em que nossa alma se encontra quando permitimos que a irrita\u00e7\u00e3o domine nossa vontade.**<\/p>\n<p>## As Sementes da Disc\u00f3rdia<\/p>\n<p>\u00c9 fundamental compreendermos que a agressividade e a falta de controle emocional n\u00e3o s\u00e3o apenas falhas de temperamento, mas possuem uma raiz espiritual profunda. Quando permitimos que o \u00f3dio, o ci\u00fame ou a inveja cres\u00e7am, estamos alimentando o que h\u00e1 de mais destrutivo em nossa natureza.<\/p>\n<p>As divis\u00f5es que criamos ao nosso redor s\u00e3o frutos de comportamentos que corrompem o esp\u00edrito. Entre os elementos que fragmentam a paz e as rela\u00e7\u00f5es, podemos identificar:<\/p>\n<p>*   **Inimizades e brigas** que afastam as pessoas;<br \/>*   **Ci\u00fames e \u00f3dio** que obscurecem a vis\u00e3o do outro;<br \/>*   **Ambi\u00e7\u00e3o desmedida e disc\u00f3rdia** que geram divis\u00f5es;<br \/>*   **Partidismos e interesses ego\u00edstas** que destroem a unidade.<\/p>\n<p>**A briga e a disc\u00f3rdia s\u00e3o elementos que desestruturam a harmonia da vida**, e n\u00e3o h\u00e1 como ignorar que a nossa incapacidade de manter a paz \u00e9 uma evid\u00eancia de que precisamos de transforma\u00e7\u00e3o.<\/p>\n<p>## A Gravidade das Palavras e o Dever do Perd\u00e3o<\/p>\n<p>A nossa fala possui um poder de julgamento que muitas vezes negligenciamos. Chamar algu\u00e9m de desprez\u00edvel ou usar palavras que diminuem o pr\u00f3ximo \u00e9 um ato de extrema gravidade. **O desrespeito verbal carrega um peso espiritual que pode nos afastar da verdadeira justi\u00e7a.**<\/p>\n<p>A busca pela paz exige uma a\u00e7\u00e3o pr\u00e1tica e imediata. N\u00e3o basta apenas desejar o bem; \u00e9 preciso buscar a repara\u00e7\u00e3o. A verdadeira espiritualidade nos ensina que:<\/p>\n<p>1.  **A reconcilia\u00e7\u00e3o deve ser priorit\u00e1ria:** Antes de qualquer gesto de devo\u00e7\u00e3o ou oferta de bondade, \u00e9 necess\u00e1rio resolver as pend\u00eancias com o pr\u00f3ximo.<br \/>2.**O perd\u00e3o n\u00e3o pode ser adiado:** Se voc\u00ea sabe que h\u00e1 algo contra voc\u00ea em rela\u00e7\u00e3o a um irm\u00e3o, procure o caminho do encontro e da paz antes de qualquer outra coisa.<br \/>3.  **A justi\u00e7a exige o encontro:** N\u00e3o podemos buscar a eleva\u00e7\u00e3o espiritual enquanto mantemos o cora\u00e7\u00e3o fechado para quem nos ofendeu.<\/p>\n<p>## A Diferen\u00e7a entre a Ira Justa e a Ira Humana<\/p>\n<p>Existe uma distin\u00e7\u00e3o essencial que precisamos compreender: **a ira divina \u00e9 justa e retributiva, enquanto a nossa ira \u00e9, quase sempre, descontrolada e injusta.** <\/p>\n<p>Enquanto a justi\u00e7a suprema sabe agir com equil\u00edbrio e verdade, a nossa indigna\u00e7\u00e3o humana \u00e9 frequentemente movida pelo ego e pelo impulso. N\u00e3o podemos lan\u00e7ar julgamentos sem fundamento, pois a nossa raiva n\u00e3o possui a pureza necess\u00e1ria para restaurar a ordem; ela apenas destr\u00f3i.<\/p>\n<p>## A Necessidade de Ser Domado<\/p>\n<p>Um dos maiores desafios da exist\u00eancia humana \u00e9 o dom\u00ednio de si mesmo. Olhemos para a natureza: um le\u00e3o n\u00e3o consegue domar a si mesmo, e uma serpente n\u00e3o possui o poder de controlar seus pr\u00f3prios instintos. **Da mesma forma, o ser humano, por suas pr\u00f3prias for\u00e7as, \u00e9 incapaz de domar sua pr\u00f3pria l\u00edngua ou controlar sua pr\u00f3pria ira.**<\/p>\n<p>A nossa natureza humana, por vezes bruta, exige um processo de &#8220;domestica\u00e7\u00e3o&#8221; espiritual. Assim como um animal selvagem precisa de um guia para se tornar manso, n\u00f3s precisamos de uma for\u00e7a superior para domar nossos impulsos destrutivos.<\/p>\n<p>### O Pedido por uma Sentinela<\/p>\n<p>Para que n\u00e3o nos tornemos escravos da nossa pr\u00f3pria boca e dos nossos pr\u00f3prios acessos de raiva, precisamos recorrer a uma intercess\u00e3o divina. A nossa \u00fanica sa\u00edda \u00e9 pedir que uma guarda seja posta sobre n\u00f3s.<\/p>\n<p>*   **A necessidade de uma sentinela:** Pedir que haja um controle sobre nossos l\u00e1bios.<br \/>*   **O dom\u00ednio da l\u00edngua:** Buscar ajuda para que nossas palavras n\u00e3o sejam ferramentas de destrui\u00e7\u00e3o.<br \/>*   **A transforma\u00e7\u00e3o do car\u00e1ter:** Permitir que a nossa natureza seja moldada por uma for\u00e7a que nos traga mansid\u00e3o.<\/p>\n<p>**Somente atrav\u00e9s dessa entrega \u00e9 que podemos evitar nos tornarmos pessoas brutas**, cheias de amargura e descarregando nossas frustra\u00e7\u00f5es sobre aqueles que nos cercam. Que possamos, enfim, encontrar o caminho para sermos domados e restaurados.<\/p>\n","protected":false},"excerpt":{"rendered":"<p>## O Peso da Ira e a Necessidade da Reconcilia\u00e7\u00e3o **O fogo da raiva pode arder intensamente em nosso peito**, transformando o que era paz em um turbilh\u00e3o de palavras amargas e gestos impetuosos. Muitas vezes, o conflito n\u00e3o se manifesta apenas na agress\u00e3o f\u00edsica, mas no veneno de uma palavra dita com desprezo ou [&hellip;]<\/p>\n","protected":false},"author":1,"featured_media":0,"comment_status":"closed","ping_status":"open","sticky":false,"template":"","format":"standard","meta":{"footnotes":""},"categories":[14],"tags":[],"class_list":["post-6539","post","type-post","status-publish","format-standard","hentry","category-reflexao"],"yoast_head":"<!-- This site is optimized with the Yoast SEO plugin v27.2 - https:\/\/yoast.com\/product\/yoast-seo-wordpress\/ -->\n<title>Ira e Reconcilia\u00e7\u00e3o: Causas, Impactos e Caminhos para a Paz - Salmos B\u00edblicos<\/title>\n<meta name=\"robots\" content=\"index, follow, max-snippet:-1, max-image-preview:large, max-video-preview:-1\" \/>\n<link rel=\"canonical\" href=\"http:\/\/salmosbiblicos.com.br\/index.php\/2026\/04\/04\/ira-e-reconciliacao-causas-impactos-e-caminhos-para-a-paz\/\" \/>\n<meta property=\"og:locale\" content=\"pt_BR\" \/>\n<meta property=\"og:type\" content=\"article\" \/>\n<meta property=\"og:title\" content=\"Ira e Reconcilia\u00e7\u00e3o: Causas, Impactos e Caminhos para a Paz - Salmos B\u00edblicos\" \/>\n<meta property=\"og:description\" content=\"## O Peso da Ira e a Necessidade da Reconcilia\u00e7\u00e3o **O fogo da raiva pode arder intensamente em nosso peito**, transformando o que era paz em um turbilh\u00e3o de palavras amargas e gestos impetuosos. Muitas vezes, o conflito n\u00e3o se manifesta apenas na agress\u00e3o f\u00edsica, mas no veneno de uma palavra dita com desprezo ou [&hellip;]\" \/>\n<meta property=\"og:url\" content=\"http:\/\/salmosbiblicos.com.br\/index.php\/2026\/04\/04\/ira-e-reconciliacao-causas-impactos-e-caminhos-para-a-paz\/\" \/>\n<meta property=\"og:site_name\" content=\"Salmos B\u00edblicos\" \/>\n<meta property=\"article:published_time\" content=\"2026-04-04T03:20:52+00:00\" \/>\n<meta name=\"author\" content=\"alextreh@gmail.com\" \/>\n<meta name=\"twitter:card\" content=\"summary_large_image\" \/>\n<meta name=\"twitter:label1\" content=\"Escrito por\" \/>\n\t<meta name=\"twitter:data1\" content=\"alextreh@gmail.com\" \/>\n\t<meta name=\"twitter:label2\" content=\"Est. tempo de leitura\" \/>\n\t<meta name=\"twitter:data2\" content=\"4 minutos\" \/>\n<script type=\"application\/ld+json\" class=\"yoast-schema-graph\">{\"@context\":\"https:\/\/schema.org\",\"@graph\":[{\"@type\":\"Article\",\"@id\":\"http:\/\/salmosbiblicos.com.br\/index.php\/2026\/04\/04\/ira-e-reconciliacao-causas-impactos-e-caminhos-para-a-paz\/#article\",\"isPartOf\":{\"@id\":\"http:\/\/salmosbiblicos.com.br\/index.php\/2026\/04\/04\/ira-e-reconciliacao-causas-impactos-e-caminhos-para-a-paz\/\"},\"author\":{\"name\":\"alextreh@gmail.com\",\"@id\":\"https:\/\/salmosbiblicos.com.br\/#\/schema\/person\/30586d0fb3f3a46b78a3414fc39cc975\"},\"headline\":\"Ira e Reconcilia\u00e7\u00e3o: Causas, Impactos e Caminhos para a Paz\",\"datePublished\":\"2026-04-04T03:20:52+00:00\",\"mainEntityOfPage\":{\"@id\":\"http:\/\/salmosbiblicos.com.br\/index.php\/2026\/04\/04\/ira-e-reconciliacao-causas-impactos-e-caminhos-para-a-paz\/\"},\"wordCount\":776,\"articleSection\":[\"Reflex\u00e3o\"],\"inLanguage\":\"pt-BR\"},{\"@type\":\"WebPage\",\"@id\":\"http:\/\/salmosbiblicos.com.br\/index.php\/2026\/04\/04\/ira-e-reconciliacao-causas-impactos-e-caminhos-para-a-paz\/\",\"url\":\"http:\/\/salmosbiblicos.com.br\/index.php\/2026\/04\/04\/ira-e-reconciliacao-causas-impactos-e-caminhos-para-a-paz\/\",\"name\":\"Ira e Reconcilia\u00e7\u00e3o: Causas, Impactos e Caminhos para a Paz - Salmos B\u00edblicos\",\"isPartOf\":{\"@id\":\"https:\/\/salmosbiblicos.com.br\/#website\"},\"datePublished\":\"2026-04-04T03:20:52+00:00\",\"author\":{\"@id\":\"https:\/\/salmosbiblicos.com.br\/#\/schema\/person\/30586d0fb3f3a46b78a3414fc39cc975\"},\"breadcrumb\":{\"@id\":\"http:\/\/salmosbiblicos.com.br\/index.php\/2026\/04\/04\/ira-e-reconciliacao-causas-impactos-e-caminhos-para-a-paz\/#breadcrumb\"},\"inLanguage\":\"pt-BR\",\"potentialAction\":[{\"@type\":\"ReadAction\",\"target\":[\"http:\/\/salmosbiblicos.com.br\/index.php\/2026\/04\/04\/ira-e-reconciliacao-causas-impactos-e-caminhos-para-a-paz\/\"]}]},{\"@type\":\"BreadcrumbList\",\"@id\":\"http:\/\/salmosbiblicos.com.br\/index.php\/2026\/04\/04\/ira-e-reconciliacao-causas-impactos-e-caminhos-para-a-paz\/#breadcrumb\",\"itemListElement\":[{\"@type\":\"ListItem\",\"position\":1,\"name\":\"Home\",\"item\":\"https:\/\/salmosbiblicos.com.br\/\"},{\"@type\":\"ListItem\",\"position\":2,\"name\":\"Ira e Reconcilia\u00e7\u00e3o: Causas, Impactos e Caminhos para a Paz\"}]},{\"@type\":\"WebSite\",\"@id\":\"https:\/\/salmosbiblicos.com.br\/#website\",\"url\":\"https:\/\/salmosbiblicos.com.br\/\",\"name\":\"Salmos B\u00edblicos\",\"description\":\"Uma e-Livraria com e-Books novos para voc\u00ea refletir.\",\"potentialAction\":[{\"@type\":\"SearchAction\",\"target\":{\"@type\":\"EntryPoint\",\"urlTemplate\":\"https:\/\/salmosbiblicos.com.br\/?s={search_term_string}\"},\"query-input\":{\"@type\":\"PropertyValueSpecification\",\"valueRequired\":true,\"valueName\":\"search_term_string\"}}],\"inLanguage\":\"pt-BR\"},{\"@type\":\"Person\",\"@id\":\"https:\/\/salmosbiblicos.com.br\/#\/schema\/person\/30586d0fb3f3a46b78a3414fc39cc975\",\"name\":\"alextreh@gmail.com\",\"image\":{\"@type\":\"ImageObject\",\"inLanguage\":\"pt-BR\",\"@id\":\"https:\/\/secure.gravatar.com\/avatar\/7cf84d31f581ec97b887c1039d478a7c293086896c84951a86753fb2c2af7527?s=96&d=mm&r=g\",\"url\":\"https:\/\/secure.gravatar.com\/avatar\/7cf84d31f581ec97b887c1039d478a7c293086896c84951a86753fb2c2af7527?s=96&d=mm&r=g\",\"contentUrl\":\"https:\/\/secure.gravatar.com\/avatar\/7cf84d31f581ec97b887c1039d478a7c293086896c84951a86753fb2c2af7527?s=96&d=mm&r=g\",\"caption\":\"alextreh@gmail.com\"},\"sameAs\":[\"http:\/\/salmosbiblicos.com.br\"],\"url\":\"http:\/\/salmosbiblicos.com.br\/index.php\/author\/alextrehgmail-com\/\"}]}<\/script>\n<!-- \/ Yoast SEO plugin. -->","yoast_head_json":{"title":"Ira e Reconcilia\u00e7\u00e3o: Causas, Impactos e Caminhos para a Paz - Salmos B\u00edblicos","robots":{"index":"index","follow":"follow","max-snippet":"max-snippet:-1","max-image-preview":"max-image-preview:large","max-video-preview":"max-video-preview:-1"},"canonical":"http:\/\/salmosbiblicos.com.br\/index.php\/2026\/04\/04\/ira-e-reconciliacao-causas-impactos-e-caminhos-para-a-paz\/","og_locale":"pt_BR","og_type":"article","og_title":"Ira e Reconcilia\u00e7\u00e3o: Causas, Impactos e Caminhos para a Paz - Salmos B\u00edblicos","og_description":"## O Peso da Ira e a Necessidade da Reconcilia\u00e7\u00e3o **O fogo da raiva pode arder intensamente em nosso peito**, transformando o que era paz em um turbilh\u00e3o de palavras amargas e gestos impetuosos. Muitas vezes, o conflito n\u00e3o se manifesta apenas na agress\u00e3o f\u00edsica, mas no veneno de uma palavra dita com desprezo ou [&hellip;]","og_url":"http:\/\/salmosbiblicos.com.br\/index.php\/2026\/04\/04\/ira-e-reconciliacao-causas-impactos-e-caminhos-para-a-paz\/","og_site_name":"Salmos B\u00edblicos","article_published_time":"2026-04-04T03:20:52+00:00","author":"alextreh@gmail.com","twitter_card":"summary_large_image","twitter_misc":{"Escrito por":"alextreh@gmail.com","Est. tempo de leitura":"4 minutos"},"schema":{"@context":"https:\/\/schema.org","@graph":[{"@type":"Article","@id":"http:\/\/salmosbiblicos.com.br\/index.php\/2026\/04\/04\/ira-e-reconciliacao-causas-impactos-e-caminhos-para-a-paz\/#article","isPartOf":{"@id":"http:\/\/salmosbiblicos.com.br\/index.php\/2026\/04\/04\/ira-e-reconciliacao-causas-impactos-e-caminhos-para-a-paz\/"},"author":{"name":"alextreh@gmail.com","@id":"https:\/\/salmosbiblicos.com.br\/#\/schema\/person\/30586d0fb3f3a46b78a3414fc39cc975"},"headline":"Ira e Reconcilia\u00e7\u00e3o: Causas, Impactos e Caminhos para a Paz","datePublished":"2026-04-04T03:20:52+00:00","mainEntityOfPage":{"@id":"http:\/\/salmosbiblicos.com.br\/index.php\/2026\/04\/04\/ira-e-reconciliacao-causas-impactos-e-caminhos-para-a-paz\/"},"wordCount":776,"articleSection":["Reflex\u00e3o"],"inLanguage":"pt-BR"},{"@type":"WebPage","@id":"http:\/\/salmosbiblicos.com.br\/index.php\/2026\/04\/04\/ira-e-reconciliacao-causas-impactos-e-caminhos-para-a-paz\/","url":"http:\/\/salmosbiblicos.com.br\/index.php\/2026\/04\/04\/ira-e-reconciliacao-causas-impactos-e-caminhos-para-a-paz\/","name":"Ira e Reconcilia\u00e7\u00e3o: Causas, Impactos e Caminhos para a Paz - Salmos B\u00edblicos","isPartOf":{"@id":"https:\/\/salmosbiblicos.com.br\/#website"},"datePublished":"2026-04-04T03:20:52+00:00","author":{"@id":"https:\/\/salmosbiblicos.com.br\/#\/schema\/person\/30586d0fb3f3a46b78a3414fc39cc975"},"breadcrumb":{"@id":"http:\/\/salmosbiblicos.com.br\/index.php\/2026\/04\/04\/ira-e-reconciliacao-causas-impactos-e-caminhos-para-a-paz\/#breadcrumb"},"inLanguage":"pt-BR","potentialAction":[{"@type":"ReadAction","target":["http:\/\/salmosbiblicos.com.br\/index.php\/2026\/04\/04\/ira-e-reconciliacao-causas-impactos-e-caminhos-para-a-paz\/"]}]},{"@type":"BreadcrumbList","@id":"http:\/\/salmosbiblicos.com.br\/index.php\/2026\/04\/04\/ira-e-reconciliacao-causas-impactos-e-caminhos-para-a-paz\/#breadcrumb","itemListElement":[{"@type":"ListItem","position":1,"name":"Home","item":"https:\/\/salmosbiblicos.com.br\/"},{"@type":"ListItem","position":2,"name":"Ira e Reconcilia\u00e7\u00e3o: Causas, Impactos e Caminhos para a Paz"}]},{"@type":"WebSite","@id":"https:\/\/salmosbiblicos.com.br\/#website","url":"https:\/\/salmosbiblicos.com.br\/","name":"Salmos B\u00edblicos","description":"Uma e-Livraria com e-Books novos para voc\u00ea refletir.","potentialAction":[{"@type":"SearchAction","target":{"@type":"EntryPoint","urlTemplate":"https:\/\/salmosbiblicos.com.br\/?s={search_term_string}"},"query-input":{"@type":"PropertyValueSpecification","valueRequired":true,"valueName":"search_term_string"}}],"inLanguage":"pt-BR"},{"@type":"Person","@id":"https:\/\/salmosbiblicos.com.br\/#\/schema\/person\/30586d0fb3f3a46b78a3414fc39cc975","name":"alextreh@gmail.com","image":{"@type":"ImageObject","inLanguage":"pt-BR","@id":"https:\/\/secure.gravatar.com\/avatar\/7cf84d31f581ec97b887c1039d478a7c293086896c84951a86753fb2c2af7527?s=96&d=mm&r=g","url":"https:\/\/secure.gravatar.com\/avatar\/7cf84d31f581ec97b887c1039d478a7c293086896c84951a86753fb2c2af7527?s=96&d=mm&r=g","contentUrl":"https:\/\/secure.gravatar.com\/avatar\/7cf84d31f581ec97b887c1039d478a7c293086896c84951a86753fb2c2af7527?s=96&d=mm&r=g","caption":"alextreh@gmail.com"},"sameAs":["http:\/\/salmosbiblicos.com.br"],"url":"http:\/\/salmosbiblicos.com.br\/index.php\/author\/alextrehgmail-com\/"}]}},"_links":{"self":[{"href":"http:\/\/salmosbiblicos.com.br\/index.php\/wp-json\/wp\/v2\/posts\/6539","targetHints":{"allow":["GET"]}}],"collection":[{"href":"http:\/\/salmosbiblicos.com.br\/index.php\/wp-json\/wp\/v2\/posts"}],"about":[{"href":"http:\/\/salmosbiblicos.com.br\/index.php\/wp-json\/wp\/v2\/types\/post"}],"author":[{"embeddable":true,"href":"http:\/\/salmosbiblicos.com.br\/index.php\/wp-json\/wp\/v2\/users\/1"}],"replies":[{"embeddable":true,"href":"http:\/\/salmosbiblicos.com.br\/index.php\/wp-json\/wp\/v2\/comments?post=6539"}],"version-history":[{"count":1,"href":"http:\/\/salmosbiblicos.com.br\/index.php\/wp-json\/wp\/v2\/posts\/6539\/revisions"}],"predecessor-version":[{"id":6540,"href":"http:\/\/salmosbiblicos.com.br\/index.php\/wp-json\/wp\/v2\/posts\/6539\/revisions\/6540"}],"wp:attachment":[{"href":"http:\/\/salmosbiblicos.com.br\/index.php\/wp-json\/wp\/v2\/media?parent=6539"}],"wp:term":[{"taxonomy":"category","embeddable":true,"href":"http:\/\/salmosbiblicos.com.br\/index.php\/wp-json\/wp\/v2\/categories?post=6539"},{"taxonomy":"post_tag","embeddable":true,"href":"http:\/\/salmosbiblicos.com.br\/index.php\/wp-json\/wp\/v2\/tags?post=6539"}],"curies":[{"name":"wp","href":"https:\/\/api.w.org\/{rel}","templated":true}]}}