{"id":6569,"date":"2026-04-04T03:13:02","date_gmt":"2026-04-04T06:13:02","guid":{"rendered":"https:\/\/salmosbiblicos.com.br\/?p=6569"},"modified":"2026-04-04T03:13:02","modified_gmt":"2026-04-04T06:13:02","slug":"alma-e-corpo-equilibrio-essencial-para-o-bem-estar","status":"publish","type":"post","link":"http:\/\/salmosbiblicos.com.br\/index.php\/2026\/04\/04\/alma-e-corpo-equilibrio-essencial-para-o-bem-estar\/","title":{"rendered":"Alma e Corpo: Equil\u00edbrio Essencial para o Bem-Estar"},"content":{"rendered":"<p>## A Ilus\u00e3o das Apar\u00eancias e o Cuidado da Alma<\/p>\n<p>Passamos grande parte do nosso dia zelando pela nossa imagem e pelo bem-estar do nosso corpo. Lavamos o rosto, cuidamos da alimenta\u00e7\u00e3o e buscamos a sa\u00fade, o que \u00e9 fundamental, pois **o nosso corpo \u00e9 o templo do Esp\u00edrito Santo**. No entanto, uma pergunta precisa ecoar em nosso sil\u00ean\u00edas: quanto cuidado temos dedicado \u00e0 nossa alma?<\/p>\n<p>Muitas vezes, somos mestres em manter a apar\u00eancia externa impec\u00e1vel, mas permitimos que o nosso interior se torne um lugar de neglig\u00eancia. O ser humano \u00e9 uma unidade de corpo e alma, e de nada adianta uma veste limpa se o cora\u00e7\u00e3o est\u00e1 contaminado.<\/p>\n<p>## O Perigo das Tradi\u00e7\u00f5es que Sufocam o Amor<\/p>\n<p>H\u00e1 um perigo latente em nos perdermos em ritos e costumes que, embora pare\u00e7am piedosos, servem apenas para mascarar a nossa falta de caridade. \u00c0s vezes, nos ocupamos excessivamente com a **limpeza das m\u00e3os, dos copos e das vasilhas**, como faziam os mestres da lei em tempos antigos, esquecendo-nos da limpeza do esp\u00edrito.<\/p>\n<p>### Quando a Religi\u00e3o se Torna um Preceito Humano<\/p>\n<p>A verdadeira espiritualidade n\u00e3o reside apenas no cumprimento de regras externas, mas na sinceridade do cora\u00e7\u00e3o. O perigo surge quando usamos a religiosidade para justificar o descaso com o pr\u00f3ximo. <\/p>\n<p>Podemos chegar ao ponto de criar justificativas espirituais para evitar nossos deveres mais b\u00e1sicos, como o **honrar pai e m\u00e3e**. \u00c9 poss\u00edvel usar o pretexto de uma &#8220;consagra\u00e7\u00e3o a Deus&#8221; para deixar de exercer a caridade e o sustento daqueles que nos foram confiados. Quando isso acontece, nossa adora\u00e7\u00e3o torna-se vazia, pois **apenas honramos a Deus com os l\u00e1bios, mas o nosso cora\u00e7\u00e3o permanece longe d&#8217;Ele**.<\/p>\n<p>## A Promessa de um Cora\u00e7\u00e3o Renovado<\/p>\n<p>A verdadeira purifica\u00e7\u00e3o n\u00e3o acontece na superf\u00edcie da pele, mas nas profundezas do ser. N\u00e3o basta lavar as m\u00e3os se n\u00e3o lavamos a nossa consci\u00eancia. O grande desafio da nossa jornada espiritual \u00e9 **limpar o cora\u00e7\u00e3o de toda impureza, do orgulho, da vaidade e das mentiras**.<\/p>\n<p>A boa not\u00edcia \u00e9 que n\u00e3o precisamos fazer essa limpeza sozinhos. Existe uma promessa de renova\u00e7\u00e3o que atravessa os s\u00e9culos:<\/p>\n<p>*   **A promessa da \u00e1gua pura:** Deus se compromete a derramar \u00e1guas que nos purificam de toda imund\u00edcia.<br \/>*   **A substitui\u00e7\u00e3o do cora\u00e7\u00e3o de pedra:** O Senhor deseja retirar de n\u00f3s a dureza, o cora\u00e7\u00e3o de pedra, para nos dar um **cora\u00e7\u00e3o de carne**, sens\u00edvel \u00e0 Sua vontade.<br \/>*   **A habita\u00e7\u00e3o do Esp\u00edrito:** O objetivo final \u00e9 que o Seu Esp\u00edrito habite em n\u00f3s, capacitando-nos a obedecer aos Seus preceitos com amor, e n\u00e3o por imposi\u00e7\u00e3o.<\/p>\n<p>## O Caminho da Purifica\u00e7\u00e3o Interior<\/p>\n<p>Para que possamos viver uma vida de verdadeira luz, precisamos aceitar o convite para a limpeza interior. Se o corpo precisa de banho, a alma precisa de **arrependimento e renova\u00e7\u00e3o**.<\/p>\n<p>Como crist\u00e3os, temos os meios sagrados para essa restaura\u00e7\u00e3o. Atrav\u00e9s do **Batismo**, fomos lavados de nossos pecados originais, e atrav\u00e9s da **Confiss\u00e3o**, somos convidados a retornar constantemente \u00e0 fonte da pureza, limpando as manchas que o mundo tenta imprimir em nossa alma.<\/p>\n<p>N\u00e3o se contente com uma vida de apar\u00eancias. Busque a **purifica\u00e7\u00e3o que vem do alto**, para que, ao cuidarmos do templo que \u00e9 o nosso corpo, possamos tamb\u00e9m manter a morada da alma sempre pronta para o encontro com o Criador.<\/p>\n","protected":false},"excerpt":{"rendered":"<p>## A Ilus\u00e3o das Apar\u00eancias e o Cuidado da Alma Passamos grande parte do nosso dia zelando pela nossa imagem e pelo bem-estar do nosso corpo. Lavamos o rosto, cuidamos da alimenta\u00e7\u00e3o e buscamos a sa\u00fade, o que \u00e9 fundamental, pois **o nosso corpo \u00e9 o templo do Esp\u00edrito Santo**. No entanto, uma pergunta precisa [&hellip;]<\/p>\n","protected":false},"author":1,"featured_media":0,"comment_status":"closed","ping_status":"open","sticky":false,"template":"","format":"standard","meta":{"footnotes":""},"categories":[14],"tags":[],"class_list":["post-6569","post","type-post","status-publish","format-standard","hentry","category-reflexao"],"yoast_head":"<!-- This site is optimized with the Yoast SEO plugin v27.2 - https:\/\/yoast.com\/product\/yoast-seo-wordpress\/ -->\n<title>Alma e Corpo: Equil\u00edbrio Essencial para o Bem-Estar - Salmos B\u00edblicos<\/title>\n<meta name=\"robots\" content=\"index, follow, max-snippet:-1, max-image-preview:large, max-video-preview:-1\" \/>\n<link rel=\"canonical\" href=\"https:\/\/salmosbiblicos.com.br\/index.php\/2026\/04\/04\/alma-e-corpo-equilibrio-essencial-para-o-bem-estar\/\" \/>\n<meta property=\"og:locale\" content=\"pt_BR\" \/>\n<meta property=\"og:type\" content=\"article\" \/>\n<meta property=\"og:title\" content=\"Alma e Corpo: Equil\u00edbrio Essencial para o Bem-Estar - Salmos B\u00edblicos\" \/>\n<meta property=\"og:description\" content=\"## A Ilus\u00e3o das Apar\u00eancias e o Cuidado da Alma Passamos grande parte do nosso dia zelando pela nossa imagem e pelo bem-estar do nosso corpo. Lavamos o rosto, cuidamos da alimenta\u00e7\u00e3o e buscamos a sa\u00fade, o que \u00e9 fundamental, pois **o nosso corpo \u00e9 o templo do Esp\u00edrito Santo**. No entanto, uma pergunta precisa [&hellip;]\" \/>\n<meta property=\"og:url\" content=\"https:\/\/salmosbiblicos.com.br\/index.php\/2026\/04\/04\/alma-e-corpo-equilibrio-essencial-para-o-bem-estar\/\" \/>\n<meta property=\"og:site_name\" content=\"Salmos B\u00edblicos\" \/>\n<meta property=\"article:published_time\" content=\"2026-04-04T06:13:02+00:00\" \/>\n<meta name=\"author\" content=\"alextreh@gmail.com\" \/>\n<meta name=\"twitter:card\" content=\"summary_large_image\" \/>\n<meta name=\"twitter:label1\" content=\"Escrito por\" \/>\n\t<meta name=\"twitter:data1\" content=\"alextreh@gmail.com\" \/>\n\t<meta name=\"twitter:label2\" content=\"Est. tempo de leitura\" \/>\n\t<meta name=\"twitter:data2\" content=\"3 minutos\" \/>\n<script type=\"application\/ld+json\" class=\"yoast-schema-graph\">{\"@context\":\"https:\/\/schema.org\",\"@graph\":[{\"@type\":\"Article\",\"@id\":\"https:\/\/salmosbiblicos.com.br\/index.php\/2026\/04\/04\/alma-e-corpo-equilibrio-essencial-para-o-bem-estar\/#article\",\"isPartOf\":{\"@id\":\"https:\/\/salmosbiblicos.com.br\/index.php\/2026\/04\/04\/alma-e-corpo-equilibrio-essencial-para-o-bem-estar\/\"},\"author\":{\"name\":\"alextreh@gmail.com\",\"@id\":\"https:\/\/salmosbiblicos.com.br\/#\/schema\/person\/30586d0fb3f3a46b78a3414fc39cc975\"},\"headline\":\"Alma e Corpo: Equil\u00edbrio Essencial para o Bem-Estar\",\"datePublished\":\"2026-04-04T06:13:02+00:00\",\"mainEntityOfPage\":{\"@id\":\"https:\/\/salmosbiblicos.com.br\/index.php\/2026\/04\/04\/alma-e-corpo-equilibrio-essencial-para-o-bem-estar\/\"},\"wordCount\":599,\"articleSection\":[\"Reflex\u00e3o\"],\"inLanguage\":\"pt-BR\"},{\"@type\":\"WebPage\",\"@id\":\"https:\/\/salmosbiblicos.com.br\/index.php\/2026\/04\/04\/alma-e-corpo-equilibrio-essencial-para-o-bem-estar\/\",\"url\":\"https:\/\/salmosbiblicos.com.br\/index.php\/2026\/04\/04\/alma-e-corpo-equilibrio-essencial-para-o-bem-estar\/\",\"name\":\"Alma e Corpo: Equil\u00edbrio Essencial para o Bem-Estar - Salmos B\u00edblicos\",\"isPartOf\":{\"@id\":\"https:\/\/salmosbiblicos.com.br\/#website\"},\"datePublished\":\"2026-04-04T06:13:02+00:00\",\"author\":{\"@id\":\"https:\/\/salmosbiblicos.com.br\/#\/schema\/person\/30586d0fb3f3a46b78a3414fc39cc975\"},\"breadcrumb\":{\"@id\":\"https:\/\/salmosbiblicos.com.br\/index.php\/2026\/04\/04\/alma-e-corpo-equilibrio-essencial-para-o-bem-estar\/#breadcrumb\"},\"inLanguage\":\"pt-BR\",\"potentialAction\":[{\"@type\":\"ReadAction\",\"target\":[\"https:\/\/salmosbiblicos.com.br\/index.php\/2026\/04\/04\/alma-e-corpo-equilibrio-essencial-para-o-bem-estar\/\"]}]},{\"@type\":\"BreadcrumbList\",\"@id\":\"https:\/\/salmosbiblicos.com.br\/index.php\/2026\/04\/04\/alma-e-corpo-equilibrio-essencial-para-o-bem-estar\/#breadcrumb\",\"itemListElement\":[{\"@type\":\"ListItem\",\"position\":1,\"name\":\"Home\",\"item\":\"https:\/\/salmosbiblicos.com.br\/\"},{\"@type\":\"ListItem\",\"position\":2,\"name\":\"Alma e Corpo: Equil\u00edbrio Essencial para o Bem-Estar\"}]},{\"@type\":\"WebSite\",\"@id\":\"https:\/\/salmosbiblicos.com.br\/#website\",\"url\":\"https:\/\/salmosbiblicos.com.br\/\",\"name\":\"Salmos B\u00edblicos\",\"description\":\"Uma e-Livraria com e-Books novos para voc\u00ea refletir.\",\"potentialAction\":[{\"@type\":\"SearchAction\",\"target\":{\"@type\":\"EntryPoint\",\"urlTemplate\":\"https:\/\/salmosbiblicos.com.br\/?s={search_term_string}\"},\"query-input\":{\"@type\":\"PropertyValueSpecification\",\"valueRequired\":true,\"valueName\":\"search_term_string\"}}],\"inLanguage\":\"pt-BR\"},{\"@type\":\"Person\",\"@id\":\"https:\/\/salmosbiblicos.com.br\/#\/schema\/person\/30586d0fb3f3a46b78a3414fc39cc975\",\"name\":\"alextreh@gmail.com\",\"image\":{\"@type\":\"ImageObject\",\"inLanguage\":\"pt-BR\",\"@id\":\"https:\/\/secure.gravatar.com\/avatar\/7cf84d31f581ec97b887c1039d478a7c293086896c84951a86753fb2c2af7527?s=96&d=mm&r=g\",\"url\":\"https:\/\/secure.gravatar.com\/avatar\/7cf84d31f581ec97b887c1039d478a7c293086896c84951a86753fb2c2af7527?s=96&d=mm&r=g\",\"contentUrl\":\"https:\/\/secure.gravatar.com\/avatar\/7cf84d31f581ec97b887c1039d478a7c293086896c84951a86753fb2c2af7527?s=96&d=mm&r=g\",\"caption\":\"alextreh@gmail.com\"},\"sameAs\":[\"http:\/\/salmosbiblicos.com.br\"],\"url\":\"http:\/\/salmosbiblicos.com.br\/index.php\/author\/alextrehgmail-com\/\"}]}<\/script>\n<!-- \/ Yoast SEO plugin. -->","yoast_head_json":{"title":"Alma e Corpo: Equil\u00edbrio Essencial para o Bem-Estar - Salmos B\u00edblicos","robots":{"index":"index","follow":"follow","max-snippet":"max-snippet:-1","max-image-preview":"max-image-preview:large","max-video-preview":"max-video-preview:-1"},"canonical":"https:\/\/salmosbiblicos.com.br\/index.php\/2026\/04\/04\/alma-e-corpo-equilibrio-essencial-para-o-bem-estar\/","og_locale":"pt_BR","og_type":"article","og_title":"Alma e Corpo: Equil\u00edbrio Essencial para o Bem-Estar - Salmos B\u00edblicos","og_description":"## A Ilus\u00e3o das Apar\u00eancias e o Cuidado da Alma Passamos grande parte do nosso dia zelando pela nossa imagem e pelo bem-estar do nosso corpo. Lavamos o rosto, cuidamos da alimenta\u00e7\u00e3o e buscamos a sa\u00fade, o que \u00e9 fundamental, pois **o nosso corpo \u00e9 o templo do Esp\u00edrito Santo**. No entanto, uma pergunta precisa [&hellip;]","og_url":"https:\/\/salmosbiblicos.com.br\/index.php\/2026\/04\/04\/alma-e-corpo-equilibrio-essencial-para-o-bem-estar\/","og_site_name":"Salmos B\u00edblicos","article_published_time":"2026-04-04T06:13:02+00:00","author":"alextreh@gmail.com","twitter_card":"summary_large_image","twitter_misc":{"Escrito por":"alextreh@gmail.com","Est. tempo de leitura":"3 minutos"},"schema":{"@context":"https:\/\/schema.org","@graph":[{"@type":"Article","@id":"https:\/\/salmosbiblicos.com.br\/index.php\/2026\/04\/04\/alma-e-corpo-equilibrio-essencial-para-o-bem-estar\/#article","isPartOf":{"@id":"https:\/\/salmosbiblicos.com.br\/index.php\/2026\/04\/04\/alma-e-corpo-equilibrio-essencial-para-o-bem-estar\/"},"author":{"name":"alextreh@gmail.com","@id":"https:\/\/salmosbiblicos.com.br\/#\/schema\/person\/30586d0fb3f3a46b78a3414fc39cc975"},"headline":"Alma e Corpo: Equil\u00edbrio Essencial para o Bem-Estar","datePublished":"2026-04-04T06:13:02+00:00","mainEntityOfPage":{"@id":"https:\/\/salmosbiblicos.com.br\/index.php\/2026\/04\/04\/alma-e-corpo-equilibrio-essencial-para-o-bem-estar\/"},"wordCount":599,"articleSection":["Reflex\u00e3o"],"inLanguage":"pt-BR"},{"@type":"WebPage","@id":"https:\/\/salmosbiblicos.com.br\/index.php\/2026\/04\/04\/alma-e-corpo-equilibrio-essencial-para-o-bem-estar\/","url":"https:\/\/salmosbiblicos.com.br\/index.php\/2026\/04\/04\/alma-e-corpo-equilibrio-essencial-para-o-bem-estar\/","name":"Alma e Corpo: Equil\u00edbrio Essencial para o Bem-Estar - Salmos B\u00edblicos","isPartOf":{"@id":"https:\/\/salmosbiblicos.com.br\/#website"},"datePublished":"2026-04-04T06:13:02+00:00","author":{"@id":"https:\/\/salmosbiblicos.com.br\/#\/schema\/person\/30586d0fb3f3a46b78a3414fc39cc975"},"breadcrumb":{"@id":"https:\/\/salmosbiblicos.com.br\/index.php\/2026\/04\/04\/alma-e-corpo-equilibrio-essencial-para-o-bem-estar\/#breadcrumb"},"inLanguage":"pt-BR","potentialAction":[{"@type":"ReadAction","target":["https:\/\/salmosbiblicos.com.br\/index.php\/2026\/04\/04\/alma-e-corpo-equilibrio-essencial-para-o-bem-estar\/"]}]},{"@type":"BreadcrumbList","@id":"https:\/\/salmosbiblicos.com.br\/index.php\/2026\/04\/04\/alma-e-corpo-equilibrio-essencial-para-o-bem-estar\/#breadcrumb","itemListElement":[{"@type":"ListItem","position":1,"name":"Home","item":"https:\/\/salmosbiblicos.com.br\/"},{"@type":"ListItem","position":2,"name":"Alma e Corpo: Equil\u00edbrio Essencial para o Bem-Estar"}]},{"@type":"WebSite","@id":"https:\/\/salmosbiblicos.com.br\/#website","url":"https:\/\/salmosbiblicos.com.br\/","name":"Salmos B\u00edblicos","description":"Uma e-Livraria com e-Books novos para voc\u00ea refletir.","potentialAction":[{"@type":"SearchAction","target":{"@type":"EntryPoint","urlTemplate":"https:\/\/salmosbiblicos.com.br\/?s={search_term_string}"},"query-input":{"@type":"PropertyValueSpecification","valueRequired":true,"valueName":"search_term_string"}}],"inLanguage":"pt-BR"},{"@type":"Person","@id":"https:\/\/salmosbiblicos.com.br\/#\/schema\/person\/30586d0fb3f3a46b78a3414fc39cc975","name":"alextreh@gmail.com","image":{"@type":"ImageObject","inLanguage":"pt-BR","@id":"https:\/\/secure.gravatar.com\/avatar\/7cf84d31f581ec97b887c1039d478a7c293086896c84951a86753fb2c2af7527?s=96&d=mm&r=g","url":"https:\/\/secure.gravatar.com\/avatar\/7cf84d31f581ec97b887c1039d478a7c293086896c84951a86753fb2c2af7527?s=96&d=mm&r=g","contentUrl":"https:\/\/secure.gravatar.com\/avatar\/7cf84d31f581ec97b887c1039d478a7c293086896c84951a86753fb2c2af7527?s=96&d=mm&r=g","caption":"alextreh@gmail.com"},"sameAs":["http:\/\/salmosbiblicos.com.br"],"url":"http:\/\/salmosbiblicos.com.br\/index.php\/author\/alextrehgmail-com\/"}]}},"_links":{"self":[{"href":"http:\/\/salmosbiblicos.com.br\/index.php\/wp-json\/wp\/v2\/posts\/6569","targetHints":{"allow":["GET"]}}],"collection":[{"href":"http:\/\/salmosbiblicos.com.br\/index.php\/wp-json\/wp\/v2\/posts"}],"about":[{"href":"http:\/\/salmosbiblicos.com.br\/index.php\/wp-json\/wp\/v2\/types\/post"}],"author":[{"embeddable":true,"href":"http:\/\/salmosbiblicos.com.br\/index.php\/wp-json\/wp\/v2\/users\/1"}],"replies":[{"embeddable":true,"href":"http:\/\/salmosbiblicos.com.br\/index.php\/wp-json\/wp\/v2\/comments?post=6569"}],"version-history":[{"count":1,"href":"http:\/\/salmosbiblicos.com.br\/index.php\/wp-json\/wp\/v2\/posts\/6569\/revisions"}],"predecessor-version":[{"id":6570,"href":"http:\/\/salmosbiblicos.com.br\/index.php\/wp-json\/wp\/v2\/posts\/6569\/revisions\/6570"}],"wp:attachment":[{"href":"http:\/\/salmosbiblicos.com.br\/index.php\/wp-json\/wp\/v2\/media?parent=6569"}],"wp:term":[{"taxonomy":"category","embeddable":true,"href":"http:\/\/salmosbiblicos.com.br\/index.php\/wp-json\/wp\/v2\/categories?post=6569"},{"taxonomy":"post_tag","embeddable":true,"href":"http:\/\/salmosbiblicos.com.br\/index.php\/wp-json\/wp\/v2\/tags?post=6569"}],"curies":[{"name":"wp","href":"https:\/\/api.w.org\/{rel}","templated":true}]}}