{"id":6579,"date":"2026-04-04T04:07:24","date_gmt":"2026-04-04T07:07:24","guid":{"rendered":"https:\/\/salmosbiblicos.com.br\/?p=6579"},"modified":"2026-04-04T04:07:24","modified_gmt":"2026-04-04T07:07:24","slug":"jesus-e-suas-feridas-o-chamado-a-misericordia-e-cura-interior","status":"publish","type":"post","link":"http:\/\/salmosbiblicos.com.br\/index.php\/2026\/04\/04\/jesus-e-suas-feridas-o-chamado-a-misericordia-e-cura-interior\/","title":{"rendered":"Jesus e Suas Feridas: O Chamado \u00e0 Miseric\u00f3rdia e Cura Interior"},"content":{"rendered":"<p>## O Chamado da Miseric\u00f3rdia: Quando o M\u00e9dico Encontra a Ferida<\/p>\n<p>Existe uma verdade profunda que muitas vezes tentamos evitar, mas que \u00e9 a chave para a nossa verdadeira paz: **Jesus n\u00e3o veio buscar aqueles que se acreditam perfeitos, mas sim aqueles que reconhecem suas pr\u00f3prias feridas.** <\/p>\n<p>Se voc\u00ea se sente cansado, sobrecarregado pelo peso de suas falhas ou sente que sua alma precisa de um novo come\u00e7o, saiba que este \u00e9 o prop\u00f3sito do Seu encontro com voc\u00ea. O olhar de Deus n\u00e3o repousa sobre a m\u00e1scara da santidade fingida, mas sobre a **sinceridade de um cora\u00e7\u00e3o que sabe que precisa de cura.**<\/p>\n<p>## O Perigo da Autossufici\u00eancia e da Soberba<\/p>\n<p>Muitas vezes, ca\u00edmos na armadilha de acreditar que somos &#8220;boas pessoas&#8221; e que n\u00e3o precisamos de transforma\u00e7\u00e3o. No entanto, a verdadeira cura come\u00e7a com o diagn\u00f3stico honesto de nossa condi\u00e7\u00e3o.<\/p>\n<p>A hist\u00f3ria nos mostra que aqueles que se consideravam justos e sem erros acabaram se fechando para o aprendizado. Quando nos fechamos em nossa pr\u00f3pria justi\u00e7a, tornamo-se inacess\u00edveis \u00e0 gra\u00e7a.<\/p>\n<p>*   **A ilus\u00e3o da perfei\u00e7\u00e3o:** Se dissermos que n\u00e3o temos pecado, estamos apenas enganando a n\u00f3s mesmos, pois a verdade n\u00e3o reside em nossa pr\u00f3pria autopercep\u00e7\u00e3o.<br \/>*   **O erro dos &#8220;justos&#8221;:** Quem acredita que j\u00e1 est\u00e1 saud\u00e1vel n\u00e3o sente necessidade de buscar o m\u00e9dico. Da mesma forma, quem acredita que n\u00e3o tem erros n\u00e3o busca o Salvador.<br \/>*   **O combate \u00e0 soberba:** O mundo moderno tenta minimizar o conceito de erro e falha, mas fugir da nossa realidade espiritual \u00e9 impedir que a luz da verdade nos alcance.<\/p>\n<p>## A Alegria do Reencontro e a Verdade da nossa Condi\u00e7\u00e3o<\/p>\n<p>A consci\u00eancia da nossa pequenez n\u00e3o deve nos levar ao desesento, mas sim \u00e0 esperan\u00e7a. Reconhecer que somos falhos \u00e9 o primeiro passo para experimentar a **imensa alegria que provoca o c\u00e9u.**<\/p>\n<p>A espiritualidade aut\u00eantica n\u00e3o se baseia em esconder cicatrizes, mas em permitir que o Mestre as toque. \u00c9 na humildade de admitir a pr\u00f3pria necessidade que encontramos a for\u00e7a da reden\u00e7\u00e3o.<\/p>\n<p>### A li\u00e7\u00e3o da humildade de Paulo<br \/>Devemos aprender com aqueles que, mesmo tendo experimentado grandes transforma\u00e7\u00f5es, nunca esqueceram de onde vieram. A consci\u00eancia de que **&#8221;somos os primeiros entre os pecadores&#8221;** \u00e9 o que nos mant\u00e9m conectados \u00e0 fonte da vida.<\/p>\n<p>### O C\u00e9u em festa<br \/>H\u00e1 algo extraordin\u00e1rio no universo espiritual:<br \/>*   Existe uma **alegria maior no c\u00e9u** por um \u00fanico cora\u00e7\u00e3o que se arrepende do que por muitos que se julgam dignos.<br \/>*   O arrependimento n\u00e3o \u00e9 um peso, mas uma porta aberta para a celebra\u00e7\u00e3o divina.<\/p>\n<p>## A Promessa de Salva\u00e7\u00e3o e o Amor Incondicional<\/p>\n<p>A mensagem central que deve habitar sua alma \u00e9 de esperan\u00e7a absoluta. O prop\u00f3sito da vinda do Divino n\u00e3o \u00e9 a condena\u00e7\u00e3o, mas a liberta\u00e7\u00e3o.<\/p>\n<p>**N\u00e3o tenha medo de encarar sua pr\u00f3pria verdade.** N\u00e3o tema o reconhecimento de suas limita\u00e7\u00f5es, pois \u00e9 justamente nesse lugar de vulnerabilidade que o amor mais poderoso se manifesta.<\/p>\n<p>**O amor se provou de forma inigual\u00e1vel:**<br \/>*   **O sacrif\u00edcio supremo:** O amor foi demonstrado quando, enquanto ainda \u00e9ramos falhos e perdidos, o sacrif\u00edcio foi feito por n\u00f3s.<br \/>*   **Um prop\u00f3sito de salva\u00e7\u00e3o:** O objetivo nunca foi apontar o dedo para o erro, mas oferecer o caminho para que o mundo seja salvo.<br \/>*   **O convite ao perd\u00e3o:** O caminho para a paz est\u00e1 aberto para todos que buscam o perd\u00e3o e o reconhecimento de sua necessidade de aux\u00edlio.<\/p>\n<p>N\u00e3o esconda suas dores sob uma apar\u00eancia de santidade. **Aproxime-se da cura com a coragem de quem sabe que \u00e9 amado exatamente como \u00e9**, mas que deseja ser transformado para o que pode se tornar.<\/p>\n","protected":false},"excerpt":{"rendered":"<p>## O Chamado da Miseric\u00f3rdia: Quando o M\u00e9dico Encontra a Ferida Existe uma verdade profunda que muitas vezes tentamos evitar, mas que \u00e9 a chave para a nossa verdadeira paz: **Jesus n\u00e3o veio buscar aqueles que se acreditam perfeitos, mas sim aqueles que reconhecem suas pr\u00f3prias feridas.** Se voc\u00ea se sente cansado, sobrecarregado pelo peso [&hellip;]<\/p>\n","protected":false},"author":1,"featured_media":0,"comment_status":"closed","ping_status":"open","sticky":false,"template":"","format":"standard","meta":{"footnotes":""},"categories":[14],"tags":[],"class_list":["post-6579","post","type-post","status-publish","format-standard","hentry","category-reflexao"],"yoast_head":"<!-- This site is optimized with the Yoast SEO plugin v27.2 - https:\/\/yoast.com\/product\/yoast-seo-wordpress\/ -->\n<title>Jesus e Suas Feridas: O Chamado \u00e0 Miseric\u00f3rdia e Cura Interior - Salmos B\u00edblicos<\/title>\n<meta name=\"robots\" content=\"index, follow, max-snippet:-1, max-image-preview:large, max-video-preview:-1\" \/>\n<link rel=\"canonical\" href=\"http:\/\/salmosbiblicos.com.br\/index.php\/2026\/04\/04\/jesus-e-suas-feridas-o-chamado-a-misericordia-e-cura-interior\/\" \/>\n<meta property=\"og:locale\" content=\"pt_BR\" \/>\n<meta property=\"og:type\" content=\"article\" \/>\n<meta property=\"og:title\" content=\"Jesus e Suas Feridas: O Chamado \u00e0 Miseric\u00f3rdia e Cura Interior - Salmos B\u00edblicos\" \/>\n<meta property=\"og:description\" content=\"## O Chamado da Miseric\u00f3rdia: Quando o M\u00e9dico Encontra a Ferida Existe uma verdade profunda que muitas vezes tentamos evitar, mas que \u00e9 a chave para a nossa verdadeira paz: **Jesus n\u00e3o veio buscar aqueles que se acreditam perfeitos, mas sim aqueles que reconhecem suas pr\u00f3prias feridas.** Se voc\u00ea se sente cansado, sobrecarregado pelo peso [&hellip;]\" \/>\n<meta property=\"og:url\" content=\"http:\/\/salmosbiblicos.com.br\/index.php\/2026\/04\/04\/jesus-e-suas-feridas-o-chamado-a-misericordia-e-cura-interior\/\" \/>\n<meta property=\"og:site_name\" content=\"Salmos B\u00edblicos\" \/>\n<meta property=\"article:published_time\" content=\"2026-04-04T07:07:24+00:00\" \/>\n<meta name=\"author\" content=\"alextreh@gmail.com\" \/>\n<meta name=\"twitter:card\" content=\"summary_large_image\" \/>\n<meta name=\"twitter:label1\" content=\"Escrito por\" \/>\n\t<meta name=\"twitter:data1\" content=\"alextreh@gmail.com\" \/>\n\t<meta name=\"twitter:label2\" content=\"Est. tempo de leitura\" \/>\n\t<meta name=\"twitter:data2\" content=\"3 minutos\" \/>\n<script type=\"application\/ld+json\" class=\"yoast-schema-graph\">{\"@context\":\"https:\/\/schema.org\",\"@graph\":[{\"@type\":\"Article\",\"@id\":\"http:\/\/salmosbiblicos.com.br\/index.php\/2026\/04\/04\/jesus-e-suas-feridas-o-chamado-a-misericordia-e-cura-interior\/#article\",\"isPartOf\":{\"@id\":\"http:\/\/salmosbiblicos.com.br\/index.php\/2026\/04\/04\/jesus-e-suas-feridas-o-chamado-a-misericordia-e-cura-interior\/\"},\"author\":{\"name\":\"alextreh@gmail.com\",\"@id\":\"https:\/\/salmosbiblicos.com.br\/#\/schema\/person\/30586d0fb3f3a46b78a3414fc39cc975\"},\"headline\":\"Jesus e Suas Feridas: O Chamado \u00e0 Miseric\u00f3rdia e Cura Interior\",\"datePublished\":\"2026-04-04T07:07:24+00:00\",\"mainEntityOfPage\":{\"@id\":\"http:\/\/salmosbiblicos.com.br\/index.php\/2026\/04\/04\/jesus-e-suas-feridas-o-chamado-a-misericordia-e-cura-interior\/\"},\"wordCount\":654,\"articleSection\":[\"Reflex\u00e3o\"],\"inLanguage\":\"pt-BR\"},{\"@type\":\"WebPage\",\"@id\":\"http:\/\/salmosbiblicos.com.br\/index.php\/2026\/04\/04\/jesus-e-suas-feridas-o-chamado-a-misericordia-e-cura-interior\/\",\"url\":\"http:\/\/salmosbiblicos.com.br\/index.php\/2026\/04\/04\/jesus-e-suas-feridas-o-chamado-a-misericordia-e-cura-interior\/\",\"name\":\"Jesus e Suas Feridas: O Chamado \u00e0 Miseric\u00f3rdia e Cura Interior - Salmos B\u00edblicos\",\"isPartOf\":{\"@id\":\"https:\/\/salmosbiblicos.com.br\/#website\"},\"datePublished\":\"2026-04-04T07:07:24+00:00\",\"author\":{\"@id\":\"https:\/\/salmosbiblicos.com.br\/#\/schema\/person\/30586d0fb3f3a46b78a3414fc39cc975\"},\"breadcrumb\":{\"@id\":\"http:\/\/salmosbiblicos.com.br\/index.php\/2026\/04\/04\/jesus-e-suas-feridas-o-chamado-a-misericordia-e-cura-interior\/#breadcrumb\"},\"inLanguage\":\"pt-BR\",\"potentialAction\":[{\"@type\":\"ReadAction\",\"target\":[\"http:\/\/salmosbiblicos.com.br\/index.php\/2026\/04\/04\/jesus-e-suas-feridas-o-chamado-a-misericordia-e-cura-interior\/\"]}]},{\"@type\":\"BreadcrumbList\",\"@id\":\"http:\/\/salmosbiblicos.com.br\/index.php\/2026\/04\/04\/jesus-e-suas-feridas-o-chamado-a-misericordia-e-cura-interior\/#breadcrumb\",\"itemListElement\":[{\"@type\":\"ListItem\",\"position\":1,\"name\":\"Home\",\"item\":\"https:\/\/salmosbiblicos.com.br\/\"},{\"@type\":\"ListItem\",\"position\":2,\"name\":\"Jesus e Suas Feridas: O Chamado \u00e0 Miseric\u00f3rdia e Cura Interior\"}]},{\"@type\":\"WebSite\",\"@id\":\"https:\/\/salmosbiblicos.com.br\/#website\",\"url\":\"https:\/\/salmosbiblicos.com.br\/\",\"name\":\"Salmos B\u00edblicos\",\"description\":\"Uma e-Livraria com e-Books novos para voc\u00ea refletir.\",\"potentialAction\":[{\"@type\":\"SearchAction\",\"target\":{\"@type\":\"EntryPoint\",\"urlTemplate\":\"https:\/\/salmosbiblicos.com.br\/?s={search_term_string}\"},\"query-input\":{\"@type\":\"PropertyValueSpecification\",\"valueRequired\":true,\"valueName\":\"search_term_string\"}}],\"inLanguage\":\"pt-BR\"},{\"@type\":\"Person\",\"@id\":\"https:\/\/salmosbiblicos.com.br\/#\/schema\/person\/30586d0fb3f3a46b78a3414fc39cc975\",\"name\":\"alextreh@gmail.com\",\"image\":{\"@type\":\"ImageObject\",\"inLanguage\":\"pt-BR\",\"@id\":\"https:\/\/secure.gravatar.com\/avatar\/7cf84d31f581ec97b887c1039d478a7c293086896c84951a86753fb2c2af7527?s=96&d=mm&r=g\",\"url\":\"https:\/\/secure.gravatar.com\/avatar\/7cf84d31f581ec97b887c1039d478a7c293086896c84951a86753fb2c2af7527?s=96&d=mm&r=g\",\"contentUrl\":\"https:\/\/secure.gravatar.com\/avatar\/7cf84d31f581ec97b887c1039d478a7c293086896c84951a86753fb2c2af7527?s=96&d=mm&r=g\",\"caption\":\"alextreh@gmail.com\"},\"sameAs\":[\"http:\/\/salmosbiblicos.com.br\"],\"url\":\"http:\/\/salmosbiblicos.com.br\/index.php\/author\/alextrehgmail-com\/\"}]}<\/script>\n<!-- \/ Yoast SEO plugin. -->","yoast_head_json":{"title":"Jesus e Suas Feridas: O Chamado \u00e0 Miseric\u00f3rdia e Cura Interior - Salmos B\u00edblicos","robots":{"index":"index","follow":"follow","max-snippet":"max-snippet:-1","max-image-preview":"max-image-preview:large","max-video-preview":"max-video-preview:-1"},"canonical":"http:\/\/salmosbiblicos.com.br\/index.php\/2026\/04\/04\/jesus-e-suas-feridas-o-chamado-a-misericordia-e-cura-interior\/","og_locale":"pt_BR","og_type":"article","og_title":"Jesus e Suas Feridas: O Chamado \u00e0 Miseric\u00f3rdia e Cura Interior - Salmos B\u00edblicos","og_description":"## O Chamado da Miseric\u00f3rdia: Quando o M\u00e9dico Encontra a Ferida Existe uma verdade profunda que muitas vezes tentamos evitar, mas que \u00e9 a chave para a nossa verdadeira paz: **Jesus n\u00e3o veio buscar aqueles que se acreditam perfeitos, mas sim aqueles que reconhecem suas pr\u00f3prias feridas.** Se voc\u00ea se sente cansado, sobrecarregado pelo peso [&hellip;]","og_url":"http:\/\/salmosbiblicos.com.br\/index.php\/2026\/04\/04\/jesus-e-suas-feridas-o-chamado-a-misericordia-e-cura-interior\/","og_site_name":"Salmos B\u00edblicos","article_published_time":"2026-04-04T07:07:24+00:00","author":"alextreh@gmail.com","twitter_card":"summary_large_image","twitter_misc":{"Escrito por":"alextreh@gmail.com","Est. tempo de leitura":"3 minutos"},"schema":{"@context":"https:\/\/schema.org","@graph":[{"@type":"Article","@id":"http:\/\/salmosbiblicos.com.br\/index.php\/2026\/04\/04\/jesus-e-suas-feridas-o-chamado-a-misericordia-e-cura-interior\/#article","isPartOf":{"@id":"http:\/\/salmosbiblicos.com.br\/index.php\/2026\/04\/04\/jesus-e-suas-feridas-o-chamado-a-misericordia-e-cura-interior\/"},"author":{"name":"alextreh@gmail.com","@id":"https:\/\/salmosbiblicos.com.br\/#\/schema\/person\/30586d0fb3f3a46b78a3414fc39cc975"},"headline":"Jesus e Suas Feridas: O Chamado \u00e0 Miseric\u00f3rdia e Cura Interior","datePublished":"2026-04-04T07:07:24+00:00","mainEntityOfPage":{"@id":"http:\/\/salmosbiblicos.com.br\/index.php\/2026\/04\/04\/jesus-e-suas-feridas-o-chamado-a-misericordia-e-cura-interior\/"},"wordCount":654,"articleSection":["Reflex\u00e3o"],"inLanguage":"pt-BR"},{"@type":"WebPage","@id":"http:\/\/salmosbiblicos.com.br\/index.php\/2026\/04\/04\/jesus-e-suas-feridas-o-chamado-a-misericordia-e-cura-interior\/","url":"http:\/\/salmosbiblicos.com.br\/index.php\/2026\/04\/04\/jesus-e-suas-feridas-o-chamado-a-misericordia-e-cura-interior\/","name":"Jesus e Suas Feridas: O Chamado \u00e0 Miseric\u00f3rdia e Cura Interior - Salmos B\u00edblicos","isPartOf":{"@id":"https:\/\/salmosbiblicos.com.br\/#website"},"datePublished":"2026-04-04T07:07:24+00:00","author":{"@id":"https:\/\/salmosbiblicos.com.br\/#\/schema\/person\/30586d0fb3f3a46b78a3414fc39cc975"},"breadcrumb":{"@id":"http:\/\/salmosbiblicos.com.br\/index.php\/2026\/04\/04\/jesus-e-suas-feridas-o-chamado-a-misericordia-e-cura-interior\/#breadcrumb"},"inLanguage":"pt-BR","potentialAction":[{"@type":"ReadAction","target":["http:\/\/salmosbiblicos.com.br\/index.php\/2026\/04\/04\/jesus-e-suas-feridas-o-chamado-a-misericordia-e-cura-interior\/"]}]},{"@type":"BreadcrumbList","@id":"http:\/\/salmosbiblicos.com.br\/index.php\/2026\/04\/04\/jesus-e-suas-feridas-o-chamado-a-misericordia-e-cura-interior\/#breadcrumb","itemListElement":[{"@type":"ListItem","position":1,"name":"Home","item":"https:\/\/salmosbiblicos.com.br\/"},{"@type":"ListItem","position":2,"name":"Jesus e Suas Feridas: O Chamado \u00e0 Miseric\u00f3rdia e Cura Interior"}]},{"@type":"WebSite","@id":"https:\/\/salmosbiblicos.com.br\/#website","url":"https:\/\/salmosbiblicos.com.br\/","name":"Salmos B\u00edblicos","description":"Uma e-Livraria com e-Books novos para voc\u00ea refletir.","potentialAction":[{"@type":"SearchAction","target":{"@type":"EntryPoint","urlTemplate":"https:\/\/salmosbiblicos.com.br\/?s={search_term_string}"},"query-input":{"@type":"PropertyValueSpecification","valueRequired":true,"valueName":"search_term_string"}}],"inLanguage":"pt-BR"},{"@type":"Person","@id":"https:\/\/salmosbiblicos.com.br\/#\/schema\/person\/30586d0fb3f3a46b78a3414fc39cc975","name":"alextreh@gmail.com","image":{"@type":"ImageObject","inLanguage":"pt-BR","@id":"https:\/\/secure.gravatar.com\/avatar\/7cf84d31f581ec97b887c1039d478a7c293086896c84951a86753fb2c2af7527?s=96&d=mm&r=g","url":"https:\/\/secure.gravatar.com\/avatar\/7cf84d31f581ec97b887c1039d478a7c293086896c84951a86753fb2c2af7527?s=96&d=mm&r=g","contentUrl":"https:\/\/secure.gravatar.com\/avatar\/7cf84d31f581ec97b887c1039d478a7c293086896c84951a86753fb2c2af7527?s=96&d=mm&r=g","caption":"alextreh@gmail.com"},"sameAs":["http:\/\/salmosbiblicos.com.br"],"url":"http:\/\/salmosbiblicos.com.br\/index.php\/author\/alextrehgmail-com\/"}]}},"_links":{"self":[{"href":"http:\/\/salmosbiblicos.com.br\/index.php\/wp-json\/wp\/v2\/posts\/6579","targetHints":{"allow":["GET"]}}],"collection":[{"href":"http:\/\/salmosbiblicos.com.br\/index.php\/wp-json\/wp\/v2\/posts"}],"about":[{"href":"http:\/\/salmosbiblicos.com.br\/index.php\/wp-json\/wp\/v2\/types\/post"}],"author":[{"embeddable":true,"href":"http:\/\/salmosbiblicos.com.br\/index.php\/wp-json\/wp\/v2\/users\/1"}],"replies":[{"embeddable":true,"href":"http:\/\/salmosbiblicos.com.br\/index.php\/wp-json\/wp\/v2\/comments?post=6579"}],"version-history":[{"count":1,"href":"http:\/\/salmosbiblicos.com.br\/index.php\/wp-json\/wp\/v2\/posts\/6579\/revisions"}],"predecessor-version":[{"id":6580,"href":"http:\/\/salmosbiblicos.com.br\/index.php\/wp-json\/wp\/v2\/posts\/6579\/revisions\/6580"}],"wp:attachment":[{"href":"http:\/\/salmosbiblicos.com.br\/index.php\/wp-json\/wp\/v2\/media?parent=6579"}],"wp:term":[{"taxonomy":"category","embeddable":true,"href":"http:\/\/salmosbiblicos.com.br\/index.php\/wp-json\/wp\/v2\/categories?post=6579"},{"taxonomy":"post_tag","embeddable":true,"href":"http:\/\/salmosbiblicos.com.br\/index.php\/wp-json\/wp\/v2\/tags?post=6579"}],"curies":[{"name":"wp","href":"https:\/\/api.w.org\/{rel}","templated":true}]}}