{"id":6599,"date":"2026-04-04T05:52:07","date_gmt":"2026-04-04T08:52:07","guid":{"rendered":"https:\/\/salmosbiblicos.com.br\/?p=6599"},"modified":"2026-04-04T05:52:07","modified_gmt":"2026-04-04T08:52:07","slug":"homem-curado-apos-38-anos-na-espera-uma-licao-de-fe","status":"publish","type":"post","link":"http:\/\/salmosbiblicos.com.br\/index.php\/2026\/04\/04\/homem-curado-apos-38-anos-na-espera-uma-licao-de-fe\/","title":{"rendered":"Homem Curado Ap\u00f3s 38 Anos na Espera: Uma Li\u00e7\u00e3o de F\u00e9"},"content":{"rendered":"<p>## O Peso da Liberdade e o Chamado \u00e0 Convers\u00e3o<\/p>\n<p>Imagine uma vida inteira de espera, marcada pelo peso da paralisia e pela aus\u00eancia de socorro. Por trinta e oito anos, um homem viveu \u00e0 margem da esperan\u00e7a, deitado junto a um tanque, aguardando um movimento nas \u00e1guas que nunca parecia chegar a tempo para ele. <\/p>\n<p>A dor da estagna\u00e7\u00e3o n\u00e3o \u00e9 apenas f\u00edsica; \u00e9 uma dor na alma que nos faz acreditar que o socorro sempre pertence a outro, que sempre haver\u00e1 algu\u00e9m que passar\u00e1 \u00e0 nossa frente e nos deixar\u00e1 para tr\u00e1s. No entanto, **a gra\u00e7a n\u00e3o espera pelas circunst\u00e2ncias ideais; ela encontra o necessitado onde ele estiver.**<\/p>\n<p>## O Encontro que Rompe a Paralisia<\/p>\n<p>Diante de um homem que h\u00e1 d\u00e9cadas conhecia apenas a derrota, surge uma pergunta que confronta a pr\u00f3pria ess\u00eancia da sua mis\u00e9ria: **&#8221;Queres ficar curado?&#8221;**. Muitas vezes, nos acostumamos com nossas pr\u00f3prias feridas e com as desculpas de que &#8220;n\u00e3o temos ningu\u00e9m para nos ajudar&#8221;.<\/p>\n<p>Jesus, por\u00e9m, n\u00e3o foca na aus\u00eancia de ajuda humana, mas na presen\u00e7a da Sua autoridade. Com uma ordem simples e poderosa, Ele rompe o ciclo do sofrimento: **&#8221;Levanta-te, pega a tua cama e anda&#8221;**. <\/p>\n<p>Nesse instante, a cura acontece. O que era im\u00f3vel ganha vida, o que era peso torna-se o testemunho de um milagre. Mas a cura f\u00edsica \u00e9 apenas o primeiro passo de uma jornada muito mais profunda e desafiadora.<\/p>\n<p>## O Perigo de Retornar \u00e0s Sombras<\/p>\n<p>Ap\u00f3s o milagre, o encontro se repete, mas agora em um lugar de adora\u00e7\u00e3o. E \u00e9 nesse momento que surge o alerta mais solene para todo aquele que experimentou o toque do Divino: **&#8221;N\u00e3o voltes a pecar, para que n\u00e3o te aconte\u00e7a coisa pior&#8221;**.<\/p>\n<p>Por que o pecado de quem foi curado poderia ser &#8220;pior&#8221;? A resposta reside na **responsabilidade do conhecimento**. <\/p>\n<p>*   **A Verdade como Responsabilidade:** Quando encontramos a verdade e somos transformados por Cristo, n\u00e3o podemos mais alegar ignor\u00e2ncia. <br \/>*   **O Peso do Retorno:** Reincidir no erro, ap\u00f3s ter sido liberto, n\u00e3o \u00e9 apenas um deslize, mas uma rejei\u00e7\u00e3o consciente da luz que nos salvou.<br \/>*   **O Ju\u00edzo da Consci\u00eancia:** O pecado de quem conhece a verdade carrega a consci\u00eancia da ingratid\u00e3o e do abandono da gra\u00e7a.<\/p>\n<p>Como nos lembra a Sagrada Escritura, se ap\u00f3s conhecermos a verdade decidirmos abandon\u00e1-la voluntariamente, enfrentaremos um julgamento severo, pois **a liberdade exige fidelidade**.<\/p>\n<p>## A Luta pela Santidade no Corpo Mortal<\/p>\n<p>A verdadeira cura n\u00e3o \u00e9 apenas a capacidade de andar, mas a capacidade de n\u00e3o permitir que o mal governe nossos membros. A batalha espiritual \u00e9 constante e exige que n\u00e3o ofere\u00e7amos nossos sentidos e a\u00e7\u00f5es como instrumentos de injusti\u00e7a.<\/p>\n<p>Para viver plenamente a liberta\u00e7\u00e3o, precisamos adotar posturas de f\u00e9 firmes:<\/p>\n<p>*   **Renunciar ao dom\u00ednio do erro:** N\u00e3o permita que o pecado reine em seu corpo mortal ou dite seus apetites.<br \/>*   **Identificar as correntes invis\u00edveis:** A cura real se manifesta quando vencemos a mentira, o \u00f3dio e a impureza.<br \/>*   **Cultivar a disciplina da ora\u00e7\u00e3o:** A busca por Deus, mesmo nos momentos de cansa\u00e7o ou nas madrugadas mais silenciosas, \u00e9 o que mant\u00e9m a alma vigiante.<\/p>\n<p>## Perseveran\u00e7a: O Convite para N\u00e3o Desistir<\/p>\n<p>Muitos podem sentir que o caminho da convers\u00e3o \u00e9 pesado demais ou que j\u00e1 perderam tempo demais para alcan\u00e7ar a verdadeira mudan\u00e7a. Talvez voc\u00ea sinta que est\u00e1 no meio de um deserto espiritual, cansado pelas lutas di\u00e1rias.<\/p>\n<p>Mas ou\u00e7a bem: **n\u00e3o importa quando voc\u00ea come\u00e7ou, o que importa \u00e9 a persist\u00eancia em continuar.** <\/p>\n<p>Se voc\u00ea est\u00e1 no meio da jornada, n\u00e3o pare. Se o sacrif\u00edcio parece grande, lembre-se que a recompensa da alma \u00e9 eterna. A maior cura que podemos receber \u00e9 a **sa\u00edda definitiva do pecado**, pois \u00e9 nela que encontramos a vida em sua plenitude.<\/p>\n<p>**N\u00e3o volte ao que te fazia sofrer. Voc\u00ea agora conhece a Verdade; caminhe nela.**<\/p>\n","protected":false},"excerpt":{"rendered":"<p>## O Peso da Liberdade e o Chamado \u00e0 Convers\u00e3o Imagine uma vida inteira de espera, marcada pelo peso da paralisia e pela aus\u00eancia de socorro. Por trinta e oito anos, um homem viveu \u00e0 margem da esperan\u00e7a, deitado junto a um tanque, aguardando um movimento nas \u00e1guas que nunca parecia chegar a tempo para [&hellip;]<\/p>\n","protected":false},"author":1,"featured_media":0,"comment_status":"closed","ping_status":"open","sticky":false,"template":"","format":"standard","meta":{"footnotes":""},"categories":[14],"tags":[],"class_list":["post-6599","post","type-post","status-publish","format-standard","hentry","category-reflexao"],"yoast_head":"<!-- This site is optimized with the Yoast SEO plugin v27.2 - https:\/\/yoast.com\/product\/yoast-seo-wordpress\/ -->\n<title>Homem Curado Ap\u00f3s 38 Anos na Espera: Uma Li\u00e7\u00e3o de F\u00e9 - Salmos B\u00edblicos<\/title>\n<meta name=\"robots\" content=\"index, follow, max-snippet:-1, max-image-preview:large, max-video-preview:-1\" \/>\n<link rel=\"canonical\" href=\"https:\/\/salmosbiblicos.com.br\/index.php\/2026\/04\/04\/homem-curado-apos-38-anos-na-espera-uma-licao-de-fe\/\" \/>\n<meta property=\"og:locale\" content=\"pt_BR\" \/>\n<meta property=\"og:type\" content=\"article\" \/>\n<meta property=\"og:title\" content=\"Homem Curado Ap\u00f3s 38 Anos na Espera: Uma Li\u00e7\u00e3o de F\u00e9 - Salmos B\u00edblicos\" \/>\n<meta property=\"og:description\" content=\"## O Peso da Liberdade e o Chamado \u00e0 Convers\u00e3o Imagine uma vida inteira de espera, marcada pelo peso da paralisia e pela aus\u00eancia de socorro. Por trinta e oito anos, um homem viveu \u00e0 margem da esperan\u00e7a, deitado junto a um tanque, aguardando um movimento nas \u00e1guas que nunca parecia chegar a tempo para [&hellip;]\" \/>\n<meta property=\"og:url\" content=\"https:\/\/salmosbiblicos.com.br\/index.php\/2026\/04\/04\/homem-curado-apos-38-anos-na-espera-uma-licao-de-fe\/\" \/>\n<meta property=\"og:site_name\" content=\"Salmos B\u00edblicos\" \/>\n<meta property=\"article:published_time\" content=\"2026-04-04T08:52:07+00:00\" \/>\n<meta name=\"author\" content=\"alextreh@gmail.com\" \/>\n<meta name=\"twitter:card\" content=\"summary_large_image\" \/>\n<meta name=\"twitter:label1\" content=\"Escrito por\" \/>\n\t<meta name=\"twitter:data1\" content=\"alextreh@gmail.com\" \/>\n\t<meta name=\"twitter:label2\" content=\"Est. tempo de leitura\" \/>\n\t<meta name=\"twitter:data2\" content=\"3 minutos\" \/>\n<script type=\"application\/ld+json\" class=\"yoast-schema-graph\">{\"@context\":\"https:\/\/schema.org\",\"@graph\":[{\"@type\":\"Article\",\"@id\":\"https:\/\/salmosbiblicos.com.br\/index.php\/2026\/04\/04\/homem-curado-apos-38-anos-na-espera-uma-licao-de-fe\/#article\",\"isPartOf\":{\"@id\":\"https:\/\/salmosbiblicos.com.br\/index.php\/2026\/04\/04\/homem-curado-apos-38-anos-na-espera-uma-licao-de-fe\/\"},\"author\":{\"name\":\"alextreh@gmail.com\",\"@id\":\"https:\/\/salmosbiblicos.com.br\/#\/schema\/person\/30586d0fb3f3a46b78a3414fc39cc975\"},\"headline\":\"Homem Curado Ap\u00f3s 38 Anos na Espera: Uma Li\u00e7\u00e3o de F\u00e9\",\"datePublished\":\"2026-04-04T08:52:07+00:00\",\"mainEntityOfPage\":{\"@id\":\"https:\/\/salmosbiblicos.com.br\/index.php\/2026\/04\/04\/homem-curado-apos-38-anos-na-espera-uma-licao-de-fe\/\"},\"wordCount\":689,\"articleSection\":[\"Reflex\u00e3o\"],\"inLanguage\":\"pt-BR\"},{\"@type\":\"WebPage\",\"@id\":\"https:\/\/salmosbiblicos.com.br\/index.php\/2026\/04\/04\/homem-curado-apos-38-anos-na-espera-uma-licao-de-fe\/\",\"url\":\"https:\/\/salmosbiblicos.com.br\/index.php\/2026\/04\/04\/homem-curado-apos-38-anos-na-espera-uma-licao-de-fe\/\",\"name\":\"Homem Curado Ap\u00f3s 38 Anos na Espera: Uma Li\u00e7\u00e3o de F\u00e9 - Salmos B\u00edblicos\",\"isPartOf\":{\"@id\":\"https:\/\/salmosbiblicos.com.br\/#website\"},\"datePublished\":\"2026-04-04T08:52:07+00:00\",\"author\":{\"@id\":\"https:\/\/salmosbiblicos.com.br\/#\/schema\/person\/30586d0fb3f3a46b78a3414fc39cc975\"},\"breadcrumb\":{\"@id\":\"https:\/\/salmosbiblicos.com.br\/index.php\/2026\/04\/04\/homem-curado-apos-38-anos-na-espera-uma-licao-de-fe\/#breadcrumb\"},\"inLanguage\":\"pt-BR\",\"potentialAction\":[{\"@type\":\"ReadAction\",\"target\":[\"https:\/\/salmosbiblicos.com.br\/index.php\/2026\/04\/04\/homem-curado-apos-38-anos-na-espera-uma-licao-de-fe\/\"]}]},{\"@type\":\"BreadcrumbList\",\"@id\":\"https:\/\/salmosbiblicos.com.br\/index.php\/2026\/04\/04\/homem-curado-apos-38-anos-na-espera-uma-licao-de-fe\/#breadcrumb\",\"itemListElement\":[{\"@type\":\"ListItem\",\"position\":1,\"name\":\"Home\",\"item\":\"https:\/\/salmosbiblicos.com.br\/\"},{\"@type\":\"ListItem\",\"position\":2,\"name\":\"Homem Curado Ap\u00f3s 38 Anos na Espera: Uma Li\u00e7\u00e3o de F\u00e9\"}]},{\"@type\":\"WebSite\",\"@id\":\"https:\/\/salmosbiblicos.com.br\/#website\",\"url\":\"https:\/\/salmosbiblicos.com.br\/\",\"name\":\"Salmos B\u00edblicos\",\"description\":\"Uma e-Livraria com e-Books novos para voc\u00ea refletir.\",\"potentialAction\":[{\"@type\":\"SearchAction\",\"target\":{\"@type\":\"EntryPoint\",\"urlTemplate\":\"https:\/\/salmosbiblicos.com.br\/?s={search_term_string}\"},\"query-input\":{\"@type\":\"PropertyValueSpecification\",\"valueRequired\":true,\"valueName\":\"search_term_string\"}}],\"inLanguage\":\"pt-BR\"},{\"@type\":\"Person\",\"@id\":\"https:\/\/salmosbiblicos.com.br\/#\/schema\/person\/30586d0fb3f3a46b78a3414fc39cc975\",\"name\":\"alextreh@gmail.com\",\"image\":{\"@type\":\"ImageObject\",\"inLanguage\":\"pt-BR\",\"@id\":\"https:\/\/secure.gravatar.com\/avatar\/7cf84d31f581ec97b887c1039d478a7c293086896c84951a86753fb2c2af7527?s=96&d=mm&r=g\",\"url\":\"https:\/\/secure.gravatar.com\/avatar\/7cf84d31f581ec97b887c1039d478a7c293086896c84951a86753fb2c2af7527?s=96&d=mm&r=g\",\"contentUrl\":\"https:\/\/secure.gravatar.com\/avatar\/7cf84d31f581ec97b887c1039d478a7c293086896c84951a86753fb2c2af7527?s=96&d=mm&r=g\",\"caption\":\"alextreh@gmail.com\"},\"sameAs\":[\"http:\/\/salmosbiblicos.com.br\"],\"url\":\"http:\/\/salmosbiblicos.com.br\/index.php\/author\/alextrehgmail-com\/\"}]}<\/script>\n<!-- \/ Yoast SEO plugin. -->","yoast_head_json":{"title":"Homem Curado Ap\u00f3s 38 Anos na Espera: Uma Li\u00e7\u00e3o de F\u00e9 - Salmos B\u00edblicos","robots":{"index":"index","follow":"follow","max-snippet":"max-snippet:-1","max-image-preview":"max-image-preview:large","max-video-preview":"max-video-preview:-1"},"canonical":"https:\/\/salmosbiblicos.com.br\/index.php\/2026\/04\/04\/homem-curado-apos-38-anos-na-espera-uma-licao-de-fe\/","og_locale":"pt_BR","og_type":"article","og_title":"Homem Curado Ap\u00f3s 38 Anos na Espera: Uma Li\u00e7\u00e3o de F\u00e9 - Salmos B\u00edblicos","og_description":"## O Peso da Liberdade e o Chamado \u00e0 Convers\u00e3o Imagine uma vida inteira de espera, marcada pelo peso da paralisia e pela aus\u00eancia de socorro. Por trinta e oito anos, um homem viveu \u00e0 margem da esperan\u00e7a, deitado junto a um tanque, aguardando um movimento nas \u00e1guas que nunca parecia chegar a tempo para [&hellip;]","og_url":"https:\/\/salmosbiblicos.com.br\/index.php\/2026\/04\/04\/homem-curado-apos-38-anos-na-espera-uma-licao-de-fe\/","og_site_name":"Salmos B\u00edblicos","article_published_time":"2026-04-04T08:52:07+00:00","author":"alextreh@gmail.com","twitter_card":"summary_large_image","twitter_misc":{"Escrito por":"alextreh@gmail.com","Est. tempo de leitura":"3 minutos"},"schema":{"@context":"https:\/\/schema.org","@graph":[{"@type":"Article","@id":"https:\/\/salmosbiblicos.com.br\/index.php\/2026\/04\/04\/homem-curado-apos-38-anos-na-espera-uma-licao-de-fe\/#article","isPartOf":{"@id":"https:\/\/salmosbiblicos.com.br\/index.php\/2026\/04\/04\/homem-curado-apos-38-anos-na-espera-uma-licao-de-fe\/"},"author":{"name":"alextreh@gmail.com","@id":"https:\/\/salmosbiblicos.com.br\/#\/schema\/person\/30586d0fb3f3a46b78a3414fc39cc975"},"headline":"Homem Curado Ap\u00f3s 38 Anos na Espera: Uma Li\u00e7\u00e3o de F\u00e9","datePublished":"2026-04-04T08:52:07+00:00","mainEntityOfPage":{"@id":"https:\/\/salmosbiblicos.com.br\/index.php\/2026\/04\/04\/homem-curado-apos-38-anos-na-espera-uma-licao-de-fe\/"},"wordCount":689,"articleSection":["Reflex\u00e3o"],"inLanguage":"pt-BR"},{"@type":"WebPage","@id":"https:\/\/salmosbiblicos.com.br\/index.php\/2026\/04\/04\/homem-curado-apos-38-anos-na-espera-uma-licao-de-fe\/","url":"https:\/\/salmosbiblicos.com.br\/index.php\/2026\/04\/04\/homem-curado-apos-38-anos-na-espera-uma-licao-de-fe\/","name":"Homem Curado Ap\u00f3s 38 Anos na Espera: Uma Li\u00e7\u00e3o de F\u00e9 - Salmos B\u00edblicos","isPartOf":{"@id":"https:\/\/salmosbiblicos.com.br\/#website"},"datePublished":"2026-04-04T08:52:07+00:00","author":{"@id":"https:\/\/salmosbiblicos.com.br\/#\/schema\/person\/30586d0fb3f3a46b78a3414fc39cc975"},"breadcrumb":{"@id":"https:\/\/salmosbiblicos.com.br\/index.php\/2026\/04\/04\/homem-curado-apos-38-anos-na-espera-uma-licao-de-fe\/#breadcrumb"},"inLanguage":"pt-BR","potentialAction":[{"@type":"ReadAction","target":["https:\/\/salmosbiblicos.com.br\/index.php\/2026\/04\/04\/homem-curado-apos-38-anos-na-espera-uma-licao-de-fe\/"]}]},{"@type":"BreadcrumbList","@id":"https:\/\/salmosbiblicos.com.br\/index.php\/2026\/04\/04\/homem-curado-apos-38-anos-na-espera-uma-licao-de-fe\/#breadcrumb","itemListElement":[{"@type":"ListItem","position":1,"name":"Home","item":"https:\/\/salmosbiblicos.com.br\/"},{"@type":"ListItem","position":2,"name":"Homem Curado Ap\u00f3s 38 Anos na Espera: Uma Li\u00e7\u00e3o de F\u00e9"}]},{"@type":"WebSite","@id":"https:\/\/salmosbiblicos.com.br\/#website","url":"https:\/\/salmosbiblicos.com.br\/","name":"Salmos B\u00edblicos","description":"Uma e-Livraria com e-Books novos para voc\u00ea refletir.","potentialAction":[{"@type":"SearchAction","target":{"@type":"EntryPoint","urlTemplate":"https:\/\/salmosbiblicos.com.br\/?s={search_term_string}"},"query-input":{"@type":"PropertyValueSpecification","valueRequired":true,"valueName":"search_term_string"}}],"inLanguage":"pt-BR"},{"@type":"Person","@id":"https:\/\/salmosbiblicos.com.br\/#\/schema\/person\/30586d0fb3f3a46b78a3414fc39cc975","name":"alextreh@gmail.com","image":{"@type":"ImageObject","inLanguage":"pt-BR","@id":"https:\/\/secure.gravatar.com\/avatar\/7cf84d31f581ec97b887c1039d478a7c293086896c84951a86753fb2c2af7527?s=96&d=mm&r=g","url":"https:\/\/secure.gravatar.com\/avatar\/7cf84d31f581ec97b887c1039d478a7c293086896c84951a86753fb2c2af7527?s=96&d=mm&r=g","contentUrl":"https:\/\/secure.gravatar.com\/avatar\/7cf84d31f581ec97b887c1039d478a7c293086896c84951a86753fb2c2af7527?s=96&d=mm&r=g","caption":"alextreh@gmail.com"},"sameAs":["http:\/\/salmosbiblicos.com.br"],"url":"http:\/\/salmosbiblicos.com.br\/index.php\/author\/alextrehgmail-com\/"}]}},"_links":{"self":[{"href":"http:\/\/salmosbiblicos.com.br\/index.php\/wp-json\/wp\/v2\/posts\/6599","targetHints":{"allow":["GET"]}}],"collection":[{"href":"http:\/\/salmosbiblicos.com.br\/index.php\/wp-json\/wp\/v2\/posts"}],"about":[{"href":"http:\/\/salmosbiblicos.com.br\/index.php\/wp-json\/wp\/v2\/types\/post"}],"author":[{"embeddable":true,"href":"http:\/\/salmosbiblicos.com.br\/index.php\/wp-json\/wp\/v2\/users\/1"}],"replies":[{"embeddable":true,"href":"http:\/\/salmosbiblicos.com.br\/index.php\/wp-json\/wp\/v2\/comments?post=6599"}],"version-history":[{"count":1,"href":"http:\/\/salmosbiblicos.com.br\/index.php\/wp-json\/wp\/v2\/posts\/6599\/revisions"}],"predecessor-version":[{"id":6600,"href":"http:\/\/salmosbiblicos.com.br\/index.php\/wp-json\/wp\/v2\/posts\/6599\/revisions\/6600"}],"wp:attachment":[{"href":"http:\/\/salmosbiblicos.com.br\/index.php\/wp-json\/wp\/v2\/media?parent=6599"}],"wp:term":[{"taxonomy":"category","embeddable":true,"href":"http:\/\/salmosbiblicos.com.br\/index.php\/wp-json\/wp\/v2\/categories?post=6599"},{"taxonomy":"post_tag","embeddable":true,"href":"http:\/\/salmosbiblicos.com.br\/index.php\/wp-json\/wp\/v2\/tags?post=6599"}],"curies":[{"name":"wp","href":"https:\/\/api.w.org\/{rel}","templated":true}]}}