{"id":6615,"date":"2026-04-04T07:18:35","date_gmt":"2026-04-04T10:18:35","guid":{"rendered":"https:\/\/salmosbiblicos.com.br\/?p=6615"},"modified":"2026-04-04T07:18:35","modified_gmt":"2026-04-04T10:18:35","slug":"quando-veremos-a-face-de-deus-como-alcancar-a-visao-divina","status":"publish","type":"post","link":"http:\/\/salmosbiblicos.com.br\/index.php\/2026\/04\/04\/quando-veremos-a-face-de-deus-como-alcancar-a-visao-divina\/","title":{"rendered":"Quando Veremos a Face de Deus? Como Alcan\u00e7ar a Vis\u00e3o Divina"},"content":{"rendered":"<p>## O Anseio da Alma: Quando Veremos a Face de Deus?<\/p>\n<p>Existe um anseio silencioso que habita o \u00e2mago de cada ser humano, uma sede que nenhum prazer terreno \u00e9 capaz de saciar. \u00c9 aquela pergunta que ecoa nas noites de ang\u00fastia e nos momentos de profunda busca: **&#8221;Quando verei a face de Deus?&#8221;**<\/p>\n<p>Este n\u00e3o \u00e9 apenas um questionamento intelectual, mas um clamor da nossa pr\u00f3pria ess\u00eancia. \u00c9 o desejo de retornar \u00e0 nossa verdadeira origem e encontrar o descanso eterno na presen\u00e7a do Criador.<\/p>\n<p>## A Sede de Eternidade<\/p>\n<p>A alma humana possui uma natureza que busca o que \u00e9 infinito. Como descreve a sabedidade dos salmos, a alma **suspira pelo Deus vivo**, tal como a cor\u00e7a anseia pelas \u00e1guas correntes. <\/p>\n<p>Essa sede n\u00e3o \u00e9 um erro de nossa cria\u00e7\u00e3o, mas um chamado. Assim como a sede f\u00edsica nos move em busca de sobreviv\u00eancia, a **sede espiritual** nos impulsiona em dire\u00e7\u00e3o ao Monte Santo, em dire\u00e7\u00e3o \u00e0 morada de nossa alegria.<\/p>\n<p>## A Chave da Vis\u00e3o: A Pureza de Cora\u00e7\u00e3o<\/p>\n<p>Muitos desejam a presen\u00e7a divina, mas poucos compreendem o requisito fundamental para esse encontro. A resposta para a nossa pergunta central est\u00e1 revelada de forma clara e direta: **apenas os puros de cora\u00e7\u00e3o ver\u00e3o a Deus.**<\/p>\n<p>A pureza n\u00e3o \u00e9 apenas a aus\u00eancia de erro, mas a integridade de um cora\u00e7\u00e3o que n\u00e3o se deixa corromper pelas impurezas do mundo. <\/p>\n<p>*   **A impossibilidade da impureza:** N\u00e3o h\u00e1 como contemplar a face do Senhor se permanecermos mergulhados na impureza.<br \/>*   **O esformo da pureza:** Ver a face de Deus exige uma luta constante para manter o cora\u00e7\u00e3o limpo e voltado para o alto.<\/p>\n<p>## A Promessa da Transforma\u00e7\u00e3o e o Encontro Face a Face<\/p>\n<p>A nossa jornada atual \u00e9 marcada por uma vis\u00e3o limitada. Embora possamos perceber a m\u00e3o de Deus em Sua cria\u00e7\u00e3o e em Sua provid\u00eancia, ainda n\u00e3o O vemos plenamente.<\/p>\n<p>### Do Reflexo \u00e0 Plenitude<br \/>Atualmente, a nossa percep\u00e7\u00e3o do divino \u00e9 como olhar por um **espelho, de modo confuso**. Conhecemos a Deus apenas em parte; percebemos Seus sinais, mas de forma fragmentada e incompleta.<\/p>\n<p>No entanto, a promessa \u00e9 de que, um dia, esse v\u00e9u ser\u00e1 retirado. Veremos o Senhor **face a face**. Aquele conhecimento parcial dar\u00e1 lugar a um conhecimento total, onde seremos conhecidos por Ele da mesma forma que Ele nos conhece.<\/p>\n<p>### A Promessa da Semelhan\u00e7a<br \/>Existe uma transforma\u00e7\u00e3o gloriosa aguardando aqueles que perseveram. A Escritura nos assegura que, quando a plenitude de nossa identidade se manifestar, **seremos semelhantes a Deus**, pois O veremos como Ele \u00e9. O encontro com a face divina \u00e9 o momento da nossa definitiva transfigura\u00e7\u00e3o.<\/p>\n<p>## O Caminho Inegoci\u00e1vel: Santidade e Paz<\/p>\n<p>N\u00e3o h\u00e1 atalhos para o Reino de Deus. O caminho para a vis\u00e3o do Senhor exige um compromisso com dois pilares fundamentais: **a busca pela paz com todos e a busca pela santidade.**<\/p>\n<p>A santidade n\u00e3o \u00e9 um estado de perfei\u00e7\u00e3o inalcan\u00e7\u00e1vel, mas uma **luta cont\u00ednua pelas coisas de Deus**. Ser santo significa:<\/p>\n<p>*   **A ren\u00fancia ao pecado:** Decidir deixar para tr\u00e1s o que nos afasta do Criador.<br \/>*   **A persist\u00eancia no bem:** Escolher o caminho da retid\u00e3o, mesmo diante das tenta\u00e7\u00f5es.<br \/>*   **A busca pela harmonia:** Cultivar a paz em nossos relacionamentos e em nosso esp\u00edrito.<\/p>\n<p>\u00c9 imperativo compreender que **sem a santidade, ningu\u00e9m ver\u00e1 o Senhor**. O caminho da santidade \u00e9 o \u00fanico trilho que conduz ao encontro face a face com o Pai.<\/p>\n<p>Vale a pena o esfor\u00e7o. Vale a pena a ren\u00fancia. Vale a pena a luta. Pois o pr\u00eamio de uma vida santa \u00e9 o maior de todos os tesouros: **a alegria eterna de contemplar a face de Deus.**<\/p>\n","protected":false},"excerpt":{"rendered":"<p>## O Anseio da Alma: Quando Veremos a Face de Deus? Existe um anseio silencioso que habita o \u00e2mago de cada ser humano, uma sede que nenhum prazer terreno \u00e9 capaz de saciar. \u00c9 aquela pergunta que ecoa nas noites de ang\u00fastia e nos momentos de profunda busca: **&#8221;Quando verei a face de Deus?&#8221;** Este [&hellip;]<\/p>\n","protected":false},"author":1,"featured_media":0,"comment_status":"closed","ping_status":"open","sticky":false,"template":"","format":"standard","meta":{"footnotes":""},"categories":[14],"tags":[],"class_list":["post-6615","post","type-post","status-publish","format-standard","hentry","category-reflexao"],"yoast_head":"<!-- This site is optimized with the Yoast SEO plugin v27.2 - https:\/\/yoast.com\/product\/yoast-seo-wordpress\/ -->\n<title>Quando Veremos a Face de Deus? Como Alcan\u00e7ar a Vis\u00e3o Divina - Salmos B\u00edblicos<\/title>\n<meta name=\"robots\" content=\"index, follow, max-snippet:-1, max-image-preview:large, max-video-preview:-1\" \/>\n<link rel=\"canonical\" href=\"http:\/\/salmosbiblicos.com.br\/index.php\/2026\/04\/04\/quando-veremos-a-face-de-deus-como-alcancar-a-visao-divina\/\" \/>\n<meta property=\"og:locale\" content=\"pt_BR\" \/>\n<meta property=\"og:type\" content=\"article\" \/>\n<meta property=\"og:title\" content=\"Quando Veremos a Face de Deus? Como Alcan\u00e7ar a Vis\u00e3o Divina - Salmos B\u00edblicos\" \/>\n<meta property=\"og:description\" content=\"## O Anseio da Alma: Quando Veremos a Face de Deus? Existe um anseio silencioso que habita o \u00e2mago de cada ser humano, uma sede que nenhum prazer terreno \u00e9 capaz de saciar. \u00c9 aquela pergunta que ecoa nas noites de ang\u00fastia e nos momentos de profunda busca: **&#8221;Quando verei a face de Deus?&#8221;** Este [&hellip;]\" \/>\n<meta property=\"og:url\" content=\"http:\/\/salmosbiblicos.com.br\/index.php\/2026\/04\/04\/quando-veremos-a-face-de-deus-como-alcancar-a-visao-divina\/\" \/>\n<meta property=\"og:site_name\" content=\"Salmos B\u00edblicos\" \/>\n<meta property=\"article:published_time\" content=\"2026-04-04T10:18:35+00:00\" \/>\n<meta name=\"author\" content=\"alextreh@gmail.com\" \/>\n<meta name=\"twitter:card\" content=\"summary_large_image\" \/>\n<meta name=\"twitter:label1\" content=\"Escrito por\" \/>\n\t<meta name=\"twitter:data1\" content=\"alextreh@gmail.com\" \/>\n\t<meta name=\"twitter:label2\" content=\"Est. tempo de leitura\" \/>\n\t<meta name=\"twitter:data2\" content=\"3 minutos\" \/>\n<script type=\"application\/ld+json\" class=\"yoast-schema-graph\">{\"@context\":\"https:\/\/schema.org\",\"@graph\":[{\"@type\":\"Article\",\"@id\":\"http:\/\/salmosbiblicos.com.br\/index.php\/2026\/04\/04\/quando-veremos-a-face-de-deus-como-alcancar-a-visao-divina\/#article\",\"isPartOf\":{\"@id\":\"http:\/\/salmosbiblicos.com.br\/index.php\/2026\/04\/04\/quando-veremos-a-face-de-deus-como-alcancar-a-visao-divina\/\"},\"author\":{\"name\":\"alextreh@gmail.com\",\"@id\":\"https:\/\/salmosbiblicos.com.br\/#\/schema\/person\/30586d0fb3f3a46b78a3414fc39cc975\"},\"headline\":\"Quando Veremos a Face de Deus? Como Alcan\u00e7ar a Vis\u00e3o Divina\",\"datePublished\":\"2026-04-04T10:18:35+00:00\",\"mainEntityOfPage\":{\"@id\":\"http:\/\/salmosbiblicos.com.br\/index.php\/2026\/04\/04\/quando-veremos-a-face-de-deus-como-alcancar-a-visao-divina\/\"},\"wordCount\":640,\"articleSection\":[\"Reflex\u00e3o\"],\"inLanguage\":\"pt-BR\"},{\"@type\":\"WebPage\",\"@id\":\"http:\/\/salmosbiblicos.com.br\/index.php\/2026\/04\/04\/quando-veremos-a-face-de-deus-como-alcancar-a-visao-divina\/\",\"url\":\"http:\/\/salmosbiblicos.com.br\/index.php\/2026\/04\/04\/quando-veremos-a-face-de-deus-como-alcancar-a-visao-divina\/\",\"name\":\"Quando Veremos a Face de Deus? Como Alcan\u00e7ar a Vis\u00e3o Divina - Salmos B\u00edblicos\",\"isPartOf\":{\"@id\":\"https:\/\/salmosbiblicos.com.br\/#website\"},\"datePublished\":\"2026-04-04T10:18:35+00:00\",\"author\":{\"@id\":\"https:\/\/salmosbiblicos.com.br\/#\/schema\/person\/30586d0fb3f3a46b78a3414fc39cc975\"},\"breadcrumb\":{\"@id\":\"http:\/\/salmosbiblicos.com.br\/index.php\/2026\/04\/04\/quando-veremos-a-face-de-deus-como-alcancar-a-visao-divina\/#breadcrumb\"},\"inLanguage\":\"pt-BR\",\"potentialAction\":[{\"@type\":\"ReadAction\",\"target\":[\"http:\/\/salmosbiblicos.com.br\/index.php\/2026\/04\/04\/quando-veremos-a-face-de-deus-como-alcancar-a-visao-divina\/\"]}]},{\"@type\":\"BreadcrumbList\",\"@id\":\"http:\/\/salmosbiblicos.com.br\/index.php\/2026\/04\/04\/quando-veremos-a-face-de-deus-como-alcancar-a-visao-divina\/#breadcrumb\",\"itemListElement\":[{\"@type\":\"ListItem\",\"position\":1,\"name\":\"Home\",\"item\":\"https:\/\/salmosbiblicos.com.br\/\"},{\"@type\":\"ListItem\",\"position\":2,\"name\":\"Quando Veremos a Face de Deus? Como Alcan\u00e7ar a Vis\u00e3o Divina\"}]},{\"@type\":\"WebSite\",\"@id\":\"https:\/\/salmosbiblicos.com.br\/#website\",\"url\":\"https:\/\/salmosbiblicos.com.br\/\",\"name\":\"Salmos B\u00edblicos\",\"description\":\"Uma e-Livraria com e-Books novos para voc\u00ea refletir.\",\"potentialAction\":[{\"@type\":\"SearchAction\",\"target\":{\"@type\":\"EntryPoint\",\"urlTemplate\":\"https:\/\/salmosbiblicos.com.br\/?s={search_term_string}\"},\"query-input\":{\"@type\":\"PropertyValueSpecification\",\"valueRequired\":true,\"valueName\":\"search_term_string\"}}],\"inLanguage\":\"pt-BR\"},{\"@type\":\"Person\",\"@id\":\"https:\/\/salmosbiblicos.com.br\/#\/schema\/person\/30586d0fb3f3a46b78a3414fc39cc975\",\"name\":\"alextreh@gmail.com\",\"image\":{\"@type\":\"ImageObject\",\"inLanguage\":\"pt-BR\",\"@id\":\"https:\/\/secure.gravatar.com\/avatar\/7cf84d31f581ec97b887c1039d478a7c293086896c84951a86753fb2c2af7527?s=96&d=mm&r=g\",\"url\":\"https:\/\/secure.gravatar.com\/avatar\/7cf84d31f581ec97b887c1039d478a7c293086896c84951a86753fb2c2af7527?s=96&d=mm&r=g\",\"contentUrl\":\"https:\/\/secure.gravatar.com\/avatar\/7cf84d31f581ec97b887c1039d478a7c293086896c84951a86753fb2c2af7527?s=96&d=mm&r=g\",\"caption\":\"alextreh@gmail.com\"},\"sameAs\":[\"http:\/\/salmosbiblicos.com.br\"],\"url\":\"http:\/\/salmosbiblicos.com.br\/index.php\/author\/alextrehgmail-com\/\"}]}<\/script>\n<!-- \/ Yoast SEO plugin. -->","yoast_head_json":{"title":"Quando Veremos a Face de Deus? Como Alcan\u00e7ar a Vis\u00e3o Divina - Salmos B\u00edblicos","robots":{"index":"index","follow":"follow","max-snippet":"max-snippet:-1","max-image-preview":"max-image-preview:large","max-video-preview":"max-video-preview:-1"},"canonical":"http:\/\/salmosbiblicos.com.br\/index.php\/2026\/04\/04\/quando-veremos-a-face-de-deus-como-alcancar-a-visao-divina\/","og_locale":"pt_BR","og_type":"article","og_title":"Quando Veremos a Face de Deus? Como Alcan\u00e7ar a Vis\u00e3o Divina - Salmos B\u00edblicos","og_description":"## O Anseio da Alma: Quando Veremos a Face de Deus? Existe um anseio silencioso que habita o \u00e2mago de cada ser humano, uma sede que nenhum prazer terreno \u00e9 capaz de saciar. \u00c9 aquela pergunta que ecoa nas noites de ang\u00fastia e nos momentos de profunda busca: **&#8221;Quando verei a face de Deus?&#8221;** Este [&hellip;]","og_url":"http:\/\/salmosbiblicos.com.br\/index.php\/2026\/04\/04\/quando-veremos-a-face-de-deus-como-alcancar-a-visao-divina\/","og_site_name":"Salmos B\u00edblicos","article_published_time":"2026-04-04T10:18:35+00:00","author":"alextreh@gmail.com","twitter_card":"summary_large_image","twitter_misc":{"Escrito por":"alextreh@gmail.com","Est. tempo de leitura":"3 minutos"},"schema":{"@context":"https:\/\/schema.org","@graph":[{"@type":"Article","@id":"http:\/\/salmosbiblicos.com.br\/index.php\/2026\/04\/04\/quando-veremos-a-face-de-deus-como-alcancar-a-visao-divina\/#article","isPartOf":{"@id":"http:\/\/salmosbiblicos.com.br\/index.php\/2026\/04\/04\/quando-veremos-a-face-de-deus-como-alcancar-a-visao-divina\/"},"author":{"name":"alextreh@gmail.com","@id":"https:\/\/salmosbiblicos.com.br\/#\/schema\/person\/30586d0fb3f3a46b78a3414fc39cc975"},"headline":"Quando Veremos a Face de Deus? Como Alcan\u00e7ar a Vis\u00e3o Divina","datePublished":"2026-04-04T10:18:35+00:00","mainEntityOfPage":{"@id":"http:\/\/salmosbiblicos.com.br\/index.php\/2026\/04\/04\/quando-veremos-a-face-de-deus-como-alcancar-a-visao-divina\/"},"wordCount":640,"articleSection":["Reflex\u00e3o"],"inLanguage":"pt-BR"},{"@type":"WebPage","@id":"http:\/\/salmosbiblicos.com.br\/index.php\/2026\/04\/04\/quando-veremos-a-face-de-deus-como-alcancar-a-visao-divina\/","url":"http:\/\/salmosbiblicos.com.br\/index.php\/2026\/04\/04\/quando-veremos-a-face-de-deus-como-alcancar-a-visao-divina\/","name":"Quando Veremos a Face de Deus? Como Alcan\u00e7ar a Vis\u00e3o Divina - Salmos B\u00edblicos","isPartOf":{"@id":"https:\/\/salmosbiblicos.com.br\/#website"},"datePublished":"2026-04-04T10:18:35+00:00","author":{"@id":"https:\/\/salmosbiblicos.com.br\/#\/schema\/person\/30586d0fb3f3a46b78a3414fc39cc975"},"breadcrumb":{"@id":"http:\/\/salmosbiblicos.com.br\/index.php\/2026\/04\/04\/quando-veremos-a-face-de-deus-como-alcancar-a-visao-divina\/#breadcrumb"},"inLanguage":"pt-BR","potentialAction":[{"@type":"ReadAction","target":["http:\/\/salmosbiblicos.com.br\/index.php\/2026\/04\/04\/quando-veremos-a-face-de-deus-como-alcancar-a-visao-divina\/"]}]},{"@type":"BreadcrumbList","@id":"http:\/\/salmosbiblicos.com.br\/index.php\/2026\/04\/04\/quando-veremos-a-face-de-deus-como-alcancar-a-visao-divina\/#breadcrumb","itemListElement":[{"@type":"ListItem","position":1,"name":"Home","item":"https:\/\/salmosbiblicos.com.br\/"},{"@type":"ListItem","position":2,"name":"Quando Veremos a Face de Deus? Como Alcan\u00e7ar a Vis\u00e3o Divina"}]},{"@type":"WebSite","@id":"https:\/\/salmosbiblicos.com.br\/#website","url":"https:\/\/salmosbiblicos.com.br\/","name":"Salmos B\u00edblicos","description":"Uma e-Livraria com e-Books novos para voc\u00ea refletir.","potentialAction":[{"@type":"SearchAction","target":{"@type":"EntryPoint","urlTemplate":"https:\/\/salmosbiblicos.com.br\/?s={search_term_string}"},"query-input":{"@type":"PropertyValueSpecification","valueRequired":true,"valueName":"search_term_string"}}],"inLanguage":"pt-BR"},{"@type":"Person","@id":"https:\/\/salmosbiblicos.com.br\/#\/schema\/person\/30586d0fb3f3a46b78a3414fc39cc975","name":"alextreh@gmail.com","image":{"@type":"ImageObject","inLanguage":"pt-BR","@id":"https:\/\/secure.gravatar.com\/avatar\/7cf84d31f581ec97b887c1039d478a7c293086896c84951a86753fb2c2af7527?s=96&d=mm&r=g","url":"https:\/\/secure.gravatar.com\/avatar\/7cf84d31f581ec97b887c1039d478a7c293086896c84951a86753fb2c2af7527?s=96&d=mm&r=g","contentUrl":"https:\/\/secure.gravatar.com\/avatar\/7cf84d31f581ec97b887c1039d478a7c293086896c84951a86753fb2c2af7527?s=96&d=mm&r=g","caption":"alextreh@gmail.com"},"sameAs":["http:\/\/salmosbiblicos.com.br"],"url":"http:\/\/salmosbiblicos.com.br\/index.php\/author\/alextrehgmail-com\/"}]}},"_links":{"self":[{"href":"http:\/\/salmosbiblicos.com.br\/index.php\/wp-json\/wp\/v2\/posts\/6615","targetHints":{"allow":["GET"]}}],"collection":[{"href":"http:\/\/salmosbiblicos.com.br\/index.php\/wp-json\/wp\/v2\/posts"}],"about":[{"href":"http:\/\/salmosbiblicos.com.br\/index.php\/wp-json\/wp\/v2\/types\/post"}],"author":[{"embeddable":true,"href":"http:\/\/salmosbiblicos.com.br\/index.php\/wp-json\/wp\/v2\/users\/1"}],"replies":[{"embeddable":true,"href":"http:\/\/salmosbiblicos.com.br\/index.php\/wp-json\/wp\/v2\/comments?post=6615"}],"version-history":[{"count":1,"href":"http:\/\/salmosbiblicos.com.br\/index.php\/wp-json\/wp\/v2\/posts\/6615\/revisions"}],"predecessor-version":[{"id":6616,"href":"http:\/\/salmosbiblicos.com.br\/index.php\/wp-json\/wp\/v2\/posts\/6615\/revisions\/6616"}],"wp:attachment":[{"href":"http:\/\/salmosbiblicos.com.br\/index.php\/wp-json\/wp\/v2\/media?parent=6615"}],"wp:term":[{"taxonomy":"category","embeddable":true,"href":"http:\/\/salmosbiblicos.com.br\/index.php\/wp-json\/wp\/v2\/categories?post=6615"},{"taxonomy":"post_tag","embeddable":true,"href":"http:\/\/salmosbiblicos.com.br\/index.php\/wp-json\/wp\/v2\/tags?post=6615"}],"curies":[{"name":"wp","href":"https:\/\/api.w.org\/{rel}","templated":true}]}}