{"id":6621,"date":"2026-04-04T07:50:50","date_gmt":"2026-04-04T10:50:50","guid":{"rendered":"https:\/\/salmosbiblicos.com.br\/?p=6621"},"modified":"2026-04-04T07:50:50","modified_gmt":"2026-04-04T10:50:50","slug":"inveja-a-sombra-do-coracao-e-a-destruicao-da-familia","status":"publish","type":"post","link":"http:\/\/salmosbiblicos.com.br\/index.php\/2026\/04\/04\/inveja-a-sombra-do-coracao-e-a-destruicao-da-familia\/","title":{"rendered":"Inveja: A Sombra do Cora\u00e7\u00e3o e a Destrui\u00e7\u00e3o da Fam\u00edlia"},"content":{"rendered":"<p>O cora\u00e7\u00e3o humano \u00e9 um campo onde se cultivam tanto a luz quanto a sombra. Quando a semente da inveja \u00e9 plantada, ela n\u00e3o busca apenas o brilho do outro, mas a sua completa aniquila\u00e7\u00e3o. **A inveja n\u00e3o suporta a beleza alheia; ela deseja apagar a chama que n\u00e3o consegue acender em si mesma.**<\/p>\n<p>## O Veneno da Inveja e a Desordem do Cora\u00e7\u00e3o<\/p>\n<p>A hist\u00f3ria de Jos\u00e9, filho de Israel, nos revela a face mais cruel dessa sombra. O favoritismo de um pai, representado por uma t\u00fanica especial, tornou-se o gatilho para um \u00f3dio profundo entre irm\u00e3os. **Onde existe inveja, a paz deixa de existir.**<\/p>\n<p>Os irm\u00e3os de Jos\u00e9, ao verem o privil\u00e9gio do irm\u00e3o, n\u00e3o conseguiram mais falar com ele de forma pac\u00edfica. O que vemos aqui \u00e9 o primeiro est\u00e1gio de uma alma doente: a incapacidade de celebrar o bem do pr\u00f3ximo.<\/p>\n<p>Como nos ensina a sabedoria sagrada, **onde h\u00e1 inveja e ambi\u00e7\u00e3o ego\u00edsta, h\u00e1 contenda e toda esp\u00e9cie de perturba\u00e7\u00e3o.** A inveja \u00e9 uma semente de caos que desestrutura as fam\u00edlias e destr\u00f3i os la\u00e7os de fraternidade.<\/p>\n<p>### Os Frutos Amargos da Alma Invejosa<\/p>\n<p>A inveja n\u00e3o permanece isolada; ela gera uma cascata de v\u00edcios que corr\u00f3i o car\u00e1ter:<\/p>\n<p>*   **O \u00d3dio:** A vontade de ver o outro sofrer ou desaparecer.<br \/>*   **A Viol\u00eancia:** O plano de lan\u00e7ar o irm\u00e3o em uma cisterna, o desejo de tirar a vida.<br \/>*   **A Mentira:** A cria\u00e7\u00e3o de narrativas falsas, como dizer que um animal feroz o devorou, para encobrir o crime.<br \/>*   **A Trai\u00e7\u00e3o:** O ato de vender o pr\u00f3prio sangue por vinte moedas de prata.<\/p>\n<p>**A inveja tem uma filha chamada mentira.** Quem \u00e9 dominado pelo ci\u00fame n\u00e3o consegue sustentar a verdade, pois a sua pr\u00f3pria exist\u00eancia depende da oculta\u00e7\u00e3o de seus atos maldosos.<\/p>\n<p>## O Paralelo da Entrega e do Sacrif\u00edcio<\/p>\n<p>H\u00e1 um eco profundo e doloroso na hist\u00f3ria de Jos\u00e9 que nos remete ao \u00e1pice da reden\u00e7\u00e3o. Assim como Jos\u00e9 foi tra\u00eddo e vendido por suas pr\u00f3prias m\u00e3os de carne, **Jesus tamb\u00e9m foi vendido por moedas de prata e entregue \u00e0 morte por causa da inveja.**<\/p>\n<p>Esse paralelo nos mostra que o sofrimento causado pela injusti\u00e7a e pela trai\u00e7\u00e3o faz parte de um plano que transcende a compreens\u00e3o humana imediata. O mal parece vencer no momento da cisterna, mas a hist\u00f3ria ainda n\u00e3o terminou.<\/p>\n<p>## A Soberania de Deus sobre a Injusti\u00e7a<\/p>\n<p>Se voc\u00ea se sente hoje em uma &#8220;cisterna&#8221; \u2014 humilhado, injusti\u00e7ado ou alvo de ataques \u2014 lembre-se de que a m\u00e3o de Deus \u00e9 poderosa e est\u00e1 agindo nos bastidores.<\/p>\n<p>**Humilhe-se sob a poderosa m\u00e3o de Deus, para que Ele te exalte no tempo oportuno.** O que a inveja tenta destruir, Deus pode transformar em plataforma para o prop\u00f3sito divino. Jos\u00e9 foi humilhado, mas o mesmo processo que o levou \u00e0 escravid\u00e3o o levou ao governo do Egito.<\/p>\n<p>### A Promessa de que Tudo Concorre para o Bem<\/p>\n<p>Podemos encontrar conforto e for\u00e7a na certeza de que a provid\u00eancia divina \u00e9 maior que qualquer trama humana. **Tudo concorre para o bem daqueles que amam a Deus.**<\/p>\n<p>*   Mesmo a maldade dos irm\u00e3os foi usada para cumprir um destino maior.<br \/>*   Mesmo a venda por prata serviu para posicionar Jos\u00e9 onde ele precisava estar.<br \/>*   Mesmo a dor da trai\u00e7\u00e3o foi o caminho para a salva\u00e7\u00e3o de uma na\u00e7\u00e3o.<\/p>\n<p>N\u00e3o tema as tramas daqueles que desejam o seu mal. **Se a inveja tenta te humilhar, confie que Deus tem o poder de te levantar.** O segredo n\u00e3o est\u00e1 em revidar a maldade, mas em manter o cora\u00e7\u00e3o livre de toda inveja e descansar na promessa de que o tempo de Deus \u00e9 perfeito e infal\u00edvel.<\/p>\n","protected":false},"excerpt":{"rendered":"<p>O cora\u00e7\u00e3o humano \u00e9 um campo onde se cultivam tanto a luz quanto a sombra. Quando a semente da inveja \u00e9 plantada, ela n\u00e3o busca apenas o brilho do outro, mas a sua completa aniquila\u00e7\u00e3o. **A inveja n\u00e3o suporta a beleza alheia; ela deseja apagar a chama que n\u00e3o consegue acender em si mesma.** ## [&hellip;]<\/p>\n","protected":false},"author":1,"featured_media":0,"comment_status":"closed","ping_status":"open","sticky":false,"template":"","format":"standard","meta":{"footnotes":""},"categories":[14],"tags":[],"class_list":["post-6621","post","type-post","status-publish","format-standard","hentry","category-reflexao"],"yoast_head":"<!-- This site is optimized with the Yoast SEO plugin v27.2 - https:\/\/yoast.com\/product\/yoast-seo-wordpress\/ -->\n<title>Inveja: A Sombra do Cora\u00e7\u00e3o e a Destrui\u00e7\u00e3o da Fam\u00edlia - Salmos B\u00edblicos<\/title>\n<meta name=\"robots\" content=\"index, follow, max-snippet:-1, max-image-preview:large, max-video-preview:-1\" \/>\n<link rel=\"canonical\" href=\"http:\/\/salmosbiblicos.com.br\/index.php\/2026\/04\/04\/inveja-a-sombra-do-coracao-e-a-destruicao-da-familia\/\" \/>\n<meta property=\"og:locale\" content=\"pt_BR\" \/>\n<meta property=\"og:type\" content=\"article\" \/>\n<meta property=\"og:title\" content=\"Inveja: A Sombra do Cora\u00e7\u00e3o e a Destrui\u00e7\u00e3o da Fam\u00edlia - Salmos B\u00edblicos\" \/>\n<meta property=\"og:description\" content=\"O cora\u00e7\u00e3o humano \u00e9 um campo onde se cultivam tanto a luz quanto a sombra. Quando a semente da inveja \u00e9 plantada, ela n\u00e3o busca apenas o brilho do outro, mas a sua completa aniquila\u00e7\u00e3o. **A inveja n\u00e3o suporta a beleza alheia; ela deseja apagar a chama que n\u00e3o consegue acender em si mesma.** ## [&hellip;]\" \/>\n<meta property=\"og:url\" content=\"http:\/\/salmosbiblicos.com.br\/index.php\/2026\/04\/04\/inveja-a-sombra-do-coracao-e-a-destruicao-da-familia\/\" \/>\n<meta property=\"og:site_name\" content=\"Salmos B\u00edblicos\" \/>\n<meta property=\"article:published_time\" content=\"2026-04-04T10:50:50+00:00\" \/>\n<meta name=\"author\" content=\"alextreh@gmail.com\" \/>\n<meta name=\"twitter:card\" content=\"summary_large_image\" \/>\n<meta name=\"twitter:label1\" content=\"Escrito por\" \/>\n\t<meta name=\"twitter:data1\" content=\"alextreh@gmail.com\" \/>\n\t<meta name=\"twitter:label2\" content=\"Est. tempo de leitura\" \/>\n\t<meta name=\"twitter:data2\" content=\"3 minutos\" \/>\n<script type=\"application\/ld+json\" class=\"yoast-schema-graph\">{\"@context\":\"https:\/\/schema.org\",\"@graph\":[{\"@type\":\"Article\",\"@id\":\"http:\/\/salmosbiblicos.com.br\/index.php\/2026\/04\/04\/inveja-a-sombra-do-coracao-e-a-destruicao-da-familia\/#article\",\"isPartOf\":{\"@id\":\"http:\/\/salmosbiblicos.com.br\/index.php\/2026\/04\/04\/inveja-a-sombra-do-coracao-e-a-destruicao-da-familia\/\"},\"author\":{\"name\":\"alextreh@gmail.com\",\"@id\":\"https:\/\/salmosbiblicos.com.br\/#\/schema\/person\/30586d0fb3f3a46b78a3414fc39cc975\"},\"headline\":\"Inveja: A Sombra do Cora\u00e7\u00e3o e a Destrui\u00e7\u00e3o da Fam\u00edlia\",\"datePublished\":\"2026-04-04T10:50:50+00:00\",\"mainEntityOfPage\":{\"@id\":\"http:\/\/salmosbiblicos.com.br\/index.php\/2026\/04\/04\/inveja-a-sombra-do-coracao-e-a-destruicao-da-familia\/\"},\"wordCount\":666,\"articleSection\":[\"Reflex\u00e3o\"],\"inLanguage\":\"pt-BR\"},{\"@type\":\"WebPage\",\"@id\":\"http:\/\/salmosbiblicos.com.br\/index.php\/2026\/04\/04\/inveja-a-sombra-do-coracao-e-a-destruicao-da-familia\/\",\"url\":\"http:\/\/salmosbiblicos.com.br\/index.php\/2026\/04\/04\/inveja-a-sombra-do-coracao-e-a-destruicao-da-familia\/\",\"name\":\"Inveja: A Sombra do Cora\u00e7\u00e3o e a Destrui\u00e7\u00e3o da Fam\u00edlia - Salmos B\u00edblicos\",\"isPartOf\":{\"@id\":\"https:\/\/salmosbiblicos.com.br\/#website\"},\"datePublished\":\"2026-04-04T10:50:50+00:00\",\"author\":{\"@id\":\"https:\/\/salmosbiblicos.com.br\/#\/schema\/person\/30586d0fb3f3a46b78a3414fc39cc975\"},\"breadcrumb\":{\"@id\":\"http:\/\/salmosbiblicos.com.br\/index.php\/2026\/04\/04\/inveja-a-sombra-do-coracao-e-a-destruicao-da-familia\/#breadcrumb\"},\"inLanguage\":\"pt-BR\",\"potentialAction\":[{\"@type\":\"ReadAction\",\"target\":[\"http:\/\/salmosbiblicos.com.br\/index.php\/2026\/04\/04\/inveja-a-sombra-do-coracao-e-a-destruicao-da-familia\/\"]}]},{\"@type\":\"BreadcrumbList\",\"@id\":\"http:\/\/salmosbiblicos.com.br\/index.php\/2026\/04\/04\/inveja-a-sombra-do-coracao-e-a-destruicao-da-familia\/#breadcrumb\",\"itemListElement\":[{\"@type\":\"ListItem\",\"position\":1,\"name\":\"Home\",\"item\":\"https:\/\/salmosbiblicos.com.br\/\"},{\"@type\":\"ListItem\",\"position\":2,\"name\":\"Inveja: A Sombra do Cora\u00e7\u00e3o e a Destrui\u00e7\u00e3o da Fam\u00edlia\"}]},{\"@type\":\"WebSite\",\"@id\":\"https:\/\/salmosbiblicos.com.br\/#website\",\"url\":\"https:\/\/salmosbiblicos.com.br\/\",\"name\":\"Salmos B\u00edblicos\",\"description\":\"Uma e-Livraria com e-Books novos para voc\u00ea refletir.\",\"potentialAction\":[{\"@type\":\"SearchAction\",\"target\":{\"@type\":\"EntryPoint\",\"urlTemplate\":\"https:\/\/salmosbiblicos.com.br\/?s={search_term_string}\"},\"query-input\":{\"@type\":\"PropertyValueSpecification\",\"valueRequired\":true,\"valueName\":\"search_term_string\"}}],\"inLanguage\":\"pt-BR\"},{\"@type\":\"Person\",\"@id\":\"https:\/\/salmosbiblicos.com.br\/#\/schema\/person\/30586d0fb3f3a46b78a3414fc39cc975\",\"name\":\"alextreh@gmail.com\",\"image\":{\"@type\":\"ImageObject\",\"inLanguage\":\"pt-BR\",\"@id\":\"https:\/\/secure.gravatar.com\/avatar\/7cf84d31f581ec97b887c1039d478a7c293086896c84951a86753fb2c2af7527?s=96&d=mm&r=g\",\"url\":\"https:\/\/secure.gravatar.com\/avatar\/7cf84d31f581ec97b887c1039d478a7c293086896c84951a86753fb2c2af7527?s=96&d=mm&r=g\",\"contentUrl\":\"https:\/\/secure.gravatar.com\/avatar\/7cf84d31f581ec97b887c1039d478a7c293086896c84951a86753fb2c2af7527?s=96&d=mm&r=g\",\"caption\":\"alextreh@gmail.com\"},\"sameAs\":[\"http:\/\/salmosbiblicos.com.br\"],\"url\":\"http:\/\/salmosbiblicos.com.br\/index.php\/author\/alextrehgmail-com\/\"}]}<\/script>\n<!-- \/ Yoast SEO plugin. -->","yoast_head_json":{"title":"Inveja: A Sombra do Cora\u00e7\u00e3o e a Destrui\u00e7\u00e3o da Fam\u00edlia - Salmos B\u00edblicos","robots":{"index":"index","follow":"follow","max-snippet":"max-snippet:-1","max-image-preview":"max-image-preview:large","max-video-preview":"max-video-preview:-1"},"canonical":"http:\/\/salmosbiblicos.com.br\/index.php\/2026\/04\/04\/inveja-a-sombra-do-coracao-e-a-destruicao-da-familia\/","og_locale":"pt_BR","og_type":"article","og_title":"Inveja: A Sombra do Cora\u00e7\u00e3o e a Destrui\u00e7\u00e3o da Fam\u00edlia - Salmos B\u00edblicos","og_description":"O cora\u00e7\u00e3o humano \u00e9 um campo onde se cultivam tanto a luz quanto a sombra. Quando a semente da inveja \u00e9 plantada, ela n\u00e3o busca apenas o brilho do outro, mas a sua completa aniquila\u00e7\u00e3o. **A inveja n\u00e3o suporta a beleza alheia; ela deseja apagar a chama que n\u00e3o consegue acender em si mesma.** ## [&hellip;]","og_url":"http:\/\/salmosbiblicos.com.br\/index.php\/2026\/04\/04\/inveja-a-sombra-do-coracao-e-a-destruicao-da-familia\/","og_site_name":"Salmos B\u00edblicos","article_published_time":"2026-04-04T10:50:50+00:00","author":"alextreh@gmail.com","twitter_card":"summary_large_image","twitter_misc":{"Escrito por":"alextreh@gmail.com","Est. tempo de leitura":"3 minutos"},"schema":{"@context":"https:\/\/schema.org","@graph":[{"@type":"Article","@id":"http:\/\/salmosbiblicos.com.br\/index.php\/2026\/04\/04\/inveja-a-sombra-do-coracao-e-a-destruicao-da-familia\/#article","isPartOf":{"@id":"http:\/\/salmosbiblicos.com.br\/index.php\/2026\/04\/04\/inveja-a-sombra-do-coracao-e-a-destruicao-da-familia\/"},"author":{"name":"alextreh@gmail.com","@id":"https:\/\/salmosbiblicos.com.br\/#\/schema\/person\/30586d0fb3f3a46b78a3414fc39cc975"},"headline":"Inveja: A Sombra do Cora\u00e7\u00e3o e a Destrui\u00e7\u00e3o da Fam\u00edlia","datePublished":"2026-04-04T10:50:50+00:00","mainEntityOfPage":{"@id":"http:\/\/salmosbiblicos.com.br\/index.php\/2026\/04\/04\/inveja-a-sombra-do-coracao-e-a-destruicao-da-familia\/"},"wordCount":666,"articleSection":["Reflex\u00e3o"],"inLanguage":"pt-BR"},{"@type":"WebPage","@id":"http:\/\/salmosbiblicos.com.br\/index.php\/2026\/04\/04\/inveja-a-sombra-do-coracao-e-a-destruicao-da-familia\/","url":"http:\/\/salmosbiblicos.com.br\/index.php\/2026\/04\/04\/inveja-a-sombra-do-coracao-e-a-destruicao-da-familia\/","name":"Inveja: A Sombra do Cora\u00e7\u00e3o e a Destrui\u00e7\u00e3o da Fam\u00edlia - Salmos B\u00edblicos","isPartOf":{"@id":"https:\/\/salmosbiblicos.com.br\/#website"},"datePublished":"2026-04-04T10:50:50+00:00","author":{"@id":"https:\/\/salmosbiblicos.com.br\/#\/schema\/person\/30586d0fb3f3a46b78a3414fc39cc975"},"breadcrumb":{"@id":"http:\/\/salmosbiblicos.com.br\/index.php\/2026\/04\/04\/inveja-a-sombra-do-coracao-e-a-destruicao-da-familia\/#breadcrumb"},"inLanguage":"pt-BR","potentialAction":[{"@type":"ReadAction","target":["http:\/\/salmosbiblicos.com.br\/index.php\/2026\/04\/04\/inveja-a-sombra-do-coracao-e-a-destruicao-da-familia\/"]}]},{"@type":"BreadcrumbList","@id":"http:\/\/salmosbiblicos.com.br\/index.php\/2026\/04\/04\/inveja-a-sombra-do-coracao-e-a-destruicao-da-familia\/#breadcrumb","itemListElement":[{"@type":"ListItem","position":1,"name":"Home","item":"https:\/\/salmosbiblicos.com.br\/"},{"@type":"ListItem","position":2,"name":"Inveja: A Sombra do Cora\u00e7\u00e3o e a Destrui\u00e7\u00e3o da Fam\u00edlia"}]},{"@type":"WebSite","@id":"https:\/\/salmosbiblicos.com.br\/#website","url":"https:\/\/salmosbiblicos.com.br\/","name":"Salmos B\u00edblicos","description":"Uma e-Livraria com e-Books novos para voc\u00ea refletir.","potentialAction":[{"@type":"SearchAction","target":{"@type":"EntryPoint","urlTemplate":"https:\/\/salmosbiblicos.com.br\/?s={search_term_string}"},"query-input":{"@type":"PropertyValueSpecification","valueRequired":true,"valueName":"search_term_string"}}],"inLanguage":"pt-BR"},{"@type":"Person","@id":"https:\/\/salmosbiblicos.com.br\/#\/schema\/person\/30586d0fb3f3a46b78a3414fc39cc975","name":"alextreh@gmail.com","image":{"@type":"ImageObject","inLanguage":"pt-BR","@id":"https:\/\/secure.gravatar.com\/avatar\/7cf84d31f581ec97b887c1039d478a7c293086896c84951a86753fb2c2af7527?s=96&d=mm&r=g","url":"https:\/\/secure.gravatar.com\/avatar\/7cf84d31f581ec97b887c1039d478a7c293086896c84951a86753fb2c2af7527?s=96&d=mm&r=g","contentUrl":"https:\/\/secure.gravatar.com\/avatar\/7cf84d31f581ec97b887c1039d478a7c293086896c84951a86753fb2c2af7527?s=96&d=mm&r=g","caption":"alextreh@gmail.com"},"sameAs":["http:\/\/salmosbiblicos.com.br"],"url":"http:\/\/salmosbiblicos.com.br\/index.php\/author\/alextrehgmail-com\/"}]}},"_links":{"self":[{"href":"http:\/\/salmosbiblicos.com.br\/index.php\/wp-json\/wp\/v2\/posts\/6621","targetHints":{"allow":["GET"]}}],"collection":[{"href":"http:\/\/salmosbiblicos.com.br\/index.php\/wp-json\/wp\/v2\/posts"}],"about":[{"href":"http:\/\/salmosbiblicos.com.br\/index.php\/wp-json\/wp\/v2\/types\/post"}],"author":[{"embeddable":true,"href":"http:\/\/salmosbiblicos.com.br\/index.php\/wp-json\/wp\/v2\/users\/1"}],"replies":[{"embeddable":true,"href":"http:\/\/salmosbiblicos.com.br\/index.php\/wp-json\/wp\/v2\/comments?post=6621"}],"version-history":[{"count":1,"href":"http:\/\/salmosbiblicos.com.br\/index.php\/wp-json\/wp\/v2\/posts\/6621\/revisions"}],"predecessor-version":[{"id":6622,"href":"http:\/\/salmosbiblicos.com.br\/index.php\/wp-json\/wp\/v2\/posts\/6621\/revisions\/6622"}],"wp:attachment":[{"href":"http:\/\/salmosbiblicos.com.br\/index.php\/wp-json\/wp\/v2\/media?parent=6621"}],"wp:term":[{"taxonomy":"category","embeddable":true,"href":"http:\/\/salmosbiblicos.com.br\/index.php\/wp-json\/wp\/v2\/categories?post=6621"},{"taxonomy":"post_tag","embeddable":true,"href":"http:\/\/salmosbiblicos.com.br\/index.php\/wp-json\/wp\/v2\/tags?post=6621"}],"curies":[{"name":"wp","href":"https:\/\/api.w.org\/{rel}","templated":true}]}}